{"id":460025,"date":"2026-04-28T13:03:06","date_gmt":"2026-04-28T16:03:06","guid":{"rendered":"https:\/\/portaltela.pt\/noticias\/2026\/04\/28\/mau-tempo-causa-961-milhoes-em-prejuizos-a-infraestruturas-municipais-do-centro\/"},"modified":"2026-04-28T13:03:06","modified_gmt":"2026-04-28T16:03:06","slug":"mau-tempo-causa-961-milhoes-em-prejuizos-a-infraestruturas-municipais-do-centro","status":"publish","type":"post","link":"https:\/\/portaltela.pt\/noticias\/economia\/2026\/04\/28\/mau-tempo-causa-961-milhoes-em-prejuizos-a-infraestruturas-municipais-do-centro\/","title":{"rendered":"Mau tempo causa 961 milh\u00f5es em preju\u00edzos a infraestruturas municipais do Centro"},"content":{"rendered":"<p>O mau tempo que afetou os munic\u00edpios da regi\u00e3o Centro provocou preju\u00edzos estimados em 961 milh\u00f5es de euros em infraestruturas e equipamentos municipais. A informa\u00e7\u00e3o foi apresentada hoje pela Comiss\u00e3o de Coordena\u00e7\u00e3o e Desenvolvimento Regional (CCDR) do Centro.<\/p>\n<p>A estimativa envolve v\u00e1rios munic\u00edpios da regi\u00e3o, com impactos que abrangem redes de infraestrutura p\u00fablica e equipamentos municipais. O valor ainda depende de avalia\u00e7\u00f5es em curso pelas autoridades regionais.<\/p>\n<p>N\u00e3o foram divulgados detalhes por munic\u00edpio nem por tipo de infraestrutura, mas a CCDR Centro destacou que o montante reflete danos ocorridos ao longo do epis\u00f3dio meteorol\u00f3gico que afetou a regi\u00e3o.<\/p>\n<p>O balan\u00e7o visa dar prioridade \u00e0 reabilita\u00e7\u00e3o e aos planos de recupera\u00e7\u00e3o, com coordena\u00e7\u00e3o entre entidades regionais e locais. Os pr\u00f3ximos passos devem incluir actualiza\u00e7\u00f5es conforme novas avalia\u00e7\u00f5es forem conclu\u00eddas.<\/p>\n","protected":false},"excerpt":{"rendered":"<ul>\n<li>Os munic\u00edpios da regi\u00e3o Centro reportaram preju\u00edzos em infraestruturas e equipamentos municipais causados pelo mau tempo.<\/li>\n<li>O montante estimado \u00e9 de 961 milh\u00f5es de euros (ME).<\/li>\n<li>A informa\u00e7\u00e3o foi revelada pelo presidente da Comiss\u00e3o de Coordena\u00e7\u00e3o e Desenvolvimento Regional (CCDR) do Centro.<\/li>\n<li>O an\u00fancio n\u00e3o detalha quais infraestruturas ou munic\u00edpios foram mais afetados.<\/li>\n<li>A CCDR Centro est\u00e1 encarregue de avaliar os impactos regionais do mau tempo.<\/li>\n<\/ul>\n","protected":false},"author":2,"featured_media":460027,"comment_status":"closed","ping_status":"closed","sticky":false,"template":"","format":"standard","meta":{"footnotes":""},"categories":[2,6850],"tags":[8339,7922,8855,8773,8212,8313],"class_list":["post-460025","post","type-post","status-publish","format-standard","has-post-thumbnail","hentry","category-economia","category-financas","tag-_calamidade-publica","tag-_catastrofes-naturais","tag-_ccdr-centro","tag-_centro","tag-_desenvolvimento-regional","tag-_infraestruturas"],"yoast_head":"<!-- This site is optimized with the Yoast SEO plugin v27.2 - https:\/\/yoast.com\/product\/yoast-seo-wordpress\/ -->\n<title>Mau tempo causa 961 milh\u00f5es em preju\u00edzos a infraestruturas municipais do Centro - Portal Tela Portugal<\/title>\n<meta name=\"robots\" content=\"index, follow, max-snippet:-1, max-image-preview:large, max-video-preview:-1\" \/>\n<meta property=\"og:locale\" content=\"pt_PT\" \/>\n<meta property=\"og:type\" content=\"article\" \/>\n<meta property=\"og:title\" content=\"Mau tempo causa 961 milh\u00f5es em preju\u00edzos a infraestruturas municipais do Centro - Portal Tela Portugal\" \/>\n<meta property=\"og:description\" content=\"Os munic\u00edpios da regi\u00e3o Centro reportaram preju\u00edzos em infraestruturas e equipamentos municipais causados pelo mau tempo. O montante estimado \u00e9 de 961 milh\u00f5es de euros (ME). A informa\u00e7\u00e3o foi revelada pelo presidente da Comiss\u00e3o de Coordena\u00e7\u00e3o e Desenvolvimento Regional (CCDR) do Centro. O an\u00fancio n\u00e3o detalha quais infraestruturas ou munic\u00edpios foram mais afetados. A CCDR Centro est\u00e1 encarregue de avaliar os impactos regionais do mau tempo.\" \/>\n<meta property=\"og:url\" content=\"https:\/\/portaltela.pt\/noticias\/2026\/04\/28\/mau-tempo-causa-961-milhoes-em-prejuizos-a-infraestruturas-municipais-do-centro\/\" \/>\n<meta property=\"og:site_name\" content=\"Portal Tela Portugal\" \/>\n<meta property=\"article:published_time\" content=\"2026-04-28T16:03:06+00:00\" \/>\n<meta name=\"author\" content=\"Telinha\" \/>\n<meta name=\"twitter:card\" content=\"summary_large_image\" \/>\n<meta name=\"twitter:label1\" content=\"Escrito por\" \/>\n\t<meta name=\"twitter:data1\" content=\"Telinha\" \/>\n\t<meta name=\"twitter:label2\" content=\"Tempo estimado de leitura\" \/>\n\t<meta name=\"twitter:data2\" content=\"1 minuto\" \/>\n<script type=\"application\/ld+json\" class=\"yoast-schema-graph\">{\"@context\":\"https:\/\/schema.org\",\"@graph\":[{\"@type\":\"Article\",\"@id\":\"https:\/\/portaltela.pt\/noticias\/2026\/04\/28\/mau-tempo-causa-961-milhoes-em-prejuizos-a-infraestruturas-municipais-do-centro\/#article\",\"isPartOf\":{\"@id\":\"https:\/\/portaltela.pt\/noticias\/2026\/04\/28\/mau-tempo-causa-961-milhoes-em-prejuizos-a-infraestruturas-municipais-do-centro\/\"},\"author\":{\"name\":\"Telinha\",\"@id\":\"https:\/\/portaltela.pt\/#\/schema\/person\/c4278d4a6028830caff9ee44b42d32ed\"},\"headline\":\"Mau tempo causa 961 milh\u00f5es em preju\u00edzos a infraestruturas municipais do Centro\",\"datePublished\":\"2026-04-28T16:03:06+00:00\",\"mainEntityOfPage\":{\"@id\":\"https:\/\/portaltela.pt\/noticias\/2026\/04\/28\/mau-tempo-causa-961-milhoes-em-prejuizos-a-infraestruturas-municipais-do-centro\/\"},\"wordCount\":164,\"image\":{\"@id\":\"https:\/\/portaltela.pt\/noticias\/2026\/04\/28\/mau-tempo-causa-961-milhoes-em-prejuizos-a-infraestruturas-municipais-do-centro\/#primaryimage\"},\"thumbnailUrl\":\"https:\/\/portaltela.pt\/s.01k8rhncp4jt1\/2026\/04\/CACHE_780X1200_ANALOG_WATERMARKED_46442304_2829656_28012026012425.jpg\",\"keywords\":[\"_calamidade p\u00fablica\",\"_cat\u00e1strofes naturais\",\"_CCDR Centro\",\"_Centro\",\"_desenvolvimento regional\",\"_infraestruturas\"],\"articleSection\":[\"Economia\",\"Finan\u00e7as\"],\"inLanguage\":\"pt-PT\"},{\"@type\":\"WebPage\",\"@id\":\"https:\/\/portaltela.pt\/noticias\/2026\/04\/28\/mau-tempo-causa-961-milhoes-em-prejuizos-a-infraestruturas-municipais-do-centro\/\",\"url\":\"https:\/\/portaltela.pt\/noticias\/2026\/04\/28\/mau-tempo-causa-961-milhoes-em-prejuizos-a-infraestruturas-municipais-do-centro\/\",\"name\":\"Mau tempo causa 961 milh\u00f5es em preju\u00edzos a infraestruturas municipais do Centro - Portal Tela Portugal\",\"isPartOf\":{\"@id\":\"https:\/\/portaltela.pt\/#website\"},\"primaryImageOfPage\":{\"@id\":\"https:\/\/portaltela.pt\/noticias\/2026\/04\/28\/mau-tempo-causa-961-milhoes-em-prejuizos-a-infraestruturas-municipais-do-centro\/#primaryimage\"},\"image\":{\"@id\":\"https:\/\/portaltela.pt\/noticias\/2026\/04\/28\/mau-tempo-causa-961-milhoes-em-prejuizos-a-infraestruturas-municipais-do-centro\/#primaryimage\"},\"thumbnailUrl\":\"https:\/\/portaltela.pt\/s.01k8rhncp4jt1\/2026\/04\/CACHE_780X1200_ANALOG_WATERMARKED_46442304_2829656_28012026012425.jpg\",\"datePublished\":\"2026-04-28T16:03:06+00:00\",\"author\":{\"@id\":\"https:\/\/portaltela.pt\/#\/schema\/person\/c4278d4a6028830caff9ee44b42d32ed\"},\"breadcrumb\":{\"@id\":\"https:\/\/portaltela.pt\/noticias\/2026\/04\/28\/mau-tempo-causa-961-milhoes-em-prejuizos-a-infraestruturas-municipais-do-centro\/#breadcrumb\"},\"inLanguage\":\"pt-PT\",\"potentialAction\":[{\"@type\":\"ReadAction\",\"target\":[\"https:\/\/portaltela.pt\/noticias\/2026\/04\/28\/mau-tempo-causa-961-milhoes-em-prejuizos-a-infraestruturas-municipais-do-centro\/\"]}]},{\"@type\":\"ImageObject\",\"inLanguage\":\"pt-PT\",\"@id\":\"https:\/\/portaltela.pt\/noticias\/2026\/04\/28\/mau-tempo-causa-961-milhoes-em-prejuizos-a-infraestruturas-municipais-do-centro\/#primaryimage\",\"url\":\"https:\/\/portaltela.pt\/s.01k8rhncp4jt1\/2026\/04\/CACHE_780X1200_ANALOG_WATERMARKED_46442304_2829656_28012026012425.jpg\",\"contentUrl\":\"https:\/\/portaltela.pt\/s.01k8rhncp4jt1\/2026\/04\/CACHE_780X1200_ANALOG_WATERMARKED_46442304_2829656_28012026012425.jpg\",\"width\":768,\"height\":512,\"caption\":\"Mau tempo: Munic\u00edpios do Centro reportaram 961 ME em preju\u00edzos em infraestruturas e equipamentos municipais\"},{\"@type\":\"BreadcrumbList\",\"@id\":\"https:\/\/portaltela.pt\/noticias\/2026\/04\/28\/mau-tempo-causa-961-milhoes-em-prejuizos-a-infraestruturas-municipais-do-centro\/#breadcrumb\",\"itemListElement\":[{\"@type\":\"ListItem\",\"position\":1,\"name\":\"In\u00edcio\",\"item\":\"https:\/\/portaltela.pt\/\"},{\"@type\":\"ListItem\",\"position\":2,\"name\":\"Mau tempo causa 961 milh\u00f5es em preju\u00edzos a infraestruturas municipais do Centro\"}]},{\"@type\":\"WebSite\",\"@id\":\"https:\/\/portaltela.pt\/#website\",\"url\":\"https:\/\/portaltela.pt\/\",\"name\":\"Portal Tela Portugal\",\"description\":\"\",\"potentialAction\":[{\"@type\":\"SearchAction\",\"target\":{\"@type\":\"EntryPoint\",\"urlTemplate\":\"https:\/\/portaltela.pt\/?s={search_term_string}\"},\"query-input\":{\"@type\":\"PropertyValueSpecification\",\"valueRequired\":true,\"valueName\":\"search_term_string\"}}],\"inLanguage\":\"pt-PT\"},{\"@type\":\"Person\",\"@id\":\"https:\/\/portaltela.pt\/#\/schema\/person\/c4278d4a6028830caff9ee44b42d32ed\",\"name\":\"Telinha\",\"image\":{\"@type\":\"ImageObject\",\"inLanguage\":\"pt-PT\",\"@id\":\"https:\/\/portaltela.pt\/s.01k8rhncp4jt1\/2025\/11\/talking-bot-125x125.png\",\"url\":\"https:\/\/portaltela.pt\/s.01k8rhncp4jt1\/2025\/11\/talking-bot-125x125.png\",\"contentUrl\":\"https:\/\/portaltela.pt\/s.01k8rhncp4jt1\/2025\/11\/talking-bot-125x125.png\",\"caption\":\"Telinha\"},\"sameAs\":[\"https:\/\/portaltela.pt\/\"],\"url\":\"https:\/\/portaltela.pt\/por\/367410592786\/\"}]}<\/script>\n<!-- \/ Yoast SEO plugin. -->","yoast_head_json":{"title":"Mau tempo causa 961 milh\u00f5es em preju\u00edzos a infraestruturas municipais do Centro - Portal Tela Portugal","robots":{"index":"index","follow":"follow","max-snippet":"max-snippet:-1","max-image-preview":"max-image-preview:large","max-video-preview":"max-video-preview:-1"},"og_locale":"pt_PT","og_type":"article","og_title":"Mau tempo causa 961 milh\u00f5es em preju\u00edzos a infraestruturas municipais do Centro - Portal Tela Portugal","og_description":"Os munic\u00edpios da regi\u00e3o Centro reportaram preju\u00edzos em infraestruturas e equipamentos municipais causados pelo mau tempo. O montante estimado \u00e9 de 961 milh\u00f5es de euros (ME). A informa\u00e7\u00e3o foi revelada pelo presidente da Comiss\u00e3o de Coordena\u00e7\u00e3o e Desenvolvimento Regional (CCDR) do Centro. O an\u00fancio n\u00e3o detalha quais infraestruturas ou munic\u00edpios foram mais afetados. A CCDR Centro est\u00e1 encarregue de avaliar os impactos regionais do mau tempo.","og_url":"https:\/\/portaltela.pt\/noticias\/2026\/04\/28\/mau-tempo-causa-961-milhoes-em-prejuizos-a-infraestruturas-municipais-do-centro\/","og_site_name":"Portal Tela Portugal","article_published_time":"2026-04-28T16:03:06+00:00","author":"Telinha","twitter_card":"summary_large_image","twitter_misc":{"Escrito por":"Telinha","Tempo estimado de leitura":"1 minuto"},"schema":{"@context":"https:\/\/schema.org","@graph":[{"@type":"Article","@id":"https:\/\/portaltela.pt\/noticias\/2026\/04\/28\/mau-tempo-causa-961-milhoes-em-prejuizos-a-infraestruturas-municipais-do-centro\/#article","isPartOf":{"@id":"https:\/\/portaltela.pt\/noticias\/2026\/04\/28\/mau-tempo-causa-961-milhoes-em-prejuizos-a-infraestruturas-municipais-do-centro\/"},"author":{"name":"Telinha","@id":"https:\/\/portaltela.pt\/#\/schema\/person\/c4278d4a6028830caff9ee44b42d32ed"},"headline":"Mau tempo causa 961 milh\u00f5es em preju\u00edzos a infraestruturas municipais do Centro","datePublished":"2026-04-28T16:03:06+00:00","mainEntityOfPage":{"@id":"https:\/\/portaltela.pt\/noticias\/2026\/04\/28\/mau-tempo-causa-961-milhoes-em-prejuizos-a-infraestruturas-municipais-do-centro\/"},"wordCount":164,"image":{"@id":"https:\/\/portaltela.pt\/noticias\/2026\/04\/28\/mau-tempo-causa-961-milhoes-em-prejuizos-a-infraestruturas-municipais-do-centro\/#primaryimage"},"thumbnailUrl":"https:\/\/portaltela.pt\/s.01k8rhncp4jt1\/2026\/04\/CACHE_780X1200_ANALOG_WATERMARKED_46442304_2829656_28012026012425.jpg","keywords":["_calamidade p\u00fablica","_cat\u00e1strofes naturais","_CCDR Centro","_Centro","_desenvolvimento regional","_infraestruturas"],"articleSection":["Economia","Finan\u00e7as"],"inLanguage":"pt-PT"},{"@type":"WebPage","@id":"https:\/\/portaltela.pt\/noticias\/2026\/04\/28\/mau-tempo-causa-961-milhoes-em-prejuizos-a-infraestruturas-municipais-do-centro\/","url":"https:\/\/portaltela.pt\/noticias\/2026\/04\/28\/mau-tempo-causa-961-milhoes-em-prejuizos-a-infraestruturas-municipais-do-centro\/","name":"Mau tempo causa 961 milh\u00f5es em preju\u00edzos a infraestruturas municipais do Centro - Portal Tela Portugal","isPartOf":{"@id":"https:\/\/portaltela.pt\/#website"},"primaryImageOfPage":{"@id":"https:\/\/portaltela.pt\/noticias\/2026\/04\/28\/mau-tempo-causa-961-milhoes-em-prejuizos-a-infraestruturas-municipais-do-centro\/#primaryimage"},"image":{"@id":"https:\/\/portaltela.pt\/noticias\/2026\/04\/28\/mau-tempo-causa-961-milhoes-em-prejuizos-a-infraestruturas-municipais-do-centro\/#primaryimage"},"thumbnailUrl":"https:\/\/portaltela.pt\/s.01k8rhncp4jt1\/2026\/04\/CACHE_780X1200_ANALOG_WATERMARKED_46442304_2829656_28012026012425.jpg","datePublished":"2026-04-28T16:03:06+00:00","author":{"@id":"https:\/\/portaltela.pt\/#\/schema\/person\/c4278d4a6028830caff9ee44b42d32ed"},"breadcrumb":{"@id":"https:\/\/portaltela.pt\/noticias\/2026\/04\/28\/mau-tempo-causa-961-milhoes-em-prejuizos-a-infraestruturas-municipais-do-centro\/#breadcrumb"},"inLanguage":"pt-PT","potentialAction":[{"@type":"ReadAction","target":["https:\/\/portaltela.pt\/noticias\/2026\/04\/28\/mau-tempo-causa-961-milhoes-em-prejuizos-a-infraestruturas-municipais-do-centro\/"]}]},{"@type":"ImageObject","inLanguage":"pt-PT","@id":"https:\/\/portaltela.pt\/noticias\/2026\/04\/28\/mau-tempo-causa-961-milhoes-em-prejuizos-a-infraestruturas-municipais-do-centro\/#primaryimage","url":"https:\/\/portaltela.pt\/s.01k8rhncp4jt1\/2026\/04\/CACHE_780X1200_ANALOG_WATERMARKED_46442304_2829656_28012026012425.jpg","contentUrl":"https:\/\/portaltela.pt\/s.01k8rhncp4jt1\/2026\/04\/CACHE_780X1200_ANALOG_WATERMARKED_46442304_2829656_28012026012425.jpg","width":768,"height":512,"caption":"Mau tempo: Munic\u00edpios do Centro reportaram 961 ME em preju\u00edzos em infraestruturas e equipamentos municipais"},{"@type":"BreadcrumbList","@id":"https:\/\/portaltela.pt\/noticias\/2026\/04\/28\/mau-tempo-causa-961-milhoes-em-prejuizos-a-infraestruturas-municipais-do-centro\/#breadcrumb","itemListElement":[{"@type":"ListItem","position":1,"name":"In\u00edcio","item":"https:\/\/portaltela.pt\/"},{"@type":"ListItem","position":2,"name":"Mau tempo causa 961 milh\u00f5es em preju\u00edzos a infraestruturas municipais do Centro"}]},{"@type":"WebSite","@id":"https:\/\/portaltela.pt\/#website","url":"https:\/\/portaltela.pt\/","name":"Portal Tela Portugal","description":"","potentialAction":[{"@type":"SearchAction","target":{"@type":"EntryPoint","urlTemplate":"https:\/\/portaltela.pt\/?s={search_term_string}"},"query-input":{"@type":"PropertyValueSpecification","valueRequired":true,"valueName":"search_term_string"}}],"inLanguage":"pt-PT"},{"@type":"Person","@id":"https:\/\/portaltela.pt\/#\/schema\/person\/c4278d4a6028830caff9ee44b42d32ed","name":"Telinha","image":{"@type":"ImageObject","inLanguage":"pt-PT","@id":"https:\/\/portaltela.pt\/s.01k8rhncp4jt1\/2025\/11\/talking-bot-125x125.png","url":"https:\/\/portaltela.pt\/s.01k8rhncp4jt1\/2025\/11\/talking-bot-125x125.png","contentUrl":"https:\/\/portaltela.pt\/s.01k8rhncp4jt1\/2025\/11\/talking-bot-125x125.png","caption":"Telinha"},"sameAs":["https:\/\/portaltela.pt\/"],"url":"https:\/\/portaltela.pt\/por\/367410592786\/"}]}},"_links":{"self":[{"href":"https:\/\/portaltela.pt\/api\/wp\/v2\/posts\/460025","targetHints":{"allow":["GET"]}}],"collection":[{"href":"https:\/\/portaltela.pt\/api\/wp\/v2\/posts"}],"about":[{"href":"https:\/\/portaltela.pt\/api\/wp\/v2\/types\/post"}],"author":[{"embeddable":true,"href":"https:\/\/portaltela.pt\/api\/wp\/v2\/users\/2"}],"replies":[{"embeddable":true,"href":"https:\/\/portaltela.pt\/api\/wp\/v2\/comments?post=460025"}],"version-history":[{"count":0,"href":"https:\/\/portaltela.pt\/api\/wp\/v2\/posts\/460025\/revisions"}],"wp:featuredmedia":[{"embeddable":true,"href":"https:\/\/portaltela.pt\/api\/wp\/v2\/media\/460027"}],"wp:attachment":[{"href":"https:\/\/portaltela.pt\/api\/wp\/v2\/media?parent=460025"}],"wp:term":[{"taxonomy":"category","embeddable":true,"href":"https:\/\/portaltela.pt\/api\/wp\/v2\/categories?post=460025"},{"taxonomy":"post_tag","embeddable":true,"href":"https:\/\/portaltela.pt\/api\/wp\/v2\/tags?post=460025"}],"curies":[{"name":"wp","href":"https:\/\/api.w.org\/{rel}","templated":true}]}}