{"id":460020,"date":"2026-04-28T12:48:40","date_gmt":"2026-04-28T15:48:40","guid":{"rendered":"https:\/\/portaltela.pt\/noticias\/2026\/04\/28\/emirados-arabes-unidos-deixam-a-opep-por-interesse-nacional-nova-era-energetica\/"},"modified":"2026-04-28T12:48:40","modified_gmt":"2026-04-28T15:48:40","slug":"emirados-arabes-unidos-deixam-a-opep-por-interesse-nacional-nova-era-energetica","status":"publish","type":"post","link":"https:\/\/portaltela.pt\/noticias\/internacional\/2026\/04\/28\/emirados-arabes-unidos-deixam-a-opep-por-interesse-nacional-nova-era-energetica\/","title":{"rendered":"Emirados \u00c1rabes Unidos deixam a OPEP por interesse nacional, nova era energ\u00e9tica"},"content":{"rendered":"<p>Os Emirados \u00c1rabes Unidos anunciaram a sa\u00edda da OPEP a partir de 1 de maio, alegando interesse nacional e um novo foco energ\u00e9tico. A decis\u00e3o marca uma mudan\u00e7a na estrat\u00e9gia de produ\u00e7\u00e3o do pa\u00eds, l\u00edder regional do Golfo.<\/p>\n<p>O an\u00fancio foi enviado \u00e0 ag\u00eancia estatal WAM, que citou uma an\u00e1lise abrangente da pol\u00edtica de produ\u00e7\u00e3o e da capacidade atual e futura dos EAU. O objetivo \u00e9 atender \u00e0s necessidades prementes do mercado global de energia.<\/p>\n<p>A medida \u00e9 vista como um golpe para a OPEP, que agrega produtores respons\u00e1veis por cerca de um ter\u00e7o da oferta mundial, em contexto de crise energ\u00e9tica agravada pelo bloqueio do Estreito de Ormuz pelo Ir\u00e3o.<\/p>\n<p>Contexto e consequ\u00eancias para os mercados<\/p>\n<p>Os Emirados j\u00e1 criticaram a ina\u00e7\u00e3o de alguns membros da OPEP diante dos ataques ao Golfo, afirmando necessidade de resposta e de responsabilidade para estabilizar mercados.<\/p>\n<p>A ag\u00eancia indica que os EAU v\u00e3o continuar a atuar de forma respons\u00e1vel, sublinhando que a decis\u00e3o refor\u00e7a a capacidade de adapta\u00e7\u00e3o \u00e0s evolu\u00e7\u00f5es da procura e \u00e0s perturba\u00e7\u00f5es geopol\u00edticas de curto prazo na regi\u00e3o.<\/p>\n<p>O comunicado enfatiza que a decis\u00e3o est\u00e1 alinhada com a vis\u00e3o econ\u00f3mica de longo prazo dos EAU e com o desenvolvimento do seu setor energ\u00e9tico, mantendo o pa\u00eds como produtor de refer\u00eancia de petr\u00f3leo com custos competitivos e menor intensidade de emiss\u00f5es.<\/p>\n<p>Impacto estrat\u00e9gico<\/p>\n<p>A mudan\u00e7a pode alterar din\u00e2micas entre os Emirados, a Ar\u00e1bia Saudita e outros membros da OPEP, levando a uma reformula\u00e7\u00e3o das intera\u00e7\u00f5es energ\u00e9ticas globais num per\u00edodo de volatilidade geopol\u00edtica no Golfo.<\/p>\n","protected":false},"excerpt":{"rendered":"<ul>\n<li>Os Emirados \u00c1rabes Unidos anunciaram que v\u00e3o abandonar a OPEP a partir de 1 de maio.<\/li>\n<li>Alegam que a decis\u00e3o responde ao interesse nacional e ao compromisso com investidores, clientes e mercados globais de energia.<\/li>\n<li>A medida \u00e9 vista como um duro golpe para a OPEP e para os produtores que respondem pela maior parte da oferta mundial, num contexto de crise energ\u00e9tica agravada pelo bloqueio do Estreito de Ormuz pelo Ir\u00e3o.<\/li>\n<li>Os EAU asseguram que continuar\u00e3o a atuar de forma respons\u00e1vel e que a decis\u00e3o refor\u00e7a a capacidade de resposta \u00e0s necessidades do mercado, face \u00e0 volatilidade geopol\u00edtica no Golfo e no Estreito de Ormuz.<\/li>\n<li>Destacam ainda que s\u00e3o um produtor de custos competitivos com emiss\u00f5es mais baixas de carbono, e que a decis\u00e3o est\u00e1 alinhada com a vis\u00e3o estrat\u00e9gica de longo prazo do pa\u00eds.<\/li>\n<\/ul>\n","protected":false},"author":2,"featured_media":460024,"comment_status":"closed","ping_status":"closed","sticky":false,"template":"","format":"standard","meta":{"footnotes":""},"categories":[6814,4],"tags":[2370,174,3603,66,6562,2023],"class_list":["post-460020","post","type-post","status-publish","format-standard","has-post-thumbnail","hentry","category-geopolitica","category-internacional","tag-emirados-arabes-unidos","tag-energia","tag-energias-renovaveis","tag-geopolitica","tag-mercados-internacionais","tag-organizacoes-internacionais"],"yoast_head":"<!-- This site is optimized with the Yoast SEO plugin v27.2 - https:\/\/yoast.com\/product\/yoast-seo-wordpress\/ -->\n<title>Emirados \u00c1rabes Unidos deixam a OPEP por interesse nacional, nova era energ\u00e9tica - Portal Tela Portugal<\/title>\n<meta name=\"robots\" content=\"index, follow, max-snippet:-1, max-image-preview:large, max-video-preview:-1\" \/>\n<meta property=\"og:locale\" content=\"pt_PT\" \/>\n<meta property=\"og:type\" content=\"article\" \/>\n<meta property=\"og:title\" content=\"Emirados \u00c1rabes Unidos deixam a OPEP por interesse nacional, nova era energ\u00e9tica - Portal Tela Portugal\" \/>\n<meta property=\"og:description\" content=\"Os Emirados \u00c1rabes Unidos anunciaram que v\u00e3o abandonar a OPEP a partir de 1 de maio. Alegam que a decis\u00e3o responde ao interesse nacional e ao compromisso com investidores, clientes e mercados globais de energia. A medida \u00e9 vista como um duro golpe para a OPEP e para os produtores que respondem pela maior parte da oferta mundial, num contexto de crise energ\u00e9tica agravada pelo bloqueio do Estreito de Ormuz pelo Ir\u00e3o. Os EAU asseguram que continuar\u00e3o a atuar de forma respons\u00e1vel e que a decis\u00e3o refor\u00e7a a capacidade de resposta \u00e0s necessidades do mercado, face \u00e0 volatilidade geopol\u00edtica no Golfo e no Estreito de Ormuz. Destacam ainda que s\u00e3o um produtor de custos competitivos com emiss\u00f5es mais baixas de carbono, e que a decis\u00e3o est\u00e1 alinhada com a vis\u00e3o estrat\u00e9gica de longo prazo do pa\u00eds.\" \/>\n<meta property=\"og:url\" content=\"https:\/\/portaltela.pt\/noticias\/2026\/04\/28\/emirados-arabes-unidos-deixam-a-opep-por-interesse-nacional-nova-era-energetica\/\" \/>\n<meta property=\"og:site_name\" content=\"Portal Tela Portugal\" \/>\n<meta property=\"article:published_time\" content=\"2026-04-28T15:48:40+00:00\" \/>\n<meta name=\"author\" content=\"Telinha\" \/>\n<meta name=\"twitter:card\" content=\"summary_large_image\" \/>\n<meta name=\"twitter:label1\" content=\"Escrito por\" \/>\n\t<meta name=\"twitter:data1\" content=\"Telinha\" \/>\n\t<meta name=\"twitter:label2\" content=\"Tempo estimado de leitura\" \/>\n\t<meta name=\"twitter:data2\" content=\"1 minuto\" \/>\n<script type=\"application\/ld+json\" class=\"yoast-schema-graph\">{\"@context\":\"https:\/\/schema.org\",\"@graph\":[{\"@type\":\"Article\",\"@id\":\"https:\/\/portaltela.pt\/noticias\/2026\/04\/28\/emirados-arabes-unidos-deixam-a-opep-por-interesse-nacional-nova-era-energetica\/#article\",\"isPartOf\":{\"@id\":\"https:\/\/portaltela.pt\/noticias\/2026\/04\/28\/emirados-arabes-unidos-deixam-a-opep-por-interesse-nacional-nova-era-energetica\/\"},\"author\":{\"name\":\"Telinha\",\"@id\":\"https:\/\/portaltela.pt\/#\/schema\/person\/c4278d4a6028830caff9ee44b42d32ed\"},\"headline\":\"Emirados \u00c1rabes Unidos deixam a OPEP por interesse nacional, nova era energ\u00e9tica\",\"datePublished\":\"2026-04-28T15:48:40+00:00\",\"mainEntityOfPage\":{\"@id\":\"https:\/\/portaltela.pt\/noticias\/2026\/04\/28\/emirados-arabes-unidos-deixam-a-opep-por-interesse-nacional-nova-era-energetica\/\"},\"wordCount\":308,\"image\":{\"@id\":\"https:\/\/portaltela.pt\/noticias\/2026\/04\/28\/emirados-arabes-unidos-deixam-a-opep-por-interesse-nacional-nova-era-energetica\/#primaryimage\"},\"thumbnailUrl\":\"https:\/\/portaltela.pt\/s.01k8rhncp4jt1\/2026\/04\/1536x864_cmsv2_c17af0c7-cdcd-5bf4-9ac2-3e49d1737d4f-9739209.jpg\",\"keywords\":[\"Emirados \u00c1rabes Unidos\",\"energia\",\"energias renov\u00e1veis\",\"geopol\u00edtica\",\"mercados internacionais\",\"organiza\u00e7\u00f5es internacionais\"],\"articleSection\":[\"Geopol\u00edtica\",\"Internacional\"],\"inLanguage\":\"pt-PT\"},{\"@type\":\"WebPage\",\"@id\":\"https:\/\/portaltela.pt\/noticias\/2026\/04\/28\/emirados-arabes-unidos-deixam-a-opep-por-interesse-nacional-nova-era-energetica\/\",\"url\":\"https:\/\/portaltela.pt\/noticias\/2026\/04\/28\/emirados-arabes-unidos-deixam-a-opep-por-interesse-nacional-nova-era-energetica\/\",\"name\":\"Emirados \u00c1rabes Unidos deixam a OPEP por interesse nacional, nova era energ\u00e9tica - Portal Tela Portugal\",\"isPartOf\":{\"@id\":\"https:\/\/portaltela.pt\/#website\"},\"primaryImageOfPage\":{\"@id\":\"https:\/\/portaltela.pt\/noticias\/2026\/04\/28\/emirados-arabes-unidos-deixam-a-opep-por-interesse-nacional-nova-era-energetica\/#primaryimage\"},\"image\":{\"@id\":\"https:\/\/portaltela.pt\/noticias\/2026\/04\/28\/emirados-arabes-unidos-deixam-a-opep-por-interesse-nacional-nova-era-energetica\/#primaryimage\"},\"thumbnailUrl\":\"https:\/\/portaltela.pt\/s.01k8rhncp4jt1\/2026\/04\/1536x864_cmsv2_c17af0c7-cdcd-5bf4-9ac2-3e49d1737d4f-9739209.jpg\",\"datePublished\":\"2026-04-28T15:48:40+00:00\",\"author\":{\"@id\":\"https:\/\/portaltela.pt\/#\/schema\/person\/c4278d4a6028830caff9ee44b42d32ed\"},\"breadcrumb\":{\"@id\":\"https:\/\/portaltela.pt\/noticias\/2026\/04\/28\/emirados-arabes-unidos-deixam-a-opep-por-interesse-nacional-nova-era-energetica\/#breadcrumb\"},\"inLanguage\":\"pt-PT\",\"potentialAction\":[{\"@type\":\"ReadAction\",\"target\":[\"https:\/\/portaltela.pt\/noticias\/2026\/04\/28\/emirados-arabes-unidos-deixam-a-opep-por-interesse-nacional-nova-era-energetica\/\"]}]},{\"@type\":\"ImageObject\",\"inLanguage\":\"pt-PT\",\"@id\":\"https:\/\/portaltela.pt\/noticias\/2026\/04\/28\/emirados-arabes-unidos-deixam-a-opep-por-interesse-nacional-nova-era-energetica\/#primaryimage\",\"url\":\"https:\/\/portaltela.pt\/s.01k8rhncp4jt1\/2026\/04\/1536x864_cmsv2_c17af0c7-cdcd-5bf4-9ac2-3e49d1737d4f-9739209.jpg\",\"contentUrl\":\"https:\/\/portaltela.pt\/s.01k8rhncp4jt1\/2026\/04\/1536x864_cmsv2_c17af0c7-cdcd-5bf4-9ac2-3e49d1737d4f-9739209.jpg\",\"width\":1536,\"height\":864,\"caption\":\"ARQUIVO: O log\u00f3tipo da Organiza\u00e7\u00e3o dos Pa\u00edses Exportadores de Petr\u00f3leo (OPEP) \u00e9 visto no exterior da sede da OPEP, em Viena, a 3 de mar\u00e7o de 2022\"},{\"@type\":\"BreadcrumbList\",\"@id\":\"https:\/\/portaltela.pt\/noticias\/2026\/04\/28\/emirados-arabes-unidos-deixam-a-opep-por-interesse-nacional-nova-era-energetica\/#breadcrumb\",\"itemListElement\":[{\"@type\":\"ListItem\",\"position\":1,\"name\":\"In\u00edcio\",\"item\":\"https:\/\/portaltela.pt\/\"},{\"@type\":\"ListItem\",\"position\":2,\"name\":\"Emirados \u00c1rabes Unidos deixam a OPEP por interesse nacional, nova era energ\u00e9tica\"}]},{\"@type\":\"WebSite\",\"@id\":\"https:\/\/portaltela.pt\/#website\",\"url\":\"https:\/\/portaltela.pt\/\",\"name\":\"Portal Tela Portugal\",\"description\":\"\",\"potentialAction\":[{\"@type\":\"SearchAction\",\"target\":{\"@type\":\"EntryPoint\",\"urlTemplate\":\"https:\/\/portaltela.pt\/?s={search_term_string}\"},\"query-input\":{\"@type\":\"PropertyValueSpecification\",\"valueRequired\":true,\"valueName\":\"search_term_string\"}}],\"inLanguage\":\"pt-PT\"},{\"@type\":\"Person\",\"@id\":\"https:\/\/portaltela.pt\/#\/schema\/person\/c4278d4a6028830caff9ee44b42d32ed\",\"name\":\"Telinha\",\"image\":{\"@type\":\"ImageObject\",\"inLanguage\":\"pt-PT\",\"@id\":\"https:\/\/portaltela.pt\/s.01k8rhncp4jt1\/2025\/11\/talking-bot-125x125.png\",\"url\":\"https:\/\/portaltela.pt\/s.01k8rhncp4jt1\/2025\/11\/talking-bot-125x125.png\",\"contentUrl\":\"https:\/\/portaltela.pt\/s.01k8rhncp4jt1\/2025\/11\/talking-bot-125x125.png\",\"caption\":\"Telinha\"},\"sameAs\":[\"https:\/\/portaltela.pt\/\"],\"url\":\"https:\/\/portaltela.pt\/por\/367410592786\/\"}]}<\/script>\n<!-- \/ Yoast SEO plugin. -->","yoast_head_json":{"title":"Emirados \u00c1rabes Unidos deixam a OPEP por interesse nacional, nova era energ\u00e9tica - Portal Tela Portugal","robots":{"index":"index","follow":"follow","max-snippet":"max-snippet:-1","max-image-preview":"max-image-preview:large","max-video-preview":"max-video-preview:-1"},"og_locale":"pt_PT","og_type":"article","og_title":"Emirados \u00c1rabes Unidos deixam a OPEP por interesse nacional, nova era energ\u00e9tica - Portal Tela Portugal","og_description":"Os Emirados \u00c1rabes Unidos anunciaram que v\u00e3o abandonar a OPEP a partir de 1 de maio. Alegam que a decis\u00e3o responde ao interesse nacional e ao compromisso com investidores, clientes e mercados globais de energia. A medida \u00e9 vista como um duro golpe para a OPEP e para os produtores que respondem pela maior parte da oferta mundial, num contexto de crise energ\u00e9tica agravada pelo bloqueio do Estreito de Ormuz pelo Ir\u00e3o. Os EAU asseguram que continuar\u00e3o a atuar de forma respons\u00e1vel e que a decis\u00e3o refor\u00e7a a capacidade de resposta \u00e0s necessidades do mercado, face \u00e0 volatilidade geopol\u00edtica no Golfo e no Estreito de Ormuz. Destacam ainda que s\u00e3o um produtor de custos competitivos com emiss\u00f5es mais baixas de carbono, e que a decis\u00e3o est\u00e1 alinhada com a vis\u00e3o estrat\u00e9gica de longo prazo do pa\u00eds.","og_url":"https:\/\/portaltela.pt\/noticias\/2026\/04\/28\/emirados-arabes-unidos-deixam-a-opep-por-interesse-nacional-nova-era-energetica\/","og_site_name":"Portal Tela Portugal","article_published_time":"2026-04-28T15:48:40+00:00","author":"Telinha","twitter_card":"summary_large_image","twitter_misc":{"Escrito por":"Telinha","Tempo estimado de leitura":"1 minuto"},"schema":{"@context":"https:\/\/schema.org","@graph":[{"@type":"Article","@id":"https:\/\/portaltela.pt\/noticias\/2026\/04\/28\/emirados-arabes-unidos-deixam-a-opep-por-interesse-nacional-nova-era-energetica\/#article","isPartOf":{"@id":"https:\/\/portaltela.pt\/noticias\/2026\/04\/28\/emirados-arabes-unidos-deixam-a-opep-por-interesse-nacional-nova-era-energetica\/"},"author":{"name":"Telinha","@id":"https:\/\/portaltela.pt\/#\/schema\/person\/c4278d4a6028830caff9ee44b42d32ed"},"headline":"Emirados \u00c1rabes Unidos deixam a OPEP por interesse nacional, nova era energ\u00e9tica","datePublished":"2026-04-28T15:48:40+00:00","mainEntityOfPage":{"@id":"https:\/\/portaltela.pt\/noticias\/2026\/04\/28\/emirados-arabes-unidos-deixam-a-opep-por-interesse-nacional-nova-era-energetica\/"},"wordCount":308,"image":{"@id":"https:\/\/portaltela.pt\/noticias\/2026\/04\/28\/emirados-arabes-unidos-deixam-a-opep-por-interesse-nacional-nova-era-energetica\/#primaryimage"},"thumbnailUrl":"https:\/\/portaltela.pt\/s.01k8rhncp4jt1\/2026\/04\/1536x864_cmsv2_c17af0c7-cdcd-5bf4-9ac2-3e49d1737d4f-9739209.jpg","keywords":["Emirados \u00c1rabes Unidos","energia","energias renov\u00e1veis","geopol\u00edtica","mercados internacionais","organiza\u00e7\u00f5es internacionais"],"articleSection":["Geopol\u00edtica","Internacional"],"inLanguage":"pt-PT"},{"@type":"WebPage","@id":"https:\/\/portaltela.pt\/noticias\/2026\/04\/28\/emirados-arabes-unidos-deixam-a-opep-por-interesse-nacional-nova-era-energetica\/","url":"https:\/\/portaltela.pt\/noticias\/2026\/04\/28\/emirados-arabes-unidos-deixam-a-opep-por-interesse-nacional-nova-era-energetica\/","name":"Emirados \u00c1rabes Unidos deixam a OPEP por interesse nacional, nova era energ\u00e9tica - Portal Tela Portugal","isPartOf":{"@id":"https:\/\/portaltela.pt\/#website"},"primaryImageOfPage":{"@id":"https:\/\/portaltela.pt\/noticias\/2026\/04\/28\/emirados-arabes-unidos-deixam-a-opep-por-interesse-nacional-nova-era-energetica\/#primaryimage"},"image":{"@id":"https:\/\/portaltela.pt\/noticias\/2026\/04\/28\/emirados-arabes-unidos-deixam-a-opep-por-interesse-nacional-nova-era-energetica\/#primaryimage"},"thumbnailUrl":"https:\/\/portaltela.pt\/s.01k8rhncp4jt1\/2026\/04\/1536x864_cmsv2_c17af0c7-cdcd-5bf4-9ac2-3e49d1737d4f-9739209.jpg","datePublished":"2026-04-28T15:48:40+00:00","author":{"@id":"https:\/\/portaltela.pt\/#\/schema\/person\/c4278d4a6028830caff9ee44b42d32ed"},"breadcrumb":{"@id":"https:\/\/portaltela.pt\/noticias\/2026\/04\/28\/emirados-arabes-unidos-deixam-a-opep-por-interesse-nacional-nova-era-energetica\/#breadcrumb"},"inLanguage":"pt-PT","potentialAction":[{"@type":"ReadAction","target":["https:\/\/portaltela.pt\/noticias\/2026\/04\/28\/emirados-arabes-unidos-deixam-a-opep-por-interesse-nacional-nova-era-energetica\/"]}]},{"@type":"ImageObject","inLanguage":"pt-PT","@id":"https:\/\/portaltela.pt\/noticias\/2026\/04\/28\/emirados-arabes-unidos-deixam-a-opep-por-interesse-nacional-nova-era-energetica\/#primaryimage","url":"https:\/\/portaltela.pt\/s.01k8rhncp4jt1\/2026\/04\/1536x864_cmsv2_c17af0c7-cdcd-5bf4-9ac2-3e49d1737d4f-9739209.jpg","contentUrl":"https:\/\/portaltela.pt\/s.01k8rhncp4jt1\/2026\/04\/1536x864_cmsv2_c17af0c7-cdcd-5bf4-9ac2-3e49d1737d4f-9739209.jpg","width":1536,"height":864,"caption":"ARQUIVO: O log\u00f3tipo da Organiza\u00e7\u00e3o dos Pa\u00edses Exportadores de Petr\u00f3leo (OPEP) \u00e9 visto no exterior da sede da OPEP, em Viena, a 3 de mar\u00e7o de 2022"},{"@type":"BreadcrumbList","@id":"https:\/\/portaltela.pt\/noticias\/2026\/04\/28\/emirados-arabes-unidos-deixam-a-opep-por-interesse-nacional-nova-era-energetica\/#breadcrumb","itemListElement":[{"@type":"ListItem","position":1,"name":"In\u00edcio","item":"https:\/\/portaltela.pt\/"},{"@type":"ListItem","position":2,"name":"Emirados \u00c1rabes Unidos deixam a OPEP por interesse nacional, nova era energ\u00e9tica"}]},{"@type":"WebSite","@id":"https:\/\/portaltela.pt\/#website","url":"https:\/\/portaltela.pt\/","name":"Portal Tela Portugal","description":"","potentialAction":[{"@type":"SearchAction","target":{"@type":"EntryPoint","urlTemplate":"https:\/\/portaltela.pt\/?s={search_term_string}"},"query-input":{"@type":"PropertyValueSpecification","valueRequired":true,"valueName":"search_term_string"}}],"inLanguage":"pt-PT"},{"@type":"Person","@id":"https:\/\/portaltela.pt\/#\/schema\/person\/c4278d4a6028830caff9ee44b42d32ed","name":"Telinha","image":{"@type":"ImageObject","inLanguage":"pt-PT","@id":"https:\/\/portaltela.pt\/s.01k8rhncp4jt1\/2025\/11\/talking-bot-125x125.png","url":"https:\/\/portaltela.pt\/s.01k8rhncp4jt1\/2025\/11\/talking-bot-125x125.png","contentUrl":"https:\/\/portaltela.pt\/s.01k8rhncp4jt1\/2025\/11\/talking-bot-125x125.png","caption":"Telinha"},"sameAs":["https:\/\/portaltela.pt\/"],"url":"https:\/\/portaltela.pt\/por\/367410592786\/"}]}},"_links":{"self":[{"href":"https:\/\/portaltela.pt\/api\/wp\/v2\/posts\/460020","targetHints":{"allow":["GET"]}}],"collection":[{"href":"https:\/\/portaltela.pt\/api\/wp\/v2\/posts"}],"about":[{"href":"https:\/\/portaltela.pt\/api\/wp\/v2\/types\/post"}],"author":[{"embeddable":true,"href":"https:\/\/portaltela.pt\/api\/wp\/v2\/users\/2"}],"replies":[{"embeddable":true,"href":"https:\/\/portaltela.pt\/api\/wp\/v2\/comments?post=460020"}],"version-history":[{"count":0,"href":"https:\/\/portaltela.pt\/api\/wp\/v2\/posts\/460020\/revisions"}],"wp:featuredmedia":[{"embeddable":true,"href":"https:\/\/portaltela.pt\/api\/wp\/v2\/media\/460024"}],"wp:attachment":[{"href":"https:\/\/portaltela.pt\/api\/wp\/v2\/media?parent=460020"}],"wp:term":[{"taxonomy":"category","embeddable":true,"href":"https:\/\/portaltela.pt\/api\/wp\/v2\/categories?post=460020"},{"taxonomy":"post_tag","embeddable":true,"href":"https:\/\/portaltela.pt\/api\/wp\/v2\/tags?post=460020"}],"curies":[{"name":"wp","href":"https:\/\/api.w.org\/{rel}","templated":true}]}}