{"id":460017,"date":"2026-04-28T12:48:28","date_gmt":"2026-04-28T15:48:28","guid":{"rendered":"https:\/\/portaltela.pt\/noticias\/2026\/04\/28\/quim-mourinho-nao-devera-sair-caso-alcance-o-2-o-lugar\/"},"modified":"2026-04-28T12:48:28","modified_gmt":"2026-04-28T15:48:28","slug":"quim-mourinho-nao-devera-sair-caso-alcance-o-2-o-lugar","status":"publish","type":"post","link":"https:\/\/portaltela.pt\/desporto\/futebol\/2026\/04\/28\/quim-mourinho-nao-devera-sair-caso-alcance-o-2-o-lugar\/","title":{"rendered":"Quim: Mourinho n\u00e3o dever\u00e1 sair caso alcance o 2.\u00ba lugar"},"content":{"rendered":"<p>Quim, antigo guarda-redes do Benfica entre 2004 e 2010, sagrou-se campe\u00e3o nacional por duas vezes ao longo do periodo em que vestiu de \u00e1guia ao peito. Em declara\u00e7\u00f5es \u00e0 Record, o ex-jogador de 50 anos afirmou acreditar que Jos\u00e9 Mourinho manter\u00e1 o comando t\u00e9cnico dos encarnados na pr\u00f3xima \u00e9poca, caso a equipa termine o campeonato no 2.\u00ba lugar.<\/p>\n<p>O defesa-poente revela confian\u00e7a na continuidade do treinador, apesar da press\u00e3o pelo desempenho. A avalia\u00e7\u00e3o chega numa altura em que Mourinho tem sido tema de an\u00e1lise para o clube na atual temporada, com o foco no objetivo de ascender na Liga.<\/p>\n<p>Quim destacou ainda a import\u00e2ncia da estabilidade t\u00e9cnica para o Benfica, refor\u00e7ando que o 2.\u00ba lugar pode influenciar a decis\u00e3o de continuidade. A entrevista surge numa altura em que o clube gere expectativas associadas ao desempenho no campeonato.<\/p>\n","protected":false},"excerpt":{"rendered":"<ul>\n<li>Quim, antigo guarda-redes do Benfica entre 2004 e 2010, afirmou \u00e0 Record que Mourinho pode continuar como treinador dos encarnados, caso a equipa termine em 2.\u00ba na Liga.<\/li>\n<li>O ex-jogador, hoje com 50 anos, sagrou-se campe\u00e3o nacional duas vezes ao servi\u00e7o do Benfica.<\/li>\n<li>A declara\u00e7\u00e3o foi dada na sequ\u00eancia de uma entrevista \u00e0 imprensa desportiva portuguesa Record.<\/li>\n<li>A posi\u00e7\u00e3o de Mourinho no comando do Benfica depende do desempenho na Liga, segundo Quim.<\/li>\n<li>O objetivo citado por Quim \u00e9 a obten\u00e7\u00e3o do 2.\u00ba lugar na Liga para assegurar a continuidade do t\u00e9cnico.<\/li>\n<\/ul>\n","protected":false},"author":2,"featured_media":460022,"comment_status":"closed","ping_status":"closed","sticky":false,"template":"","format":"standard","meta":{"footnotes":""},"categories":[21,24],"tags":[4143,1946,3972,32,2138],"class_list":["post-460017","post","type-post","status-publish","format-standard","has-post-thumbnail","hentry","category-desporto","category-futebol","tag-1-liga","tag-benfica","tag-benfica-sad","tag-futebol","tag-jose-mourinho"],"yoast_head":"<!-- This site is optimized with the Yoast SEO plugin v27.2 - https:\/\/yoast.com\/product\/yoast-seo-wordpress\/ -->\n<title>Quim: Mourinho n\u00e3o dever\u00e1 sair caso alcance o 2.\u00ba lugar - Portal Tela Portugal<\/title>\n<meta name=\"robots\" content=\"index, follow, max-snippet:-1, max-image-preview:large, max-video-preview:-1\" \/>\n<meta property=\"og:locale\" content=\"pt_PT\" \/>\n<meta property=\"og:type\" content=\"article\" \/>\n<meta property=\"og:title\" content=\"Quim: Mourinho n\u00e3o dever\u00e1 sair caso alcance o 2.\u00ba lugar - Portal Tela Portugal\" \/>\n<meta property=\"og:description\" content=\"Quim, antigo guarda-redes do Benfica entre 2004 e 2010, afirmou \u00e0 Record que Mourinho pode continuar como treinador dos encarnados, caso a equipa termine em 2.\u00ba na Liga. O ex-jogador, hoje com 50 anos, sagrou-se campe\u00e3o nacional duas vezes ao servi\u00e7o do Benfica. A declara\u00e7\u00e3o foi dada na sequ\u00eancia de uma entrevista \u00e0 imprensa desportiva portuguesa Record. A posi\u00e7\u00e3o de Mourinho no comando do Benfica depende do desempenho na Liga, segundo Quim. O objetivo citado por Quim \u00e9 a obten\u00e7\u00e3o do 2.\u00ba lugar na Liga para assegurar a continuidade do t\u00e9cnico.\" \/>\n<meta property=\"og:url\" content=\"https:\/\/portaltela.pt\/noticias\/2026\/04\/28\/quim-mourinho-nao-devera-sair-caso-alcance-o-2-o-lugar\/\" \/>\n<meta property=\"og:site_name\" content=\"Portal Tela Portugal\" \/>\n<meta property=\"article:published_time\" content=\"2026-04-28T15:48:28+00:00\" \/>\n<meta name=\"author\" content=\"Telinha\" \/>\n<meta name=\"twitter:card\" content=\"summary_large_image\" \/>\n<meta name=\"twitter:label1\" content=\"Escrito por\" \/>\n\t<meta name=\"twitter:data1\" content=\"Telinha\" \/>\n\t<meta name=\"twitter:label2\" content=\"Tempo estimado de leitura\" \/>\n\t<meta name=\"twitter:data2\" content=\"1 minuto\" \/>\n<script type=\"application\/ld+json\" class=\"yoast-schema-graph\">{\"@context\":\"https:\/\/schema.org\",\"@graph\":[{\"@type\":\"Article\",\"@id\":\"https:\/\/portaltela.pt\/noticias\/2026\/04\/28\/quim-mourinho-nao-devera-sair-caso-alcance-o-2-o-lugar\/#article\",\"isPartOf\":{\"@id\":\"https:\/\/portaltela.pt\/noticias\/2026\/04\/28\/quim-mourinho-nao-devera-sair-caso-alcance-o-2-o-lugar\/\"},\"author\":{\"name\":\"Telinha\",\"@id\":\"https:\/\/portaltela.pt\/#\/schema\/person\/c4278d4a6028830caff9ee44b42d32ed\"},\"headline\":\"Quim: Mourinho n\u00e3o dever\u00e1 sair caso alcance o 2.\u00ba lugar\",\"datePublished\":\"2026-04-28T15:48:28+00:00\",\"mainEntityOfPage\":{\"@id\":\"https:\/\/portaltela.pt\/noticias\/2026\/04\/28\/quim-mourinho-nao-devera-sair-caso-alcance-o-2-o-lugar\/\"},\"wordCount\":153,\"image\":{\"@id\":\"https:\/\/portaltela.pt\/noticias\/2026\/04\/28\/quim-mourinho-nao-devera-sair-caso-alcance-o-2-o-lugar\/#primaryimage\"},\"thumbnailUrl\":\"https:\/\/portaltela.pt\/s.01k8rhncp4jt1\/2026\/04\/img_920x518uu2026-03-26-20-29-58-2429563-im-639129881638794438.jpg\",\"keywords\":[\"1. Liga\",\"Benfica\",\"Benfica SAD\",\"futebol\",\"Jos\u00e9 Mourinho\"],\"articleSection\":[\"Desporto\",\"Futebol\"],\"inLanguage\":\"pt-PT\"},{\"@type\":\"WebPage\",\"@id\":\"https:\/\/portaltela.pt\/noticias\/2026\/04\/28\/quim-mourinho-nao-devera-sair-caso-alcance-o-2-o-lugar\/\",\"url\":\"https:\/\/portaltela.pt\/noticias\/2026\/04\/28\/quim-mourinho-nao-devera-sair-caso-alcance-o-2-o-lugar\/\",\"name\":\"Quim: Mourinho n\u00e3o dever\u00e1 sair caso alcance o 2.\u00ba lugar - Portal Tela Portugal\",\"isPartOf\":{\"@id\":\"https:\/\/portaltela.pt\/#website\"},\"primaryImageOfPage\":{\"@id\":\"https:\/\/portaltela.pt\/noticias\/2026\/04\/28\/quim-mourinho-nao-devera-sair-caso-alcance-o-2-o-lugar\/#primaryimage\"},\"image\":{\"@id\":\"https:\/\/portaltela.pt\/noticias\/2026\/04\/28\/quim-mourinho-nao-devera-sair-caso-alcance-o-2-o-lugar\/#primaryimage\"},\"thumbnailUrl\":\"https:\/\/portaltela.pt\/s.01k8rhncp4jt1\/2026\/04\/img_920x518uu2026-03-26-20-29-58-2429563-im-639129881638794438.jpg\",\"datePublished\":\"2026-04-28T15:48:28+00:00\",\"author\":{\"@id\":\"https:\/\/portaltela.pt\/#\/schema\/person\/c4278d4a6028830caff9ee44b42d32ed\"},\"breadcrumb\":{\"@id\":\"https:\/\/portaltela.pt\/noticias\/2026\/04\/28\/quim-mourinho-nao-devera-sair-caso-alcance-o-2-o-lugar\/#breadcrumb\"},\"inLanguage\":\"pt-PT\",\"potentialAction\":[{\"@type\":\"ReadAction\",\"target\":[\"https:\/\/portaltela.pt\/noticias\/2026\/04\/28\/quim-mourinho-nao-devera-sair-caso-alcance-o-2-o-lugar\/\"]}]},{\"@type\":\"ImageObject\",\"inLanguage\":\"pt-PT\",\"@id\":\"https:\/\/portaltela.pt\/noticias\/2026\/04\/28\/quim-mourinho-nao-devera-sair-caso-alcance-o-2-o-lugar\/#primaryimage\",\"url\":\"https:\/\/portaltela.pt\/s.01k8rhncp4jt1\/2026\/04\/img_920x518uu2026-03-26-20-29-58-2429563-im-639129881638794438.jpg\",\"contentUrl\":\"https:\/\/portaltela.pt\/s.01k8rhncp4jt1\/2026\/04\/img_920x518uu2026-03-26-20-29-58-2429563-im-639129881638794438.jpg\",\"width\":796,\"height\":448,\"caption\":\"Quim jogou no Benfica entre 2004 e 2010\"},{\"@type\":\"BreadcrumbList\",\"@id\":\"https:\/\/portaltela.pt\/noticias\/2026\/04\/28\/quim-mourinho-nao-devera-sair-caso-alcance-o-2-o-lugar\/#breadcrumb\",\"itemListElement\":[{\"@type\":\"ListItem\",\"position\":1,\"name\":\"In\u00edcio\",\"item\":\"https:\/\/portaltela.pt\/\"},{\"@type\":\"ListItem\",\"position\":2,\"name\":\"Quim: Mourinho n\u00e3o dever\u00e1 sair caso alcance o 2.\u00ba lugar\"}]},{\"@type\":\"WebSite\",\"@id\":\"https:\/\/portaltela.pt\/#website\",\"url\":\"https:\/\/portaltela.pt\/\",\"name\":\"Portal Tela Portugal\",\"description\":\"\",\"potentialAction\":[{\"@type\":\"SearchAction\",\"target\":{\"@type\":\"EntryPoint\",\"urlTemplate\":\"https:\/\/portaltela.pt\/?s={search_term_string}\"},\"query-input\":{\"@type\":\"PropertyValueSpecification\",\"valueRequired\":true,\"valueName\":\"search_term_string\"}}],\"inLanguage\":\"pt-PT\"},{\"@type\":\"Person\",\"@id\":\"https:\/\/portaltela.pt\/#\/schema\/person\/c4278d4a6028830caff9ee44b42d32ed\",\"name\":\"Telinha\",\"image\":{\"@type\":\"ImageObject\",\"inLanguage\":\"pt-PT\",\"@id\":\"https:\/\/portaltela.pt\/s.01k8rhncp4jt1\/2025\/11\/talking-bot-125x125.png\",\"url\":\"https:\/\/portaltela.pt\/s.01k8rhncp4jt1\/2025\/11\/talking-bot-125x125.png\",\"contentUrl\":\"https:\/\/portaltela.pt\/s.01k8rhncp4jt1\/2025\/11\/talking-bot-125x125.png\",\"caption\":\"Telinha\"},\"sameAs\":[\"https:\/\/portaltela.pt\/\"],\"url\":\"https:\/\/portaltela.pt\/por\/367410592786\/\"}]}<\/script>\n<!-- \/ Yoast SEO plugin. -->","yoast_head_json":{"title":"Quim: Mourinho n\u00e3o dever\u00e1 sair caso alcance o 2.\u00ba lugar - Portal Tela Portugal","robots":{"index":"index","follow":"follow","max-snippet":"max-snippet:-1","max-image-preview":"max-image-preview:large","max-video-preview":"max-video-preview:-1"},"og_locale":"pt_PT","og_type":"article","og_title":"Quim: Mourinho n\u00e3o dever\u00e1 sair caso alcance o 2.\u00ba lugar - Portal Tela Portugal","og_description":"Quim, antigo guarda-redes do Benfica entre 2004 e 2010, afirmou \u00e0 Record que Mourinho pode continuar como treinador dos encarnados, caso a equipa termine em 2.\u00ba na Liga. O ex-jogador, hoje com 50 anos, sagrou-se campe\u00e3o nacional duas vezes ao servi\u00e7o do Benfica. A declara\u00e7\u00e3o foi dada na sequ\u00eancia de uma entrevista \u00e0 imprensa desportiva portuguesa Record. A posi\u00e7\u00e3o de Mourinho no comando do Benfica depende do desempenho na Liga, segundo Quim. O objetivo citado por Quim \u00e9 a obten\u00e7\u00e3o do 2.\u00ba lugar na Liga para assegurar a continuidade do t\u00e9cnico.","og_url":"https:\/\/portaltela.pt\/noticias\/2026\/04\/28\/quim-mourinho-nao-devera-sair-caso-alcance-o-2-o-lugar\/","og_site_name":"Portal Tela Portugal","article_published_time":"2026-04-28T15:48:28+00:00","author":"Telinha","twitter_card":"summary_large_image","twitter_misc":{"Escrito por":"Telinha","Tempo estimado de leitura":"1 minuto"},"schema":{"@context":"https:\/\/schema.org","@graph":[{"@type":"Article","@id":"https:\/\/portaltela.pt\/noticias\/2026\/04\/28\/quim-mourinho-nao-devera-sair-caso-alcance-o-2-o-lugar\/#article","isPartOf":{"@id":"https:\/\/portaltela.pt\/noticias\/2026\/04\/28\/quim-mourinho-nao-devera-sair-caso-alcance-o-2-o-lugar\/"},"author":{"name":"Telinha","@id":"https:\/\/portaltela.pt\/#\/schema\/person\/c4278d4a6028830caff9ee44b42d32ed"},"headline":"Quim: Mourinho n\u00e3o dever\u00e1 sair caso alcance o 2.\u00ba lugar","datePublished":"2026-04-28T15:48:28+00:00","mainEntityOfPage":{"@id":"https:\/\/portaltela.pt\/noticias\/2026\/04\/28\/quim-mourinho-nao-devera-sair-caso-alcance-o-2-o-lugar\/"},"wordCount":153,"image":{"@id":"https:\/\/portaltela.pt\/noticias\/2026\/04\/28\/quim-mourinho-nao-devera-sair-caso-alcance-o-2-o-lugar\/#primaryimage"},"thumbnailUrl":"https:\/\/portaltela.pt\/s.01k8rhncp4jt1\/2026\/04\/img_920x518uu2026-03-26-20-29-58-2429563-im-639129881638794438.jpg","keywords":["1. Liga","Benfica","Benfica SAD","futebol","Jos\u00e9 Mourinho"],"articleSection":["Desporto","Futebol"],"inLanguage":"pt-PT"},{"@type":"WebPage","@id":"https:\/\/portaltela.pt\/noticias\/2026\/04\/28\/quim-mourinho-nao-devera-sair-caso-alcance-o-2-o-lugar\/","url":"https:\/\/portaltela.pt\/noticias\/2026\/04\/28\/quim-mourinho-nao-devera-sair-caso-alcance-o-2-o-lugar\/","name":"Quim: Mourinho n\u00e3o dever\u00e1 sair caso alcance o 2.\u00ba lugar - Portal Tela Portugal","isPartOf":{"@id":"https:\/\/portaltela.pt\/#website"},"primaryImageOfPage":{"@id":"https:\/\/portaltela.pt\/noticias\/2026\/04\/28\/quim-mourinho-nao-devera-sair-caso-alcance-o-2-o-lugar\/#primaryimage"},"image":{"@id":"https:\/\/portaltela.pt\/noticias\/2026\/04\/28\/quim-mourinho-nao-devera-sair-caso-alcance-o-2-o-lugar\/#primaryimage"},"thumbnailUrl":"https:\/\/portaltela.pt\/s.01k8rhncp4jt1\/2026\/04\/img_920x518uu2026-03-26-20-29-58-2429563-im-639129881638794438.jpg","datePublished":"2026-04-28T15:48:28+00:00","author":{"@id":"https:\/\/portaltela.pt\/#\/schema\/person\/c4278d4a6028830caff9ee44b42d32ed"},"breadcrumb":{"@id":"https:\/\/portaltela.pt\/noticias\/2026\/04\/28\/quim-mourinho-nao-devera-sair-caso-alcance-o-2-o-lugar\/#breadcrumb"},"inLanguage":"pt-PT","potentialAction":[{"@type":"ReadAction","target":["https:\/\/portaltela.pt\/noticias\/2026\/04\/28\/quim-mourinho-nao-devera-sair-caso-alcance-o-2-o-lugar\/"]}]},{"@type":"ImageObject","inLanguage":"pt-PT","@id":"https:\/\/portaltela.pt\/noticias\/2026\/04\/28\/quim-mourinho-nao-devera-sair-caso-alcance-o-2-o-lugar\/#primaryimage","url":"https:\/\/portaltela.pt\/s.01k8rhncp4jt1\/2026\/04\/img_920x518uu2026-03-26-20-29-58-2429563-im-639129881638794438.jpg","contentUrl":"https:\/\/portaltela.pt\/s.01k8rhncp4jt1\/2026\/04\/img_920x518uu2026-03-26-20-29-58-2429563-im-639129881638794438.jpg","width":796,"height":448,"caption":"Quim jogou no Benfica entre 2004 e 2010"},{"@type":"BreadcrumbList","@id":"https:\/\/portaltela.pt\/noticias\/2026\/04\/28\/quim-mourinho-nao-devera-sair-caso-alcance-o-2-o-lugar\/#breadcrumb","itemListElement":[{"@type":"ListItem","position":1,"name":"In\u00edcio","item":"https:\/\/portaltela.pt\/"},{"@type":"ListItem","position":2,"name":"Quim: Mourinho n\u00e3o dever\u00e1 sair caso alcance o 2.\u00ba lugar"}]},{"@type":"WebSite","@id":"https:\/\/portaltela.pt\/#website","url":"https:\/\/portaltela.pt\/","name":"Portal Tela Portugal","description":"","potentialAction":[{"@type":"SearchAction","target":{"@type":"EntryPoint","urlTemplate":"https:\/\/portaltela.pt\/?s={search_term_string}"},"query-input":{"@type":"PropertyValueSpecification","valueRequired":true,"valueName":"search_term_string"}}],"inLanguage":"pt-PT"},{"@type":"Person","@id":"https:\/\/portaltela.pt\/#\/schema\/person\/c4278d4a6028830caff9ee44b42d32ed","name":"Telinha","image":{"@type":"ImageObject","inLanguage":"pt-PT","@id":"https:\/\/portaltela.pt\/s.01k8rhncp4jt1\/2025\/11\/talking-bot-125x125.png","url":"https:\/\/portaltela.pt\/s.01k8rhncp4jt1\/2025\/11\/talking-bot-125x125.png","contentUrl":"https:\/\/portaltela.pt\/s.01k8rhncp4jt1\/2025\/11\/talking-bot-125x125.png","caption":"Telinha"},"sameAs":["https:\/\/portaltela.pt\/"],"url":"https:\/\/portaltela.pt\/por\/367410592786\/"}]}},"_links":{"self":[{"href":"https:\/\/portaltela.pt\/api\/wp\/v2\/posts\/460017","targetHints":{"allow":["GET"]}}],"collection":[{"href":"https:\/\/portaltela.pt\/api\/wp\/v2\/posts"}],"about":[{"href":"https:\/\/portaltela.pt\/api\/wp\/v2\/types\/post"}],"author":[{"embeddable":true,"href":"https:\/\/portaltela.pt\/api\/wp\/v2\/users\/2"}],"replies":[{"embeddable":true,"href":"https:\/\/portaltela.pt\/api\/wp\/v2\/comments?post=460017"}],"version-history":[{"count":0,"href":"https:\/\/portaltela.pt\/api\/wp\/v2\/posts\/460017\/revisions"}],"wp:featuredmedia":[{"embeddable":true,"href":"https:\/\/portaltela.pt\/api\/wp\/v2\/media\/460022"}],"wp:attachment":[{"href":"https:\/\/portaltela.pt\/api\/wp\/v2\/media?parent=460017"}],"wp:term":[{"taxonomy":"category","embeddable":true,"href":"https:\/\/portaltela.pt\/api\/wp\/v2\/categories?post=460017"},{"taxonomy":"post_tag","embeddable":true,"href":"https:\/\/portaltela.pt\/api\/wp\/v2\/tags?post=460017"}],"curies":[{"name":"wp","href":"https:\/\/api.w.org\/{rel}","templated":true}]}}