{"id":460013,"date":"2026-04-28T12:41:00","date_gmt":"2026-04-28T15:41:00","guid":{"rendered":"https:\/\/portaltela.pt\/noticias\/2026\/04\/28\/pj-detem-tres-suspeitos-por-fraude-de-15-milhoes-com-fundos-europeus\/"},"modified":"2026-04-28T12:41:00","modified_gmt":"2026-04-28T15:41:00","slug":"pj-detem-tres-suspeitos-por-fraude-de-15-milhoes-com-fundos-europeus","status":"publish","type":"post","link":"https:\/\/portaltela.pt\/policia\/2026\/04\/28\/pj-detem-tres-suspeitos-por-fraude-de-15-milhoes-com-fundos-europeus\/","title":{"rendered":"PJ det\u00e9m tr\u00eas suspeitos por fraude de 15 milh\u00f5es com fundos europeus"},"content":{"rendered":"<p>Tr\u00eas pessoas foram detidas esta ter\u00e7a-feira, numa opera\u00e7\u00e3o da Pol\u00edcia Judici\u00e1ria (PJ), por suspeitas de envolvimento num esquema que ter\u00e1 permitido obter indevidamente mais de 15 milh\u00f5es de euros em fundos comunit\u00e1rios. A a\u00e7\u00e3o decorreu nos distritos do Porto, Santar\u00e9m, Lisboa, Set\u00fabal e \u00c9vora, e envolveu 35 mandados de busca e apreens\u00e3o.<\/p>\n<p>Segundo a PJ, a opera\u00e7\u00e3o, designada Fundo Perdido, visou domic\u00edlios, sedes de sociedades comerciais e um escrit\u00f3rio de advogados. A investiga\u00e7\u00e3o conclui que v\u00e1rias empresas teriam utilizado fatura\u00e7\u00e3o fict\u00edcia e sobrefatura\u00e7\u00e3o para obter fundos comunit\u00e1rios superiores a 15 milh\u00f5es de euros, no \u00e2mbito dos programas Portugal 2020 e Alentejo 2020.<\/p>\n<p>Durante as dilig\u00eancias, foram recolhidos elementos de prova relevantes que ser\u00e3o agora analisados. A Unidade Nacional de Combate \u00e0 Corrup\u00e7\u00e3o prosseguir\u00e1 o inqu\u00e9rito para clarificar responsabilidades criminais e assegurar a celeridade da investiga\u00e7\u00e3o.<\/p>\n<p>Na opera\u00e7\u00e3o participaram 92 inspetores da PJ, um juiz de instru\u00e7\u00e3o criminal, dois magistrados do Minist\u00e9rio P\u00fablico e um representante da Ordem dos Advogados. Os tr\u00eas detidos \u2014 dois homens e uma mulher \u2014 ser\u00e3o ouvidos amanh\u00e3 em primeiro interrogat\u00f3rio judicial, no Tribunal de \u00c9vora, no \u00e2mbito do Departamento de Investiga\u00e7\u00e3o e A\u00e7\u00e3o Penal Regional de \u00c9vora.<\/p>\n<h3>Varredura e objectivos da investiga\u00e7\u00e3o<\/h3>\n<p>A PJ pretende apurar a envolv\u00eancia de entidades e indiv\u00edduos no desvio de subs\u00eddios, com foco na correta aplica\u00e7\u00e3o de fundos europeus e no cumprimento da legisla\u00e7\u00e3o aplic\u00e1vel aos fundos Portugal 2020 e Alentejo 2020.<\/p>\n","protected":false},"excerpt":{"rendered":"<ul>\n<li>Tr\u00eas pessoas foram detidas numa opera\u00e7\u00e3o da Pol\u00edcia Judici\u00e1ria, suspeitas de envolvimento num esquema que obteve indevidamente mais de 15 milh\u00f5es de euros em fundos comunit\u00e1rios.<\/li>\n<li>A a\u00e7\u00e3o, chamada de opera\u00e7\u00e3o &#8220;Fundo Perdido&#8221;, decorreu nos distritos do Porto, Santar\u00e9m, Lisboa, Set\u00fabal e \u00c9vora, com 35 mandados de busca e apreens\u00e3o.<\/li>\n<li>Investiga\u00e7\u00e3o aponta fatura\u00e7\u00e3o fict\u00edcia e Sobrefatura\u00e7\u00e3o por parte de v\u00e1rias empresas para obter os fundos dos programas Portugal 2020 e Alentejo 2020.<\/li>\n<li>Foram recolhidos importantes elementos de prova; a Unidade Nacional de Combate \u00e0 Corrup\u00e7\u00e3o vai prosseguir o inqu\u00e9rito para apurar responsabilidades criminais e acelerar a conclus\u00e3o das dilig\u00eancias.<\/li>\n<li>Al\u00e9m de 92 inspetores da PJ, participaram na opera\u00e7\u00e3o um juiz de instru\u00e7\u00e3o criminal, dois magistrados do Minist\u00e9rio P\u00fablico e um representante da Ordem dos Advogados; os detidos ser\u00e3o ouvidos amanh\u00e3 em \u00c9vora.<\/li>\n<\/ul>\n","protected":false},"author":2,"featured_media":460016,"comment_status":"closed","ping_status":"closed","sticky":false,"template":"","format":"standard","meta":{"footnotes":""},"categories":[7374,6781],"tags":[8201,8052,7970,9092,8767,8162],"class_list":["post-460013","post","type-post","status-publish","format-standard","has-post-thumbnail","hentry","category-criminalidade","category-policia","tag-_alentejo","tag-_corrupcao","tag-_fraude","tag-_inquerito-criminal","tag-_investigacao","tag-_policia-judiciaria"],"yoast_head":"<!-- This site is optimized with the Yoast SEO plugin v27.2 - https:\/\/yoast.com\/product\/yoast-seo-wordpress\/ -->\n<title>PJ det\u00e9m tr\u00eas suspeitos por fraude de 15 milh\u00f5es com fundos europeus - Portal Tela Portugal<\/title>\n<meta name=\"robots\" content=\"index, follow, max-snippet:-1, max-image-preview:large, max-video-preview:-1\" \/>\n<meta property=\"og:locale\" content=\"pt_PT\" \/>\n<meta property=\"og:type\" content=\"article\" \/>\n<meta property=\"og:title\" content=\"PJ det\u00e9m tr\u00eas suspeitos por fraude de 15 milh\u00f5es com fundos europeus - Portal Tela Portugal\" \/>\n<meta property=\"og:description\" content=\"Tr\u00eas pessoas foram detidas numa opera\u00e7\u00e3o da Pol\u00edcia Judici\u00e1ria, suspeitas de envolvimento num esquema que obteve indevidamente mais de 15 milh\u00f5es de euros em fundos comunit\u00e1rios. A a\u00e7\u00e3o, chamada de opera\u00e7\u00e3o &quot;Fundo Perdido&quot;, decorreu nos distritos do Porto, Santar\u00e9m, Lisboa, Set\u00fabal e \u00c9vora, com 35 mandados de busca e apreens\u00e3o. Investiga\u00e7\u00e3o aponta fatura\u00e7\u00e3o fict\u00edcia e Sobrefatura\u00e7\u00e3o por parte de v\u00e1rias empresas para obter os fundos dos programas Portugal 2020 e Alentejo 2020. Foram recolhidos importantes elementos de prova; a Unidade Nacional de Combate \u00e0 Corrup\u00e7\u00e3o vai prosseguir o inqu\u00e9rito para apurar responsabilidades criminais e acelerar a conclus\u00e3o das dilig\u00eancias. Al\u00e9m de 92 inspetores da PJ, participaram na opera\u00e7\u00e3o um juiz de instru\u00e7\u00e3o criminal, dois magistrados do Minist\u00e9rio P\u00fablico e um representante da Ordem dos Advogados; os detidos ser\u00e3o ouvidos amanh\u00e3 em \u00c9vora.\" \/>\n<meta property=\"og:url\" content=\"https:\/\/portaltela.pt\/noticias\/2026\/04\/28\/pj-detem-tres-suspeitos-por-fraude-de-15-milhoes-com-fundos-europeus\/\" \/>\n<meta property=\"og:site_name\" content=\"Portal Tela Portugal\" \/>\n<meta property=\"article:published_time\" content=\"2026-04-28T15:41:00+00:00\" \/>\n<meta name=\"author\" content=\"Telinha\" \/>\n<meta name=\"twitter:card\" content=\"summary_large_image\" \/>\n<meta name=\"twitter:label1\" content=\"Escrito por\" \/>\n\t<meta name=\"twitter:data1\" content=\"Telinha\" \/>\n\t<meta name=\"twitter:label2\" content=\"Tempo estimado de leitura\" \/>\n\t<meta name=\"twitter:data2\" content=\"1 minuto\" \/>\n<script type=\"application\/ld+json\" class=\"yoast-schema-graph\">{\"@context\":\"https:\/\/schema.org\",\"@graph\":[{\"@type\":\"Article\",\"@id\":\"https:\/\/portaltela.pt\/noticias\/2026\/04\/28\/pj-detem-tres-suspeitos-por-fraude-de-15-milhoes-com-fundos-europeus\/#article\",\"isPartOf\":{\"@id\":\"https:\/\/portaltela.pt\/noticias\/2026\/04\/28\/pj-detem-tres-suspeitos-por-fraude-de-15-milhoes-com-fundos-europeus\/\"},\"author\":{\"name\":\"Telinha\",\"@id\":\"https:\/\/portaltela.pt\/#\/schema\/person\/c4278d4a6028830caff9ee44b42d32ed\"},\"headline\":\"PJ det\u00e9m tr\u00eas suspeitos por fraude de 15 milh\u00f5es com fundos europeus\",\"datePublished\":\"2026-04-28T15:41:00+00:00\",\"mainEntityOfPage\":{\"@id\":\"https:\/\/portaltela.pt\/noticias\/2026\/04\/28\/pj-detem-tres-suspeitos-por-fraude-de-15-milhoes-com-fundos-europeus\/\"},\"wordCount\":277,\"image\":{\"@id\":\"https:\/\/portaltela.pt\/noticias\/2026\/04\/28\/pj-detem-tres-suspeitos-por-fraude-de-15-milhoes-com-fundos-europeus\/#primaryimage\"},\"thumbnailUrl\":\"https:\/\/portaltela.pt\/s.01k8rhncp4jt1\/2026\/04\/image-94.webp\",\"keywords\":[\"_Alentejo\",\"_corrup\u00e7\u00e3o\",\"_fraude\",\"_inqu\u00e9rito criminal\",\"_investiga\u00e7\u00e3o\",\"_Pol\u00edcia Judici\u00e1ria\"],\"articleSection\":[\"Criminalidade\",\"Pol\u00edcia\"],\"inLanguage\":\"pt-PT\"},{\"@type\":\"WebPage\",\"@id\":\"https:\/\/portaltela.pt\/noticias\/2026\/04\/28\/pj-detem-tres-suspeitos-por-fraude-de-15-milhoes-com-fundos-europeus\/\",\"url\":\"https:\/\/portaltela.pt\/noticias\/2026\/04\/28\/pj-detem-tres-suspeitos-por-fraude-de-15-milhoes-com-fundos-europeus\/\",\"name\":\"PJ det\u00e9m tr\u00eas suspeitos por fraude de 15 milh\u00f5es com fundos europeus - Portal Tela Portugal\",\"isPartOf\":{\"@id\":\"https:\/\/portaltela.pt\/#website\"},\"primaryImageOfPage\":{\"@id\":\"https:\/\/portaltela.pt\/noticias\/2026\/04\/28\/pj-detem-tres-suspeitos-por-fraude-de-15-milhoes-com-fundos-europeus\/#primaryimage\"},\"image\":{\"@id\":\"https:\/\/portaltela.pt\/noticias\/2026\/04\/28\/pj-detem-tres-suspeitos-por-fraude-de-15-milhoes-com-fundos-europeus\/#primaryimage\"},\"thumbnailUrl\":\"https:\/\/portaltela.pt\/s.01k8rhncp4jt1\/2026\/04\/image-94.webp\",\"datePublished\":\"2026-04-28T15:41:00+00:00\",\"author\":{\"@id\":\"https:\/\/portaltela.pt\/#\/schema\/person\/c4278d4a6028830caff9ee44b42d32ed\"},\"breadcrumb\":{\"@id\":\"https:\/\/portaltela.pt\/noticias\/2026\/04\/28\/pj-detem-tres-suspeitos-por-fraude-de-15-milhoes-com-fundos-europeus\/#breadcrumb\"},\"inLanguage\":\"pt-PT\",\"potentialAction\":[{\"@type\":\"ReadAction\",\"target\":[\"https:\/\/portaltela.pt\/noticias\/2026\/04\/28\/pj-detem-tres-suspeitos-por-fraude-de-15-milhoes-com-fundos-europeus\/\"]}]},{\"@type\":\"ImageObject\",\"inLanguage\":\"pt-PT\",\"@id\":\"https:\/\/portaltela.pt\/noticias\/2026\/04\/28\/pj-detem-tres-suspeitos-por-fraude-de-15-milhoes-com-fundos-europeus\/#primaryimage\",\"url\":\"https:\/\/portaltela.pt\/s.01k8rhncp4jt1\/2026\/04\/image-94.webp\",\"contentUrl\":\"https:\/\/portaltela.pt\/s.01k8rhncp4jt1\/2026\/04\/image-94.webp\",\"width\":1200,\"height\":799,\"caption\":\"Judici\u00e1ria deteve tr\u00eas pessoas, suspeitas de estarem envolvidos numa fraude de 15 milh\u00f5es com fundo europeus\"},{\"@type\":\"BreadcrumbList\",\"@id\":\"https:\/\/portaltela.pt\/noticias\/2026\/04\/28\/pj-detem-tres-suspeitos-por-fraude-de-15-milhoes-com-fundos-europeus\/#breadcrumb\",\"itemListElement\":[{\"@type\":\"ListItem\",\"position\":1,\"name\":\"In\u00edcio\",\"item\":\"https:\/\/portaltela.pt\/\"},{\"@type\":\"ListItem\",\"position\":2,\"name\":\"PJ det\u00e9m tr\u00eas suspeitos por fraude de 15 milh\u00f5es com fundos europeus\"}]},{\"@type\":\"WebSite\",\"@id\":\"https:\/\/portaltela.pt\/#website\",\"url\":\"https:\/\/portaltela.pt\/\",\"name\":\"Portal Tela Portugal\",\"description\":\"\",\"potentialAction\":[{\"@type\":\"SearchAction\",\"target\":{\"@type\":\"EntryPoint\",\"urlTemplate\":\"https:\/\/portaltela.pt\/?s={search_term_string}\"},\"query-input\":{\"@type\":\"PropertyValueSpecification\",\"valueRequired\":true,\"valueName\":\"search_term_string\"}}],\"inLanguage\":\"pt-PT\"},{\"@type\":\"Person\",\"@id\":\"https:\/\/portaltela.pt\/#\/schema\/person\/c4278d4a6028830caff9ee44b42d32ed\",\"name\":\"Telinha\",\"image\":{\"@type\":\"ImageObject\",\"inLanguage\":\"pt-PT\",\"@id\":\"https:\/\/portaltela.pt\/s.01k8rhncp4jt1\/2025\/11\/talking-bot-125x125.png\",\"url\":\"https:\/\/portaltela.pt\/s.01k8rhncp4jt1\/2025\/11\/talking-bot-125x125.png\",\"contentUrl\":\"https:\/\/portaltela.pt\/s.01k8rhncp4jt1\/2025\/11\/talking-bot-125x125.png\",\"caption\":\"Telinha\"},\"sameAs\":[\"https:\/\/portaltela.pt\/\"],\"url\":\"https:\/\/portaltela.pt\/por\/367410592786\/\"}]}<\/script>\n<!-- \/ Yoast SEO plugin. -->","yoast_head_json":{"title":"PJ det\u00e9m tr\u00eas suspeitos por fraude de 15 milh\u00f5es com fundos europeus - Portal Tela Portugal","robots":{"index":"index","follow":"follow","max-snippet":"max-snippet:-1","max-image-preview":"max-image-preview:large","max-video-preview":"max-video-preview:-1"},"og_locale":"pt_PT","og_type":"article","og_title":"PJ det\u00e9m tr\u00eas suspeitos por fraude de 15 milh\u00f5es com fundos europeus - Portal Tela Portugal","og_description":"Tr\u00eas pessoas foram detidas numa opera\u00e7\u00e3o da Pol\u00edcia Judici\u00e1ria, suspeitas de envolvimento num esquema que obteve indevidamente mais de 15 milh\u00f5es de euros em fundos comunit\u00e1rios. A a\u00e7\u00e3o, chamada de opera\u00e7\u00e3o \"Fundo Perdido\", decorreu nos distritos do Porto, Santar\u00e9m, Lisboa, Set\u00fabal e \u00c9vora, com 35 mandados de busca e apreens\u00e3o. Investiga\u00e7\u00e3o aponta fatura\u00e7\u00e3o fict\u00edcia e Sobrefatura\u00e7\u00e3o por parte de v\u00e1rias empresas para obter os fundos dos programas Portugal 2020 e Alentejo 2020. Foram recolhidos importantes elementos de prova; a Unidade Nacional de Combate \u00e0 Corrup\u00e7\u00e3o vai prosseguir o inqu\u00e9rito para apurar responsabilidades criminais e acelerar a conclus\u00e3o das dilig\u00eancias. Al\u00e9m de 92 inspetores da PJ, participaram na opera\u00e7\u00e3o um juiz de instru\u00e7\u00e3o criminal, dois magistrados do Minist\u00e9rio P\u00fablico e um representante da Ordem dos Advogados; os detidos ser\u00e3o ouvidos amanh\u00e3 em \u00c9vora.","og_url":"https:\/\/portaltela.pt\/noticias\/2026\/04\/28\/pj-detem-tres-suspeitos-por-fraude-de-15-milhoes-com-fundos-europeus\/","og_site_name":"Portal Tela Portugal","article_published_time":"2026-04-28T15:41:00+00:00","author":"Telinha","twitter_card":"summary_large_image","twitter_misc":{"Escrito por":"Telinha","Tempo estimado de leitura":"1 minuto"},"schema":{"@context":"https:\/\/schema.org","@graph":[{"@type":"Article","@id":"https:\/\/portaltela.pt\/noticias\/2026\/04\/28\/pj-detem-tres-suspeitos-por-fraude-de-15-milhoes-com-fundos-europeus\/#article","isPartOf":{"@id":"https:\/\/portaltela.pt\/noticias\/2026\/04\/28\/pj-detem-tres-suspeitos-por-fraude-de-15-milhoes-com-fundos-europeus\/"},"author":{"name":"Telinha","@id":"https:\/\/portaltela.pt\/#\/schema\/person\/c4278d4a6028830caff9ee44b42d32ed"},"headline":"PJ det\u00e9m tr\u00eas suspeitos por fraude de 15 milh\u00f5es com fundos europeus","datePublished":"2026-04-28T15:41:00+00:00","mainEntityOfPage":{"@id":"https:\/\/portaltela.pt\/noticias\/2026\/04\/28\/pj-detem-tres-suspeitos-por-fraude-de-15-milhoes-com-fundos-europeus\/"},"wordCount":277,"image":{"@id":"https:\/\/portaltela.pt\/noticias\/2026\/04\/28\/pj-detem-tres-suspeitos-por-fraude-de-15-milhoes-com-fundos-europeus\/#primaryimage"},"thumbnailUrl":"https:\/\/portaltela.pt\/s.01k8rhncp4jt1\/2026\/04\/image-94.webp","keywords":["_Alentejo","_corrup\u00e7\u00e3o","_fraude","_inqu\u00e9rito criminal","_investiga\u00e7\u00e3o","_Pol\u00edcia Judici\u00e1ria"],"articleSection":["Criminalidade","Pol\u00edcia"],"inLanguage":"pt-PT"},{"@type":"WebPage","@id":"https:\/\/portaltela.pt\/noticias\/2026\/04\/28\/pj-detem-tres-suspeitos-por-fraude-de-15-milhoes-com-fundos-europeus\/","url":"https:\/\/portaltela.pt\/noticias\/2026\/04\/28\/pj-detem-tres-suspeitos-por-fraude-de-15-milhoes-com-fundos-europeus\/","name":"PJ det\u00e9m tr\u00eas suspeitos por fraude de 15 milh\u00f5es com fundos europeus - Portal Tela Portugal","isPartOf":{"@id":"https:\/\/portaltela.pt\/#website"},"primaryImageOfPage":{"@id":"https:\/\/portaltela.pt\/noticias\/2026\/04\/28\/pj-detem-tres-suspeitos-por-fraude-de-15-milhoes-com-fundos-europeus\/#primaryimage"},"image":{"@id":"https:\/\/portaltela.pt\/noticias\/2026\/04\/28\/pj-detem-tres-suspeitos-por-fraude-de-15-milhoes-com-fundos-europeus\/#primaryimage"},"thumbnailUrl":"https:\/\/portaltela.pt\/s.01k8rhncp4jt1\/2026\/04\/image-94.webp","datePublished":"2026-04-28T15:41:00+00:00","author":{"@id":"https:\/\/portaltela.pt\/#\/schema\/person\/c4278d4a6028830caff9ee44b42d32ed"},"breadcrumb":{"@id":"https:\/\/portaltela.pt\/noticias\/2026\/04\/28\/pj-detem-tres-suspeitos-por-fraude-de-15-milhoes-com-fundos-europeus\/#breadcrumb"},"inLanguage":"pt-PT","potentialAction":[{"@type":"ReadAction","target":["https:\/\/portaltela.pt\/noticias\/2026\/04\/28\/pj-detem-tres-suspeitos-por-fraude-de-15-milhoes-com-fundos-europeus\/"]}]},{"@type":"ImageObject","inLanguage":"pt-PT","@id":"https:\/\/portaltela.pt\/noticias\/2026\/04\/28\/pj-detem-tres-suspeitos-por-fraude-de-15-milhoes-com-fundos-europeus\/#primaryimage","url":"https:\/\/portaltela.pt\/s.01k8rhncp4jt1\/2026\/04\/image-94.webp","contentUrl":"https:\/\/portaltela.pt\/s.01k8rhncp4jt1\/2026\/04\/image-94.webp","width":1200,"height":799,"caption":"Judici\u00e1ria deteve tr\u00eas pessoas, suspeitas de estarem envolvidos numa fraude de 15 milh\u00f5es com fundo europeus"},{"@type":"BreadcrumbList","@id":"https:\/\/portaltela.pt\/noticias\/2026\/04\/28\/pj-detem-tres-suspeitos-por-fraude-de-15-milhoes-com-fundos-europeus\/#breadcrumb","itemListElement":[{"@type":"ListItem","position":1,"name":"In\u00edcio","item":"https:\/\/portaltela.pt\/"},{"@type":"ListItem","position":2,"name":"PJ det\u00e9m tr\u00eas suspeitos por fraude de 15 milh\u00f5es com fundos europeus"}]},{"@type":"WebSite","@id":"https:\/\/portaltela.pt\/#website","url":"https:\/\/portaltela.pt\/","name":"Portal Tela Portugal","description":"","potentialAction":[{"@type":"SearchAction","target":{"@type":"EntryPoint","urlTemplate":"https:\/\/portaltela.pt\/?s={search_term_string}"},"query-input":{"@type":"PropertyValueSpecification","valueRequired":true,"valueName":"search_term_string"}}],"inLanguage":"pt-PT"},{"@type":"Person","@id":"https:\/\/portaltela.pt\/#\/schema\/person\/c4278d4a6028830caff9ee44b42d32ed","name":"Telinha","image":{"@type":"ImageObject","inLanguage":"pt-PT","@id":"https:\/\/portaltela.pt\/s.01k8rhncp4jt1\/2025\/11\/talking-bot-125x125.png","url":"https:\/\/portaltela.pt\/s.01k8rhncp4jt1\/2025\/11\/talking-bot-125x125.png","contentUrl":"https:\/\/portaltela.pt\/s.01k8rhncp4jt1\/2025\/11\/talking-bot-125x125.png","caption":"Telinha"},"sameAs":["https:\/\/portaltela.pt\/"],"url":"https:\/\/portaltela.pt\/por\/367410592786\/"}]}},"_links":{"self":[{"href":"https:\/\/portaltela.pt\/api\/wp\/v2\/posts\/460013","targetHints":{"allow":["GET"]}}],"collection":[{"href":"https:\/\/portaltela.pt\/api\/wp\/v2\/posts"}],"about":[{"href":"https:\/\/portaltela.pt\/api\/wp\/v2\/types\/post"}],"author":[{"embeddable":true,"href":"https:\/\/portaltela.pt\/api\/wp\/v2\/users\/2"}],"replies":[{"embeddable":true,"href":"https:\/\/portaltela.pt\/api\/wp\/v2\/comments?post=460013"}],"version-history":[{"count":0,"href":"https:\/\/portaltela.pt\/api\/wp\/v2\/posts\/460013\/revisions"}],"wp:featuredmedia":[{"embeddable":true,"href":"https:\/\/portaltela.pt\/api\/wp\/v2\/media\/460016"}],"wp:attachment":[{"href":"https:\/\/portaltela.pt\/api\/wp\/v2\/media?parent=460013"}],"wp:term":[{"taxonomy":"category","embeddable":true,"href":"https:\/\/portaltela.pt\/api\/wp\/v2\/categories?post=460013"},{"taxonomy":"post_tag","embeddable":true,"href":"https:\/\/portaltela.pt\/api\/wp\/v2\/tags?post=460013"}],"curies":[{"name":"wp","href":"https:\/\/api.w.org\/{rel}","templated":true}]}}