{"id":46001,"date":"2025-12-02T14:26:00","date_gmt":"2025-12-02T17:26:00","guid":{"rendered":"https:\/\/portaltela.pt\/noticias\/2025\/12\/02\/tabua-celebra-merito-desportivo-numa-gala\/"},"modified":"2025-12-02T14:26:00","modified_gmt":"2025-12-02T17:26:00","slug":"tabua-celebra-merito-desportivo-numa-gala","status":"publish","type":"post","link":"https:\/\/portaltela.pt\/desporto\/2025\/12\/02\/tabua-celebra-merito-desportivo-numa-gala\/","title":{"rendered":"T\u00e1bua celebra m\u00e9rito desportivo numa Gala"},"content":{"rendered":"<p>A Gala Municipal do Desporto de T\u00e1bua reconheceu o m\u00e9rito desportivo do concelho, destacando a performance do grupo Gym Kids, premiado tamb\u00e9m pelos 10 anos de atividade. O evento decorreu no Centro Cultural de T\u00e1bua, apresentando um ambiente de glamour e entusiasmo entre nomeados e vencedores.<\/p>\n<p>O autarca de T\u00e1bua enalteceu o trabalho dos clubes, t\u00e9cnicos e fam\u00edlias presentes. Dados de 2024 indicam que cerca de 2500 tabuenses praticaram atividade f\u00edsica, refor\u00e7ando a aposta municipal em equipamentos e no movimento associativo. A Gala renovou o galard\u00e3o Munic\u00edpio Amigo do Desporto.<\/p>\n<h3>Distin\u00e7\u00f5es atribu\u00eddas na Gala Municipal do Desporto 2025<\/h3>\n<ul>\n<li>Dirigente do Ano: Jos\u00e9 Pedro Sim\u00f5es (BTT\u00e1bua)<\/li>\n<li>Revela\u00e7\u00e3o do Ano \u2013 Desporto Individual: Bianca Pegado (Academia Portuguesa de Kenpo e Artes de Combate)<\/li>\n<li>Revela\u00e7\u00e3o do Ano \u2013 Desporto Coletivo: Lara Amaral (Grupo Desportivo Tabuense)<\/li>\n<li>Desporto Escolar: Joaquim Monteiro (Atletismo)<\/li>\n<li>M\u00e9rito Desportivo: Equipa E-Sports (Grupo Desportivo Tourizense)<\/li>\n<li>Treinador do Ano: Fernando Eliseu (Grupo Desportivo Tabuense)<\/li>\n<li>Atleta do Ano: Duarte Marques (Escola de Ciclismo BTT\u00e1bua)<\/li>\n<li>Evento Desportivo do Ano: Campeonato de Portugal de Trial 4\u00d74 \u2013 TABUADURA (Associa\u00e7\u00e3o MK Makinas)<\/li>\n<li>Associa\u00e7\u00e3o Desportiva do Ano: Associa\u00e7\u00e3o MK Makinas<\/li>\n<li>Equipa do Ano: Equipa de Juvenis Sub-17 (Grupo Desportivo Tabuense)<\/li>\n<li>Reconhecimento Municipal: Maria Correia<\/li>\n<li>Pr\u00e9mio Incentivo: Associa\u00e7\u00e3o Recreativa e Cultural de Espariz (ARCE)<\/li>\n<li>Pr\u00e9mio Dedica\u00e7\u00e3o: V\u00edtor Costa (Grupo Desportivo Tourizense)<\/li>\n<\/ul>\n","protected":false},"excerpt":{"rendered":"<ul>\n<li>A Gala Municipal do Desporto de T\u00e1bua 2025, apresentada por Sofia Andrade, realizou-se no Centro Cultural de T\u00e1bua e destacou o grupo Gym Kids, premiado pelos 10 anos de atividade.<\/li>\n<li>O evento evidenciou o crescimento da pr\u00e1tica desportiva local, com cerca de 2.500 tabuenses a praticar atividade f\u00edsica em 2024, e renovou o galard\u00e3o Munic\u00edpio Amigo do Desporto.<\/li>\n<li>Distin\u00e7\u00f5es principais: Dirigente do Ano, Jos\u00e9 Pedro Sim\u00f5es (BTT\u00e1bua); Revela\u00e7\u00e3o do Ano \u2013 Desporto Individual, Bianca Pegado; Revela\u00e7\u00e3o do Ano \u2013 Desporto Coletivo, Lara Amaral; Desporto Escolar, Joaquim Monteiro; M\u00e9rito Desportivo para a Equipa de E-Sports.<\/li>\n<li>Tamb\u00e9m foram entregues o Treinador do Ano Fernando Eliseu; Atleta do Ano Duarte Marques; Evento Desportivo do Ano, Campeonato de Portugal de Trial 4\u00d74 \u2013 TABUADURA; e Associa\u00e7\u00e3o Desportiva do Ano, Associa\u00e7\u00e3o MK Makinas.<\/li>\n<li>O conjunto de reconhecimentos incluiu Reconhecimento Municipal a Maria Correia e Pr\u00e9mio Dedica\u00e7\u00e3o a V\u00edtor Costa, refor\u00e7ando o compromisso com o movimento desportivo local.<\/li>\n<\/ul>\n","protected":false},"author":2,"featured_media":46003,"comment_status":"closed","ping_status":"closed","sticky":false,"template":"","format":"standard","meta":{"footnotes":""},"categories":[21],"tags":[278,279,152,236,282,280],"class_list":["post-46001","post","type-post","status-publish","format-standard","has-post-thumbnail","hentry","category-desporto","tag-associacao-desportiva-do-ano","tag-atleta-do-ano","tag-desporto","tag-desporto-escolar","tag-evento-desportivo-do-ano","tag-treinador-do-ano"],"yoast_head":"<!-- This site is optimized with the Yoast SEO plugin v27.2 - https:\/\/yoast.com\/product\/yoast-seo-wordpress\/ -->\n<title>T\u00e1bua celebra m\u00e9rito desportivo numa Gala - Portal Tela Portugal<\/title>\n<meta name=\"robots\" content=\"index, follow, max-snippet:-1, max-image-preview:large, max-video-preview:-1\" \/>\n<meta property=\"og:locale\" content=\"pt_PT\" \/>\n<meta property=\"og:type\" content=\"article\" \/>\n<meta property=\"og:title\" content=\"T\u00e1bua celebra m\u00e9rito desportivo numa Gala - Portal Tela Portugal\" \/>\n<meta property=\"og:description\" content=\"A Gala Municipal do Desporto de T\u00e1bua 2025, apresentada por Sofia Andrade, realizou-se no Centro Cultural de T\u00e1bua e destacou o grupo Gym Kids, premiado pelos 10 anos de atividade. O evento evidenciou o crescimento da pr\u00e1tica desportiva local, com cerca de 2.500 tabuenses a praticar atividade f\u00edsica em 2024, e renovou o galard\u00e3o Munic\u00edpio Amigo do Desporto. Distin\u00e7\u00f5es principais: Dirigente do Ano, Jos\u00e9 Pedro Sim\u00f5es (BTT\u00e1bua); Revela\u00e7\u00e3o do Ano \u2013 Desporto Individual, Bianca Pegado; Revela\u00e7\u00e3o do Ano \u2013 Desporto Coletivo, Lara Amaral; Desporto Escolar, Joaquim Monteiro; M\u00e9rito Desportivo para a Equipa de E-Sports. Tamb\u00e9m foram entregues o Treinador do Ano Fernando Eliseu; Atleta do Ano Duarte Marques; Evento Desportivo do Ano, Campeonato de Portugal de Trial 4\u00d74 \u2013 TABUADURA; e Associa\u00e7\u00e3o Desportiva do Ano, Associa\u00e7\u00e3o MK Makinas. O conjunto de reconhecimentos incluiu Reconhecimento Municipal a Maria Correia e Pr\u00e9mio Dedica\u00e7\u00e3o a V\u00edtor Costa, refor\u00e7ando o compromisso com o movimento desportivo local.\" \/>\n<meta property=\"og:url\" content=\"https:\/\/portaltela.pt\/noticias\/2025\/12\/02\/tabua-celebra-merito-desportivo-numa-gala\/\" \/>\n<meta property=\"og:site_name\" content=\"Portal Tela Portugal\" \/>\n<meta property=\"article:published_time\" content=\"2025-12-02T17:26:00+00:00\" \/>\n<meta name=\"author\" content=\"Telinha\" \/>\n<meta name=\"twitter:card\" content=\"summary_large_image\" \/>\n<meta name=\"twitter:label1\" content=\"Escrito por\" \/>\n\t<meta name=\"twitter:data1\" content=\"Telinha\" \/>\n\t<meta name=\"twitter:label2\" content=\"Tempo estimado de leitura\" \/>\n\t<meta name=\"twitter:data2\" content=\"1 minuto\" \/>\n<script type=\"application\/ld+json\" class=\"yoast-schema-graph\">{\"@context\":\"https:\/\/schema.org\",\"@graph\":[{\"@type\":\"Article\",\"@id\":\"https:\/\/portaltela.pt\/noticias\/2025\/12\/02\/tabua-celebra-merito-desportivo-numa-gala\/#article\",\"isPartOf\":{\"@id\":\"https:\/\/portaltela.pt\/noticias\/2025\/12\/02\/tabua-celebra-merito-desportivo-numa-gala\/\"},\"author\":{\"name\":\"Telinha\",\"@id\":\"https:\/\/portaltela.pt\/#\/schema\/person\/c4278d4a6028830caff9ee44b42d32ed\"},\"headline\":\"T\u00e1bua celebra m\u00e9rito desportivo numa Gala\",\"datePublished\":\"2025-12-02T17:26:00+00:00\",\"mainEntityOfPage\":{\"@id\":\"https:\/\/portaltela.pt\/noticias\/2025\/12\/02\/tabua-celebra-merito-desportivo-numa-gala\/\"},\"wordCount\":240,\"image\":{\"@id\":\"https:\/\/portaltela.pt\/noticias\/2025\/12\/02\/tabua-celebra-merito-desportivo-numa-gala\/#primaryimage\"},\"thumbnailUrl\":\"https:\/\/portaltela.pt\/s.01k8rhncp4jt1\/2025\/12\/Gala-Desporto-Grupo.jpg\",\"keywords\":[\"Associa\u00e7\u00e3o Desportiva do Ano\",\"Atleta do Ano\",\"desporto\",\"desporto escolar\",\"Evento Desportivo do Ano\",\"Treinador do Ano\"],\"articleSection\":[\"Desporto\"],\"inLanguage\":\"pt-PT\"},{\"@type\":\"WebPage\",\"@id\":\"https:\/\/portaltela.pt\/noticias\/2025\/12\/02\/tabua-celebra-merito-desportivo-numa-gala\/\",\"url\":\"https:\/\/portaltela.pt\/noticias\/2025\/12\/02\/tabua-celebra-merito-desportivo-numa-gala\/\",\"name\":\"T\u00e1bua celebra m\u00e9rito desportivo numa Gala - Portal Tela Portugal\",\"isPartOf\":{\"@id\":\"https:\/\/portaltela.pt\/#website\"},\"primaryImageOfPage\":{\"@id\":\"https:\/\/portaltela.pt\/noticias\/2025\/12\/02\/tabua-celebra-merito-desportivo-numa-gala\/#primaryimage\"},\"image\":{\"@id\":\"https:\/\/portaltela.pt\/noticias\/2025\/12\/02\/tabua-celebra-merito-desportivo-numa-gala\/#primaryimage\"},\"thumbnailUrl\":\"https:\/\/portaltela.pt\/s.01k8rhncp4jt1\/2025\/12\/Gala-Desporto-Grupo.jpg\",\"datePublished\":\"2025-12-02T17:26:00+00:00\",\"author\":{\"@id\":\"https:\/\/portaltela.pt\/#\/schema\/person\/c4278d4a6028830caff9ee44b42d32ed\"},\"breadcrumb\":{\"@id\":\"https:\/\/portaltela.pt\/noticias\/2025\/12\/02\/tabua-celebra-merito-desportivo-numa-gala\/#breadcrumb\"},\"inLanguage\":\"pt-PT\",\"potentialAction\":[{\"@type\":\"ReadAction\",\"target\":[\"https:\/\/portaltela.pt\/noticias\/2025\/12\/02\/tabua-celebra-merito-desportivo-numa-gala\/\"]}]},{\"@type\":\"ImageObject\",\"inLanguage\":\"pt-PT\",\"@id\":\"https:\/\/portaltela.pt\/noticias\/2025\/12\/02\/tabua-celebra-merito-desportivo-numa-gala\/#primaryimage\",\"url\":\"https:\/\/portaltela.pt\/s.01k8rhncp4jt1\/2025\/12\/Gala-Desporto-Grupo.jpg\",\"contentUrl\":\"https:\/\/portaltela.pt\/s.01k8rhncp4jt1\/2025\/12\/Gala-Desporto-Grupo.jpg\",\"width\":796,\"height\":448,\"caption\":\"Not\u00edcias de T\u00e1bua\"},{\"@type\":\"BreadcrumbList\",\"@id\":\"https:\/\/portaltela.pt\/noticias\/2025\/12\/02\/tabua-celebra-merito-desportivo-numa-gala\/#breadcrumb\",\"itemListElement\":[{\"@type\":\"ListItem\",\"position\":1,\"name\":\"In\u00edcio\",\"item\":\"https:\/\/portaltela.pt\/\"},{\"@type\":\"ListItem\",\"position\":2,\"name\":\"T\u00e1bua celebra m\u00e9rito desportivo numa Gala\"}]},{\"@type\":\"WebSite\",\"@id\":\"https:\/\/portaltela.pt\/#website\",\"url\":\"https:\/\/portaltela.pt\/\",\"name\":\"Portal Tela Portugal\",\"description\":\"\",\"potentialAction\":[{\"@type\":\"SearchAction\",\"target\":{\"@type\":\"EntryPoint\",\"urlTemplate\":\"https:\/\/portaltela.pt\/?s={search_term_string}\"},\"query-input\":{\"@type\":\"PropertyValueSpecification\",\"valueRequired\":true,\"valueName\":\"search_term_string\"}}],\"inLanguage\":\"pt-PT\"},{\"@type\":\"Person\",\"@id\":\"https:\/\/portaltela.pt\/#\/schema\/person\/c4278d4a6028830caff9ee44b42d32ed\",\"name\":\"Telinha\",\"image\":{\"@type\":\"ImageObject\",\"inLanguage\":\"pt-PT\",\"@id\":\"https:\/\/portaltela.pt\/s.01k8rhncp4jt1\/2025\/11\/talking-bot-125x125.png\",\"url\":\"https:\/\/portaltela.pt\/s.01k8rhncp4jt1\/2025\/11\/talking-bot-125x125.png\",\"contentUrl\":\"https:\/\/portaltela.pt\/s.01k8rhncp4jt1\/2025\/11\/talking-bot-125x125.png\",\"caption\":\"Telinha\"},\"sameAs\":[\"https:\/\/portaltela.pt\/\"],\"url\":\"https:\/\/portaltela.pt\/por\/367410592786\/\"}]}<\/script>\n<!-- \/ Yoast SEO plugin. -->","yoast_head_json":{"title":"T\u00e1bua celebra m\u00e9rito desportivo numa Gala - Portal Tela Portugal","robots":{"index":"index","follow":"follow","max-snippet":"max-snippet:-1","max-image-preview":"max-image-preview:large","max-video-preview":"max-video-preview:-1"},"og_locale":"pt_PT","og_type":"article","og_title":"T\u00e1bua celebra m\u00e9rito desportivo numa Gala - Portal Tela Portugal","og_description":"A Gala Municipal do Desporto de T\u00e1bua 2025, apresentada por Sofia Andrade, realizou-se no Centro Cultural de T\u00e1bua e destacou o grupo Gym Kids, premiado pelos 10 anos de atividade. O evento evidenciou o crescimento da pr\u00e1tica desportiva local, com cerca de 2.500 tabuenses a praticar atividade f\u00edsica em 2024, e renovou o galard\u00e3o Munic\u00edpio Amigo do Desporto. Distin\u00e7\u00f5es principais: Dirigente do Ano, Jos\u00e9 Pedro Sim\u00f5es (BTT\u00e1bua); Revela\u00e7\u00e3o do Ano \u2013 Desporto Individual, Bianca Pegado; Revela\u00e7\u00e3o do Ano \u2013 Desporto Coletivo, Lara Amaral; Desporto Escolar, Joaquim Monteiro; M\u00e9rito Desportivo para a Equipa de E-Sports. Tamb\u00e9m foram entregues o Treinador do Ano Fernando Eliseu; Atleta do Ano Duarte Marques; Evento Desportivo do Ano, Campeonato de Portugal de Trial 4\u00d74 \u2013 TABUADURA; e Associa\u00e7\u00e3o Desportiva do Ano, Associa\u00e7\u00e3o MK Makinas. O conjunto de reconhecimentos incluiu Reconhecimento Municipal a Maria Correia e Pr\u00e9mio Dedica\u00e7\u00e3o a V\u00edtor Costa, refor\u00e7ando o compromisso com o movimento desportivo local.","og_url":"https:\/\/portaltela.pt\/noticias\/2025\/12\/02\/tabua-celebra-merito-desportivo-numa-gala\/","og_site_name":"Portal Tela Portugal","article_published_time":"2025-12-02T17:26:00+00:00","author":"Telinha","twitter_card":"summary_large_image","twitter_misc":{"Escrito por":"Telinha","Tempo estimado de leitura":"1 minuto"},"schema":{"@context":"https:\/\/schema.org","@graph":[{"@type":"Article","@id":"https:\/\/portaltela.pt\/noticias\/2025\/12\/02\/tabua-celebra-merito-desportivo-numa-gala\/#article","isPartOf":{"@id":"https:\/\/portaltela.pt\/noticias\/2025\/12\/02\/tabua-celebra-merito-desportivo-numa-gala\/"},"author":{"name":"Telinha","@id":"https:\/\/portaltela.pt\/#\/schema\/person\/c4278d4a6028830caff9ee44b42d32ed"},"headline":"T\u00e1bua celebra m\u00e9rito desportivo numa Gala","datePublished":"2025-12-02T17:26:00+00:00","mainEntityOfPage":{"@id":"https:\/\/portaltela.pt\/noticias\/2025\/12\/02\/tabua-celebra-merito-desportivo-numa-gala\/"},"wordCount":240,"image":{"@id":"https:\/\/portaltela.pt\/noticias\/2025\/12\/02\/tabua-celebra-merito-desportivo-numa-gala\/#primaryimage"},"thumbnailUrl":"https:\/\/portaltela.pt\/s.01k8rhncp4jt1\/2025\/12\/Gala-Desporto-Grupo.jpg","keywords":["Associa\u00e7\u00e3o Desportiva do Ano","Atleta do Ano","desporto","desporto escolar","Evento Desportivo do Ano","Treinador do Ano"],"articleSection":["Desporto"],"inLanguage":"pt-PT"},{"@type":"WebPage","@id":"https:\/\/portaltela.pt\/noticias\/2025\/12\/02\/tabua-celebra-merito-desportivo-numa-gala\/","url":"https:\/\/portaltela.pt\/noticias\/2025\/12\/02\/tabua-celebra-merito-desportivo-numa-gala\/","name":"T\u00e1bua celebra m\u00e9rito desportivo numa Gala - Portal Tela Portugal","isPartOf":{"@id":"https:\/\/portaltela.pt\/#website"},"primaryImageOfPage":{"@id":"https:\/\/portaltela.pt\/noticias\/2025\/12\/02\/tabua-celebra-merito-desportivo-numa-gala\/#primaryimage"},"image":{"@id":"https:\/\/portaltela.pt\/noticias\/2025\/12\/02\/tabua-celebra-merito-desportivo-numa-gala\/#primaryimage"},"thumbnailUrl":"https:\/\/portaltela.pt\/s.01k8rhncp4jt1\/2025\/12\/Gala-Desporto-Grupo.jpg","datePublished":"2025-12-02T17:26:00+00:00","author":{"@id":"https:\/\/portaltela.pt\/#\/schema\/person\/c4278d4a6028830caff9ee44b42d32ed"},"breadcrumb":{"@id":"https:\/\/portaltela.pt\/noticias\/2025\/12\/02\/tabua-celebra-merito-desportivo-numa-gala\/#breadcrumb"},"inLanguage":"pt-PT","potentialAction":[{"@type":"ReadAction","target":["https:\/\/portaltela.pt\/noticias\/2025\/12\/02\/tabua-celebra-merito-desportivo-numa-gala\/"]}]},{"@type":"ImageObject","inLanguage":"pt-PT","@id":"https:\/\/portaltela.pt\/noticias\/2025\/12\/02\/tabua-celebra-merito-desportivo-numa-gala\/#primaryimage","url":"https:\/\/portaltela.pt\/s.01k8rhncp4jt1\/2025\/12\/Gala-Desporto-Grupo.jpg","contentUrl":"https:\/\/portaltela.pt\/s.01k8rhncp4jt1\/2025\/12\/Gala-Desporto-Grupo.jpg","width":796,"height":448,"caption":"Not\u00edcias de T\u00e1bua"},{"@type":"BreadcrumbList","@id":"https:\/\/portaltela.pt\/noticias\/2025\/12\/02\/tabua-celebra-merito-desportivo-numa-gala\/#breadcrumb","itemListElement":[{"@type":"ListItem","position":1,"name":"In\u00edcio","item":"https:\/\/portaltela.pt\/"},{"@type":"ListItem","position":2,"name":"T\u00e1bua celebra m\u00e9rito desportivo numa Gala"}]},{"@type":"WebSite","@id":"https:\/\/portaltela.pt\/#website","url":"https:\/\/portaltela.pt\/","name":"Portal Tela Portugal","description":"","potentialAction":[{"@type":"SearchAction","target":{"@type":"EntryPoint","urlTemplate":"https:\/\/portaltela.pt\/?s={search_term_string}"},"query-input":{"@type":"PropertyValueSpecification","valueRequired":true,"valueName":"search_term_string"}}],"inLanguage":"pt-PT"},{"@type":"Person","@id":"https:\/\/portaltela.pt\/#\/schema\/person\/c4278d4a6028830caff9ee44b42d32ed","name":"Telinha","image":{"@type":"ImageObject","inLanguage":"pt-PT","@id":"https:\/\/portaltela.pt\/s.01k8rhncp4jt1\/2025\/11\/talking-bot-125x125.png","url":"https:\/\/portaltela.pt\/s.01k8rhncp4jt1\/2025\/11\/talking-bot-125x125.png","contentUrl":"https:\/\/portaltela.pt\/s.01k8rhncp4jt1\/2025\/11\/talking-bot-125x125.png","caption":"Telinha"},"sameAs":["https:\/\/portaltela.pt\/"],"url":"https:\/\/portaltela.pt\/por\/367410592786\/"}]}},"_links":{"self":[{"href":"https:\/\/portaltela.pt\/api\/wp\/v2\/posts\/46001","targetHints":{"allow":["GET"]}}],"collection":[{"href":"https:\/\/portaltela.pt\/api\/wp\/v2\/posts"}],"about":[{"href":"https:\/\/portaltela.pt\/api\/wp\/v2\/types\/post"}],"author":[{"embeddable":true,"href":"https:\/\/portaltela.pt\/api\/wp\/v2\/users\/2"}],"replies":[{"embeddable":true,"href":"https:\/\/portaltela.pt\/api\/wp\/v2\/comments?post=46001"}],"version-history":[{"count":0,"href":"https:\/\/portaltela.pt\/api\/wp\/v2\/posts\/46001\/revisions"}],"wp:featuredmedia":[{"embeddable":true,"href":"https:\/\/portaltela.pt\/api\/wp\/v2\/media\/46003"}],"wp:attachment":[{"href":"https:\/\/portaltela.pt\/api\/wp\/v2\/media?parent=46001"}],"wp:term":[{"taxonomy":"category","embeddable":true,"href":"https:\/\/portaltela.pt\/api\/wp\/v2\/categories?post=46001"},{"taxonomy":"post_tag","embeddable":true,"href":"https:\/\/portaltela.pt\/api\/wp\/v2\/tags?post=46001"}],"curies":[{"name":"wp","href":"https:\/\/api.w.org\/{rel}","templated":true}]}}