{"id":460009,"date":"2026-04-28T12:48:12","date_gmt":"2026-04-28T15:48:12","guid":{"rendered":"https:\/\/portaltela.pt\/noticias\/2026\/04\/28\/forca-aerea-diz-que-voo-ultrapassou-barreira-do-som-na-figueira-da-foz\/"},"modified":"2026-04-28T12:48:12","modified_gmt":"2026-04-28T15:48:12","slug":"forca-aerea-diz-que-voo-ultrapassou-barreira-do-som-na-figueira-da-foz","status":"publish","type":"post","link":"https:\/\/portaltela.pt\/policia\/2026\/04\/28\/forca-aerea-diz-que-voo-ultrapassou-barreira-do-som-na-figueira-da-foz\/","title":{"rendered":"For\u00e7a A\u00e9rea diz que voo ultrapassou barreira do som na Figueira da Foz"},"content":{"rendered":"<p>A For\u00e7a A\u00e9rea esclareceu o estrondo ouvido na Figueira da Foz, atribuindo-o a um voo operacional que ultrapassou a barreira do som. A institui\u00e7\u00e3o ressalva que a intensidade do som pode ter sido influenciada por fatores externos, como condi\u00e7\u00f5es atmosf\u00e9ricas. Ainda n\u00e3o h\u00e1 confirma\u00e7\u00e3o oficial de quem efetuou o sobrevoo nem detalhes adicionais sobre o percurso.<\/p>\n<p>A explica\u00e7\u00e3o da For\u00e7a A\u00e9rea surge ap\u00f3s relatos de residentes na zona costeira. O fen\u00f3meno, que ocorreu numa manh\u00e3 recente, gerou especula\u00e7\u00e3o na comunidade local. As autoridades reiteram que apenas informa\u00e7\u00f5es oficiais reveladas pela for\u00e7a a\u00e9rea devem ser consideradas.<\/p>\n<h3>Agress\u00e3o a indiv\u00edduo em Lisboa ap\u00f3s celebra\u00e7\u00f5es do 25 de Abril<\/h3>\n<p>Foi registada uma agress\u00e3o a um iraquiano em Lisboa, ocorrida na sequ\u00eancia de celebra\u00e7\u00f5es do 25 de Abril. Fontes indicam a atua\u00e7\u00e3o de um grupo de cerca de 20 jovens envolvido no incidente. O estado de sa\u00fade da v\u00edtima ainda n\u00e3o foi divulgado.<\/p>\n<p>Segundo as autoridades, o caso est\u00e1 a ser averiguado pela pol\u00edcia. N\u00e3o foram avan\u00e7adas informa\u00e7\u00f5es sobre motiva\u00e7\u00f5es ou eventuais deten\u00e7\u00f5es. A investiga\u00e7\u00e3o continua para apurar responsabilidades.<\/p>\n<h3>Marco Rubio compara Estreito de Ormuz a uma arma econ\u00f3mica<\/h3>\n<p>Em declara\u00e7\u00f5es recentes, o senador Marco Rubio comparou o Estreito de Ormuz a uma arma econ\u00f3mica. O coment\u00e1rio insere-se num debate sobre seguran\u00e7a regional e depend\u00eancia de vias mar\u00edtimas estrat\u00e9gicas. Os detalhes sobre o contexto da afirma\u00e7\u00e3o n\u00e3o foram amplamente divulgados.<\/p>\n<p>As autoridades espanholas e portuguesas acompanharam o desfecho do tema, sem confirmar a\u00e7\u00f5es pol\u00edticas conjuntas at\u00e9 ao momento. A comunidade internacional aguarda esclarecimentos oficiais.<\/p>\n<h3>Resgate de quatro tripulantes no mar da Madeira<\/h3>\n<p>Quatro tripulantes foram resgatados de uma embarca\u00e7\u00e3o \u00e0 deriva no mar da Madeira. As autoridades de prote\u00e7\u00e3o civil destacam a rapidez de resposta de equipas de socorro, que localizaram e recolheram os n\u00e1ufragos com seguran\u00e7a. N\u00e3o foram reportadas ferimentos graves.<\/p>\n<p>As causas da avaria da embarca\u00e7\u00e3o est\u00e3o a ser alvo de interven\u00e7\u00e3o t\u00e9cnica. O material de bordo ser\u00e1 submetido a inspe\u00e7\u00e3o para determinar responsabilidades. O incidente n\u00e3o provocou danos ambientais relevantes.<\/p>\n<h3>PSP apreende 63 quilos de enchidos numa esta\u00e7\u00e3o ferrovi\u00e1ria<\/h3>\n<p>A Pol\u00edcia de Seguran\u00e7a P\u00fablica apreendeu 63 quilos de enchidos numa esta\u00e7\u00e3o ferrovi\u00e1ria, numa opera\u00e7\u00e3o de fiscaliza\u00e7\u00e3o de bebedeira e com\u00e9rcio il\u00edcito. A a\u00e7\u00e3o decorreu no \u00e2mbito de patrulhamentos preventivos. N\u00e3o houve deten\u00e7\u00f5es associadas ao epis\u00f3dio.<\/p>\n<p>Os produtos foram encaminhados para verifica\u00e7\u00e3o sanit\u00e1ria e eventual destrui\u00e7\u00e3o. As autoridades refor\u00e7am a import\u00e2ncia de cumprir normas de higiene e transporte de alimentos.<\/p>\n","protected":false},"excerpt":{"rendered":"<ul>\n<li>A For\u00e7a A\u00e9rea explicou que o estrondo ouvido na Figueira da Foz ocorreu quando um voo operacional ultrapassou a barreira do som, sendo a intensidade possivelmente influenciada por fatores externos.<\/li>\n<li>Um iraquiano foi agredido em Lisboa por um grupo de 20 jovens ap\u00f3s participar nas comemora\u00e7\u00f5es do 25 de Abril.<\/li>\n<li>Marco Rubio comparou o Estreito de Ormuz a uma \u201carma econ\u00f3mica nuclear\u201d.<\/li>\n<li>Foram resgatados quatro tripulantes de uma embarca\u00e7\u00e3o \u00e0 deriva no mar da Madeira.<\/li>\n<li>A Pol\u00edcia de Seguran\u00e7a P\u00fablica apreendeu 63 quilos de enchidos numa esta\u00e7\u00e3o ferrovi\u00e1ria.<\/li>\n<\/ul>\n","protected":false},"author":2,"featured_media":460010,"comment_status":"closed","ping_status":"closed","sticky":false,"template":"","format":"standard","meta":{"footnotes":""},"categories":[6907,6781],"tags":[7910,7945,8033,8850,8268,7885],"class_list":["post-460009","post","type-post","status-publish","format-standard","has-post-thumbnail","hentry","category-crime","category-policia","tag-_a-aeronautica","tag-_agressoes","tag-_alimentacao","tag-_geopolitica","tag-_salvamento-maritimo","tag-_seguranca-alimentar"],"yoast_head":"<!-- This site is optimized with the Yoast SEO plugin v27.2 - https:\/\/yoast.com\/product\/yoast-seo-wordpress\/ -->\n<title>For\u00e7a A\u00e9rea diz que voo ultrapassou barreira do som na Figueira da Foz - Portal Tela Portugal<\/title>\n<meta name=\"robots\" content=\"index, follow, max-snippet:-1, max-image-preview:large, max-video-preview:-1\" \/>\n<meta property=\"og:locale\" content=\"pt_PT\" \/>\n<meta property=\"og:type\" content=\"article\" \/>\n<meta property=\"og:title\" content=\"For\u00e7a A\u00e9rea diz que voo ultrapassou barreira do som na Figueira da Foz - Portal Tela Portugal\" \/>\n<meta property=\"og:description\" content=\"A For\u00e7a A\u00e9rea explicou que o estrondo ouvido na Figueira da Foz ocorreu quando um voo operacional ultrapassou a barreira do som, sendo a intensidade possivelmente influenciada por fatores externos. Um iraquiano foi agredido em Lisboa por um grupo de 20 jovens ap\u00f3s participar nas comemora\u00e7\u00f5es do 25 de Abril. Marco Rubio comparou o Estreito de Ormuz a uma \u201carma econ\u00f3mica nuclear\u201d. Foram resgatados quatro tripulantes de uma embarca\u00e7\u00e3o \u00e0 deriva no mar da Madeira. A Pol\u00edcia de Seguran\u00e7a P\u00fablica apreendeu 63 quilos de enchidos numa esta\u00e7\u00e3o ferrovi\u00e1ria.\" \/>\n<meta property=\"og:url\" content=\"https:\/\/portaltela.pt\/noticias\/2026\/04\/28\/forca-aerea-diz-que-voo-ultrapassou-barreira-do-som-na-figueira-da-foz\/\" \/>\n<meta property=\"og:site_name\" content=\"Portal Tela Portugal\" \/>\n<meta property=\"article:published_time\" content=\"2026-04-28T15:48:12+00:00\" \/>\n<meta name=\"author\" content=\"Telinha\" \/>\n<meta name=\"twitter:card\" content=\"summary_large_image\" \/>\n<meta name=\"twitter:label1\" content=\"Escrito por\" \/>\n\t<meta name=\"twitter:data1\" content=\"Telinha\" \/>\n\t<meta name=\"twitter:label2\" content=\"Tempo estimado de leitura\" \/>\n\t<meta name=\"twitter:data2\" content=\"2 minutos\" \/>\n<script type=\"application\/ld+json\" class=\"yoast-schema-graph\">{\"@context\":\"https:\/\/schema.org\",\"@graph\":[{\"@type\":\"Article\",\"@id\":\"https:\/\/portaltela.pt\/noticias\/2026\/04\/28\/forca-aerea-diz-que-voo-ultrapassou-barreira-do-som-na-figueira-da-foz\/#article\",\"isPartOf\":{\"@id\":\"https:\/\/portaltela.pt\/noticias\/2026\/04\/28\/forca-aerea-diz-que-voo-ultrapassou-barreira-do-som-na-figueira-da-foz\/\"},\"author\":{\"name\":\"Telinha\",\"@id\":\"https:\/\/portaltela.pt\/#\/schema\/person\/c4278d4a6028830caff9ee44b42d32ed\"},\"headline\":\"For\u00e7a A\u00e9rea diz que voo ultrapassou barreira do som na Figueira da Foz\",\"datePublished\":\"2026-04-28T15:48:12+00:00\",\"mainEntityOfPage\":{\"@id\":\"https:\/\/portaltela.pt\/noticias\/2026\/04\/28\/forca-aerea-diz-que-voo-ultrapassou-barreira-do-som-na-figueira-da-foz\/\"},\"wordCount\":484,\"image\":{\"@id\":\"https:\/\/portaltela.pt\/noticias\/2026\/04\/28\/forca-aerea-diz-que-voo-ultrapassou-barreira-do-som-na-figueira-da-foz\/#primaryimage\"},\"thumbnailUrl\":\"https:\/\/portaltela.pt\/s.01k8rhncp4jt1\/2026\/04\/img_1280x722uu2026-04-28-14-27-39-2281576.jpg\",\"keywords\":[\"_a aeron\u00e1utica\",\"_agress\u00f5es\",\"_alimenta\u00e7\u00e3o\",\"_geopol\u00edtica\",\"_Salvamento Mar\u00edtimo\",\"_seguran\u00e7a alimentar\"],\"articleSection\":[\"Crime\",\"Pol\u00edcia\"],\"inLanguage\":\"pt-PT\"},{\"@type\":\"WebPage\",\"@id\":\"https:\/\/portaltela.pt\/noticias\/2026\/04\/28\/forca-aerea-diz-que-voo-ultrapassou-barreira-do-som-na-figueira-da-foz\/\",\"url\":\"https:\/\/portaltela.pt\/noticias\/2026\/04\/28\/forca-aerea-diz-que-voo-ultrapassou-barreira-do-som-na-figueira-da-foz\/\",\"name\":\"For\u00e7a A\u00e9rea diz que voo ultrapassou barreira do som na Figueira da Foz - Portal Tela Portugal\",\"isPartOf\":{\"@id\":\"https:\/\/portaltela.pt\/#website\"},\"primaryImageOfPage\":{\"@id\":\"https:\/\/portaltela.pt\/noticias\/2026\/04\/28\/forca-aerea-diz-que-voo-ultrapassou-barreira-do-som-na-figueira-da-foz\/#primaryimage\"},\"image\":{\"@id\":\"https:\/\/portaltela.pt\/noticias\/2026\/04\/28\/forca-aerea-diz-que-voo-ultrapassou-barreira-do-som-na-figueira-da-foz\/#primaryimage\"},\"thumbnailUrl\":\"https:\/\/portaltela.pt\/s.01k8rhncp4jt1\/2026\/04\/img_1280x722uu2026-04-28-14-27-39-2281576.jpg\",\"datePublished\":\"2026-04-28T15:48:12+00:00\",\"author\":{\"@id\":\"https:\/\/portaltela.pt\/#\/schema\/person\/c4278d4a6028830caff9ee44b42d32ed\"},\"breadcrumb\":{\"@id\":\"https:\/\/portaltela.pt\/noticias\/2026\/04\/28\/forca-aerea-diz-que-voo-ultrapassou-barreira-do-som-na-figueira-da-foz\/#breadcrumb\"},\"inLanguage\":\"pt-PT\",\"potentialAction\":[{\"@type\":\"ReadAction\",\"target\":[\"https:\/\/portaltela.pt\/noticias\/2026\/04\/28\/forca-aerea-diz-que-voo-ultrapassou-barreira-do-som-na-figueira-da-foz\/\"]}]},{\"@type\":\"ImageObject\",\"inLanguage\":\"pt-PT\",\"@id\":\"https:\/\/portaltela.pt\/noticias\/2026\/04\/28\/forca-aerea-diz-que-voo-ultrapassou-barreira-do-som-na-figueira-da-foz\/#primaryimage\",\"url\":\"https:\/\/portaltela.pt\/s.01k8rhncp4jt1\/2026\/04\/img_1280x722uu2026-04-28-14-27-39-2281576.jpg\",\"contentUrl\":\"https:\/\/portaltela.pt\/s.01k8rhncp4jt1\/2026\/04\/img_1280x722uu2026-04-28-14-27-39-2281576.jpg\",\"width\":796,\"height\":448,\"caption\":\"Photo\"},{\"@type\":\"BreadcrumbList\",\"@id\":\"https:\/\/portaltela.pt\/noticias\/2026\/04\/28\/forca-aerea-diz-que-voo-ultrapassou-barreira-do-som-na-figueira-da-foz\/#breadcrumb\",\"itemListElement\":[{\"@type\":\"ListItem\",\"position\":1,\"name\":\"In\u00edcio\",\"item\":\"https:\/\/portaltela.pt\/\"},{\"@type\":\"ListItem\",\"position\":2,\"name\":\"For\u00e7a A\u00e9rea diz que voo ultrapassou barreira do som na Figueira da Foz\"}]},{\"@type\":\"WebSite\",\"@id\":\"https:\/\/portaltela.pt\/#website\",\"url\":\"https:\/\/portaltela.pt\/\",\"name\":\"Portal Tela Portugal\",\"description\":\"\",\"potentialAction\":[{\"@type\":\"SearchAction\",\"target\":{\"@type\":\"EntryPoint\",\"urlTemplate\":\"https:\/\/portaltela.pt\/?s={search_term_string}\"},\"query-input\":{\"@type\":\"PropertyValueSpecification\",\"valueRequired\":true,\"valueName\":\"search_term_string\"}}],\"inLanguage\":\"pt-PT\"},{\"@type\":\"Person\",\"@id\":\"https:\/\/portaltela.pt\/#\/schema\/person\/c4278d4a6028830caff9ee44b42d32ed\",\"name\":\"Telinha\",\"image\":{\"@type\":\"ImageObject\",\"inLanguage\":\"pt-PT\",\"@id\":\"https:\/\/portaltela.pt\/s.01k8rhncp4jt1\/2025\/11\/talking-bot-125x125.png\",\"url\":\"https:\/\/portaltela.pt\/s.01k8rhncp4jt1\/2025\/11\/talking-bot-125x125.png\",\"contentUrl\":\"https:\/\/portaltela.pt\/s.01k8rhncp4jt1\/2025\/11\/talking-bot-125x125.png\",\"caption\":\"Telinha\"},\"sameAs\":[\"https:\/\/portaltela.pt\/\"],\"url\":\"https:\/\/portaltela.pt\/por\/367410592786\/\"}]}<\/script>\n<!-- \/ Yoast SEO plugin. -->","yoast_head_json":{"title":"For\u00e7a A\u00e9rea diz que voo ultrapassou barreira do som na Figueira da Foz - Portal Tela Portugal","robots":{"index":"index","follow":"follow","max-snippet":"max-snippet:-1","max-image-preview":"max-image-preview:large","max-video-preview":"max-video-preview:-1"},"og_locale":"pt_PT","og_type":"article","og_title":"For\u00e7a A\u00e9rea diz que voo ultrapassou barreira do som na Figueira da Foz - Portal Tela Portugal","og_description":"A For\u00e7a A\u00e9rea explicou que o estrondo ouvido na Figueira da Foz ocorreu quando um voo operacional ultrapassou a barreira do som, sendo a intensidade possivelmente influenciada por fatores externos. Um iraquiano foi agredido em Lisboa por um grupo de 20 jovens ap\u00f3s participar nas comemora\u00e7\u00f5es do 25 de Abril. Marco Rubio comparou o Estreito de Ormuz a uma \u201carma econ\u00f3mica nuclear\u201d. Foram resgatados quatro tripulantes de uma embarca\u00e7\u00e3o \u00e0 deriva no mar da Madeira. A Pol\u00edcia de Seguran\u00e7a P\u00fablica apreendeu 63 quilos de enchidos numa esta\u00e7\u00e3o ferrovi\u00e1ria.","og_url":"https:\/\/portaltela.pt\/noticias\/2026\/04\/28\/forca-aerea-diz-que-voo-ultrapassou-barreira-do-som-na-figueira-da-foz\/","og_site_name":"Portal Tela Portugal","article_published_time":"2026-04-28T15:48:12+00:00","author":"Telinha","twitter_card":"summary_large_image","twitter_misc":{"Escrito por":"Telinha","Tempo estimado de leitura":"2 minutos"},"schema":{"@context":"https:\/\/schema.org","@graph":[{"@type":"Article","@id":"https:\/\/portaltela.pt\/noticias\/2026\/04\/28\/forca-aerea-diz-que-voo-ultrapassou-barreira-do-som-na-figueira-da-foz\/#article","isPartOf":{"@id":"https:\/\/portaltela.pt\/noticias\/2026\/04\/28\/forca-aerea-diz-que-voo-ultrapassou-barreira-do-som-na-figueira-da-foz\/"},"author":{"name":"Telinha","@id":"https:\/\/portaltela.pt\/#\/schema\/person\/c4278d4a6028830caff9ee44b42d32ed"},"headline":"For\u00e7a A\u00e9rea diz que voo ultrapassou barreira do som na Figueira da Foz","datePublished":"2026-04-28T15:48:12+00:00","mainEntityOfPage":{"@id":"https:\/\/portaltela.pt\/noticias\/2026\/04\/28\/forca-aerea-diz-que-voo-ultrapassou-barreira-do-som-na-figueira-da-foz\/"},"wordCount":484,"image":{"@id":"https:\/\/portaltela.pt\/noticias\/2026\/04\/28\/forca-aerea-diz-que-voo-ultrapassou-barreira-do-som-na-figueira-da-foz\/#primaryimage"},"thumbnailUrl":"https:\/\/portaltela.pt\/s.01k8rhncp4jt1\/2026\/04\/img_1280x722uu2026-04-28-14-27-39-2281576.jpg","keywords":["_a aeron\u00e1utica","_agress\u00f5es","_alimenta\u00e7\u00e3o","_geopol\u00edtica","_Salvamento Mar\u00edtimo","_seguran\u00e7a alimentar"],"articleSection":["Crime","Pol\u00edcia"],"inLanguage":"pt-PT"},{"@type":"WebPage","@id":"https:\/\/portaltela.pt\/noticias\/2026\/04\/28\/forca-aerea-diz-que-voo-ultrapassou-barreira-do-som-na-figueira-da-foz\/","url":"https:\/\/portaltela.pt\/noticias\/2026\/04\/28\/forca-aerea-diz-que-voo-ultrapassou-barreira-do-som-na-figueira-da-foz\/","name":"For\u00e7a A\u00e9rea diz que voo ultrapassou barreira do som na Figueira da Foz - Portal Tela Portugal","isPartOf":{"@id":"https:\/\/portaltela.pt\/#website"},"primaryImageOfPage":{"@id":"https:\/\/portaltela.pt\/noticias\/2026\/04\/28\/forca-aerea-diz-que-voo-ultrapassou-barreira-do-som-na-figueira-da-foz\/#primaryimage"},"image":{"@id":"https:\/\/portaltela.pt\/noticias\/2026\/04\/28\/forca-aerea-diz-que-voo-ultrapassou-barreira-do-som-na-figueira-da-foz\/#primaryimage"},"thumbnailUrl":"https:\/\/portaltela.pt\/s.01k8rhncp4jt1\/2026\/04\/img_1280x722uu2026-04-28-14-27-39-2281576.jpg","datePublished":"2026-04-28T15:48:12+00:00","author":{"@id":"https:\/\/portaltela.pt\/#\/schema\/person\/c4278d4a6028830caff9ee44b42d32ed"},"breadcrumb":{"@id":"https:\/\/portaltela.pt\/noticias\/2026\/04\/28\/forca-aerea-diz-que-voo-ultrapassou-barreira-do-som-na-figueira-da-foz\/#breadcrumb"},"inLanguage":"pt-PT","potentialAction":[{"@type":"ReadAction","target":["https:\/\/portaltela.pt\/noticias\/2026\/04\/28\/forca-aerea-diz-que-voo-ultrapassou-barreira-do-som-na-figueira-da-foz\/"]}]},{"@type":"ImageObject","inLanguage":"pt-PT","@id":"https:\/\/portaltela.pt\/noticias\/2026\/04\/28\/forca-aerea-diz-que-voo-ultrapassou-barreira-do-som-na-figueira-da-foz\/#primaryimage","url":"https:\/\/portaltela.pt\/s.01k8rhncp4jt1\/2026\/04\/img_1280x722uu2026-04-28-14-27-39-2281576.jpg","contentUrl":"https:\/\/portaltela.pt\/s.01k8rhncp4jt1\/2026\/04\/img_1280x722uu2026-04-28-14-27-39-2281576.jpg","width":796,"height":448,"caption":"Photo"},{"@type":"BreadcrumbList","@id":"https:\/\/portaltela.pt\/noticias\/2026\/04\/28\/forca-aerea-diz-que-voo-ultrapassou-barreira-do-som-na-figueira-da-foz\/#breadcrumb","itemListElement":[{"@type":"ListItem","position":1,"name":"In\u00edcio","item":"https:\/\/portaltela.pt\/"},{"@type":"ListItem","position":2,"name":"For\u00e7a A\u00e9rea diz que voo ultrapassou barreira do som na Figueira da Foz"}]},{"@type":"WebSite","@id":"https:\/\/portaltela.pt\/#website","url":"https:\/\/portaltela.pt\/","name":"Portal Tela Portugal","description":"","potentialAction":[{"@type":"SearchAction","target":{"@type":"EntryPoint","urlTemplate":"https:\/\/portaltela.pt\/?s={search_term_string}"},"query-input":{"@type":"PropertyValueSpecification","valueRequired":true,"valueName":"search_term_string"}}],"inLanguage":"pt-PT"},{"@type":"Person","@id":"https:\/\/portaltela.pt\/#\/schema\/person\/c4278d4a6028830caff9ee44b42d32ed","name":"Telinha","image":{"@type":"ImageObject","inLanguage":"pt-PT","@id":"https:\/\/portaltela.pt\/s.01k8rhncp4jt1\/2025\/11\/talking-bot-125x125.png","url":"https:\/\/portaltela.pt\/s.01k8rhncp4jt1\/2025\/11\/talking-bot-125x125.png","contentUrl":"https:\/\/portaltela.pt\/s.01k8rhncp4jt1\/2025\/11\/talking-bot-125x125.png","caption":"Telinha"},"sameAs":["https:\/\/portaltela.pt\/"],"url":"https:\/\/portaltela.pt\/por\/367410592786\/"}]}},"_links":{"self":[{"href":"https:\/\/portaltela.pt\/api\/wp\/v2\/posts\/460009","targetHints":{"allow":["GET"]}}],"collection":[{"href":"https:\/\/portaltela.pt\/api\/wp\/v2\/posts"}],"about":[{"href":"https:\/\/portaltela.pt\/api\/wp\/v2\/types\/post"}],"author":[{"embeddable":true,"href":"https:\/\/portaltela.pt\/api\/wp\/v2\/users\/2"}],"replies":[{"embeddable":true,"href":"https:\/\/portaltela.pt\/api\/wp\/v2\/comments?post=460009"}],"version-history":[{"count":0,"href":"https:\/\/portaltela.pt\/api\/wp\/v2\/posts\/460009\/revisions"}],"wp:featuredmedia":[{"embeddable":true,"href":"https:\/\/portaltela.pt\/api\/wp\/v2\/media\/460010"}],"wp:attachment":[{"href":"https:\/\/portaltela.pt\/api\/wp\/v2\/media?parent=460009"}],"wp:term":[{"taxonomy":"category","embeddable":true,"href":"https:\/\/portaltela.pt\/api\/wp\/v2\/categories?post=460009"},{"taxonomy":"post_tag","embeddable":true,"href":"https:\/\/portaltela.pt\/api\/wp\/v2\/tags?post=460009"}],"curies":[{"name":"wp","href":"https:\/\/api.w.org\/{rel}","templated":true}]}}