{"id":460003,"date":"2026-04-28T12:48:02","date_gmt":"2026-04-28T15:48:02","guid":{"rendered":"https:\/\/portaltela.pt\/noticias\/2026\/04\/28\/portugal-mantem-sinistralidade-elevada-na-ue\/"},"modified":"2026-04-28T12:48:02","modified_gmt":"2026-04-28T15:48:02","slug":"portugal-mantem-sinistralidade-elevada-na-ue","status":"publish","type":"post","link":"https:\/\/portaltela.pt\/noticias\/economia\/2026\/04\/28\/portugal-mantem-sinistralidade-elevada-na-ue\/","title":{"rendered":"Portugal mant\u00e9m sinistralidade elevada na UE"},"content":{"rendered":"<p>Portugal continua a apresentar sinistralidade elevada no conjunto da Uni\u00e3o Europeia, segundo a not\u00edcia partilhada pela ag\u00eancia Lusa.<\/p>\n<p>A mat\u00e9ria, publicada a partir de informa\u00e7\u00f5es da Lusa, indica que o pa\u00eds mant\u00e9m valores acima da m\u00e9dia comunit\u00e1ria em termos de sinistralidade. Detalhes adicionais n\u00e3o est\u00e3o dispon\u00edveis no conte\u00fado acess\u00edvel sem subscri\u00e7\u00e3o.<\/p>\n<p>At\u00e9 ao momento, n\u00e3o foi indicado o per\u00edodo exato nem as quantifica\u00e7\u00f5es espec\u00edficas, nem as causas associadas a este indicador. <strong>Fonte<\/strong>: Lusa.<\/p>\n","protected":false},"excerpt":{"rendered":"<ul>\n<li>Portugal continua com sinistralidade elevada no conjunto da UE.<\/li>\n<li>O conte\u00fado completo da not\u00edcia est\u00e1 dispon\u00edvel apenas para subscritores.<\/li>\n<li>N\u00e3o foram apresentados dados adicionais no trecho fornecido.<\/li>\n<\/ul>\n","protected":false},"author":2,"featured_media":460008,"comment_status":"closed","ping_status":"closed","sticky":false,"template":"","format":"standard","meta":{"footnotes":""},"categories":[2,6850],"tags":[1014,2761,7657,2055],"class_list":["post-460003","post","type-post","status-publish","format-standard","has-post-thumbnail","hentry","category-economia","category-financas","tag-portugal","tag-seguranca-rodoviaria","tag-sinistralidade-rodoviaria","tag-uniao-europeia"],"yoast_head":"<!-- This site is optimized with the Yoast SEO plugin v27.2 - https:\/\/yoast.com\/product\/yoast-seo-wordpress\/ -->\n<title>Portugal mant\u00e9m sinistralidade elevada na UE - Portal Tela Portugal<\/title>\n<meta name=\"robots\" content=\"index, follow, max-snippet:-1, max-image-preview:large, max-video-preview:-1\" \/>\n<meta property=\"og:locale\" content=\"pt_PT\" \/>\n<meta property=\"og:type\" content=\"article\" \/>\n<meta property=\"og:title\" content=\"Portugal mant\u00e9m sinistralidade elevada na UE - Portal Tela Portugal\" \/>\n<meta property=\"og:description\" content=\"Portugal continua com sinistralidade elevada no conjunto da UE. O conte\u00fado completo da not\u00edcia est\u00e1 dispon\u00edvel apenas para subscritores. N\u00e3o foram apresentados dados adicionais no trecho fornecido.\" \/>\n<meta property=\"og:url\" content=\"https:\/\/portaltela.pt\/noticias\/2026\/04\/28\/portugal-mantem-sinistralidade-elevada-na-ue\/\" \/>\n<meta property=\"og:site_name\" content=\"Portal Tela Portugal\" \/>\n<meta property=\"article:published_time\" content=\"2026-04-28T15:48:02+00:00\" \/>\n<meta name=\"author\" content=\"Telinha\" \/>\n<meta name=\"twitter:card\" content=\"summary_large_image\" \/>\n<meta name=\"twitter:label1\" content=\"Escrito por\" \/>\n\t<meta name=\"twitter:data1\" content=\"Telinha\" \/>\n<script type=\"application\/ld+json\" class=\"yoast-schema-graph\">{\"@context\":\"https:\/\/schema.org\",\"@graph\":[{\"@type\":\"Article\",\"@id\":\"https:\/\/portaltela.pt\/noticias\/2026\/04\/28\/portugal-mantem-sinistralidade-elevada-na-ue\/#article\",\"isPartOf\":{\"@id\":\"https:\/\/portaltela.pt\/noticias\/2026\/04\/28\/portugal-mantem-sinistralidade-elevada-na-ue\/\"},\"author\":{\"name\":\"Telinha\",\"@id\":\"https:\/\/portaltela.pt\/#\/schema\/person\/c4278d4a6028830caff9ee44b42d32ed\"},\"headline\":\"Portugal mant\u00e9m sinistralidade elevada na UE\",\"datePublished\":\"2026-04-28T15:48:02+00:00\",\"mainEntityOfPage\":{\"@id\":\"https:\/\/portaltela.pt\/noticias\/2026\/04\/28\/portugal-mantem-sinistralidade-elevada-na-ue\/\"},\"wordCount\":99,\"image\":{\"@id\":\"https:\/\/portaltela.pt\/noticias\/2026\/04\/28\/portugal-mantem-sinistralidade-elevada-na-ue\/#primaryimage\"},\"thumbnailUrl\":\"https:\/\/portaltela.pt\/s.01k8rhncp4jt1\/2026\/04\/CACHE_780X1200_ANALOG_WATERMARKED_26642117_2670554_12072019110652.jpg\",\"keywords\":[\"Portugal\",\"seguran\u00e7a rodovi\u00e1ria\",\"sinistralidade rodovi\u00e1ria\",\"Uni\u00e3o Europeia\"],\"articleSection\":[\"Economia\",\"Finan\u00e7as\"],\"inLanguage\":\"pt-PT\"},{\"@type\":\"WebPage\",\"@id\":\"https:\/\/portaltela.pt\/noticias\/2026\/04\/28\/portugal-mantem-sinistralidade-elevada-na-ue\/\",\"url\":\"https:\/\/portaltela.pt\/noticias\/2026\/04\/28\/portugal-mantem-sinistralidade-elevada-na-ue\/\",\"name\":\"Portugal mant\u00e9m sinistralidade elevada na UE - Portal Tela Portugal\",\"isPartOf\":{\"@id\":\"https:\/\/portaltela.pt\/#website\"},\"primaryImageOfPage\":{\"@id\":\"https:\/\/portaltela.pt\/noticias\/2026\/04\/28\/portugal-mantem-sinistralidade-elevada-na-ue\/#primaryimage\"},\"image\":{\"@id\":\"https:\/\/portaltela.pt\/noticias\/2026\/04\/28\/portugal-mantem-sinistralidade-elevada-na-ue\/#primaryimage\"},\"thumbnailUrl\":\"https:\/\/portaltela.pt\/s.01k8rhncp4jt1\/2026\/04\/CACHE_780X1200_ANALOG_WATERMARKED_26642117_2670554_12072019110652.jpg\",\"datePublished\":\"2026-04-28T15:48:02+00:00\",\"author\":{\"@id\":\"https:\/\/portaltela.pt\/#\/schema\/person\/c4278d4a6028830caff9ee44b42d32ed\"},\"breadcrumb\":{\"@id\":\"https:\/\/portaltela.pt\/noticias\/2026\/04\/28\/portugal-mantem-sinistralidade-elevada-na-ue\/#breadcrumb\"},\"inLanguage\":\"pt-PT\",\"potentialAction\":[{\"@type\":\"ReadAction\",\"target\":[\"https:\/\/portaltela.pt\/noticias\/2026\/04\/28\/portugal-mantem-sinistralidade-elevada-na-ue\/\"]}]},{\"@type\":\"ImageObject\",\"inLanguage\":\"pt-PT\",\"@id\":\"https:\/\/portaltela.pt\/noticias\/2026\/04\/28\/portugal-mantem-sinistralidade-elevada-na-ue\/#primaryimage\",\"url\":\"https:\/\/portaltela.pt\/s.01k8rhncp4jt1\/2026\/04\/CACHE_780X1200_ANALOG_WATERMARKED_26642117_2670554_12072019110652.jpg\",\"contentUrl\":\"https:\/\/portaltela.pt\/s.01k8rhncp4jt1\/2026\/04\/CACHE_780X1200_ANALOG_WATERMARKED_26642117_2670554_12072019110652.jpg\",\"width\":768,\"height\":512,\"caption\":\"Portugal continua com sinistralidade elevada no conjunto da UE\"},{\"@type\":\"BreadcrumbList\",\"@id\":\"https:\/\/portaltela.pt\/noticias\/2026\/04\/28\/portugal-mantem-sinistralidade-elevada-na-ue\/#breadcrumb\",\"itemListElement\":[{\"@type\":\"ListItem\",\"position\":1,\"name\":\"In\u00edcio\",\"item\":\"https:\/\/portaltela.pt\/\"},{\"@type\":\"ListItem\",\"position\":2,\"name\":\"Portugal mant\u00e9m sinistralidade elevada na UE\"}]},{\"@type\":\"WebSite\",\"@id\":\"https:\/\/portaltela.pt\/#website\",\"url\":\"https:\/\/portaltela.pt\/\",\"name\":\"Portal Tela Portugal\",\"description\":\"\",\"potentialAction\":[{\"@type\":\"SearchAction\",\"target\":{\"@type\":\"EntryPoint\",\"urlTemplate\":\"https:\/\/portaltela.pt\/?s={search_term_string}\"},\"query-input\":{\"@type\":\"PropertyValueSpecification\",\"valueRequired\":true,\"valueName\":\"search_term_string\"}}],\"inLanguage\":\"pt-PT\"},{\"@type\":\"Person\",\"@id\":\"https:\/\/portaltela.pt\/#\/schema\/person\/c4278d4a6028830caff9ee44b42d32ed\",\"name\":\"Telinha\",\"image\":{\"@type\":\"ImageObject\",\"inLanguage\":\"pt-PT\",\"@id\":\"https:\/\/portaltela.pt\/s.01k8rhncp4jt1\/2025\/11\/talking-bot-125x125.png\",\"url\":\"https:\/\/portaltela.pt\/s.01k8rhncp4jt1\/2025\/11\/talking-bot-125x125.png\",\"contentUrl\":\"https:\/\/portaltela.pt\/s.01k8rhncp4jt1\/2025\/11\/talking-bot-125x125.png\",\"caption\":\"Telinha\"},\"sameAs\":[\"https:\/\/portaltela.pt\/\"],\"url\":\"https:\/\/portaltela.pt\/por\/367410592786\/\"}]}<\/script>\n<!-- \/ Yoast SEO plugin. -->","yoast_head_json":{"title":"Portugal mant\u00e9m sinistralidade elevada na UE - Portal Tela Portugal","robots":{"index":"index","follow":"follow","max-snippet":"max-snippet:-1","max-image-preview":"max-image-preview:large","max-video-preview":"max-video-preview:-1"},"og_locale":"pt_PT","og_type":"article","og_title":"Portugal mant\u00e9m sinistralidade elevada na UE - Portal Tela Portugal","og_description":"Portugal continua com sinistralidade elevada no conjunto da UE. O conte\u00fado completo da not\u00edcia est\u00e1 dispon\u00edvel apenas para subscritores. N\u00e3o foram apresentados dados adicionais no trecho fornecido.","og_url":"https:\/\/portaltela.pt\/noticias\/2026\/04\/28\/portugal-mantem-sinistralidade-elevada-na-ue\/","og_site_name":"Portal Tela Portugal","article_published_time":"2026-04-28T15:48:02+00:00","author":"Telinha","twitter_card":"summary_large_image","twitter_misc":{"Escrito por":"Telinha"},"schema":{"@context":"https:\/\/schema.org","@graph":[{"@type":"Article","@id":"https:\/\/portaltela.pt\/noticias\/2026\/04\/28\/portugal-mantem-sinistralidade-elevada-na-ue\/#article","isPartOf":{"@id":"https:\/\/portaltela.pt\/noticias\/2026\/04\/28\/portugal-mantem-sinistralidade-elevada-na-ue\/"},"author":{"name":"Telinha","@id":"https:\/\/portaltela.pt\/#\/schema\/person\/c4278d4a6028830caff9ee44b42d32ed"},"headline":"Portugal mant\u00e9m sinistralidade elevada na UE","datePublished":"2026-04-28T15:48:02+00:00","mainEntityOfPage":{"@id":"https:\/\/portaltela.pt\/noticias\/2026\/04\/28\/portugal-mantem-sinistralidade-elevada-na-ue\/"},"wordCount":99,"image":{"@id":"https:\/\/portaltela.pt\/noticias\/2026\/04\/28\/portugal-mantem-sinistralidade-elevada-na-ue\/#primaryimage"},"thumbnailUrl":"https:\/\/portaltela.pt\/s.01k8rhncp4jt1\/2026\/04\/CACHE_780X1200_ANALOG_WATERMARKED_26642117_2670554_12072019110652.jpg","keywords":["Portugal","seguran\u00e7a rodovi\u00e1ria","sinistralidade rodovi\u00e1ria","Uni\u00e3o Europeia"],"articleSection":["Economia","Finan\u00e7as"],"inLanguage":"pt-PT"},{"@type":"WebPage","@id":"https:\/\/portaltela.pt\/noticias\/2026\/04\/28\/portugal-mantem-sinistralidade-elevada-na-ue\/","url":"https:\/\/portaltela.pt\/noticias\/2026\/04\/28\/portugal-mantem-sinistralidade-elevada-na-ue\/","name":"Portugal mant\u00e9m sinistralidade elevada na UE - Portal Tela Portugal","isPartOf":{"@id":"https:\/\/portaltela.pt\/#website"},"primaryImageOfPage":{"@id":"https:\/\/portaltela.pt\/noticias\/2026\/04\/28\/portugal-mantem-sinistralidade-elevada-na-ue\/#primaryimage"},"image":{"@id":"https:\/\/portaltela.pt\/noticias\/2026\/04\/28\/portugal-mantem-sinistralidade-elevada-na-ue\/#primaryimage"},"thumbnailUrl":"https:\/\/portaltela.pt\/s.01k8rhncp4jt1\/2026\/04\/CACHE_780X1200_ANALOG_WATERMARKED_26642117_2670554_12072019110652.jpg","datePublished":"2026-04-28T15:48:02+00:00","author":{"@id":"https:\/\/portaltela.pt\/#\/schema\/person\/c4278d4a6028830caff9ee44b42d32ed"},"breadcrumb":{"@id":"https:\/\/portaltela.pt\/noticias\/2026\/04\/28\/portugal-mantem-sinistralidade-elevada-na-ue\/#breadcrumb"},"inLanguage":"pt-PT","potentialAction":[{"@type":"ReadAction","target":["https:\/\/portaltela.pt\/noticias\/2026\/04\/28\/portugal-mantem-sinistralidade-elevada-na-ue\/"]}]},{"@type":"ImageObject","inLanguage":"pt-PT","@id":"https:\/\/portaltela.pt\/noticias\/2026\/04\/28\/portugal-mantem-sinistralidade-elevada-na-ue\/#primaryimage","url":"https:\/\/portaltela.pt\/s.01k8rhncp4jt1\/2026\/04\/CACHE_780X1200_ANALOG_WATERMARKED_26642117_2670554_12072019110652.jpg","contentUrl":"https:\/\/portaltela.pt\/s.01k8rhncp4jt1\/2026\/04\/CACHE_780X1200_ANALOG_WATERMARKED_26642117_2670554_12072019110652.jpg","width":768,"height":512,"caption":"Portugal continua com sinistralidade elevada no conjunto da UE"},{"@type":"BreadcrumbList","@id":"https:\/\/portaltela.pt\/noticias\/2026\/04\/28\/portugal-mantem-sinistralidade-elevada-na-ue\/#breadcrumb","itemListElement":[{"@type":"ListItem","position":1,"name":"In\u00edcio","item":"https:\/\/portaltela.pt\/"},{"@type":"ListItem","position":2,"name":"Portugal mant\u00e9m sinistralidade elevada na UE"}]},{"@type":"WebSite","@id":"https:\/\/portaltela.pt\/#website","url":"https:\/\/portaltela.pt\/","name":"Portal Tela Portugal","description":"","potentialAction":[{"@type":"SearchAction","target":{"@type":"EntryPoint","urlTemplate":"https:\/\/portaltela.pt\/?s={search_term_string}"},"query-input":{"@type":"PropertyValueSpecification","valueRequired":true,"valueName":"search_term_string"}}],"inLanguage":"pt-PT"},{"@type":"Person","@id":"https:\/\/portaltela.pt\/#\/schema\/person\/c4278d4a6028830caff9ee44b42d32ed","name":"Telinha","image":{"@type":"ImageObject","inLanguage":"pt-PT","@id":"https:\/\/portaltela.pt\/s.01k8rhncp4jt1\/2025\/11\/talking-bot-125x125.png","url":"https:\/\/portaltela.pt\/s.01k8rhncp4jt1\/2025\/11\/talking-bot-125x125.png","contentUrl":"https:\/\/portaltela.pt\/s.01k8rhncp4jt1\/2025\/11\/talking-bot-125x125.png","caption":"Telinha"},"sameAs":["https:\/\/portaltela.pt\/"],"url":"https:\/\/portaltela.pt\/por\/367410592786\/"}]}},"_links":{"self":[{"href":"https:\/\/portaltela.pt\/api\/wp\/v2\/posts\/460003","targetHints":{"allow":["GET"]}}],"collection":[{"href":"https:\/\/portaltela.pt\/api\/wp\/v2\/posts"}],"about":[{"href":"https:\/\/portaltela.pt\/api\/wp\/v2\/types\/post"}],"author":[{"embeddable":true,"href":"https:\/\/portaltela.pt\/api\/wp\/v2\/users\/2"}],"replies":[{"embeddable":true,"href":"https:\/\/portaltela.pt\/api\/wp\/v2\/comments?post=460003"}],"version-history":[{"count":0,"href":"https:\/\/portaltela.pt\/api\/wp\/v2\/posts\/460003\/revisions"}],"wp:featuredmedia":[{"embeddable":true,"href":"https:\/\/portaltela.pt\/api\/wp\/v2\/media\/460008"}],"wp:attachment":[{"href":"https:\/\/portaltela.pt\/api\/wp\/v2\/media?parent=460003"}],"wp:term":[{"taxonomy":"category","embeddable":true,"href":"https:\/\/portaltela.pt\/api\/wp\/v2\/categories?post=460003"},{"taxonomy":"post_tag","embeddable":true,"href":"https:\/\/portaltela.pt\/api\/wp\/v2\/tags?post=460003"}],"curies":[{"name":"wp","href":"https:\/\/api.w.org\/{rel}","templated":true}]}}