{"id":460002,"date":"2026-04-28T12:47:57","date_gmt":"2026-04-28T15:47:57","guid":{"rendered":"https:\/\/portaltela.pt\/noticias\/2026\/04\/28\/miguel-lopes-treina-com-a-estrela-da-amadora-e-bacci-assume-amanha\/"},"modified":"2026-04-28T12:47:57","modified_gmt":"2026-04-28T15:47:57","slug":"miguel-lopes-treina-com-a-estrela-da-amadora-e-bacci-assume-amanha","status":"publish","type":"post","link":"https:\/\/portaltela.pt\/desporto\/futebol\/2026\/04\/28\/miguel-lopes-treina-com-a-estrela-da-amadora-e-bacci-assume-amanha\/","title":{"rendered":"Miguel Lopes treina com a Estrela da Amadora e Bacci assume amanh\u00e3"},"content":{"rendered":"<p>Miguel Lopes esteve presente no treino desta ter\u00e7a-feira do E. Amadora, enquanto Cristiano Bacci assume a lideran\u00e7a t\u00e9cnica. O antigo capit\u00e3o dos tricolores rescindiu com o Amora, clube onde alinhava desde o in\u00edcio da temporada, e atuar\u00e1 como conselheiro t\u00e9cnico.<\/p>\n<p>Bacci, treinador italiano de 50 anos, j\u00e1 est\u00e1 em Portugal. Amanh\u00e3 inicia os trabalhos com o grupo, preparando a desloca\u00e7\u00e3o ao Moreirense. A miss\u00e3o passa por evitar a despromo\u00e7\u00e3o do emblema da Reboleira nas \u00faltimas tr\u00eas jornadas.<\/p>\n<p>Miguel Lopes deixou o E. Amadora no ano passado, ap\u00f3s quatro \u00e9pocas com os tricolores. Nesta \u00e9poca, realizou 16 jogos pelo Amora na Liga 3 e rescindiu a seu tempo com o clube, que desceu ao Campeonato de Portugal.<\/p>\n<h3>Detalhes da transi\u00e7\u00e3o<\/h3>\n<p>Bacci chega para tentar inverter a tend\u00eancia do E. Amadora, que ocupa a 15\u00aa posi\u00e7\u00e3o na Liga Betclic, com dois pontos acima do Casa Pia. O objetivo \u00e9 assegurar a manuten\u00e7\u00e3o na competi\u00e7\u00e3o, explorando a experi\u00eancia no campeonato.<\/p>\n","protected":false},"excerpt":{"rendered":"<ul>\n<li>Miguel Lopes vai estar presente no treino do Estrela da Amadora nesta ter\u00e7a-feira, depois de ter rescindido com o Amora.<\/li>\n<li>O antigo capit\u00e3o tricolor atuar\u00e1 como conselheiro t\u00e9cnico antes de Cristiano Bacci, que assume amanh\u00e3 a lideran\u00e7a dos trabalhos.<\/li>\n<li>Cristiano Bacci, treinador italiano de cinquenta anos, j\u00e1 est\u00e1 em Portugal e vai preparar a desloca\u00e7\u00e3o ao Moreirense.<\/li>\n<li>O Estrela da Amadora est\u00e1 no d\u00e9cimo quinto lugar, com mais dois pontos que o d\u00e9cimo sexto, Casa Pia, posi\u00e7\u00e3o que pode levar a playoff; o objetivo \u00e9 evitar a descida nas \u00faltimas tr\u00eas jornadas.<\/li>\n<li>Miguel Lopes realizou quinze ou dezasseis jogos pelo Amora nesta \u00e9poca na Liga 3 e rescindiu com o clube, que desceu ao Campeonato de Portugal.<\/li>\n<\/ul>\n","protected":false},"author":2,"featured_media":460005,"comment_status":"closed","ping_status":"closed","sticky":false,"template":"","format":"standard","meta":{"footnotes":""},"categories":[21,24],"tags":[9863,8071,8903,7755,8096,9333],"class_list":["post-460002","post","type-post","status-publish","format-standard","has-post-thumbnail","hentry","category-desporto","category-futebol","tag-_amora","tag-_despromocao","tag-_estrela","tag-_futebol","tag-_liga","tag-_moreirense"],"yoast_head":"<!-- This site is optimized with the Yoast SEO plugin v27.2 - https:\/\/yoast.com\/product\/yoast-seo-wordpress\/ -->\n<title>Miguel Lopes treina com a Estrela da Amadora e Bacci assume amanh\u00e3 - Portal Tela Portugal<\/title>\n<meta name=\"robots\" content=\"index, follow, max-snippet:-1, max-image-preview:large, max-video-preview:-1\" \/>\n<meta property=\"og:locale\" content=\"pt_PT\" \/>\n<meta property=\"og:type\" content=\"article\" \/>\n<meta property=\"og:title\" content=\"Miguel Lopes treina com a Estrela da Amadora e Bacci assume amanh\u00e3 - Portal Tela Portugal\" \/>\n<meta property=\"og:description\" content=\"Miguel Lopes vai estar presente no treino do Estrela da Amadora nesta ter\u00e7a-feira, depois de ter rescindido com o Amora. O antigo capit\u00e3o tricolor atuar\u00e1 como conselheiro t\u00e9cnico antes de Cristiano Bacci, que assume amanh\u00e3 a lideran\u00e7a dos trabalhos. Cristiano Bacci, treinador italiano de cinquenta anos, j\u00e1 est\u00e1 em Portugal e vai preparar a desloca\u00e7\u00e3o ao Moreirense. O Estrela da Amadora est\u00e1 no d\u00e9cimo quinto lugar, com mais dois pontos que o d\u00e9cimo sexto, Casa Pia, posi\u00e7\u00e3o que pode levar a playoff; o objetivo \u00e9 evitar a descida nas \u00faltimas tr\u00eas jornadas. Miguel Lopes realizou quinze ou dezasseis jogos pelo Amora nesta \u00e9poca na Liga 3 e rescindiu com o clube, que desceu ao Campeonato de Portugal.\" \/>\n<meta property=\"og:url\" content=\"https:\/\/portaltela.pt\/noticias\/2026\/04\/28\/miguel-lopes-treina-com-a-estrela-da-amadora-e-bacci-assume-amanha\/\" \/>\n<meta property=\"og:site_name\" content=\"Portal Tela Portugal\" \/>\n<meta property=\"article:published_time\" content=\"2026-04-28T15:47:57+00:00\" \/>\n<meta name=\"author\" content=\"Telinha\" \/>\n<meta name=\"twitter:card\" content=\"summary_large_image\" \/>\n<meta name=\"twitter:label1\" content=\"Escrito por\" \/>\n\t<meta name=\"twitter:data1\" content=\"Telinha\" \/>\n\t<meta name=\"twitter:label2\" content=\"Tempo estimado de leitura\" \/>\n\t<meta name=\"twitter:data2\" content=\"1 minuto\" \/>\n<script type=\"application\/ld+json\" class=\"yoast-schema-graph\">{\"@context\":\"https:\/\/schema.org\",\"@graph\":[{\"@type\":\"Article\",\"@id\":\"https:\/\/portaltela.pt\/noticias\/2026\/04\/28\/miguel-lopes-treina-com-a-estrela-da-amadora-e-bacci-assume-amanha\/#article\",\"isPartOf\":{\"@id\":\"https:\/\/portaltela.pt\/noticias\/2026\/04\/28\/miguel-lopes-treina-com-a-estrela-da-amadora-e-bacci-assume-amanha\/\"},\"author\":{\"name\":\"Telinha\",\"@id\":\"https:\/\/portaltela.pt\/#\/schema\/person\/c4278d4a6028830caff9ee44b42d32ed\"},\"headline\":\"Miguel Lopes treina com a Estrela da Amadora e Bacci assume amanh\u00e3\",\"datePublished\":\"2026-04-28T15:47:57+00:00\",\"mainEntityOfPage\":{\"@id\":\"https:\/\/portaltela.pt\/noticias\/2026\/04\/28\/miguel-lopes-treina-com-a-estrela-da-amadora-e-bacci-assume-amanha\/\"},\"wordCount\":181,\"image\":{\"@id\":\"https:\/\/portaltela.pt\/noticias\/2026\/04\/28\/miguel-lopes-treina-com-a-estrela-da-amadora-e-bacci-assume-amanha\/#primaryimage\"},\"thumbnailUrl\":\"https:\/\/portaltela.pt\/s.01k8rhncp4jt1\/2026\/04\/img_920x518uu2026-04-28-16-07-46-2435738.jpg\",\"keywords\":[\"_Amora\",\"_despromo\u00e7\u00e3o\",\"_Estrela\",\"_futebol\",\"_Liga\",\"_Moreirense\"],\"articleSection\":[\"Desporto\",\"Futebol\"],\"inLanguage\":\"pt-PT\"},{\"@type\":\"WebPage\",\"@id\":\"https:\/\/portaltela.pt\/noticias\/2026\/04\/28\/miguel-lopes-treina-com-a-estrela-da-amadora-e-bacci-assume-amanha\/\",\"url\":\"https:\/\/portaltela.pt\/noticias\/2026\/04\/28\/miguel-lopes-treina-com-a-estrela-da-amadora-e-bacci-assume-amanha\/\",\"name\":\"Miguel Lopes treina com a Estrela da Amadora e Bacci assume amanh\u00e3 - Portal Tela Portugal\",\"isPartOf\":{\"@id\":\"https:\/\/portaltela.pt\/#website\"},\"primaryImageOfPage\":{\"@id\":\"https:\/\/portaltela.pt\/noticias\/2026\/04\/28\/miguel-lopes-treina-com-a-estrela-da-amadora-e-bacci-assume-amanha\/#primaryimage\"},\"image\":{\"@id\":\"https:\/\/portaltela.pt\/noticias\/2026\/04\/28\/miguel-lopes-treina-com-a-estrela-da-amadora-e-bacci-assume-amanha\/#primaryimage\"},\"thumbnailUrl\":\"https:\/\/portaltela.pt\/s.01k8rhncp4jt1\/2026\/04\/img_920x518uu2026-04-28-16-07-46-2435738.jpg\",\"datePublished\":\"2026-04-28T15:47:57+00:00\",\"author\":{\"@id\":\"https:\/\/portaltela.pt\/#\/schema\/person\/c4278d4a6028830caff9ee44b42d32ed\"},\"breadcrumb\":{\"@id\":\"https:\/\/portaltela.pt\/noticias\/2026\/04\/28\/miguel-lopes-treina-com-a-estrela-da-amadora-e-bacci-assume-amanha\/#breadcrumb\"},\"inLanguage\":\"pt-PT\",\"potentialAction\":[{\"@type\":\"ReadAction\",\"target\":[\"https:\/\/portaltela.pt\/noticias\/2026\/04\/28\/miguel-lopes-treina-com-a-estrela-da-amadora-e-bacci-assume-amanha\/\"]}]},{\"@type\":\"ImageObject\",\"inLanguage\":\"pt-PT\",\"@id\":\"https:\/\/portaltela.pt\/noticias\/2026\/04\/28\/miguel-lopes-treina-com-a-estrela-da-amadora-e-bacci-assume-amanha\/#primaryimage\",\"url\":\"https:\/\/portaltela.pt\/s.01k8rhncp4jt1\/2026\/04\/img_920x518uu2026-04-28-16-07-46-2435738.jpg\",\"contentUrl\":\"https:\/\/portaltela.pt\/s.01k8rhncp4jt1\/2026\/04\/img_920x518uu2026-04-28-16-07-46-2435738.jpg\",\"width\":796,\"height\":448,\"caption\":\"Miguel Lopes representou o Estrela entre 2021 e 2025\"},{\"@type\":\"BreadcrumbList\",\"@id\":\"https:\/\/portaltela.pt\/noticias\/2026\/04\/28\/miguel-lopes-treina-com-a-estrela-da-amadora-e-bacci-assume-amanha\/#breadcrumb\",\"itemListElement\":[{\"@type\":\"ListItem\",\"position\":1,\"name\":\"In\u00edcio\",\"item\":\"https:\/\/portaltela.pt\/\"},{\"@type\":\"ListItem\",\"position\":2,\"name\":\"Miguel Lopes treina com a Estrela da Amadora e Bacci assume amanh\u00e3\"}]},{\"@type\":\"WebSite\",\"@id\":\"https:\/\/portaltela.pt\/#website\",\"url\":\"https:\/\/portaltela.pt\/\",\"name\":\"Portal Tela Portugal\",\"description\":\"\",\"potentialAction\":[{\"@type\":\"SearchAction\",\"target\":{\"@type\":\"EntryPoint\",\"urlTemplate\":\"https:\/\/portaltela.pt\/?s={search_term_string}\"},\"query-input\":{\"@type\":\"PropertyValueSpecification\",\"valueRequired\":true,\"valueName\":\"search_term_string\"}}],\"inLanguage\":\"pt-PT\"},{\"@type\":\"Person\",\"@id\":\"https:\/\/portaltela.pt\/#\/schema\/person\/c4278d4a6028830caff9ee44b42d32ed\",\"name\":\"Telinha\",\"image\":{\"@type\":\"ImageObject\",\"inLanguage\":\"pt-PT\",\"@id\":\"https:\/\/portaltela.pt\/s.01k8rhncp4jt1\/2025\/11\/talking-bot-125x125.png\",\"url\":\"https:\/\/portaltela.pt\/s.01k8rhncp4jt1\/2025\/11\/talking-bot-125x125.png\",\"contentUrl\":\"https:\/\/portaltela.pt\/s.01k8rhncp4jt1\/2025\/11\/talking-bot-125x125.png\",\"caption\":\"Telinha\"},\"sameAs\":[\"https:\/\/portaltela.pt\/\"],\"url\":\"https:\/\/portaltela.pt\/por\/367410592786\/\"}]}<\/script>\n<!-- \/ Yoast SEO plugin. -->","yoast_head_json":{"title":"Miguel Lopes treina com a Estrela da Amadora e Bacci assume amanh\u00e3 - Portal Tela Portugal","robots":{"index":"index","follow":"follow","max-snippet":"max-snippet:-1","max-image-preview":"max-image-preview:large","max-video-preview":"max-video-preview:-1"},"og_locale":"pt_PT","og_type":"article","og_title":"Miguel Lopes treina com a Estrela da Amadora e Bacci assume amanh\u00e3 - Portal Tela Portugal","og_description":"Miguel Lopes vai estar presente no treino do Estrela da Amadora nesta ter\u00e7a-feira, depois de ter rescindido com o Amora. O antigo capit\u00e3o tricolor atuar\u00e1 como conselheiro t\u00e9cnico antes de Cristiano Bacci, que assume amanh\u00e3 a lideran\u00e7a dos trabalhos. Cristiano Bacci, treinador italiano de cinquenta anos, j\u00e1 est\u00e1 em Portugal e vai preparar a desloca\u00e7\u00e3o ao Moreirense. O Estrela da Amadora est\u00e1 no d\u00e9cimo quinto lugar, com mais dois pontos que o d\u00e9cimo sexto, Casa Pia, posi\u00e7\u00e3o que pode levar a playoff; o objetivo \u00e9 evitar a descida nas \u00faltimas tr\u00eas jornadas. Miguel Lopes realizou quinze ou dezasseis jogos pelo Amora nesta \u00e9poca na Liga 3 e rescindiu com o clube, que desceu ao Campeonato de Portugal.","og_url":"https:\/\/portaltela.pt\/noticias\/2026\/04\/28\/miguel-lopes-treina-com-a-estrela-da-amadora-e-bacci-assume-amanha\/","og_site_name":"Portal Tela Portugal","article_published_time":"2026-04-28T15:47:57+00:00","author":"Telinha","twitter_card":"summary_large_image","twitter_misc":{"Escrito por":"Telinha","Tempo estimado de leitura":"1 minuto"},"schema":{"@context":"https:\/\/schema.org","@graph":[{"@type":"Article","@id":"https:\/\/portaltela.pt\/noticias\/2026\/04\/28\/miguel-lopes-treina-com-a-estrela-da-amadora-e-bacci-assume-amanha\/#article","isPartOf":{"@id":"https:\/\/portaltela.pt\/noticias\/2026\/04\/28\/miguel-lopes-treina-com-a-estrela-da-amadora-e-bacci-assume-amanha\/"},"author":{"name":"Telinha","@id":"https:\/\/portaltela.pt\/#\/schema\/person\/c4278d4a6028830caff9ee44b42d32ed"},"headline":"Miguel Lopes treina com a Estrela da Amadora e Bacci assume amanh\u00e3","datePublished":"2026-04-28T15:47:57+00:00","mainEntityOfPage":{"@id":"https:\/\/portaltela.pt\/noticias\/2026\/04\/28\/miguel-lopes-treina-com-a-estrela-da-amadora-e-bacci-assume-amanha\/"},"wordCount":181,"image":{"@id":"https:\/\/portaltela.pt\/noticias\/2026\/04\/28\/miguel-lopes-treina-com-a-estrela-da-amadora-e-bacci-assume-amanha\/#primaryimage"},"thumbnailUrl":"https:\/\/portaltela.pt\/s.01k8rhncp4jt1\/2026\/04\/img_920x518uu2026-04-28-16-07-46-2435738.jpg","keywords":["_Amora","_despromo\u00e7\u00e3o","_Estrela","_futebol","_Liga","_Moreirense"],"articleSection":["Desporto","Futebol"],"inLanguage":"pt-PT"},{"@type":"WebPage","@id":"https:\/\/portaltela.pt\/noticias\/2026\/04\/28\/miguel-lopes-treina-com-a-estrela-da-amadora-e-bacci-assume-amanha\/","url":"https:\/\/portaltela.pt\/noticias\/2026\/04\/28\/miguel-lopes-treina-com-a-estrela-da-amadora-e-bacci-assume-amanha\/","name":"Miguel Lopes treina com a Estrela da Amadora e Bacci assume amanh\u00e3 - Portal Tela Portugal","isPartOf":{"@id":"https:\/\/portaltela.pt\/#website"},"primaryImageOfPage":{"@id":"https:\/\/portaltela.pt\/noticias\/2026\/04\/28\/miguel-lopes-treina-com-a-estrela-da-amadora-e-bacci-assume-amanha\/#primaryimage"},"image":{"@id":"https:\/\/portaltela.pt\/noticias\/2026\/04\/28\/miguel-lopes-treina-com-a-estrela-da-amadora-e-bacci-assume-amanha\/#primaryimage"},"thumbnailUrl":"https:\/\/portaltela.pt\/s.01k8rhncp4jt1\/2026\/04\/img_920x518uu2026-04-28-16-07-46-2435738.jpg","datePublished":"2026-04-28T15:47:57+00:00","author":{"@id":"https:\/\/portaltela.pt\/#\/schema\/person\/c4278d4a6028830caff9ee44b42d32ed"},"breadcrumb":{"@id":"https:\/\/portaltela.pt\/noticias\/2026\/04\/28\/miguel-lopes-treina-com-a-estrela-da-amadora-e-bacci-assume-amanha\/#breadcrumb"},"inLanguage":"pt-PT","potentialAction":[{"@type":"ReadAction","target":["https:\/\/portaltela.pt\/noticias\/2026\/04\/28\/miguel-lopes-treina-com-a-estrela-da-amadora-e-bacci-assume-amanha\/"]}]},{"@type":"ImageObject","inLanguage":"pt-PT","@id":"https:\/\/portaltela.pt\/noticias\/2026\/04\/28\/miguel-lopes-treina-com-a-estrela-da-amadora-e-bacci-assume-amanha\/#primaryimage","url":"https:\/\/portaltela.pt\/s.01k8rhncp4jt1\/2026\/04\/img_920x518uu2026-04-28-16-07-46-2435738.jpg","contentUrl":"https:\/\/portaltela.pt\/s.01k8rhncp4jt1\/2026\/04\/img_920x518uu2026-04-28-16-07-46-2435738.jpg","width":796,"height":448,"caption":"Miguel Lopes representou o Estrela entre 2021 e 2025"},{"@type":"BreadcrumbList","@id":"https:\/\/portaltela.pt\/noticias\/2026\/04\/28\/miguel-lopes-treina-com-a-estrela-da-amadora-e-bacci-assume-amanha\/#breadcrumb","itemListElement":[{"@type":"ListItem","position":1,"name":"In\u00edcio","item":"https:\/\/portaltela.pt\/"},{"@type":"ListItem","position":2,"name":"Miguel Lopes treina com a Estrela da Amadora e Bacci assume amanh\u00e3"}]},{"@type":"WebSite","@id":"https:\/\/portaltela.pt\/#website","url":"https:\/\/portaltela.pt\/","name":"Portal Tela Portugal","description":"","potentialAction":[{"@type":"SearchAction","target":{"@type":"EntryPoint","urlTemplate":"https:\/\/portaltela.pt\/?s={search_term_string}"},"query-input":{"@type":"PropertyValueSpecification","valueRequired":true,"valueName":"search_term_string"}}],"inLanguage":"pt-PT"},{"@type":"Person","@id":"https:\/\/portaltela.pt\/#\/schema\/person\/c4278d4a6028830caff9ee44b42d32ed","name":"Telinha","image":{"@type":"ImageObject","inLanguage":"pt-PT","@id":"https:\/\/portaltela.pt\/s.01k8rhncp4jt1\/2025\/11\/talking-bot-125x125.png","url":"https:\/\/portaltela.pt\/s.01k8rhncp4jt1\/2025\/11\/talking-bot-125x125.png","contentUrl":"https:\/\/portaltela.pt\/s.01k8rhncp4jt1\/2025\/11\/talking-bot-125x125.png","caption":"Telinha"},"sameAs":["https:\/\/portaltela.pt\/"],"url":"https:\/\/portaltela.pt\/por\/367410592786\/"}]}},"_links":{"self":[{"href":"https:\/\/portaltela.pt\/api\/wp\/v2\/posts\/460002","targetHints":{"allow":["GET"]}}],"collection":[{"href":"https:\/\/portaltela.pt\/api\/wp\/v2\/posts"}],"about":[{"href":"https:\/\/portaltela.pt\/api\/wp\/v2\/types\/post"}],"author":[{"embeddable":true,"href":"https:\/\/portaltela.pt\/api\/wp\/v2\/users\/2"}],"replies":[{"embeddable":true,"href":"https:\/\/portaltela.pt\/api\/wp\/v2\/comments?post=460002"}],"version-history":[{"count":0,"href":"https:\/\/portaltela.pt\/api\/wp\/v2\/posts\/460002\/revisions"}],"wp:featuredmedia":[{"embeddable":true,"href":"https:\/\/portaltela.pt\/api\/wp\/v2\/media\/460005"}],"wp:attachment":[{"href":"https:\/\/portaltela.pt\/api\/wp\/v2\/media?parent=460002"}],"wp:term":[{"taxonomy":"category","embeddable":true,"href":"https:\/\/portaltela.pt\/api\/wp\/v2\/categories?post=460002"},{"taxonomy":"post_tag","embeddable":true,"href":"https:\/\/portaltela.pt\/api\/wp\/v2\/tags?post=460002"}],"curies":[{"name":"wp","href":"https:\/\/api.w.org\/{rel}","templated":true}]}}