{"id":459985,"date":"2026-04-28T12:33:15","date_gmt":"2026-04-28T15:33:15","guid":{"rendered":"https:\/\/portaltela.pt\/noticias\/2026\/04\/28\/clube-da-quinta-divisao-espanhola-escala-guarda-redes-de-70-anos\/"},"modified":"2026-04-28T12:33:15","modified_gmt":"2026-04-28T15:33:15","slug":"clube-da-quinta-divisao-espanhola-escala-guarda-redes-de-70-anos","status":"publish","type":"post","link":"https:\/\/portaltela.pt\/desporto\/futebol\/2026\/04\/28\/clube-da-quinta-divisao-espanhola-escala-guarda-redes-de-70-anos\/","title":{"rendered":"Clube da quinta divis\u00e3o espanhola escala guarda-redes de 70 anos"},"content":{"rendered":"<p>O CD Colunga, da Terceira Divis\u00e3o RFEF (5.\u00aa divis\u00e3o espanhola), anunciou que \u00c1ngel Mateos Gonz\u00e1lez, um guarda-redes de 70 anos, vai defender a baliza no pr\u00f3ximo domingo, \u00e0s 16h00, frente ao Praviano. O encontro acontece no est\u00e1dio do Colunga, cidade onde o clube milita no grupo 2 da competi\u00e7\u00e3o.<\/p>\n<p>O treinador Efr\u00e9n D\u00edaz j\u00e1 confirmou a inten\u00e7\u00e3o de colocar o guardi\u00e3o em campo por alguns minutos, numa homenagem ao longos anos de carreira. A decis\u00e3o ser\u00e1 anunciada pela pr\u00f3pria equipa antes do apito inicial, caso se confirme.<\/p>\n<p>Se o cen\u00e1rio se confirmar, Mateos Gonz\u00e1lez tornar-se-\u00e1 no jogador mais velho a disputar um encontro oficial em Espanha e, potencialmente, em todo o mundo. Atualmente, o recorde pertence a Kazuyoshi Miura, de 59 anos, no Jap\u00e3o.<\/p>\n<p>Desde o fim da carreira federada, o guardi\u00e3o manteve-se ativo em outras modalidades do futebol. Participou na equipa de empresas da Hunosa e na equipa de veteranos do Tur\u00f3n, mantendo a forma f\u00edsica e a agilidade, segundo declara\u00e7\u00f5es do pr\u00f3prio atleta.<\/p>\n<h3>Recorde hist\u00f3rico pode surgir<\/h3>\n<p>A hip\u00f3tese de estabelecer um novo marco mundial foca-se na idade avan\u00e7ada de Mateos Gonz\u00e1lez e na possibilidade de atuar formalmente num jogo de competi\u00e7\u00e3o oficial, na liga espanhola. A not\u00edcia j\u00e1 gerou curiosidade entre adeptos e especialistas.<\/p>\n","protected":false},"excerpt":{"rendered":"<ul>\n<li>O CD Colunga, da Terceira Divis\u00e3o RFEF (5.\u00aa divis\u00e3o espanhola), anunciou que \u00c1ngel Mateos Gonz\u00e1lez, guarda-redes de 70 anos, vai defender a baliza no pr\u00f3ximo domingo \u00e0s 16h00 frente ao Praviano.<\/li>\n<li>O treinador Efr\u00e9n D\u00edaz confirmou que a ideia \u00e9 que o guardi\u00e3o entre em campo por alguns minutos, numa homenagem.<\/li>\n<li>Se confirmar-se, Mateos Gonz\u00e1lez tornar-se-\u00e1 no jogador mais velho de sempre a disputar um jogo oficial em Espanha e no mundo.<\/li>\n<li>O recorde atual pertence a Kazuyoshi Miura, de 59 anos, que joga na terceira divis\u00e3o do Jap\u00e3o pela Fukushima United.<\/li>\n<li>O atleta assegurou manter atividade: tem jogado pela equipa de empresas da Hunosa e pela equipa de veteranos do Tur\u00f3n, dizendo manter-se \u00e1gil.<\/li>\n<\/ul>\n","protected":false},"author":2,"featured_media":459992,"comment_status":"closed","ping_status":"closed","sticky":false,"template":"","format":"standard","meta":{"footnotes":""},"categories":[21,24],"tags":[7907,4985,2189,32],"class_list":["post-459985","post","type-post","status-publish","format-standard","has-post-thumbnail","hentry","category-desporto","category-futebol","tag-_futebol-internacional","tag-3-a-divisao-serie-d","tag-espana","tag-futebol"],"yoast_head":"<!-- This site is optimized with the Yoast SEO plugin v27.2 - https:\/\/yoast.com\/product\/yoast-seo-wordpress\/ -->\n<title>Clube da quinta divis\u00e3o espanhola escala guarda-redes de 70 anos - Portal Tela Portugal<\/title>\n<meta name=\"robots\" content=\"index, follow, max-snippet:-1, max-image-preview:large, max-video-preview:-1\" \/>\n<meta property=\"og:locale\" content=\"pt_PT\" \/>\n<meta property=\"og:type\" content=\"article\" \/>\n<meta property=\"og:title\" content=\"Clube da quinta divis\u00e3o espanhola escala guarda-redes de 70 anos - Portal Tela Portugal\" \/>\n<meta property=\"og:description\" content=\"O CD Colunga, da Terceira Divis\u00e3o RFEF (5.\u00aa divis\u00e3o espanhola), anunciou que \u00c1ngel Mateos Gonz\u00e1lez, guarda-redes de 70 anos, vai defender a baliza no pr\u00f3ximo domingo \u00e0s 16h00 frente ao Praviano. O treinador Efr\u00e9n D\u00edaz confirmou que a ideia \u00e9 que o guardi\u00e3o entre em campo por alguns minutos, numa homenagem. Se confirmar-se, Mateos Gonz\u00e1lez tornar-se-\u00e1 no jogador mais velho de sempre a disputar um jogo oficial em Espanha e no mundo. O recorde atual pertence a Kazuyoshi Miura, de 59 anos, que joga na terceira divis\u00e3o do Jap\u00e3o pela Fukushima United. O atleta assegurou manter atividade: tem jogado pela equipa de empresas da Hunosa e pela equipa de veteranos do Tur\u00f3n, dizendo manter-se \u00e1gil.\" \/>\n<meta property=\"og:url\" content=\"https:\/\/portaltela.pt\/noticias\/2026\/04\/28\/clube-da-quinta-divisao-espanhola-escala-guarda-redes-de-70-anos\/\" \/>\n<meta property=\"og:site_name\" content=\"Portal Tela Portugal\" \/>\n<meta property=\"article:published_time\" content=\"2026-04-28T15:33:15+00:00\" \/>\n<meta name=\"author\" content=\"Telinha\" \/>\n<meta name=\"twitter:card\" content=\"summary_large_image\" \/>\n<meta name=\"twitter:label1\" content=\"Escrito por\" \/>\n\t<meta name=\"twitter:data1\" content=\"Telinha\" \/>\n\t<meta name=\"twitter:label2\" content=\"Tempo estimado de leitura\" \/>\n\t<meta name=\"twitter:data2\" content=\"1 minuto\" \/>\n<script type=\"application\/ld+json\" class=\"yoast-schema-graph\">{\"@context\":\"https:\/\/schema.org\",\"@graph\":[{\"@type\":\"Article\",\"@id\":\"https:\/\/portaltela.pt\/noticias\/2026\/04\/28\/clube-da-quinta-divisao-espanhola-escala-guarda-redes-de-70-anos\/#article\",\"isPartOf\":{\"@id\":\"https:\/\/portaltela.pt\/noticias\/2026\/04\/28\/clube-da-quinta-divisao-espanhola-escala-guarda-redes-de-70-anos\/\"},\"author\":{\"name\":\"Telinha\",\"@id\":\"https:\/\/portaltela.pt\/#\/schema\/person\/c4278d4a6028830caff9ee44b42d32ed\"},\"headline\":\"Clube da quinta divis\u00e3o espanhola escala guarda-redes de 70 anos\",\"datePublished\":\"2026-04-28T15:33:15+00:00\",\"mainEntityOfPage\":{\"@id\":\"https:\/\/portaltela.pt\/noticias\/2026\/04\/28\/clube-da-quinta-divisao-espanhola-escala-guarda-redes-de-70-anos\/\"},\"wordCount\":239,\"image\":{\"@id\":\"https:\/\/portaltela.pt\/noticias\/2026\/04\/28\/clube-da-quinta-divisao-espanhola-escala-guarda-redes-de-70-anos\/#primaryimage\"},\"thumbnailUrl\":\"https:\/\/portaltela.pt\/s.01k8rhncp4jt1\/2026\/04\/img_920x518uu2026-04-28-16-13-34-2435741-im-639129896524746215.jpg\",\"keywords\":[\"_futebol internacional\",\"3.\u00aa Divis\u00e3o \u2014 S\u00e9rie D\",\"Espa\u00f1a\",\"futebol\"],\"articleSection\":[\"Desporto\",\"Futebol\"],\"inLanguage\":\"pt-PT\"},{\"@type\":\"WebPage\",\"@id\":\"https:\/\/portaltela.pt\/noticias\/2026\/04\/28\/clube-da-quinta-divisao-espanhola-escala-guarda-redes-de-70-anos\/\",\"url\":\"https:\/\/portaltela.pt\/noticias\/2026\/04\/28\/clube-da-quinta-divisao-espanhola-escala-guarda-redes-de-70-anos\/\",\"name\":\"Clube da quinta divis\u00e3o espanhola escala guarda-redes de 70 anos - Portal Tela Portugal\",\"isPartOf\":{\"@id\":\"https:\/\/portaltela.pt\/#website\"},\"primaryImageOfPage\":{\"@id\":\"https:\/\/portaltela.pt\/noticias\/2026\/04\/28\/clube-da-quinta-divisao-espanhola-escala-guarda-redes-de-70-anos\/#primaryimage\"},\"image\":{\"@id\":\"https:\/\/portaltela.pt\/noticias\/2026\/04\/28\/clube-da-quinta-divisao-espanhola-escala-guarda-redes-de-70-anos\/#primaryimage\"},\"thumbnailUrl\":\"https:\/\/portaltela.pt\/s.01k8rhncp4jt1\/2026\/04\/img_920x518uu2026-04-28-16-13-34-2435741-im-639129896524746215.jpg\",\"datePublished\":\"2026-04-28T15:33:15+00:00\",\"author\":{\"@id\":\"https:\/\/portaltela.pt\/#\/schema\/person\/c4278d4a6028830caff9ee44b42d32ed\"},\"breadcrumb\":{\"@id\":\"https:\/\/portaltela.pt\/noticias\/2026\/04\/28\/clube-da-quinta-divisao-espanhola-escala-guarda-redes-de-70-anos\/#breadcrumb\"},\"inLanguage\":\"pt-PT\",\"potentialAction\":[{\"@type\":\"ReadAction\",\"target\":[\"https:\/\/portaltela.pt\/noticias\/2026\/04\/28\/clube-da-quinta-divisao-espanhola-escala-guarda-redes-de-70-anos\/\"]}]},{\"@type\":\"ImageObject\",\"inLanguage\":\"pt-PT\",\"@id\":\"https:\/\/portaltela.pt\/noticias\/2026\/04\/28\/clube-da-quinta-divisao-espanhola-escala-guarda-redes-de-70-anos\/#primaryimage\",\"url\":\"https:\/\/portaltela.pt\/s.01k8rhncp4jt1\/2026\/04\/img_920x518uu2026-04-28-16-13-34-2435741-im-639129896524746215.jpg\",\"contentUrl\":\"https:\/\/portaltela.pt\/s.01k8rhncp4jt1\/2026\/04\/img_920x518uu2026-04-28-16-13-34-2435741-im-639129896524746215.jpg\",\"width\":796,\"height\":448,\"caption\":\"\u00c1ngel Mateos Gonz\u00e1lez, guarda-redes de 70 anos\"},{\"@type\":\"BreadcrumbList\",\"@id\":\"https:\/\/portaltela.pt\/noticias\/2026\/04\/28\/clube-da-quinta-divisao-espanhola-escala-guarda-redes-de-70-anos\/#breadcrumb\",\"itemListElement\":[{\"@type\":\"ListItem\",\"position\":1,\"name\":\"In\u00edcio\",\"item\":\"https:\/\/portaltela.pt\/\"},{\"@type\":\"ListItem\",\"position\":2,\"name\":\"Clube da quinta divis\u00e3o espanhola escala guarda-redes de 70 anos\"}]},{\"@type\":\"WebSite\",\"@id\":\"https:\/\/portaltela.pt\/#website\",\"url\":\"https:\/\/portaltela.pt\/\",\"name\":\"Portal Tela Portugal\",\"description\":\"\",\"potentialAction\":[{\"@type\":\"SearchAction\",\"target\":{\"@type\":\"EntryPoint\",\"urlTemplate\":\"https:\/\/portaltela.pt\/?s={search_term_string}\"},\"query-input\":{\"@type\":\"PropertyValueSpecification\",\"valueRequired\":true,\"valueName\":\"search_term_string\"}}],\"inLanguage\":\"pt-PT\"},{\"@type\":\"Person\",\"@id\":\"https:\/\/portaltela.pt\/#\/schema\/person\/c4278d4a6028830caff9ee44b42d32ed\",\"name\":\"Telinha\",\"image\":{\"@type\":\"ImageObject\",\"inLanguage\":\"pt-PT\",\"@id\":\"https:\/\/portaltela.pt\/s.01k8rhncp4jt1\/2025\/11\/talking-bot-125x125.png\",\"url\":\"https:\/\/portaltela.pt\/s.01k8rhncp4jt1\/2025\/11\/talking-bot-125x125.png\",\"contentUrl\":\"https:\/\/portaltela.pt\/s.01k8rhncp4jt1\/2025\/11\/talking-bot-125x125.png\",\"caption\":\"Telinha\"},\"sameAs\":[\"https:\/\/portaltela.pt\/\"],\"url\":\"https:\/\/portaltela.pt\/por\/367410592786\/\"}]}<\/script>\n<!-- \/ Yoast SEO plugin. -->","yoast_head_json":{"title":"Clube da quinta divis\u00e3o espanhola escala guarda-redes de 70 anos - Portal Tela Portugal","robots":{"index":"index","follow":"follow","max-snippet":"max-snippet:-1","max-image-preview":"max-image-preview:large","max-video-preview":"max-video-preview:-1"},"og_locale":"pt_PT","og_type":"article","og_title":"Clube da quinta divis\u00e3o espanhola escala guarda-redes de 70 anos - Portal Tela Portugal","og_description":"O CD Colunga, da Terceira Divis\u00e3o RFEF (5.\u00aa divis\u00e3o espanhola), anunciou que \u00c1ngel Mateos Gonz\u00e1lez, guarda-redes de 70 anos, vai defender a baliza no pr\u00f3ximo domingo \u00e0s 16h00 frente ao Praviano. O treinador Efr\u00e9n D\u00edaz confirmou que a ideia \u00e9 que o guardi\u00e3o entre em campo por alguns minutos, numa homenagem. Se confirmar-se, Mateos Gonz\u00e1lez tornar-se-\u00e1 no jogador mais velho de sempre a disputar um jogo oficial em Espanha e no mundo. O recorde atual pertence a Kazuyoshi Miura, de 59 anos, que joga na terceira divis\u00e3o do Jap\u00e3o pela Fukushima United. O atleta assegurou manter atividade: tem jogado pela equipa de empresas da Hunosa e pela equipa de veteranos do Tur\u00f3n, dizendo manter-se \u00e1gil.","og_url":"https:\/\/portaltela.pt\/noticias\/2026\/04\/28\/clube-da-quinta-divisao-espanhola-escala-guarda-redes-de-70-anos\/","og_site_name":"Portal Tela Portugal","article_published_time":"2026-04-28T15:33:15+00:00","author":"Telinha","twitter_card":"summary_large_image","twitter_misc":{"Escrito por":"Telinha","Tempo estimado de leitura":"1 minuto"},"schema":{"@context":"https:\/\/schema.org","@graph":[{"@type":"Article","@id":"https:\/\/portaltela.pt\/noticias\/2026\/04\/28\/clube-da-quinta-divisao-espanhola-escala-guarda-redes-de-70-anos\/#article","isPartOf":{"@id":"https:\/\/portaltela.pt\/noticias\/2026\/04\/28\/clube-da-quinta-divisao-espanhola-escala-guarda-redes-de-70-anos\/"},"author":{"name":"Telinha","@id":"https:\/\/portaltela.pt\/#\/schema\/person\/c4278d4a6028830caff9ee44b42d32ed"},"headline":"Clube da quinta divis\u00e3o espanhola escala guarda-redes de 70 anos","datePublished":"2026-04-28T15:33:15+00:00","mainEntityOfPage":{"@id":"https:\/\/portaltela.pt\/noticias\/2026\/04\/28\/clube-da-quinta-divisao-espanhola-escala-guarda-redes-de-70-anos\/"},"wordCount":239,"image":{"@id":"https:\/\/portaltela.pt\/noticias\/2026\/04\/28\/clube-da-quinta-divisao-espanhola-escala-guarda-redes-de-70-anos\/#primaryimage"},"thumbnailUrl":"https:\/\/portaltela.pt\/s.01k8rhncp4jt1\/2026\/04\/img_920x518uu2026-04-28-16-13-34-2435741-im-639129896524746215.jpg","keywords":["_futebol internacional","3.\u00aa Divis\u00e3o \u2014 S\u00e9rie D","Espa\u00f1a","futebol"],"articleSection":["Desporto","Futebol"],"inLanguage":"pt-PT"},{"@type":"WebPage","@id":"https:\/\/portaltela.pt\/noticias\/2026\/04\/28\/clube-da-quinta-divisao-espanhola-escala-guarda-redes-de-70-anos\/","url":"https:\/\/portaltela.pt\/noticias\/2026\/04\/28\/clube-da-quinta-divisao-espanhola-escala-guarda-redes-de-70-anos\/","name":"Clube da quinta divis\u00e3o espanhola escala guarda-redes de 70 anos - Portal Tela Portugal","isPartOf":{"@id":"https:\/\/portaltela.pt\/#website"},"primaryImageOfPage":{"@id":"https:\/\/portaltela.pt\/noticias\/2026\/04\/28\/clube-da-quinta-divisao-espanhola-escala-guarda-redes-de-70-anos\/#primaryimage"},"image":{"@id":"https:\/\/portaltela.pt\/noticias\/2026\/04\/28\/clube-da-quinta-divisao-espanhola-escala-guarda-redes-de-70-anos\/#primaryimage"},"thumbnailUrl":"https:\/\/portaltela.pt\/s.01k8rhncp4jt1\/2026\/04\/img_920x518uu2026-04-28-16-13-34-2435741-im-639129896524746215.jpg","datePublished":"2026-04-28T15:33:15+00:00","author":{"@id":"https:\/\/portaltela.pt\/#\/schema\/person\/c4278d4a6028830caff9ee44b42d32ed"},"breadcrumb":{"@id":"https:\/\/portaltela.pt\/noticias\/2026\/04\/28\/clube-da-quinta-divisao-espanhola-escala-guarda-redes-de-70-anos\/#breadcrumb"},"inLanguage":"pt-PT","potentialAction":[{"@type":"ReadAction","target":["https:\/\/portaltela.pt\/noticias\/2026\/04\/28\/clube-da-quinta-divisao-espanhola-escala-guarda-redes-de-70-anos\/"]}]},{"@type":"ImageObject","inLanguage":"pt-PT","@id":"https:\/\/portaltela.pt\/noticias\/2026\/04\/28\/clube-da-quinta-divisao-espanhola-escala-guarda-redes-de-70-anos\/#primaryimage","url":"https:\/\/portaltela.pt\/s.01k8rhncp4jt1\/2026\/04\/img_920x518uu2026-04-28-16-13-34-2435741-im-639129896524746215.jpg","contentUrl":"https:\/\/portaltela.pt\/s.01k8rhncp4jt1\/2026\/04\/img_920x518uu2026-04-28-16-13-34-2435741-im-639129896524746215.jpg","width":796,"height":448,"caption":"\u00c1ngel Mateos Gonz\u00e1lez, guarda-redes de 70 anos"},{"@type":"BreadcrumbList","@id":"https:\/\/portaltela.pt\/noticias\/2026\/04\/28\/clube-da-quinta-divisao-espanhola-escala-guarda-redes-de-70-anos\/#breadcrumb","itemListElement":[{"@type":"ListItem","position":1,"name":"In\u00edcio","item":"https:\/\/portaltela.pt\/"},{"@type":"ListItem","position":2,"name":"Clube da quinta divis\u00e3o espanhola escala guarda-redes de 70 anos"}]},{"@type":"WebSite","@id":"https:\/\/portaltela.pt\/#website","url":"https:\/\/portaltela.pt\/","name":"Portal Tela Portugal","description":"","potentialAction":[{"@type":"SearchAction","target":{"@type":"EntryPoint","urlTemplate":"https:\/\/portaltela.pt\/?s={search_term_string}"},"query-input":{"@type":"PropertyValueSpecification","valueRequired":true,"valueName":"search_term_string"}}],"inLanguage":"pt-PT"},{"@type":"Person","@id":"https:\/\/portaltela.pt\/#\/schema\/person\/c4278d4a6028830caff9ee44b42d32ed","name":"Telinha","image":{"@type":"ImageObject","inLanguage":"pt-PT","@id":"https:\/\/portaltela.pt\/s.01k8rhncp4jt1\/2025\/11\/talking-bot-125x125.png","url":"https:\/\/portaltela.pt\/s.01k8rhncp4jt1\/2025\/11\/talking-bot-125x125.png","contentUrl":"https:\/\/portaltela.pt\/s.01k8rhncp4jt1\/2025\/11\/talking-bot-125x125.png","caption":"Telinha"},"sameAs":["https:\/\/portaltela.pt\/"],"url":"https:\/\/portaltela.pt\/por\/367410592786\/"}]}},"_links":{"self":[{"href":"https:\/\/portaltela.pt\/api\/wp\/v2\/posts\/459985","targetHints":{"allow":["GET"]}}],"collection":[{"href":"https:\/\/portaltela.pt\/api\/wp\/v2\/posts"}],"about":[{"href":"https:\/\/portaltela.pt\/api\/wp\/v2\/types\/post"}],"author":[{"embeddable":true,"href":"https:\/\/portaltela.pt\/api\/wp\/v2\/users\/2"}],"replies":[{"embeddable":true,"href":"https:\/\/portaltela.pt\/api\/wp\/v2\/comments?post=459985"}],"version-history":[{"count":0,"href":"https:\/\/portaltela.pt\/api\/wp\/v2\/posts\/459985\/revisions"}],"wp:featuredmedia":[{"embeddable":true,"href":"https:\/\/portaltela.pt\/api\/wp\/v2\/media\/459992"}],"wp:attachment":[{"href":"https:\/\/portaltela.pt\/api\/wp\/v2\/media?parent=459985"}],"wp:term":[{"taxonomy":"category","embeddable":true,"href":"https:\/\/portaltela.pt\/api\/wp\/v2\/categories?post=459985"},{"taxonomy":"post_tag","embeddable":true,"href":"https:\/\/portaltela.pt\/api\/wp\/v2\/tags?post=459985"}],"curies":[{"name":"wp","href":"https:\/\/api.w.org\/{rel}","templated":true}]}}