{"id":459973,"date":"2026-04-28T12:18:37","date_gmt":"2026-04-28T15:18:37","guid":{"rendered":"https:\/\/portaltela.pt\/noticias\/2026\/04\/28\/violencia-contra-profissionais-do-sns-aumenta-para-3-429-em-2025\/"},"modified":"2026-04-28T12:18:37","modified_gmt":"2026-04-28T15:18:37","slug":"violencia-contra-profissionais-do-sns-aumenta-para-3-429-em-2025","status":"publish","type":"post","link":"https:\/\/portaltela.pt\/saude\/2026\/04\/28\/violencia-contra-profissionais-do-sns-aumenta-para-3-429-em-2025\/","title":{"rendered":"Viol\u00eancia contra profissionais do SNS aumenta para 3.429 em 2025"},"content":{"rendered":"<p>Casos de viol\u00eancia contra profissionais do SNS sobem para 3.429 em 2025. Dados preliminares indicam um aumento significativo face a 2024, com o conjunto de ataques reportado a abranger m\u00e9dicos, enfermeiros e outros trabalhadores do Servi\u00e7o Nacional de Sa\u00fade em todo o pa\u00eds. A not\u00edcia centra-se na dimens\u00e3o do fen\u00f3meno, sem atribuir responsabilidades espec\u00edficas.<\/p>\n<p>Segundo informa\u00e7\u00f5es dispon\u00edveis, os n\u00fameros refletem incidentes ocorridos ao longo de 2025, envolvendo agress\u00f5es f\u00edsicas, verbais e situa\u00e7\u00f5es de intimida\u00e7\u00e3o contra profissionais em unidades de sa\u00fade p\u00fablicas. O relat\u00f3rio, ainda com parte do conte\u00fado reservado a subscritores, aponta para um crescimento heterog\u00e9neo entre regi\u00f5es.<\/p>\n<p>As autoridades e entidades ligadas ao SNS t\u00eam enfatizado a necessidade de medidas de seguran\u00e7a e apoio aos profissionais de sa\u00fade. Analistas destacam que a gravidade dos incidentes pode impactar a disponibilidade de atendimento, especialmente em zonas com maior press\u00e3o populacional. O acompanhamento e a transpar\u00eancia dos dados permanecem como prioridades para gest\u00e3o e preven\u00e7\u00e3o.<\/p>\n","protected":false},"excerpt":{"rendered":"<ul>\n<li>Casos de viol\u00eancia contra profissionais do Servi\u00e7o Nacional de Sa\u00fade (SNS) chegaram a 3.429 em 2025.<\/li>\n<li>A not\u00edcia aborda o aumento deste tipo de viol\u00eancia contra trabalhadores do SNS no ano em curso.<\/li>\n<li>Os dados referem-se a ocorr\u00eancias registadas envolvendo pessoal de sa\u00fade.<\/li>\n<li>A informa\u00e7\u00e3o completa encontra-se dispon\u00edvel apenas para subscritores.<\/li>\n<li>A metodologia ou fontes espec\u00edficas n\u00e3o s\u00e3o detalhadas na vers\u00e3o dispon\u00edvel publicamente.<\/li>\n<\/ul>\n","protected":false},"author":2,"featured_media":459974,"comment_status":"closed","ping_status":"closed","sticky":false,"template":"","format":"standard","meta":{"footnotes":""},"categories":[6745],"tags":[2079,271,250,1775,939],"class_list":["post-459973","post","type-post","status-publish","format-standard","has-post-thumbnail","hentry","category-saude","tag-agressoes","tag-saude-publica","tag-seguranca-publica","tag-sns","tag-violencia"],"yoast_head":"<!-- This site is optimized with the Yoast SEO plugin v27.2 - https:\/\/yoast.com\/product\/yoast-seo-wordpress\/ -->\n<title>Viol\u00eancia contra profissionais do SNS aumenta para 3.429 em 2025 - Portal Tela Portugal<\/title>\n<meta name=\"robots\" content=\"index, follow, max-snippet:-1, max-image-preview:large, max-video-preview:-1\" \/>\n<meta property=\"og:locale\" content=\"pt_PT\" \/>\n<meta property=\"og:type\" content=\"article\" \/>\n<meta property=\"og:title\" content=\"Viol\u00eancia contra profissionais do SNS aumenta para 3.429 em 2025 - Portal Tela Portugal\" \/>\n<meta property=\"og:description\" content=\"Casos de viol\u00eancia contra profissionais do Servi\u00e7o Nacional de Sa\u00fade (SNS) chegaram a 3.429 em 2025. A not\u00edcia aborda o aumento deste tipo de viol\u00eancia contra trabalhadores do SNS no ano em curso. Os dados referem-se a ocorr\u00eancias registadas envolvendo pessoal de sa\u00fade. A informa\u00e7\u00e3o completa encontra-se dispon\u00edvel apenas para subscritores. A metodologia ou fontes espec\u00edficas n\u00e3o s\u00e3o detalhadas na vers\u00e3o dispon\u00edvel publicamente.\" \/>\n<meta property=\"og:url\" content=\"https:\/\/portaltela.pt\/noticias\/2026\/04\/28\/violencia-contra-profissionais-do-sns-aumenta-para-3-429-em-2025\/\" \/>\n<meta property=\"og:site_name\" content=\"Portal Tela Portugal\" \/>\n<meta property=\"article:published_time\" content=\"2026-04-28T15:18:37+00:00\" \/>\n<meta name=\"author\" content=\"Telinha\" \/>\n<meta name=\"twitter:card\" content=\"summary_large_image\" \/>\n<meta name=\"twitter:label1\" content=\"Escrito por\" \/>\n\t<meta name=\"twitter:data1\" content=\"Telinha\" \/>\n\t<meta name=\"twitter:label2\" content=\"Tempo estimado de leitura\" \/>\n\t<meta name=\"twitter:data2\" content=\"1 minuto\" \/>\n<script type=\"application\/ld+json\" class=\"yoast-schema-graph\">{\"@context\":\"https:\/\/schema.org\",\"@graph\":[{\"@type\":\"Article\",\"@id\":\"https:\/\/portaltela.pt\/noticias\/2026\/04\/28\/violencia-contra-profissionais-do-sns-aumenta-para-3-429-em-2025\/#article\",\"isPartOf\":{\"@id\":\"https:\/\/portaltela.pt\/noticias\/2026\/04\/28\/violencia-contra-profissionais-do-sns-aumenta-para-3-429-em-2025\/\"},\"author\":{\"name\":\"Telinha\",\"@id\":\"https:\/\/portaltela.pt\/#\/schema\/person\/c4278d4a6028830caff9ee44b42d32ed\"},\"headline\":\"Viol\u00eancia contra profissionais do SNS aumenta para 3.429 em 2025\",\"datePublished\":\"2026-04-28T15:18:37+00:00\",\"mainEntityOfPage\":{\"@id\":\"https:\/\/portaltela.pt\/noticias\/2026\/04\/28\/violencia-contra-profissionais-do-sns-aumenta-para-3-429-em-2025\/\"},\"wordCount\":187,\"image\":{\"@id\":\"https:\/\/portaltela.pt\/noticias\/2026\/04\/28\/violencia-contra-profissionais-do-sns-aumenta-para-3-429-em-2025\/#primaryimage\"},\"thumbnailUrl\":\"https:\/\/portaltela.pt\/s.01k8rhncp4jt1\/2026\/04\/CACHE_780X1200_ANALOG_WATERMARKED_42063632_2403261_28122023062257.jpg\",\"keywords\":[\"agress\u00f5es\",\"sa\u00fade p\u00fablica\",\"seguran\u00e7a p\u00fablica\",\"SNS\",\"viol\u00eancia\"],\"articleSection\":[\"Sa\u00fade\"],\"inLanguage\":\"pt-PT\"},{\"@type\":\"WebPage\",\"@id\":\"https:\/\/portaltela.pt\/noticias\/2026\/04\/28\/violencia-contra-profissionais-do-sns-aumenta-para-3-429-em-2025\/\",\"url\":\"https:\/\/portaltela.pt\/noticias\/2026\/04\/28\/violencia-contra-profissionais-do-sns-aumenta-para-3-429-em-2025\/\",\"name\":\"Viol\u00eancia contra profissionais do SNS aumenta para 3.429 em 2025 - Portal Tela Portugal\",\"isPartOf\":{\"@id\":\"https:\/\/portaltela.pt\/#website\"},\"primaryImageOfPage\":{\"@id\":\"https:\/\/portaltela.pt\/noticias\/2026\/04\/28\/violencia-contra-profissionais-do-sns-aumenta-para-3-429-em-2025\/#primaryimage\"},\"image\":{\"@id\":\"https:\/\/portaltela.pt\/noticias\/2026\/04\/28\/violencia-contra-profissionais-do-sns-aumenta-para-3-429-em-2025\/#primaryimage\"},\"thumbnailUrl\":\"https:\/\/portaltela.pt\/s.01k8rhncp4jt1\/2026\/04\/CACHE_780X1200_ANALOG_WATERMARKED_42063632_2403261_28122023062257.jpg\",\"datePublished\":\"2026-04-28T15:18:37+00:00\",\"author\":{\"@id\":\"https:\/\/portaltela.pt\/#\/schema\/person\/c4278d4a6028830caff9ee44b42d32ed\"},\"breadcrumb\":{\"@id\":\"https:\/\/portaltela.pt\/noticias\/2026\/04\/28\/violencia-contra-profissionais-do-sns-aumenta-para-3-429-em-2025\/#breadcrumb\"},\"inLanguage\":\"pt-PT\",\"potentialAction\":[{\"@type\":\"ReadAction\",\"target\":[\"https:\/\/portaltela.pt\/noticias\/2026\/04\/28\/violencia-contra-profissionais-do-sns-aumenta-para-3-429-em-2025\/\"]}]},{\"@type\":\"ImageObject\",\"inLanguage\":\"pt-PT\",\"@id\":\"https:\/\/portaltela.pt\/noticias\/2026\/04\/28\/violencia-contra-profissionais-do-sns-aumenta-para-3-429-em-2025\/#primaryimage\",\"url\":\"https:\/\/portaltela.pt\/s.01k8rhncp4jt1\/2026\/04\/CACHE_780X1200_ANALOG_WATERMARKED_42063632_2403261_28122023062257.jpg\",\"contentUrl\":\"https:\/\/portaltela.pt\/s.01k8rhncp4jt1\/2026\/04\/CACHE_780X1200_ANALOG_WATERMARKED_42063632_2403261_28122023062257.jpg\",\"width\":796,\"height\":448,\"caption\":\"Casos de viol\u00eancia contra profissionais do SNS sobem para 3.429 em 2025\"},{\"@type\":\"BreadcrumbList\",\"@id\":\"https:\/\/portaltela.pt\/noticias\/2026\/04\/28\/violencia-contra-profissionais-do-sns-aumenta-para-3-429-em-2025\/#breadcrumb\",\"itemListElement\":[{\"@type\":\"ListItem\",\"position\":1,\"name\":\"In\u00edcio\",\"item\":\"https:\/\/portaltela.pt\/\"},{\"@type\":\"ListItem\",\"position\":2,\"name\":\"Viol\u00eancia contra profissionais do SNS aumenta para 3.429 em 2025\"}]},{\"@type\":\"WebSite\",\"@id\":\"https:\/\/portaltela.pt\/#website\",\"url\":\"https:\/\/portaltela.pt\/\",\"name\":\"Portal Tela Portugal\",\"description\":\"\",\"potentialAction\":[{\"@type\":\"SearchAction\",\"target\":{\"@type\":\"EntryPoint\",\"urlTemplate\":\"https:\/\/portaltela.pt\/?s={search_term_string}\"},\"query-input\":{\"@type\":\"PropertyValueSpecification\",\"valueRequired\":true,\"valueName\":\"search_term_string\"}}],\"inLanguage\":\"pt-PT\"},{\"@type\":\"Person\",\"@id\":\"https:\/\/portaltela.pt\/#\/schema\/person\/c4278d4a6028830caff9ee44b42d32ed\",\"name\":\"Telinha\",\"image\":{\"@type\":\"ImageObject\",\"inLanguage\":\"pt-PT\",\"@id\":\"https:\/\/portaltela.pt\/s.01k8rhncp4jt1\/2025\/11\/talking-bot-125x125.png\",\"url\":\"https:\/\/portaltela.pt\/s.01k8rhncp4jt1\/2025\/11\/talking-bot-125x125.png\",\"contentUrl\":\"https:\/\/portaltela.pt\/s.01k8rhncp4jt1\/2025\/11\/talking-bot-125x125.png\",\"caption\":\"Telinha\"},\"sameAs\":[\"https:\/\/portaltela.pt\/\"],\"url\":\"https:\/\/portaltela.pt\/por\/367410592786\/\"}]}<\/script>\n<!-- \/ Yoast SEO plugin. -->","yoast_head_json":{"title":"Viol\u00eancia contra profissionais do SNS aumenta para 3.429 em 2025 - Portal Tela Portugal","robots":{"index":"index","follow":"follow","max-snippet":"max-snippet:-1","max-image-preview":"max-image-preview:large","max-video-preview":"max-video-preview:-1"},"og_locale":"pt_PT","og_type":"article","og_title":"Viol\u00eancia contra profissionais do SNS aumenta para 3.429 em 2025 - Portal Tela Portugal","og_description":"Casos de viol\u00eancia contra profissionais do Servi\u00e7o Nacional de Sa\u00fade (SNS) chegaram a 3.429 em 2025. A not\u00edcia aborda o aumento deste tipo de viol\u00eancia contra trabalhadores do SNS no ano em curso. Os dados referem-se a ocorr\u00eancias registadas envolvendo pessoal de sa\u00fade. A informa\u00e7\u00e3o completa encontra-se dispon\u00edvel apenas para subscritores. A metodologia ou fontes espec\u00edficas n\u00e3o s\u00e3o detalhadas na vers\u00e3o dispon\u00edvel publicamente.","og_url":"https:\/\/portaltela.pt\/noticias\/2026\/04\/28\/violencia-contra-profissionais-do-sns-aumenta-para-3-429-em-2025\/","og_site_name":"Portal Tela Portugal","article_published_time":"2026-04-28T15:18:37+00:00","author":"Telinha","twitter_card":"summary_large_image","twitter_misc":{"Escrito por":"Telinha","Tempo estimado de leitura":"1 minuto"},"schema":{"@context":"https:\/\/schema.org","@graph":[{"@type":"Article","@id":"https:\/\/portaltela.pt\/noticias\/2026\/04\/28\/violencia-contra-profissionais-do-sns-aumenta-para-3-429-em-2025\/#article","isPartOf":{"@id":"https:\/\/portaltela.pt\/noticias\/2026\/04\/28\/violencia-contra-profissionais-do-sns-aumenta-para-3-429-em-2025\/"},"author":{"name":"Telinha","@id":"https:\/\/portaltela.pt\/#\/schema\/person\/c4278d4a6028830caff9ee44b42d32ed"},"headline":"Viol\u00eancia contra profissionais do SNS aumenta para 3.429 em 2025","datePublished":"2026-04-28T15:18:37+00:00","mainEntityOfPage":{"@id":"https:\/\/portaltela.pt\/noticias\/2026\/04\/28\/violencia-contra-profissionais-do-sns-aumenta-para-3-429-em-2025\/"},"wordCount":187,"image":{"@id":"https:\/\/portaltela.pt\/noticias\/2026\/04\/28\/violencia-contra-profissionais-do-sns-aumenta-para-3-429-em-2025\/#primaryimage"},"thumbnailUrl":"https:\/\/portaltela.pt\/s.01k8rhncp4jt1\/2026\/04\/CACHE_780X1200_ANALOG_WATERMARKED_42063632_2403261_28122023062257.jpg","keywords":["agress\u00f5es","sa\u00fade p\u00fablica","seguran\u00e7a p\u00fablica","SNS","viol\u00eancia"],"articleSection":["Sa\u00fade"],"inLanguage":"pt-PT"},{"@type":"WebPage","@id":"https:\/\/portaltela.pt\/noticias\/2026\/04\/28\/violencia-contra-profissionais-do-sns-aumenta-para-3-429-em-2025\/","url":"https:\/\/portaltela.pt\/noticias\/2026\/04\/28\/violencia-contra-profissionais-do-sns-aumenta-para-3-429-em-2025\/","name":"Viol\u00eancia contra profissionais do SNS aumenta para 3.429 em 2025 - Portal Tela Portugal","isPartOf":{"@id":"https:\/\/portaltela.pt\/#website"},"primaryImageOfPage":{"@id":"https:\/\/portaltela.pt\/noticias\/2026\/04\/28\/violencia-contra-profissionais-do-sns-aumenta-para-3-429-em-2025\/#primaryimage"},"image":{"@id":"https:\/\/portaltela.pt\/noticias\/2026\/04\/28\/violencia-contra-profissionais-do-sns-aumenta-para-3-429-em-2025\/#primaryimage"},"thumbnailUrl":"https:\/\/portaltela.pt\/s.01k8rhncp4jt1\/2026\/04\/CACHE_780X1200_ANALOG_WATERMARKED_42063632_2403261_28122023062257.jpg","datePublished":"2026-04-28T15:18:37+00:00","author":{"@id":"https:\/\/portaltela.pt\/#\/schema\/person\/c4278d4a6028830caff9ee44b42d32ed"},"breadcrumb":{"@id":"https:\/\/portaltela.pt\/noticias\/2026\/04\/28\/violencia-contra-profissionais-do-sns-aumenta-para-3-429-em-2025\/#breadcrumb"},"inLanguage":"pt-PT","potentialAction":[{"@type":"ReadAction","target":["https:\/\/portaltela.pt\/noticias\/2026\/04\/28\/violencia-contra-profissionais-do-sns-aumenta-para-3-429-em-2025\/"]}]},{"@type":"ImageObject","inLanguage":"pt-PT","@id":"https:\/\/portaltela.pt\/noticias\/2026\/04\/28\/violencia-contra-profissionais-do-sns-aumenta-para-3-429-em-2025\/#primaryimage","url":"https:\/\/portaltela.pt\/s.01k8rhncp4jt1\/2026\/04\/CACHE_780X1200_ANALOG_WATERMARKED_42063632_2403261_28122023062257.jpg","contentUrl":"https:\/\/portaltela.pt\/s.01k8rhncp4jt1\/2026\/04\/CACHE_780X1200_ANALOG_WATERMARKED_42063632_2403261_28122023062257.jpg","width":796,"height":448,"caption":"Casos de viol\u00eancia contra profissionais do SNS sobem para 3.429 em 2025"},{"@type":"BreadcrumbList","@id":"https:\/\/portaltela.pt\/noticias\/2026\/04\/28\/violencia-contra-profissionais-do-sns-aumenta-para-3-429-em-2025\/#breadcrumb","itemListElement":[{"@type":"ListItem","position":1,"name":"In\u00edcio","item":"https:\/\/portaltela.pt\/"},{"@type":"ListItem","position":2,"name":"Viol\u00eancia contra profissionais do SNS aumenta para 3.429 em 2025"}]},{"@type":"WebSite","@id":"https:\/\/portaltela.pt\/#website","url":"https:\/\/portaltela.pt\/","name":"Portal Tela Portugal","description":"","potentialAction":[{"@type":"SearchAction","target":{"@type":"EntryPoint","urlTemplate":"https:\/\/portaltela.pt\/?s={search_term_string}"},"query-input":{"@type":"PropertyValueSpecification","valueRequired":true,"valueName":"search_term_string"}}],"inLanguage":"pt-PT"},{"@type":"Person","@id":"https:\/\/portaltela.pt\/#\/schema\/person\/c4278d4a6028830caff9ee44b42d32ed","name":"Telinha","image":{"@type":"ImageObject","inLanguage":"pt-PT","@id":"https:\/\/portaltela.pt\/s.01k8rhncp4jt1\/2025\/11\/talking-bot-125x125.png","url":"https:\/\/portaltela.pt\/s.01k8rhncp4jt1\/2025\/11\/talking-bot-125x125.png","contentUrl":"https:\/\/portaltela.pt\/s.01k8rhncp4jt1\/2025\/11\/talking-bot-125x125.png","caption":"Telinha"},"sameAs":["https:\/\/portaltela.pt\/"],"url":"https:\/\/portaltela.pt\/por\/367410592786\/"}]}},"_links":{"self":[{"href":"https:\/\/portaltela.pt\/api\/wp\/v2\/posts\/459973","targetHints":{"allow":["GET"]}}],"collection":[{"href":"https:\/\/portaltela.pt\/api\/wp\/v2\/posts"}],"about":[{"href":"https:\/\/portaltela.pt\/api\/wp\/v2\/types\/post"}],"author":[{"embeddable":true,"href":"https:\/\/portaltela.pt\/api\/wp\/v2\/users\/2"}],"replies":[{"embeddable":true,"href":"https:\/\/portaltela.pt\/api\/wp\/v2\/comments?post=459973"}],"version-history":[{"count":0,"href":"https:\/\/portaltela.pt\/api\/wp\/v2\/posts\/459973\/revisions"}],"wp:featuredmedia":[{"embeddable":true,"href":"https:\/\/portaltela.pt\/api\/wp\/v2\/media\/459974"}],"wp:attachment":[{"href":"https:\/\/portaltela.pt\/api\/wp\/v2\/media?parent=459973"}],"wp:term":[{"taxonomy":"category","embeddable":true,"href":"https:\/\/portaltela.pt\/api\/wp\/v2\/categories?post=459973"},{"taxonomy":"post_tag","embeddable":true,"href":"https:\/\/portaltela.pt\/api\/wp\/v2\/tags?post=459973"}],"curies":[{"name":"wp","href":"https:\/\/api.w.org\/{rel}","templated":true}]}}