{"id":459966,"date":"2026-04-28T12:18:18","date_gmt":"2026-04-28T15:18:18","guid":{"rendered":"https:\/\/portaltela.pt\/noticias\/2026\/04\/28\/cientistas-criam-o-primeiro-mapa-do-olfato\/"},"modified":"2026-04-28T12:18:18","modified_gmt":"2026-04-28T15:18:18","slug":"cientistas-criam-o-primeiro-mapa-do-olfato","status":"publish","type":"post","link":"https:\/\/portaltela.pt\/noticias\/2026\/04\/28\/cientistas-criam-o-primeiro-mapa-do-olfato\/","title":{"rendered":"Cientistas criam o primeiro mapa do olfato"},"content":{"rendered":"<p>Uma equipa de cientistas da Universidade de Harvard divulgou, esta semana, a cria\u00e7\u00e3o do primeiro mapa detalhado dos recetores olfativos no nariz de ratinhos. A descoberta, publicada na revista Cell, pode abrir caminho a terapias para a perda de olfato.<\/p>\n<p>Os investigadores identificaram que os neur\u00f3nios que expressam estes recetores apresentam uma organiza\u00e7\u00e3o espacial clara, formando bandas horizontais ao longo do nariz, desde a zona superior at\u00e9 \u00e0 base. O mapa revela uma ordena\u00e7\u00e3o que antes se pensava ser desordenada, mudando a compreens\u00e3o sobre como o olfato funciona.<\/p>\n<p>O estudo empregou t\u00e9cnicas de sequencia\u00e7\u00e3o de c\u00e9lulas individuais e de transcript\u00f3mica espacial para analisar cerca de 5,5 milh\u00f5es de neur\u00f3nios em mais de 300 ratinhos. Os resultadosua observam que o mapa de recetores no nariz se alinha com os mapas olfativos no bolbo olfativo do c\u00e9rebro, sugerindo como a informa\u00e7\u00e3o \u00e9 transmitida ao longo do percurso nariz-c\u00e9rebro.<\/p>\n<h3>Avan\u00e7o cient\u00edfico e m\u00e9todos<\/h3>\n<p>Os autores mostraram que, em ratinhos, o olfato depende de aproximadamente mil tipos de recetores, cada um detetando subconjuntos distintos de mol\u00e9culas odor\u00edferas. O gradiente de \u00e1cido retin\u00f3ico no nariz foi identificado como fator chave que orienta os neur\u00f3nios a expressarem o recetor adequado conforme a sua posi\u00e7\u00e3o, com altera\u00e7\u00f5es no \u00e1cido retin\u00f3ico a deslocarem o mapa de recetores no tecido.<\/p>\n<p>O pesquisador s\u00e9nior Sandeep Robert Datta, da Faculdade de Medicina de Harvard, destacou que o mapa de recetores est\u00e1 consistentemente organizado entre os animais, refletindo padr\u00f5es observados no c\u00e9rebro. O estudo tamb\u00e9m indica que a forma\u00e7\u00e3o deste mapa ocorre com uma precis\u00e3o not\u00e1vel, mesmo com milhares de recetores diferentes.<\/p>\n<h3>Implica\u00e7\u00f5es terap\u00eauticas<\/h3>\n<p>Al\u00e9m do interesse cient\u00edfico, o trabalho aponta para caminhos na recupera\u00e7\u00e3o do olfato, cuja perda \u00e9 comum em v\u00e1rias condi\u00e7\u00f5es e actualmente pouco tratada. Os respons\u00e1veis veem potencial na aplica\u00e7\u00e3o de terapias baseadas em c\u00e9lulas estaminais ou em interfaces c\u00e9rebro-computador para restaurar o sentido.<\/p>\n<p>A equipa continua a investigar as raz\u00f5es da ordem espec\u00edfica do mapa e a verificar a compatibilidade entre o mapa de recetores no nariz humano e o observ\u00e1vel em ratinhos, para avaliar a extens\u00e3o da consist\u00eancia entre esp\u00e9cies. O objetivo \u00e9 compreender melhor como restaura-se o olfato e como prevenir impactos na sa\u00fade mental ligados \u00e0 sua aus\u00eancia.<\/p>\n","protected":false},"excerpt":{"rendered":"<ul>\n<li>Cientistas da Universidade de Harvard criaram o primeiro mapa detalhado dos recetores olfativos no nariz, com organiza\u00e7\u00e3o espacial em bandas horizontais do topo \u00e0 base.<\/li>\n<li>O mapa, obtido em ratos, correlaciona-se com os mapas olfativos no bolbo olfativo do c\u00e9rebro e pode orientar o desenvolvimento de terapias para a perda de olfato.<\/li>\n<li>O estudo, publicado na revista Cell, analisou cerca de 5,5 milh\u00f5es de neur\u00f3nios em mais de 300 ratinhos usando t\u00e9cnicas de sequencia\u00e7\u00e3o de c\u00e9lulas individuais e transcript\u00f3mica espacial.<\/li>\n<li>O \u00e1cido retinoico funciona como fator-chave no desenvolvimento do mapa, guiando neur\u00f3nios a expressarem o tipo certo de recetor conforme a localiza\u00e7\u00e3o; alterar a mol\u00e9cula desloca o mapa.<\/li>\n<li>Os investigadores apontam que o conhecimento pode apoiar tratamentos como terapias com c\u00e9lulas estaminais ou interfaces c\u00e9rebro-computador, relevantes para a recupera\u00e7\u00e3o do olfato e do bem-estar.<\/li>\n<\/ul>\n","protected":false},"author":2,"featured_media":459970,"comment_status":"closed","ping_status":"closed","sticky":false,"template":"","format":"standard","meta":{"footnotes":""},"categories":[7371,1],"tags":[8029,8767,8115,8954,8852,1014],"class_list":["post-459966","post","type-post","status-publish","format-standard","has-post-thumbnail","hentry","category-medicina","category-noticias","tag-_ciencia","tag-_investigacao","tag-_medicina","tag-_neurociencia","tag-_pesquisa","tag-portugal"],"yoast_head":"<!-- This site is optimized with the Yoast SEO plugin v27.2 - https:\/\/yoast.com\/product\/yoast-seo-wordpress\/ -->\n<title>Cientistas criam o primeiro mapa do olfato - Portal Tela Portugal<\/title>\n<meta name=\"robots\" content=\"index, follow, max-snippet:-1, max-image-preview:large, max-video-preview:-1\" \/>\n<meta property=\"og:locale\" content=\"pt_PT\" \/>\n<meta property=\"og:type\" content=\"article\" \/>\n<meta property=\"og:title\" content=\"Cientistas criam o primeiro mapa do olfato - Portal Tela Portugal\" \/>\n<meta property=\"og:description\" content=\"Cientistas da Universidade de Harvard criaram o primeiro mapa detalhado dos recetores olfativos no nariz, com organiza\u00e7\u00e3o espacial em bandas horizontais do topo \u00e0 base. O mapa, obtido em ratos, correlaciona-se com os mapas olfativos no bolbo olfativo do c\u00e9rebro e pode orientar o desenvolvimento de terapias para a perda de olfato. O estudo, publicado na revista Cell, analisou cerca de 5,5 milh\u00f5es de neur\u00f3nios em mais de 300 ratinhos usando t\u00e9cnicas de sequencia\u00e7\u00e3o de c\u00e9lulas individuais e transcript\u00f3mica espacial. O \u00e1cido retinoico funciona como fator-chave no desenvolvimento do mapa, guiando neur\u00f3nios a expressarem o tipo certo de recetor conforme a localiza\u00e7\u00e3o; alterar a mol\u00e9cula desloca o mapa. Os investigadores apontam que o conhecimento pode apoiar tratamentos como terapias com c\u00e9lulas estaminais ou interfaces c\u00e9rebro-computador, relevantes para a recupera\u00e7\u00e3o do olfato e do bem-estar.\" \/>\n<meta property=\"og:url\" content=\"https:\/\/portaltela.pt\/noticias\/2026\/04\/28\/cientistas-criam-o-primeiro-mapa-do-olfato\/\" \/>\n<meta property=\"og:site_name\" content=\"Portal Tela Portugal\" \/>\n<meta property=\"article:published_time\" content=\"2026-04-28T15:18:18+00:00\" \/>\n<meta name=\"author\" content=\"Telinha\" \/>\n<meta name=\"twitter:card\" content=\"summary_large_image\" \/>\n<meta name=\"twitter:label1\" content=\"Escrito por\" \/>\n\t<meta name=\"twitter:data1\" content=\"Telinha\" \/>\n\t<meta name=\"twitter:label2\" content=\"Tempo estimado de leitura\" \/>\n\t<meta name=\"twitter:data2\" content=\"2 minutos\" \/>\n<script type=\"application\/ld+json\" class=\"yoast-schema-graph\">{\"@context\":\"https:\/\/schema.org\",\"@graph\":[{\"@type\":\"Article\",\"@id\":\"https:\/\/portaltela.pt\/noticias\/2026\/04\/28\/cientistas-criam-o-primeiro-mapa-do-olfato\/#article\",\"isPartOf\":{\"@id\":\"https:\/\/portaltela.pt\/noticias\/2026\/04\/28\/cientistas-criam-o-primeiro-mapa-do-olfato\/\"},\"author\":{\"name\":\"Telinha\",\"@id\":\"https:\/\/portaltela.pt\/#\/schema\/person\/c4278d4a6028830caff9ee44b42d32ed\"},\"headline\":\"Cientistas criam o primeiro mapa do olfato\",\"datePublished\":\"2026-04-28T15:18:18+00:00\",\"mainEntityOfPage\":{\"@id\":\"https:\/\/portaltela.pt\/noticias\/2026\/04\/28\/cientistas-criam-o-primeiro-mapa-do-olfato\/\"},\"wordCount\":414,\"image\":{\"@id\":\"https:\/\/portaltela.pt\/noticias\/2026\/04\/28\/cientistas-criam-o-primeiro-mapa-do-olfato\/#primaryimage\"},\"thumbnailUrl\":\"https:\/\/portaltela.pt\/s.01k8rhncp4jt1\/2026\/04\/img_1500x1000uu2021-06-30-12-17-06-1055895.jpg\",\"keywords\":[\"_ci\u00eancia\",\"_investiga\u00e7\u00e3o\",\"_medicina\",\"_neuroci\u00eancia\",\"_pesquisa\",\"Portugal\"],\"articleSection\":[\"Medicina\",\"Not\u00edcias\"],\"inLanguage\":\"pt-PT\"},{\"@type\":\"WebPage\",\"@id\":\"https:\/\/portaltela.pt\/noticias\/2026\/04\/28\/cientistas-criam-o-primeiro-mapa-do-olfato\/\",\"url\":\"https:\/\/portaltela.pt\/noticias\/2026\/04\/28\/cientistas-criam-o-primeiro-mapa-do-olfato\/\",\"name\":\"Cientistas criam o primeiro mapa do olfato - Portal Tela Portugal\",\"isPartOf\":{\"@id\":\"https:\/\/portaltela.pt\/#website\"},\"primaryImageOfPage\":{\"@id\":\"https:\/\/portaltela.pt\/noticias\/2026\/04\/28\/cientistas-criam-o-primeiro-mapa-do-olfato\/#primaryimage\"},\"image\":{\"@id\":\"https:\/\/portaltela.pt\/noticias\/2026\/04\/28\/cientistas-criam-o-primeiro-mapa-do-olfato\/#primaryimage\"},\"thumbnailUrl\":\"https:\/\/portaltela.pt\/s.01k8rhncp4jt1\/2026\/04\/img_1500x1000uu2021-06-30-12-17-06-1055895.jpg\",\"datePublished\":\"2026-04-28T15:18:18+00:00\",\"author\":{\"@id\":\"https:\/\/portaltela.pt\/#\/schema\/person\/c4278d4a6028830caff9ee44b42d32ed\"},\"breadcrumb\":{\"@id\":\"https:\/\/portaltela.pt\/noticias\/2026\/04\/28\/cientistas-criam-o-primeiro-mapa-do-olfato\/#breadcrumb\"},\"inLanguage\":\"pt-PT\",\"potentialAction\":[{\"@type\":\"ReadAction\",\"target\":[\"https:\/\/portaltela.pt\/noticias\/2026\/04\/28\/cientistas-criam-o-primeiro-mapa-do-olfato\/\"]}]},{\"@type\":\"ImageObject\",\"inLanguage\":\"pt-PT\",\"@id\":\"https:\/\/portaltela.pt\/noticias\/2026\/04\/28\/cientistas-criam-o-primeiro-mapa-do-olfato\/#primaryimage\",\"url\":\"https:\/\/portaltela.pt\/s.01k8rhncp4jt1\/2026\/04\/img_1500x1000uu2021-06-30-12-17-06-1055895.jpg\",\"contentUrl\":\"https:\/\/portaltela.pt\/s.01k8rhncp4jt1\/2026\/04\/img_1500x1000uu2021-06-30-12-17-06-1055895.jpg\",\"width\":796,\"height\":448,\"caption\":\"Olfato\"},{\"@type\":\"BreadcrumbList\",\"@id\":\"https:\/\/portaltela.pt\/noticias\/2026\/04\/28\/cientistas-criam-o-primeiro-mapa-do-olfato\/#breadcrumb\",\"itemListElement\":[{\"@type\":\"ListItem\",\"position\":1,\"name\":\"In\u00edcio\",\"item\":\"https:\/\/portaltela.pt\/\"},{\"@type\":\"ListItem\",\"position\":2,\"name\":\"Cientistas criam o primeiro mapa do olfato\"}]},{\"@type\":\"WebSite\",\"@id\":\"https:\/\/portaltela.pt\/#website\",\"url\":\"https:\/\/portaltela.pt\/\",\"name\":\"Portal Tela Portugal\",\"description\":\"\",\"potentialAction\":[{\"@type\":\"SearchAction\",\"target\":{\"@type\":\"EntryPoint\",\"urlTemplate\":\"https:\/\/portaltela.pt\/?s={search_term_string}\"},\"query-input\":{\"@type\":\"PropertyValueSpecification\",\"valueRequired\":true,\"valueName\":\"search_term_string\"}}],\"inLanguage\":\"pt-PT\"},{\"@type\":\"Person\",\"@id\":\"https:\/\/portaltela.pt\/#\/schema\/person\/c4278d4a6028830caff9ee44b42d32ed\",\"name\":\"Telinha\",\"image\":{\"@type\":\"ImageObject\",\"inLanguage\":\"pt-PT\",\"@id\":\"https:\/\/portaltela.pt\/s.01k8rhncp4jt1\/2025\/11\/talking-bot-125x125.png\",\"url\":\"https:\/\/portaltela.pt\/s.01k8rhncp4jt1\/2025\/11\/talking-bot-125x125.png\",\"contentUrl\":\"https:\/\/portaltela.pt\/s.01k8rhncp4jt1\/2025\/11\/talking-bot-125x125.png\",\"caption\":\"Telinha\"},\"sameAs\":[\"https:\/\/portaltela.pt\/\"],\"url\":\"https:\/\/portaltela.pt\/por\/367410592786\/\"}]}<\/script>\n<!-- \/ Yoast SEO plugin. -->","yoast_head_json":{"title":"Cientistas criam o primeiro mapa do olfato - Portal Tela Portugal","robots":{"index":"index","follow":"follow","max-snippet":"max-snippet:-1","max-image-preview":"max-image-preview:large","max-video-preview":"max-video-preview:-1"},"og_locale":"pt_PT","og_type":"article","og_title":"Cientistas criam o primeiro mapa do olfato - Portal Tela Portugal","og_description":"Cientistas da Universidade de Harvard criaram o primeiro mapa detalhado dos recetores olfativos no nariz, com organiza\u00e7\u00e3o espacial em bandas horizontais do topo \u00e0 base. O mapa, obtido em ratos, correlaciona-se com os mapas olfativos no bolbo olfativo do c\u00e9rebro e pode orientar o desenvolvimento de terapias para a perda de olfato. O estudo, publicado na revista Cell, analisou cerca de 5,5 milh\u00f5es de neur\u00f3nios em mais de 300 ratinhos usando t\u00e9cnicas de sequencia\u00e7\u00e3o de c\u00e9lulas individuais e transcript\u00f3mica espacial. O \u00e1cido retinoico funciona como fator-chave no desenvolvimento do mapa, guiando neur\u00f3nios a expressarem o tipo certo de recetor conforme a localiza\u00e7\u00e3o; alterar a mol\u00e9cula desloca o mapa. Os investigadores apontam que o conhecimento pode apoiar tratamentos como terapias com c\u00e9lulas estaminais ou interfaces c\u00e9rebro-computador, relevantes para a recupera\u00e7\u00e3o do olfato e do bem-estar.","og_url":"https:\/\/portaltela.pt\/noticias\/2026\/04\/28\/cientistas-criam-o-primeiro-mapa-do-olfato\/","og_site_name":"Portal Tela Portugal","article_published_time":"2026-04-28T15:18:18+00:00","author":"Telinha","twitter_card":"summary_large_image","twitter_misc":{"Escrito por":"Telinha","Tempo estimado de leitura":"2 minutos"},"schema":{"@context":"https:\/\/schema.org","@graph":[{"@type":"Article","@id":"https:\/\/portaltela.pt\/noticias\/2026\/04\/28\/cientistas-criam-o-primeiro-mapa-do-olfato\/#article","isPartOf":{"@id":"https:\/\/portaltela.pt\/noticias\/2026\/04\/28\/cientistas-criam-o-primeiro-mapa-do-olfato\/"},"author":{"name":"Telinha","@id":"https:\/\/portaltela.pt\/#\/schema\/person\/c4278d4a6028830caff9ee44b42d32ed"},"headline":"Cientistas criam o primeiro mapa do olfato","datePublished":"2026-04-28T15:18:18+00:00","mainEntityOfPage":{"@id":"https:\/\/portaltela.pt\/noticias\/2026\/04\/28\/cientistas-criam-o-primeiro-mapa-do-olfato\/"},"wordCount":414,"image":{"@id":"https:\/\/portaltela.pt\/noticias\/2026\/04\/28\/cientistas-criam-o-primeiro-mapa-do-olfato\/#primaryimage"},"thumbnailUrl":"https:\/\/portaltela.pt\/s.01k8rhncp4jt1\/2026\/04\/img_1500x1000uu2021-06-30-12-17-06-1055895.jpg","keywords":["_ci\u00eancia","_investiga\u00e7\u00e3o","_medicina","_neuroci\u00eancia","_pesquisa","Portugal"],"articleSection":["Medicina","Not\u00edcias"],"inLanguage":"pt-PT"},{"@type":"WebPage","@id":"https:\/\/portaltela.pt\/noticias\/2026\/04\/28\/cientistas-criam-o-primeiro-mapa-do-olfato\/","url":"https:\/\/portaltela.pt\/noticias\/2026\/04\/28\/cientistas-criam-o-primeiro-mapa-do-olfato\/","name":"Cientistas criam o primeiro mapa do olfato - Portal Tela Portugal","isPartOf":{"@id":"https:\/\/portaltela.pt\/#website"},"primaryImageOfPage":{"@id":"https:\/\/portaltela.pt\/noticias\/2026\/04\/28\/cientistas-criam-o-primeiro-mapa-do-olfato\/#primaryimage"},"image":{"@id":"https:\/\/portaltela.pt\/noticias\/2026\/04\/28\/cientistas-criam-o-primeiro-mapa-do-olfato\/#primaryimage"},"thumbnailUrl":"https:\/\/portaltela.pt\/s.01k8rhncp4jt1\/2026\/04\/img_1500x1000uu2021-06-30-12-17-06-1055895.jpg","datePublished":"2026-04-28T15:18:18+00:00","author":{"@id":"https:\/\/portaltela.pt\/#\/schema\/person\/c4278d4a6028830caff9ee44b42d32ed"},"breadcrumb":{"@id":"https:\/\/portaltela.pt\/noticias\/2026\/04\/28\/cientistas-criam-o-primeiro-mapa-do-olfato\/#breadcrumb"},"inLanguage":"pt-PT","potentialAction":[{"@type":"ReadAction","target":["https:\/\/portaltela.pt\/noticias\/2026\/04\/28\/cientistas-criam-o-primeiro-mapa-do-olfato\/"]}]},{"@type":"ImageObject","inLanguage":"pt-PT","@id":"https:\/\/portaltela.pt\/noticias\/2026\/04\/28\/cientistas-criam-o-primeiro-mapa-do-olfato\/#primaryimage","url":"https:\/\/portaltela.pt\/s.01k8rhncp4jt1\/2026\/04\/img_1500x1000uu2021-06-30-12-17-06-1055895.jpg","contentUrl":"https:\/\/portaltela.pt\/s.01k8rhncp4jt1\/2026\/04\/img_1500x1000uu2021-06-30-12-17-06-1055895.jpg","width":796,"height":448,"caption":"Olfato"},{"@type":"BreadcrumbList","@id":"https:\/\/portaltela.pt\/noticias\/2026\/04\/28\/cientistas-criam-o-primeiro-mapa-do-olfato\/#breadcrumb","itemListElement":[{"@type":"ListItem","position":1,"name":"In\u00edcio","item":"https:\/\/portaltela.pt\/"},{"@type":"ListItem","position":2,"name":"Cientistas criam o primeiro mapa do olfato"}]},{"@type":"WebSite","@id":"https:\/\/portaltela.pt\/#website","url":"https:\/\/portaltela.pt\/","name":"Portal Tela Portugal","description":"","potentialAction":[{"@type":"SearchAction","target":{"@type":"EntryPoint","urlTemplate":"https:\/\/portaltela.pt\/?s={search_term_string}"},"query-input":{"@type":"PropertyValueSpecification","valueRequired":true,"valueName":"search_term_string"}}],"inLanguage":"pt-PT"},{"@type":"Person","@id":"https:\/\/portaltela.pt\/#\/schema\/person\/c4278d4a6028830caff9ee44b42d32ed","name":"Telinha","image":{"@type":"ImageObject","inLanguage":"pt-PT","@id":"https:\/\/portaltela.pt\/s.01k8rhncp4jt1\/2025\/11\/talking-bot-125x125.png","url":"https:\/\/portaltela.pt\/s.01k8rhncp4jt1\/2025\/11\/talking-bot-125x125.png","contentUrl":"https:\/\/portaltela.pt\/s.01k8rhncp4jt1\/2025\/11\/talking-bot-125x125.png","caption":"Telinha"},"sameAs":["https:\/\/portaltela.pt\/"],"url":"https:\/\/portaltela.pt\/por\/367410592786\/"}]}},"_links":{"self":[{"href":"https:\/\/portaltela.pt\/api\/wp\/v2\/posts\/459966","targetHints":{"allow":["GET"]}}],"collection":[{"href":"https:\/\/portaltela.pt\/api\/wp\/v2\/posts"}],"about":[{"href":"https:\/\/portaltela.pt\/api\/wp\/v2\/types\/post"}],"author":[{"embeddable":true,"href":"https:\/\/portaltela.pt\/api\/wp\/v2\/users\/2"}],"replies":[{"embeddable":true,"href":"https:\/\/portaltela.pt\/api\/wp\/v2\/comments?post=459966"}],"version-history":[{"count":0,"href":"https:\/\/portaltela.pt\/api\/wp\/v2\/posts\/459966\/revisions"}],"wp:featuredmedia":[{"embeddable":true,"href":"https:\/\/portaltela.pt\/api\/wp\/v2\/media\/459970"}],"wp:attachment":[{"href":"https:\/\/portaltela.pt\/api\/wp\/v2\/media?parent=459966"}],"wp:term":[{"taxonomy":"category","embeddable":true,"href":"https:\/\/portaltela.pt\/api\/wp\/v2\/categories?post=459966"},{"taxonomy":"post_tag","embeddable":true,"href":"https:\/\/portaltela.pt\/api\/wp\/v2\/tags?post=459966"}],"curies":[{"name":"wp","href":"https:\/\/api.w.org\/{rel}","templated":true}]}}