{"id":459954,"date":"2026-04-28T12:17:50","date_gmt":"2026-04-28T15:17:50","guid":{"rendered":"https:\/\/portaltela.pt\/noticias\/2026\/04\/28\/espanha-esplanadas-podem-ficar-fechadas-neste-verao-por-novas-regras-de-calor\/"},"modified":"2026-04-28T12:17:50","modified_gmt":"2026-04-28T15:17:50","slug":"espanha-esplanadas-podem-ficar-fechadas-neste-verao-por-novas-regras-de-calor","status":"publish","type":"post","link":"https:\/\/portaltela.pt\/tempo\/2026\/04\/28\/espanha-esplanadas-podem-ficar-fechadas-neste-verao-por-novas-regras-de-calor\/","title":{"rendered":"Espanha: esplanadas podem ficar fechadas neste ver\u00e3o por novas regras de calor"},"content":{"rendered":"<p>A Espanha pode encerrar esplanadas com calor extremo devido a uma atualiza\u00e7\u00e3o do quadro laboral na hotelaria. A medida entra em vigor quando a AEMET emite avisos laranja ou vermelho, com o objetivo de proteger trabalhadores expostos a vagas de calor.<\/p>\n<p>Os estabelecimentos s\u00e3o obrigados a reduzir o servi\u00e7o nas \u00e1reas exteriores ou a fechar as esplanadas sem sombra suficiente ou sem sistemas de arrefecimento adequados. O encerramento \u00e9 visto como \u00faltimo recurso, depois de ajustes de turnos e pausas para hidrata\u00e7\u00e3o e descanso.<\/p>\n<p>O novo regulamento introduz tamb\u00e9m medidas de sa\u00fade e seguran\u00e7a em situa\u00e7\u00f5es de calor extremo, inunda\u00e7\u00f5es e fortes nev\u00f5es. A aplica\u00e7\u00e3o rigorosa pode acarretar coimas acima de 50 000 euros para incumprimento.<\/p>\n<p>Para turistas, as regras implicam potenciais ajustes nos h\u00e1bitos de f\u00e9rias. Em dias de pico, o servi\u00e7o de esplanada pode ser suspenso, com os espa\u00e7os interiores a manter funcionamento normal. Recomenda-se planeamento de refei\u00e7\u00f5es para horas mais frescas.<\/p>\n<p>Quando as temperaturas sobem para perto de 40 \u00baC, as esplanadas costumam ser a op\u00e7\u00e3o preferida, mas as condi\u00e7\u00f5es s\u00e3o desafiantes para os trabalhadores que transportam tabuleiros e limpam mesas. A pr\u00e1tica pode variar conforme o aviso meteorol\u00f3gico.<\/p>\n<p>O governo espanhol est\u00e1 a criar uma rede nacional de abrigos clim\u00e1ticos para oferecer ref\u00fagio durante as vagas de calor cada vez mais intensas. O objetivo \u00e9 reduzir impactos diretos na popula\u00e7\u00e3o e na atividade econ\u00f3mica.<\/p>\n","protected":false},"excerpt":{"rendered":"<ul>\n<li>Em Espanha, novas regras de calor para a hotelaria podem obrigar a reduzir ou encerrar o servi\u00e7o nas esplanadas quando AEMET emitir alertas laranja ou vermelho.<\/li>\n<li>O encerramento das esplanadas \u00e9 o \u00faltimo recurso; antes disso, os estabelecimentos devem ajustar turnos, hor\u00e1rios e refor\u00e7ar pausas para hidrata\u00e7\u00e3o e descanso.<\/li>\n<li>As san\u00e7\u00f5es podem ultrapassar 50 mil euros em caso de incumprimento das novas normas de sa\u00fade laboral durante vagas de calor, inunda\u00e7\u00f5es e nev\u00f5es.<\/li>\n<li>Turistas devem adaptar-se: as esplanadas podem ficar suspensas nas horas de maior calor e os espa\u00e7os interiores permanecem abertos; jantar ao ar livre pode ficar para a noite.<\/li>\n<li>O governo est\u00e1 a criar uma rede nacional de abrigos clim\u00e1ticos para proteger pessoas frente a vagas de calor cada vez mais intensas, segundo o primeiro-ministro Pedro S\u00e1nchez.<\/li>\n<\/ul>\n","protected":false},"author":2,"featured_media":459956,"comment_status":"closed","ping_status":"closed","sticky":false,"template":"","format":"standard","meta":{"footnotes":""},"categories":[7365],"tags":[2665,167,2189,719,271,250],"class_list":["post-459954","post","type-post","status-publish","format-standard","has-post-thumbnail","hentry","category-tempo","tag-alteracoes-climaticas","tag-ambiente","tag-espana","tag-hotelaria","tag-saude-publica","tag-seguranca-publica"],"yoast_head":"<!-- This site is optimized with the Yoast SEO plugin v27.2 - https:\/\/yoast.com\/product\/yoast-seo-wordpress\/ -->\n<title>Espanha: esplanadas podem ficar fechadas neste ver\u00e3o por novas regras de calor - Portal Tela Portugal<\/title>\n<meta name=\"robots\" content=\"index, follow, max-snippet:-1, max-image-preview:large, max-video-preview:-1\" \/>\n<meta property=\"og:locale\" content=\"pt_PT\" \/>\n<meta property=\"og:type\" content=\"article\" \/>\n<meta property=\"og:title\" content=\"Espanha: esplanadas podem ficar fechadas neste ver\u00e3o por novas regras de calor - Portal Tela Portugal\" \/>\n<meta property=\"og:description\" content=\"Em Espanha, novas regras de calor para a hotelaria podem obrigar a reduzir ou encerrar o servi\u00e7o nas esplanadas quando AEMET emitir alertas laranja ou vermelho. O encerramento das esplanadas \u00e9 o \u00faltimo recurso; antes disso, os estabelecimentos devem ajustar turnos, hor\u00e1rios e refor\u00e7ar pausas para hidrata\u00e7\u00e3o e descanso. As san\u00e7\u00f5es podem ultrapassar 50 mil euros em caso de incumprimento das novas normas de sa\u00fade laboral durante vagas de calor, inunda\u00e7\u00f5es e nev\u00f5es. Turistas devem adaptar-se: as esplanadas podem ficar suspensas nas horas de maior calor e os espa\u00e7os interiores permanecem abertos; jantar ao ar livre pode ficar para a noite. O governo est\u00e1 a criar uma rede nacional de abrigos clim\u00e1ticos para proteger pessoas frente a vagas de calor cada vez mais intensas, segundo o primeiro-ministro Pedro S\u00e1nchez.\" \/>\n<meta property=\"og:url\" content=\"https:\/\/portaltela.pt\/noticias\/2026\/04\/28\/espanha-esplanadas-podem-ficar-fechadas-neste-verao-por-novas-regras-de-calor\/\" \/>\n<meta property=\"og:site_name\" content=\"Portal Tela Portugal\" \/>\n<meta property=\"article:published_time\" content=\"2026-04-28T15:17:50+00:00\" \/>\n<meta name=\"author\" content=\"Telinha\" \/>\n<meta name=\"twitter:card\" content=\"summary_large_image\" \/>\n<meta name=\"twitter:label1\" content=\"Escrito por\" \/>\n\t<meta name=\"twitter:data1\" content=\"Telinha\" \/>\n\t<meta name=\"twitter:label2\" content=\"Tempo estimado de leitura\" \/>\n\t<meta name=\"twitter:data2\" content=\"1 minuto\" \/>\n<script type=\"application\/ld+json\" class=\"yoast-schema-graph\">{\"@context\":\"https:\/\/schema.org\",\"@graph\":[{\"@type\":\"Article\",\"@id\":\"https:\/\/portaltela.pt\/noticias\/2026\/04\/28\/espanha-esplanadas-podem-ficar-fechadas-neste-verao-por-novas-regras-de-calor\/#article\",\"isPartOf\":{\"@id\":\"https:\/\/portaltela.pt\/noticias\/2026\/04\/28\/espanha-esplanadas-podem-ficar-fechadas-neste-verao-por-novas-regras-de-calor\/\"},\"author\":{\"name\":\"Telinha\",\"@id\":\"https:\/\/portaltela.pt\/#\/schema\/person\/c4278d4a6028830caff9ee44b42d32ed\"},\"headline\":\"Espanha: esplanadas podem ficar fechadas neste ver\u00e3o por novas regras de calor\",\"datePublished\":\"2026-04-28T15:17:50+00:00\",\"mainEntityOfPage\":{\"@id\":\"https:\/\/portaltela.pt\/noticias\/2026\/04\/28\/espanha-esplanadas-podem-ficar-fechadas-neste-verao-por-novas-regras-de-calor\/\"},\"wordCount\":261,\"image\":{\"@id\":\"https:\/\/portaltela.pt\/noticias\/2026\/04\/28\/espanha-esplanadas-podem-ficar-fechadas-neste-verao-por-novas-regras-de-calor\/#primaryimage\"},\"thumbnailUrl\":\"https:\/\/portaltela.pt\/s.01k8rhncp4jt1\/2026\/04\/1536x864_cmsv2_e94ccdc5-784e-5e9f-a91d-596d6ad4a022-9739393.jpg\",\"keywords\":[\"Altera\u00e7\u00f5es Clim\u00e1ticas\",\"ambiente\",\"Espa\u00f1a\",\"hotelaria\",\"sa\u00fade p\u00fablica\",\"seguran\u00e7a p\u00fablica\"],\"articleSection\":[\"Tempo\"],\"inLanguage\":\"pt-PT\"},{\"@type\":\"WebPage\",\"@id\":\"https:\/\/portaltela.pt\/noticias\/2026\/04\/28\/espanha-esplanadas-podem-ficar-fechadas-neste-verao-por-novas-regras-de-calor\/\",\"url\":\"https:\/\/portaltela.pt\/noticias\/2026\/04\/28\/espanha-esplanadas-podem-ficar-fechadas-neste-verao-por-novas-regras-de-calor\/\",\"name\":\"Espanha: esplanadas podem ficar fechadas neste ver\u00e3o por novas regras de calor - Portal Tela Portugal\",\"isPartOf\":{\"@id\":\"https:\/\/portaltela.pt\/#website\"},\"primaryImageOfPage\":{\"@id\":\"https:\/\/portaltela.pt\/noticias\/2026\/04\/28\/espanha-esplanadas-podem-ficar-fechadas-neste-verao-por-novas-regras-de-calor\/#primaryimage\"},\"image\":{\"@id\":\"https:\/\/portaltela.pt\/noticias\/2026\/04\/28\/espanha-esplanadas-podem-ficar-fechadas-neste-verao-por-novas-regras-de-calor\/#primaryimage\"},\"thumbnailUrl\":\"https:\/\/portaltela.pt\/s.01k8rhncp4jt1\/2026\/04\/1536x864_cmsv2_e94ccdc5-784e-5e9f-a91d-596d6ad4a022-9739393.jpg\",\"datePublished\":\"2026-04-28T15:17:50+00:00\",\"author\":{\"@id\":\"https:\/\/portaltela.pt\/#\/schema\/person\/c4278d4a6028830caff9ee44b42d32ed\"},\"breadcrumb\":{\"@id\":\"https:\/\/portaltela.pt\/noticias\/2026\/04\/28\/espanha-esplanadas-podem-ficar-fechadas-neste-verao-por-novas-regras-de-calor\/#breadcrumb\"},\"inLanguage\":\"pt-PT\",\"potentialAction\":[{\"@type\":\"ReadAction\",\"target\":[\"https:\/\/portaltela.pt\/noticias\/2026\/04\/28\/espanha-esplanadas-podem-ficar-fechadas-neste-verao-por-novas-regras-de-calor\/\"]}]},{\"@type\":\"ImageObject\",\"inLanguage\":\"pt-PT\",\"@id\":\"https:\/\/portaltela.pt\/noticias\/2026\/04\/28\/espanha-esplanadas-podem-ficar-fechadas-neste-verao-por-novas-regras-de-calor\/#primaryimage\",\"url\":\"https:\/\/portaltela.pt\/s.01k8rhncp4jt1\/2026\/04\/1536x864_cmsv2_e94ccdc5-784e-5e9f-a91d-596d6ad4a022-9739393.jpg\",\"contentUrl\":\"https:\/\/portaltela.pt\/s.01k8rhncp4jt1\/2026\/04\/1536x864_cmsv2_e94ccdc5-784e-5e9f-a91d-596d6ad4a022-9739393.jpg\",\"width\":796,\"height\":448,\"caption\":\"Em caso de calor extremo, restaurantes, bares e caf\u00e9s devem reduzir o servi\u00e7o no exterior ou fechar as esplanadas se n\u00e3o tiverem sombra ou sistemas de arrefecimento adequados.\"},{\"@type\":\"BreadcrumbList\",\"@id\":\"https:\/\/portaltela.pt\/noticias\/2026\/04\/28\/espanha-esplanadas-podem-ficar-fechadas-neste-verao-por-novas-regras-de-calor\/#breadcrumb\",\"itemListElement\":[{\"@type\":\"ListItem\",\"position\":1,\"name\":\"In\u00edcio\",\"item\":\"https:\/\/portaltela.pt\/\"},{\"@type\":\"ListItem\",\"position\":2,\"name\":\"Espanha: esplanadas podem ficar fechadas neste ver\u00e3o por novas regras de calor\"}]},{\"@type\":\"WebSite\",\"@id\":\"https:\/\/portaltela.pt\/#website\",\"url\":\"https:\/\/portaltela.pt\/\",\"name\":\"Portal Tela Portugal\",\"description\":\"\",\"potentialAction\":[{\"@type\":\"SearchAction\",\"target\":{\"@type\":\"EntryPoint\",\"urlTemplate\":\"https:\/\/portaltela.pt\/?s={search_term_string}\"},\"query-input\":{\"@type\":\"PropertyValueSpecification\",\"valueRequired\":true,\"valueName\":\"search_term_string\"}}],\"inLanguage\":\"pt-PT\"},{\"@type\":\"Person\",\"@id\":\"https:\/\/portaltela.pt\/#\/schema\/person\/c4278d4a6028830caff9ee44b42d32ed\",\"name\":\"Telinha\",\"image\":{\"@type\":\"ImageObject\",\"inLanguage\":\"pt-PT\",\"@id\":\"https:\/\/portaltela.pt\/s.01k8rhncp4jt1\/2025\/11\/talking-bot-125x125.png\",\"url\":\"https:\/\/portaltela.pt\/s.01k8rhncp4jt1\/2025\/11\/talking-bot-125x125.png\",\"contentUrl\":\"https:\/\/portaltela.pt\/s.01k8rhncp4jt1\/2025\/11\/talking-bot-125x125.png\",\"caption\":\"Telinha\"},\"sameAs\":[\"https:\/\/portaltela.pt\/\"],\"url\":\"https:\/\/portaltela.pt\/por\/367410592786\/\"}]}<\/script>\n<!-- \/ Yoast SEO plugin. -->","yoast_head_json":{"title":"Espanha: esplanadas podem ficar fechadas neste ver\u00e3o por novas regras de calor - Portal Tela Portugal","robots":{"index":"index","follow":"follow","max-snippet":"max-snippet:-1","max-image-preview":"max-image-preview:large","max-video-preview":"max-video-preview:-1"},"og_locale":"pt_PT","og_type":"article","og_title":"Espanha: esplanadas podem ficar fechadas neste ver\u00e3o por novas regras de calor - Portal Tela Portugal","og_description":"Em Espanha, novas regras de calor para a hotelaria podem obrigar a reduzir ou encerrar o servi\u00e7o nas esplanadas quando AEMET emitir alertas laranja ou vermelho. O encerramento das esplanadas \u00e9 o \u00faltimo recurso; antes disso, os estabelecimentos devem ajustar turnos, hor\u00e1rios e refor\u00e7ar pausas para hidrata\u00e7\u00e3o e descanso. As san\u00e7\u00f5es podem ultrapassar 50 mil euros em caso de incumprimento das novas normas de sa\u00fade laboral durante vagas de calor, inunda\u00e7\u00f5es e nev\u00f5es. Turistas devem adaptar-se: as esplanadas podem ficar suspensas nas horas de maior calor e os espa\u00e7os interiores permanecem abertos; jantar ao ar livre pode ficar para a noite. O governo est\u00e1 a criar uma rede nacional de abrigos clim\u00e1ticos para proteger pessoas frente a vagas de calor cada vez mais intensas, segundo o primeiro-ministro Pedro S\u00e1nchez.","og_url":"https:\/\/portaltela.pt\/noticias\/2026\/04\/28\/espanha-esplanadas-podem-ficar-fechadas-neste-verao-por-novas-regras-de-calor\/","og_site_name":"Portal Tela Portugal","article_published_time":"2026-04-28T15:17:50+00:00","author":"Telinha","twitter_card":"summary_large_image","twitter_misc":{"Escrito por":"Telinha","Tempo estimado de leitura":"1 minuto"},"schema":{"@context":"https:\/\/schema.org","@graph":[{"@type":"Article","@id":"https:\/\/portaltela.pt\/noticias\/2026\/04\/28\/espanha-esplanadas-podem-ficar-fechadas-neste-verao-por-novas-regras-de-calor\/#article","isPartOf":{"@id":"https:\/\/portaltela.pt\/noticias\/2026\/04\/28\/espanha-esplanadas-podem-ficar-fechadas-neste-verao-por-novas-regras-de-calor\/"},"author":{"name":"Telinha","@id":"https:\/\/portaltela.pt\/#\/schema\/person\/c4278d4a6028830caff9ee44b42d32ed"},"headline":"Espanha: esplanadas podem ficar fechadas neste ver\u00e3o por novas regras de calor","datePublished":"2026-04-28T15:17:50+00:00","mainEntityOfPage":{"@id":"https:\/\/portaltela.pt\/noticias\/2026\/04\/28\/espanha-esplanadas-podem-ficar-fechadas-neste-verao-por-novas-regras-de-calor\/"},"wordCount":261,"image":{"@id":"https:\/\/portaltela.pt\/noticias\/2026\/04\/28\/espanha-esplanadas-podem-ficar-fechadas-neste-verao-por-novas-regras-de-calor\/#primaryimage"},"thumbnailUrl":"https:\/\/portaltela.pt\/s.01k8rhncp4jt1\/2026\/04\/1536x864_cmsv2_e94ccdc5-784e-5e9f-a91d-596d6ad4a022-9739393.jpg","keywords":["Altera\u00e7\u00f5es Clim\u00e1ticas","ambiente","Espa\u00f1a","hotelaria","sa\u00fade p\u00fablica","seguran\u00e7a p\u00fablica"],"articleSection":["Tempo"],"inLanguage":"pt-PT"},{"@type":"WebPage","@id":"https:\/\/portaltela.pt\/noticias\/2026\/04\/28\/espanha-esplanadas-podem-ficar-fechadas-neste-verao-por-novas-regras-de-calor\/","url":"https:\/\/portaltela.pt\/noticias\/2026\/04\/28\/espanha-esplanadas-podem-ficar-fechadas-neste-verao-por-novas-regras-de-calor\/","name":"Espanha: esplanadas podem ficar fechadas neste ver\u00e3o por novas regras de calor - Portal Tela Portugal","isPartOf":{"@id":"https:\/\/portaltela.pt\/#website"},"primaryImageOfPage":{"@id":"https:\/\/portaltela.pt\/noticias\/2026\/04\/28\/espanha-esplanadas-podem-ficar-fechadas-neste-verao-por-novas-regras-de-calor\/#primaryimage"},"image":{"@id":"https:\/\/portaltela.pt\/noticias\/2026\/04\/28\/espanha-esplanadas-podem-ficar-fechadas-neste-verao-por-novas-regras-de-calor\/#primaryimage"},"thumbnailUrl":"https:\/\/portaltela.pt\/s.01k8rhncp4jt1\/2026\/04\/1536x864_cmsv2_e94ccdc5-784e-5e9f-a91d-596d6ad4a022-9739393.jpg","datePublished":"2026-04-28T15:17:50+00:00","author":{"@id":"https:\/\/portaltela.pt\/#\/schema\/person\/c4278d4a6028830caff9ee44b42d32ed"},"breadcrumb":{"@id":"https:\/\/portaltela.pt\/noticias\/2026\/04\/28\/espanha-esplanadas-podem-ficar-fechadas-neste-verao-por-novas-regras-de-calor\/#breadcrumb"},"inLanguage":"pt-PT","potentialAction":[{"@type":"ReadAction","target":["https:\/\/portaltela.pt\/noticias\/2026\/04\/28\/espanha-esplanadas-podem-ficar-fechadas-neste-verao-por-novas-regras-de-calor\/"]}]},{"@type":"ImageObject","inLanguage":"pt-PT","@id":"https:\/\/portaltela.pt\/noticias\/2026\/04\/28\/espanha-esplanadas-podem-ficar-fechadas-neste-verao-por-novas-regras-de-calor\/#primaryimage","url":"https:\/\/portaltela.pt\/s.01k8rhncp4jt1\/2026\/04\/1536x864_cmsv2_e94ccdc5-784e-5e9f-a91d-596d6ad4a022-9739393.jpg","contentUrl":"https:\/\/portaltela.pt\/s.01k8rhncp4jt1\/2026\/04\/1536x864_cmsv2_e94ccdc5-784e-5e9f-a91d-596d6ad4a022-9739393.jpg","width":796,"height":448,"caption":"Em caso de calor extremo, restaurantes, bares e caf\u00e9s devem reduzir o servi\u00e7o no exterior ou fechar as esplanadas se n\u00e3o tiverem sombra ou sistemas de arrefecimento adequados."},{"@type":"BreadcrumbList","@id":"https:\/\/portaltela.pt\/noticias\/2026\/04\/28\/espanha-esplanadas-podem-ficar-fechadas-neste-verao-por-novas-regras-de-calor\/#breadcrumb","itemListElement":[{"@type":"ListItem","position":1,"name":"In\u00edcio","item":"https:\/\/portaltela.pt\/"},{"@type":"ListItem","position":2,"name":"Espanha: esplanadas podem ficar fechadas neste ver\u00e3o por novas regras de calor"}]},{"@type":"WebSite","@id":"https:\/\/portaltela.pt\/#website","url":"https:\/\/portaltela.pt\/","name":"Portal Tela Portugal","description":"","potentialAction":[{"@type":"SearchAction","target":{"@type":"EntryPoint","urlTemplate":"https:\/\/portaltela.pt\/?s={search_term_string}"},"query-input":{"@type":"PropertyValueSpecification","valueRequired":true,"valueName":"search_term_string"}}],"inLanguage":"pt-PT"},{"@type":"Person","@id":"https:\/\/portaltela.pt\/#\/schema\/person\/c4278d4a6028830caff9ee44b42d32ed","name":"Telinha","image":{"@type":"ImageObject","inLanguage":"pt-PT","@id":"https:\/\/portaltela.pt\/s.01k8rhncp4jt1\/2025\/11\/talking-bot-125x125.png","url":"https:\/\/portaltela.pt\/s.01k8rhncp4jt1\/2025\/11\/talking-bot-125x125.png","contentUrl":"https:\/\/portaltela.pt\/s.01k8rhncp4jt1\/2025\/11\/talking-bot-125x125.png","caption":"Telinha"},"sameAs":["https:\/\/portaltela.pt\/"],"url":"https:\/\/portaltela.pt\/por\/367410592786\/"}]}},"_links":{"self":[{"href":"https:\/\/portaltela.pt\/api\/wp\/v2\/posts\/459954","targetHints":{"allow":["GET"]}}],"collection":[{"href":"https:\/\/portaltela.pt\/api\/wp\/v2\/posts"}],"about":[{"href":"https:\/\/portaltela.pt\/api\/wp\/v2\/types\/post"}],"author":[{"embeddable":true,"href":"https:\/\/portaltela.pt\/api\/wp\/v2\/users\/2"}],"replies":[{"embeddable":true,"href":"https:\/\/portaltela.pt\/api\/wp\/v2\/comments?post=459954"}],"version-history":[{"count":0,"href":"https:\/\/portaltela.pt\/api\/wp\/v2\/posts\/459954\/revisions"}],"wp:featuredmedia":[{"embeddable":true,"href":"https:\/\/portaltela.pt\/api\/wp\/v2\/media\/459956"}],"wp:attachment":[{"href":"https:\/\/portaltela.pt\/api\/wp\/v2\/media?parent=459954"}],"wp:term":[{"taxonomy":"category","embeddable":true,"href":"https:\/\/portaltela.pt\/api\/wp\/v2\/categories?post=459954"},{"taxonomy":"post_tag","embeddable":true,"href":"https:\/\/portaltela.pt\/api\/wp\/v2\/tags?post=459954"}],"curies":[{"name":"wp","href":"https:\/\/api.w.org\/{rel}","templated":true}]}}