{"id":459953,"date":"2026-04-28T12:17:47","date_gmt":"2026-04-28T15:17:47","guid":{"rendered":"https:\/\/portaltela.pt\/noticias\/2026\/04\/28\/arquitetura-portuguesa-conquista-medalha-de-ouro\/"},"modified":"2026-04-28T12:17:47","modified_gmt":"2026-04-28T15:17:47","slug":"arquitetura-portuguesa-conquista-medalha-de-ouro","status":"publish","type":"post","link":"https:\/\/portaltela.pt\/noticias\/2026\/04\/28\/arquitetura-portuguesa-conquista-medalha-de-ouro\/","title":{"rendered":"Arquitetura portuguesa conquista medalha de ouro"},"content":{"rendered":"<p>A Uni\u00e3o Internacional dos Arquitectos atribuiu a Medalha de Ouro a Eduardo Souto de Moura, reconhecendo a sua obra como marco da arquitetura contempor\u00e2nea portuguesa. A distin\u00e7\u00e3o refor\u00e7a a posi\u00e7\u00e3o de Portugal no panorama internacional da arquitetura.<\/p>\n<p>A escolha decorreu de uma candidatura da Ordem dos Arquitectos e celebra uma obra que se caracteriza pela rigidez, intemporalidade e liga\u00e7\u00e3o ao territ\u00f3rio. Souto de Moura \u00e9 apresentado como parte de uma gera\u00e7\u00e3o de refer\u00eancia p\u00f3s-25 de Abril.<\/p>\n<p>Este momento destacar\u00e1 a contribui\u00e7\u00e3o de uma produ\u00e7\u00e3o que tem ajudado a projetar a imagem cultural de Portugal no mundo. A dist\u00e2ncia entre reconhecimento internacional e condi\u00e7\u00f5es de trabalho no pa\u00eds \u00e9 apontada como uma contradi\u00e7\u00e3o a considerar.<\/p>\n<h3>Reconhecimento e contexto<\/h3>\n<p>O galard\u00e3o \u00e9 visto como express\u00e3o de uma pr\u00e1tica arquitet\u00f3nica \u00e9tica e intelectual, com uma linguagem pr\u00f3pria, centrada na qualidade e na mem\u00f3ria, no saber fazer e na vida real das cidades e das paisagens.<\/p>\n<p>A not\u00edcia sublinha ainda a necessidade de melhorar as condi\u00e7\u00f5es de trabalho de muitos arquitetos em Portugal, com honor\u00e1rios justos, menos precariedade e maior valoriza\u00e7\u00e3o profissional, para sustentar futuras gera\u00e7\u00f5es.<\/p>\n<p>A Ordem dos Arquitectos v\u00ea na Medalha de Ouro uma oportunidade para valorizar o patrim\u00f3nio coletivo atrav\u00e9s de pol\u00edticas mais justas, concursos p\u00fablicos de conce\u00e7\u00e3o e uma cultura de exig\u00eancia.<\/p>\n","protected":false},"excerpt":{"rendered":"<ul>\n<li>A Medalha de Ouro da Uni\u00e3o Internacional dos Arquitectos foi atribu\u00edda a Eduardo Souto de Moura.<\/li>\n<li>A premia\u00e7\u00e3o resulta de uma candidatura da Ordem dos Arquitectos e reconhece uma obra maior, rigorosa e intemporal que representa Portugal na arquitetura contempor\u00e2nea.<\/li>\n<li>Souto de Moura integra uma gera\u00e7\u00e3o de arquitetos portugueses p\u00f3s-25 de Abril, com uma pr\u00e1tica \u00e9tica, linguagem pr\u00f3pria e enraizada no territ\u00f3rio.<\/li>\n<li>O texto destaca condi\u00e7\u00f5es fr\u00e1geis de trabalho em Portugal, com honor\u00e1rios desajustados e precariedade, sublinhando a necessidade de melhor apoio \u00e0s futuras gera\u00e7\u00f5es.<\/li>\n<li>A Ordem dos Arquitectos v\u00ea a medalha como oportunidade para valorizar o patrim\u00f3nio coletivo atrav\u00e9s de pol\u00edticas mais justas, concursos p\u00fablicos de conce\u00e7\u00e3o e melhores condi\u00e7\u00f5es de exerc\u00edcio profissional.<\/li>\n<\/ul>\n","protected":false},"author":2,"featured_media":459955,"comment_status":"closed","ping_status":"closed","sticky":false,"template":"","format":"standard","meta":{"footnotes":""},"categories":[7375,1],"tags":[142,9861,1175,7474,1014],"class_list":["post-459953","post","type-post","status-publish","format-standard","has-post-thumbnail","hentry","category-cultura","category-noticias","tag-arquitetura","tag-ordem-dos-arquitectos","tag-patrimonio-cultural","tag-patrimonio-nacional","tag-portugal"],"yoast_head":"<!-- This site is optimized with the Yoast SEO plugin v27.2 - https:\/\/yoast.com\/product\/yoast-seo-wordpress\/ -->\n<title>Arquitetura portuguesa conquista medalha de ouro - Portal Tela Portugal<\/title>\n<meta name=\"robots\" content=\"index, follow, max-snippet:-1, max-image-preview:large, max-video-preview:-1\" \/>\n<meta property=\"og:locale\" content=\"pt_PT\" \/>\n<meta property=\"og:type\" content=\"article\" \/>\n<meta property=\"og:title\" content=\"Arquitetura portuguesa conquista medalha de ouro - Portal Tela Portugal\" \/>\n<meta property=\"og:description\" content=\"A Medalha de Ouro da Uni\u00e3o Internacional dos Arquitectos foi atribu\u00edda a Eduardo Souto de Moura. A premia\u00e7\u00e3o resulta de uma candidatura da Ordem dos Arquitectos e reconhece uma obra maior, rigorosa e intemporal que representa Portugal na arquitetura contempor\u00e2nea. Souto de Moura integra uma gera\u00e7\u00e3o de arquitetos portugueses p\u00f3s-25 de Abril, com uma pr\u00e1tica \u00e9tica, linguagem pr\u00f3pria e enraizada no territ\u00f3rio. O texto destaca condi\u00e7\u00f5es fr\u00e1geis de trabalho em Portugal, com honor\u00e1rios desajustados e precariedade, sublinhando a necessidade de melhor apoio \u00e0s futuras gera\u00e7\u00f5es. A Ordem dos Arquitectos v\u00ea a medalha como oportunidade para valorizar o patrim\u00f3nio coletivo atrav\u00e9s de pol\u00edticas mais justas, concursos p\u00fablicos de conce\u00e7\u00e3o e melhores condi\u00e7\u00f5es de exerc\u00edcio profissional.\" \/>\n<meta property=\"og:url\" content=\"https:\/\/portaltela.pt\/noticias\/2026\/04\/28\/arquitetura-portuguesa-conquista-medalha-de-ouro\/\" \/>\n<meta property=\"og:site_name\" content=\"Portal Tela Portugal\" \/>\n<meta property=\"article:published_time\" content=\"2026-04-28T15:17:47+00:00\" \/>\n<meta name=\"author\" content=\"Telinha\" \/>\n<meta name=\"twitter:card\" content=\"summary_large_image\" \/>\n<meta name=\"twitter:label1\" content=\"Escrito por\" \/>\n\t<meta name=\"twitter:data1\" content=\"Telinha\" \/>\n\t<meta name=\"twitter:label2\" content=\"Tempo estimado de leitura\" \/>\n\t<meta name=\"twitter:data2\" content=\"1 minuto\" \/>\n<script type=\"application\/ld+json\" class=\"yoast-schema-graph\">{\"@context\":\"https:\/\/schema.org\",\"@graph\":[{\"@type\":\"Article\",\"@id\":\"https:\/\/portaltela.pt\/noticias\/2026\/04\/28\/arquitetura-portuguesa-conquista-medalha-de-ouro\/#article\",\"isPartOf\":{\"@id\":\"https:\/\/portaltela.pt\/noticias\/2026\/04\/28\/arquitetura-portuguesa-conquista-medalha-de-ouro\/\"},\"author\":{\"name\":\"Telinha\",\"@id\":\"https:\/\/portaltela.pt\/#\/schema\/person\/c4278d4a6028830caff9ee44b42d32ed\"},\"headline\":\"Arquitetura portuguesa conquista medalha de ouro\",\"datePublished\":\"2026-04-28T15:17:47+00:00\",\"mainEntityOfPage\":{\"@id\":\"https:\/\/portaltela.pt\/noticias\/2026\/04\/28\/arquitetura-portuguesa-conquista-medalha-de-ouro\/\"},\"wordCount\":248,\"image\":{\"@id\":\"https:\/\/portaltela.pt\/noticias\/2026\/04\/28\/arquitetura-portuguesa-conquista-medalha-de-ouro\/#primaryimage\"},\"thumbnailUrl\":\"https:\/\/portaltela.pt\/s.01k8rhncp4jt1\/2026\/04\/2084594.jpg\",\"keywords\":[\"arquitetura\",\"Ordem dos Arquitectos\",\"Patrim\u00f3nio Cultural\",\"Patrim\u00f3nio Nacional\",\"Portugal\"],\"articleSection\":[\"Cultura\",\"Not\u00edcias\"],\"inLanguage\":\"pt-PT\"},{\"@type\":\"WebPage\",\"@id\":\"https:\/\/portaltela.pt\/noticias\/2026\/04\/28\/arquitetura-portuguesa-conquista-medalha-de-ouro\/\",\"url\":\"https:\/\/portaltela.pt\/noticias\/2026\/04\/28\/arquitetura-portuguesa-conquista-medalha-de-ouro\/\",\"name\":\"Arquitetura portuguesa conquista medalha de ouro - Portal Tela Portugal\",\"isPartOf\":{\"@id\":\"https:\/\/portaltela.pt\/#website\"},\"primaryImageOfPage\":{\"@id\":\"https:\/\/portaltela.pt\/noticias\/2026\/04\/28\/arquitetura-portuguesa-conquista-medalha-de-ouro\/#primaryimage\"},\"image\":{\"@id\":\"https:\/\/portaltela.pt\/noticias\/2026\/04\/28\/arquitetura-portuguesa-conquista-medalha-de-ouro\/#primaryimage\"},\"thumbnailUrl\":\"https:\/\/portaltela.pt\/s.01k8rhncp4jt1\/2026\/04\/2084594.jpg\",\"datePublished\":\"2026-04-28T15:17:47+00:00\",\"author\":{\"@id\":\"https:\/\/portaltela.pt\/#\/schema\/person\/c4278d4a6028830caff9ee44b42d32ed\"},\"breadcrumb\":{\"@id\":\"https:\/\/portaltela.pt\/noticias\/2026\/04\/28\/arquitetura-portuguesa-conquista-medalha-de-ouro\/#breadcrumb\"},\"inLanguage\":\"pt-PT\",\"potentialAction\":[{\"@type\":\"ReadAction\",\"target\":[\"https:\/\/portaltela.pt\/noticias\/2026\/04\/28\/arquitetura-portuguesa-conquista-medalha-de-ouro\/\"]}]},{\"@type\":\"ImageObject\",\"inLanguage\":\"pt-PT\",\"@id\":\"https:\/\/portaltela.pt\/noticias\/2026\/04\/28\/arquitetura-portuguesa-conquista-medalha-de-ouro\/#primaryimage\",\"url\":\"https:\/\/portaltela.pt\/s.01k8rhncp4jt1\/2026\/04\/2084594.jpg\",\"contentUrl\":\"https:\/\/portaltela.pt\/s.01k8rhncp4jt1\/2026\/04\/2084594.jpg\",\"width\":796,\"height\":448,\"caption\":\"Avelino Oliveira \u00e9 presidente da Ordem dos Arquitectos\"},{\"@type\":\"BreadcrumbList\",\"@id\":\"https:\/\/portaltela.pt\/noticias\/2026\/04\/28\/arquitetura-portuguesa-conquista-medalha-de-ouro\/#breadcrumb\",\"itemListElement\":[{\"@type\":\"ListItem\",\"position\":1,\"name\":\"In\u00edcio\",\"item\":\"https:\/\/portaltela.pt\/\"},{\"@type\":\"ListItem\",\"position\":2,\"name\":\"Arquitetura portuguesa conquista medalha de ouro\"}]},{\"@type\":\"WebSite\",\"@id\":\"https:\/\/portaltela.pt\/#website\",\"url\":\"https:\/\/portaltela.pt\/\",\"name\":\"Portal Tela Portugal\",\"description\":\"\",\"potentialAction\":[{\"@type\":\"SearchAction\",\"target\":{\"@type\":\"EntryPoint\",\"urlTemplate\":\"https:\/\/portaltela.pt\/?s={search_term_string}\"},\"query-input\":{\"@type\":\"PropertyValueSpecification\",\"valueRequired\":true,\"valueName\":\"search_term_string\"}}],\"inLanguage\":\"pt-PT\"},{\"@type\":\"Person\",\"@id\":\"https:\/\/portaltela.pt\/#\/schema\/person\/c4278d4a6028830caff9ee44b42d32ed\",\"name\":\"Telinha\",\"image\":{\"@type\":\"ImageObject\",\"inLanguage\":\"pt-PT\",\"@id\":\"https:\/\/portaltela.pt\/s.01k8rhncp4jt1\/2025\/11\/talking-bot-125x125.png\",\"url\":\"https:\/\/portaltela.pt\/s.01k8rhncp4jt1\/2025\/11\/talking-bot-125x125.png\",\"contentUrl\":\"https:\/\/portaltela.pt\/s.01k8rhncp4jt1\/2025\/11\/talking-bot-125x125.png\",\"caption\":\"Telinha\"},\"sameAs\":[\"https:\/\/portaltela.pt\/\"],\"url\":\"https:\/\/portaltela.pt\/por\/367410592786\/\"}]}<\/script>\n<!-- \/ Yoast SEO plugin. -->","yoast_head_json":{"title":"Arquitetura portuguesa conquista medalha de ouro - Portal Tela Portugal","robots":{"index":"index","follow":"follow","max-snippet":"max-snippet:-1","max-image-preview":"max-image-preview:large","max-video-preview":"max-video-preview:-1"},"og_locale":"pt_PT","og_type":"article","og_title":"Arquitetura portuguesa conquista medalha de ouro - Portal Tela Portugal","og_description":"A Medalha de Ouro da Uni\u00e3o Internacional dos Arquitectos foi atribu\u00edda a Eduardo Souto de Moura. A premia\u00e7\u00e3o resulta de uma candidatura da Ordem dos Arquitectos e reconhece uma obra maior, rigorosa e intemporal que representa Portugal na arquitetura contempor\u00e2nea. Souto de Moura integra uma gera\u00e7\u00e3o de arquitetos portugueses p\u00f3s-25 de Abril, com uma pr\u00e1tica \u00e9tica, linguagem pr\u00f3pria e enraizada no territ\u00f3rio. O texto destaca condi\u00e7\u00f5es fr\u00e1geis de trabalho em Portugal, com honor\u00e1rios desajustados e precariedade, sublinhando a necessidade de melhor apoio \u00e0s futuras gera\u00e7\u00f5es. A Ordem dos Arquitectos v\u00ea a medalha como oportunidade para valorizar o patrim\u00f3nio coletivo atrav\u00e9s de pol\u00edticas mais justas, concursos p\u00fablicos de conce\u00e7\u00e3o e melhores condi\u00e7\u00f5es de exerc\u00edcio profissional.","og_url":"https:\/\/portaltela.pt\/noticias\/2026\/04\/28\/arquitetura-portuguesa-conquista-medalha-de-ouro\/","og_site_name":"Portal Tela Portugal","article_published_time":"2026-04-28T15:17:47+00:00","author":"Telinha","twitter_card":"summary_large_image","twitter_misc":{"Escrito por":"Telinha","Tempo estimado de leitura":"1 minuto"},"schema":{"@context":"https:\/\/schema.org","@graph":[{"@type":"Article","@id":"https:\/\/portaltela.pt\/noticias\/2026\/04\/28\/arquitetura-portuguesa-conquista-medalha-de-ouro\/#article","isPartOf":{"@id":"https:\/\/portaltela.pt\/noticias\/2026\/04\/28\/arquitetura-portuguesa-conquista-medalha-de-ouro\/"},"author":{"name":"Telinha","@id":"https:\/\/portaltela.pt\/#\/schema\/person\/c4278d4a6028830caff9ee44b42d32ed"},"headline":"Arquitetura portuguesa conquista medalha de ouro","datePublished":"2026-04-28T15:17:47+00:00","mainEntityOfPage":{"@id":"https:\/\/portaltela.pt\/noticias\/2026\/04\/28\/arquitetura-portuguesa-conquista-medalha-de-ouro\/"},"wordCount":248,"image":{"@id":"https:\/\/portaltela.pt\/noticias\/2026\/04\/28\/arquitetura-portuguesa-conquista-medalha-de-ouro\/#primaryimage"},"thumbnailUrl":"https:\/\/portaltela.pt\/s.01k8rhncp4jt1\/2026\/04\/2084594.jpg","keywords":["arquitetura","Ordem dos Arquitectos","Patrim\u00f3nio Cultural","Patrim\u00f3nio Nacional","Portugal"],"articleSection":["Cultura","Not\u00edcias"],"inLanguage":"pt-PT"},{"@type":"WebPage","@id":"https:\/\/portaltela.pt\/noticias\/2026\/04\/28\/arquitetura-portuguesa-conquista-medalha-de-ouro\/","url":"https:\/\/portaltela.pt\/noticias\/2026\/04\/28\/arquitetura-portuguesa-conquista-medalha-de-ouro\/","name":"Arquitetura portuguesa conquista medalha de ouro - Portal Tela Portugal","isPartOf":{"@id":"https:\/\/portaltela.pt\/#website"},"primaryImageOfPage":{"@id":"https:\/\/portaltela.pt\/noticias\/2026\/04\/28\/arquitetura-portuguesa-conquista-medalha-de-ouro\/#primaryimage"},"image":{"@id":"https:\/\/portaltela.pt\/noticias\/2026\/04\/28\/arquitetura-portuguesa-conquista-medalha-de-ouro\/#primaryimage"},"thumbnailUrl":"https:\/\/portaltela.pt\/s.01k8rhncp4jt1\/2026\/04\/2084594.jpg","datePublished":"2026-04-28T15:17:47+00:00","author":{"@id":"https:\/\/portaltela.pt\/#\/schema\/person\/c4278d4a6028830caff9ee44b42d32ed"},"breadcrumb":{"@id":"https:\/\/portaltela.pt\/noticias\/2026\/04\/28\/arquitetura-portuguesa-conquista-medalha-de-ouro\/#breadcrumb"},"inLanguage":"pt-PT","potentialAction":[{"@type":"ReadAction","target":["https:\/\/portaltela.pt\/noticias\/2026\/04\/28\/arquitetura-portuguesa-conquista-medalha-de-ouro\/"]}]},{"@type":"ImageObject","inLanguage":"pt-PT","@id":"https:\/\/portaltela.pt\/noticias\/2026\/04\/28\/arquitetura-portuguesa-conquista-medalha-de-ouro\/#primaryimage","url":"https:\/\/portaltela.pt\/s.01k8rhncp4jt1\/2026\/04\/2084594.jpg","contentUrl":"https:\/\/portaltela.pt\/s.01k8rhncp4jt1\/2026\/04\/2084594.jpg","width":796,"height":448,"caption":"Avelino Oliveira \u00e9 presidente da Ordem dos Arquitectos"},{"@type":"BreadcrumbList","@id":"https:\/\/portaltela.pt\/noticias\/2026\/04\/28\/arquitetura-portuguesa-conquista-medalha-de-ouro\/#breadcrumb","itemListElement":[{"@type":"ListItem","position":1,"name":"In\u00edcio","item":"https:\/\/portaltela.pt\/"},{"@type":"ListItem","position":2,"name":"Arquitetura portuguesa conquista medalha de ouro"}]},{"@type":"WebSite","@id":"https:\/\/portaltela.pt\/#website","url":"https:\/\/portaltela.pt\/","name":"Portal Tela Portugal","description":"","potentialAction":[{"@type":"SearchAction","target":{"@type":"EntryPoint","urlTemplate":"https:\/\/portaltela.pt\/?s={search_term_string}"},"query-input":{"@type":"PropertyValueSpecification","valueRequired":true,"valueName":"search_term_string"}}],"inLanguage":"pt-PT"},{"@type":"Person","@id":"https:\/\/portaltela.pt\/#\/schema\/person\/c4278d4a6028830caff9ee44b42d32ed","name":"Telinha","image":{"@type":"ImageObject","inLanguage":"pt-PT","@id":"https:\/\/portaltela.pt\/s.01k8rhncp4jt1\/2025\/11\/talking-bot-125x125.png","url":"https:\/\/portaltela.pt\/s.01k8rhncp4jt1\/2025\/11\/talking-bot-125x125.png","contentUrl":"https:\/\/portaltela.pt\/s.01k8rhncp4jt1\/2025\/11\/talking-bot-125x125.png","caption":"Telinha"},"sameAs":["https:\/\/portaltela.pt\/"],"url":"https:\/\/portaltela.pt\/por\/367410592786\/"}]}},"_links":{"self":[{"href":"https:\/\/portaltela.pt\/api\/wp\/v2\/posts\/459953","targetHints":{"allow":["GET"]}}],"collection":[{"href":"https:\/\/portaltela.pt\/api\/wp\/v2\/posts"}],"about":[{"href":"https:\/\/portaltela.pt\/api\/wp\/v2\/types\/post"}],"author":[{"embeddable":true,"href":"https:\/\/portaltela.pt\/api\/wp\/v2\/users\/2"}],"replies":[{"embeddable":true,"href":"https:\/\/portaltela.pt\/api\/wp\/v2\/comments?post=459953"}],"version-history":[{"count":0,"href":"https:\/\/portaltela.pt\/api\/wp\/v2\/posts\/459953\/revisions"}],"wp:featuredmedia":[{"embeddable":true,"href":"https:\/\/portaltela.pt\/api\/wp\/v2\/media\/459955"}],"wp:attachment":[{"href":"https:\/\/portaltela.pt\/api\/wp\/v2\/media?parent=459953"}],"wp:term":[{"taxonomy":"category","embeddable":true,"href":"https:\/\/portaltela.pt\/api\/wp\/v2\/categories?post=459953"},{"taxonomy":"post_tag","embeddable":true,"href":"https:\/\/portaltela.pt\/api\/wp\/v2\/tags?post=459953"}],"curies":[{"name":"wp","href":"https:\/\/api.w.org\/{rel}","templated":true}]}}