{"id":459938,"date":"2026-04-28T12:04:01","date_gmt":"2026-04-28T15:04:01","guid":{"rendered":"https:\/\/portaltela.pt\/noticias\/2026\/04\/28\/autarca-de-maputo-condenado-a-quatro-meses-de-multa-por-desobediencia\/"},"modified":"2026-04-28T12:04:01","modified_gmt":"2026-04-28T15:04:01","slug":"autarca-de-maputo-condenado-a-quatro-meses-de-multa-por-desobediencia","status":"publish","type":"post","link":"https:\/\/portaltela.pt\/noticias\/2026\/04\/28\/autarca-de-maputo-condenado-a-quatro-meses-de-multa-por-desobediencia\/","title":{"rendered":"Autarca de Maputo condenado a quatro meses de multa por desobedi\u00eancia"},"content":{"rendered":"<p>O autarca de Maputo foi condenado a quatro meses de pris\u00e3o convertidos em multa por desobedi\u00eancia. A not\u00edcia indica a medida judicial aplicada, sem detalhes adicionais no texto dispon\u00edvel.<\/p>\n<p>Quem est\u00e1 envolvido \u00e9 o l\u00edder municipal de Maputo. O acordo judicial envolve o autarca e o \u00f3rg\u00e3o emissor da decis\u00e3o, mas n\u00e3o h\u00e1 informa\u00e7\u00f5es p\u00fablicas sobre as circunst\u00e2ncias espec\u00edficas do caso.<\/p>\n<p>Quando e onde: o veredito refere-se a Maputo, por\u00e9m a data do julgamento n\u00e3o \u00e9 fornecida no conte\u00fado dispon\u00edvel. O motivo central \u00e9 a desobedi\u00eancia, cuja natureza n\u00e3o foi detalhada no material acess\u00edvel.<\/p>\n<p>Observa\u00e7\u00e3o: o conte\u00fado completo est\u00e1 dispon\u00edvel apenas para subscritores; a \u00edntegra da mat\u00e9ria n\u00e3o est\u00e1 acess\u00edvel sem assinatura.<\/p>\n","protected":false},"excerpt":{"rendered":"<ul>\n<li>Autarca de Maputo foi condenado a quatro meses convertidos em multa por desobedi\u00eancia.<\/li>\n<li>A pena transforma a pris\u00e3o em multa pecuni\u00e1ria.<\/li>\n<li>O conte\u00fado completo da not\u00edcia est\u00e1 dispon\u00edvel apenas para subscritores.<\/li>\n<li>O trecho divulgado n\u00e3o apresenta detalhes adicionais sobre o caso.<\/li>\n<\/ul>\n","protected":false},"author":2,"featured_media":459943,"comment_status":"closed","ping_status":"closed","sticky":false,"template":"","format":"standard","meta":{"footnotes":""},"categories":[6815,1],"tags":[168,3057,6453,2506,5661,2832],"class_list":["post-459938","post","type-post","status-publish","format-standard","has-post-thumbnail","hentry","category-justica","category-noticias","tag-administracao-publica","tag-autarcas","tag-desobedicao","tag-maputo","tag-pessoas-publicas","tag-politica"],"yoast_head":"<!-- This site is optimized with the Yoast SEO plugin v27.2 - https:\/\/yoast.com\/product\/yoast-seo-wordpress\/ -->\n<title>Autarca de Maputo condenado a quatro meses de multa por desobedi\u00eancia - Portal Tela Portugal<\/title>\n<meta name=\"robots\" content=\"index, follow, max-snippet:-1, max-image-preview:large, max-video-preview:-1\" \/>\n<meta property=\"og:locale\" content=\"pt_PT\" \/>\n<meta property=\"og:type\" content=\"article\" \/>\n<meta property=\"og:title\" content=\"Autarca de Maputo condenado a quatro meses de multa por desobedi\u00eancia - Portal Tela Portugal\" \/>\n<meta property=\"og:description\" content=\"Autarca de Maputo foi condenado a quatro meses convertidos em multa por desobedi\u00eancia. A pena transforma a pris\u00e3o em multa pecuni\u00e1ria. O conte\u00fado completo da not\u00edcia est\u00e1 dispon\u00edvel apenas para subscritores. O trecho divulgado n\u00e3o apresenta detalhes adicionais sobre o caso.\" \/>\n<meta property=\"og:url\" content=\"https:\/\/portaltela.pt\/noticias\/2026\/04\/28\/autarca-de-maputo-condenado-a-quatro-meses-de-multa-por-desobediencia\/\" \/>\n<meta property=\"og:site_name\" content=\"Portal Tela Portugal\" \/>\n<meta property=\"article:published_time\" content=\"2026-04-28T15:04:01+00:00\" \/>\n<meta name=\"author\" content=\"Telinha\" \/>\n<meta name=\"twitter:card\" content=\"summary_large_image\" \/>\n<meta name=\"twitter:label1\" content=\"Escrito por\" \/>\n\t<meta name=\"twitter:data1\" content=\"Telinha\" \/>\n\t<meta name=\"twitter:label2\" content=\"Tempo estimado de leitura\" \/>\n\t<meta name=\"twitter:data2\" content=\"1 minuto\" \/>\n<script type=\"application\/ld+json\" class=\"yoast-schema-graph\">{\"@context\":\"https:\/\/schema.org\",\"@graph\":[{\"@type\":\"Article\",\"@id\":\"https:\/\/portaltela.pt\/noticias\/2026\/04\/28\/autarca-de-maputo-condenado-a-quatro-meses-de-multa-por-desobediencia\/#article\",\"isPartOf\":{\"@id\":\"https:\/\/portaltela.pt\/noticias\/2026\/04\/28\/autarca-de-maputo-condenado-a-quatro-meses-de-multa-por-desobediencia\/\"},\"author\":{\"name\":\"Telinha\",\"@id\":\"https:\/\/portaltela.pt\/#\/schema\/person\/c4278d4a6028830caff9ee44b42d32ed\"},\"headline\":\"Autarca de Maputo condenado a quatro meses de multa por desobedi\u00eancia\",\"datePublished\":\"2026-04-28T15:04:01+00:00\",\"mainEntityOfPage\":{\"@id\":\"https:\/\/portaltela.pt\/noticias\/2026\/04\/28\/autarca-de-maputo-condenado-a-quatro-meses-de-multa-por-desobediencia\/\"},\"wordCount\":146,\"image\":{\"@id\":\"https:\/\/portaltela.pt\/noticias\/2026\/04\/28\/autarca-de-maputo-condenado-a-quatro-meses-de-multa-por-desobediencia\/#primaryimage\"},\"thumbnailUrl\":\"https:\/\/portaltela.pt\/s.01k8rhncp4jt1\/2026\/04\/CACHE_780X1200_ANALOG_WATERMARKED_44834634_18532966000077.jpg\",\"keywords\":[\"administra\u00e7\u00e3o p\u00fablica\",\"autarcas\",\"desobedi\u00e7\u00e3o\",\"Maputo\",\"pessoas p\u00fablicas\",\"pol\u00edtica\"],\"articleSection\":[\"Justi\u00e7a\",\"Not\u00edcias\"],\"inLanguage\":\"pt-PT\"},{\"@type\":\"WebPage\",\"@id\":\"https:\/\/portaltela.pt\/noticias\/2026\/04\/28\/autarca-de-maputo-condenado-a-quatro-meses-de-multa-por-desobediencia\/\",\"url\":\"https:\/\/portaltela.pt\/noticias\/2026\/04\/28\/autarca-de-maputo-condenado-a-quatro-meses-de-multa-por-desobediencia\/\",\"name\":\"Autarca de Maputo condenado a quatro meses de multa por desobedi\u00eancia - Portal Tela Portugal\",\"isPartOf\":{\"@id\":\"https:\/\/portaltela.pt\/#website\"},\"primaryImageOfPage\":{\"@id\":\"https:\/\/portaltela.pt\/noticias\/2026\/04\/28\/autarca-de-maputo-condenado-a-quatro-meses-de-multa-por-desobediencia\/#primaryimage\"},\"image\":{\"@id\":\"https:\/\/portaltela.pt\/noticias\/2026\/04\/28\/autarca-de-maputo-condenado-a-quatro-meses-de-multa-por-desobediencia\/#primaryimage\"},\"thumbnailUrl\":\"https:\/\/portaltela.pt\/s.01k8rhncp4jt1\/2026\/04\/CACHE_780X1200_ANALOG_WATERMARKED_44834634_18532966000077.jpg\",\"datePublished\":\"2026-04-28T15:04:01+00:00\",\"author\":{\"@id\":\"https:\/\/portaltela.pt\/#\/schema\/person\/c4278d4a6028830caff9ee44b42d32ed\"},\"breadcrumb\":{\"@id\":\"https:\/\/portaltela.pt\/noticias\/2026\/04\/28\/autarca-de-maputo-condenado-a-quatro-meses-de-multa-por-desobediencia\/#breadcrumb\"},\"inLanguage\":\"pt-PT\",\"potentialAction\":[{\"@type\":\"ReadAction\",\"target\":[\"https:\/\/portaltela.pt\/noticias\/2026\/04\/28\/autarca-de-maputo-condenado-a-quatro-meses-de-multa-por-desobediencia\/\"]}]},{\"@type\":\"ImageObject\",\"inLanguage\":\"pt-PT\",\"@id\":\"https:\/\/portaltela.pt\/noticias\/2026\/04\/28\/autarca-de-maputo-condenado-a-quatro-meses-de-multa-por-desobediencia\/#primaryimage\",\"url\":\"https:\/\/portaltela.pt\/s.01k8rhncp4jt1\/2026\/04\/CACHE_780X1200_ANALOG_WATERMARKED_44834634_18532966000077.jpg\",\"contentUrl\":\"https:\/\/portaltela.pt\/s.01k8rhncp4jt1\/2026\/04\/CACHE_780X1200_ANALOG_WATERMARKED_44834634_18532966000077.jpg\",\"width\":796,\"height\":448,\"caption\":\"Autarca de Maputo condenado a quatro meses convertidos em multa por desobedi\u00eancia\"},{\"@type\":\"BreadcrumbList\",\"@id\":\"https:\/\/portaltela.pt\/noticias\/2026\/04\/28\/autarca-de-maputo-condenado-a-quatro-meses-de-multa-por-desobediencia\/#breadcrumb\",\"itemListElement\":[{\"@type\":\"ListItem\",\"position\":1,\"name\":\"In\u00edcio\",\"item\":\"https:\/\/portaltela.pt\/\"},{\"@type\":\"ListItem\",\"position\":2,\"name\":\"Autarca de Maputo condenado a quatro meses de multa por desobedi\u00eancia\"}]},{\"@type\":\"WebSite\",\"@id\":\"https:\/\/portaltela.pt\/#website\",\"url\":\"https:\/\/portaltela.pt\/\",\"name\":\"Portal Tela Portugal\",\"description\":\"\",\"potentialAction\":[{\"@type\":\"SearchAction\",\"target\":{\"@type\":\"EntryPoint\",\"urlTemplate\":\"https:\/\/portaltela.pt\/?s={search_term_string}\"},\"query-input\":{\"@type\":\"PropertyValueSpecification\",\"valueRequired\":true,\"valueName\":\"search_term_string\"}}],\"inLanguage\":\"pt-PT\"},{\"@type\":\"Person\",\"@id\":\"https:\/\/portaltela.pt\/#\/schema\/person\/c4278d4a6028830caff9ee44b42d32ed\",\"name\":\"Telinha\",\"image\":{\"@type\":\"ImageObject\",\"inLanguage\":\"pt-PT\",\"@id\":\"https:\/\/portaltela.pt\/s.01k8rhncp4jt1\/2025\/11\/talking-bot-125x125.png\",\"url\":\"https:\/\/portaltela.pt\/s.01k8rhncp4jt1\/2025\/11\/talking-bot-125x125.png\",\"contentUrl\":\"https:\/\/portaltela.pt\/s.01k8rhncp4jt1\/2025\/11\/talking-bot-125x125.png\",\"caption\":\"Telinha\"},\"sameAs\":[\"https:\/\/portaltela.pt\/\"],\"url\":\"https:\/\/portaltela.pt\/por\/367410592786\/\"}]}<\/script>\n<!-- \/ Yoast SEO plugin. -->","yoast_head_json":{"title":"Autarca de Maputo condenado a quatro meses de multa por desobedi\u00eancia - Portal Tela Portugal","robots":{"index":"index","follow":"follow","max-snippet":"max-snippet:-1","max-image-preview":"max-image-preview:large","max-video-preview":"max-video-preview:-1"},"og_locale":"pt_PT","og_type":"article","og_title":"Autarca de Maputo condenado a quatro meses de multa por desobedi\u00eancia - Portal Tela Portugal","og_description":"Autarca de Maputo foi condenado a quatro meses convertidos em multa por desobedi\u00eancia. A pena transforma a pris\u00e3o em multa pecuni\u00e1ria. O conte\u00fado completo da not\u00edcia est\u00e1 dispon\u00edvel apenas para subscritores. O trecho divulgado n\u00e3o apresenta detalhes adicionais sobre o caso.","og_url":"https:\/\/portaltela.pt\/noticias\/2026\/04\/28\/autarca-de-maputo-condenado-a-quatro-meses-de-multa-por-desobediencia\/","og_site_name":"Portal Tela Portugal","article_published_time":"2026-04-28T15:04:01+00:00","author":"Telinha","twitter_card":"summary_large_image","twitter_misc":{"Escrito por":"Telinha","Tempo estimado de leitura":"1 minuto"},"schema":{"@context":"https:\/\/schema.org","@graph":[{"@type":"Article","@id":"https:\/\/portaltela.pt\/noticias\/2026\/04\/28\/autarca-de-maputo-condenado-a-quatro-meses-de-multa-por-desobediencia\/#article","isPartOf":{"@id":"https:\/\/portaltela.pt\/noticias\/2026\/04\/28\/autarca-de-maputo-condenado-a-quatro-meses-de-multa-por-desobediencia\/"},"author":{"name":"Telinha","@id":"https:\/\/portaltela.pt\/#\/schema\/person\/c4278d4a6028830caff9ee44b42d32ed"},"headline":"Autarca de Maputo condenado a quatro meses de multa por desobedi\u00eancia","datePublished":"2026-04-28T15:04:01+00:00","mainEntityOfPage":{"@id":"https:\/\/portaltela.pt\/noticias\/2026\/04\/28\/autarca-de-maputo-condenado-a-quatro-meses-de-multa-por-desobediencia\/"},"wordCount":146,"image":{"@id":"https:\/\/portaltela.pt\/noticias\/2026\/04\/28\/autarca-de-maputo-condenado-a-quatro-meses-de-multa-por-desobediencia\/#primaryimage"},"thumbnailUrl":"https:\/\/portaltela.pt\/s.01k8rhncp4jt1\/2026\/04\/CACHE_780X1200_ANALOG_WATERMARKED_44834634_18532966000077.jpg","keywords":["administra\u00e7\u00e3o p\u00fablica","autarcas","desobedi\u00e7\u00e3o","Maputo","pessoas p\u00fablicas","pol\u00edtica"],"articleSection":["Justi\u00e7a","Not\u00edcias"],"inLanguage":"pt-PT"},{"@type":"WebPage","@id":"https:\/\/portaltela.pt\/noticias\/2026\/04\/28\/autarca-de-maputo-condenado-a-quatro-meses-de-multa-por-desobediencia\/","url":"https:\/\/portaltela.pt\/noticias\/2026\/04\/28\/autarca-de-maputo-condenado-a-quatro-meses-de-multa-por-desobediencia\/","name":"Autarca de Maputo condenado a quatro meses de multa por desobedi\u00eancia - Portal Tela Portugal","isPartOf":{"@id":"https:\/\/portaltela.pt\/#website"},"primaryImageOfPage":{"@id":"https:\/\/portaltela.pt\/noticias\/2026\/04\/28\/autarca-de-maputo-condenado-a-quatro-meses-de-multa-por-desobediencia\/#primaryimage"},"image":{"@id":"https:\/\/portaltela.pt\/noticias\/2026\/04\/28\/autarca-de-maputo-condenado-a-quatro-meses-de-multa-por-desobediencia\/#primaryimage"},"thumbnailUrl":"https:\/\/portaltela.pt\/s.01k8rhncp4jt1\/2026\/04\/CACHE_780X1200_ANALOG_WATERMARKED_44834634_18532966000077.jpg","datePublished":"2026-04-28T15:04:01+00:00","author":{"@id":"https:\/\/portaltela.pt\/#\/schema\/person\/c4278d4a6028830caff9ee44b42d32ed"},"breadcrumb":{"@id":"https:\/\/portaltela.pt\/noticias\/2026\/04\/28\/autarca-de-maputo-condenado-a-quatro-meses-de-multa-por-desobediencia\/#breadcrumb"},"inLanguage":"pt-PT","potentialAction":[{"@type":"ReadAction","target":["https:\/\/portaltela.pt\/noticias\/2026\/04\/28\/autarca-de-maputo-condenado-a-quatro-meses-de-multa-por-desobediencia\/"]}]},{"@type":"ImageObject","inLanguage":"pt-PT","@id":"https:\/\/portaltela.pt\/noticias\/2026\/04\/28\/autarca-de-maputo-condenado-a-quatro-meses-de-multa-por-desobediencia\/#primaryimage","url":"https:\/\/portaltela.pt\/s.01k8rhncp4jt1\/2026\/04\/CACHE_780X1200_ANALOG_WATERMARKED_44834634_18532966000077.jpg","contentUrl":"https:\/\/portaltela.pt\/s.01k8rhncp4jt1\/2026\/04\/CACHE_780X1200_ANALOG_WATERMARKED_44834634_18532966000077.jpg","width":796,"height":448,"caption":"Autarca de Maputo condenado a quatro meses convertidos em multa por desobedi\u00eancia"},{"@type":"BreadcrumbList","@id":"https:\/\/portaltela.pt\/noticias\/2026\/04\/28\/autarca-de-maputo-condenado-a-quatro-meses-de-multa-por-desobediencia\/#breadcrumb","itemListElement":[{"@type":"ListItem","position":1,"name":"In\u00edcio","item":"https:\/\/portaltela.pt\/"},{"@type":"ListItem","position":2,"name":"Autarca de Maputo condenado a quatro meses de multa por desobedi\u00eancia"}]},{"@type":"WebSite","@id":"https:\/\/portaltela.pt\/#website","url":"https:\/\/portaltela.pt\/","name":"Portal Tela Portugal","description":"","potentialAction":[{"@type":"SearchAction","target":{"@type":"EntryPoint","urlTemplate":"https:\/\/portaltela.pt\/?s={search_term_string}"},"query-input":{"@type":"PropertyValueSpecification","valueRequired":true,"valueName":"search_term_string"}}],"inLanguage":"pt-PT"},{"@type":"Person","@id":"https:\/\/portaltela.pt\/#\/schema\/person\/c4278d4a6028830caff9ee44b42d32ed","name":"Telinha","image":{"@type":"ImageObject","inLanguage":"pt-PT","@id":"https:\/\/portaltela.pt\/s.01k8rhncp4jt1\/2025\/11\/talking-bot-125x125.png","url":"https:\/\/portaltela.pt\/s.01k8rhncp4jt1\/2025\/11\/talking-bot-125x125.png","contentUrl":"https:\/\/portaltela.pt\/s.01k8rhncp4jt1\/2025\/11\/talking-bot-125x125.png","caption":"Telinha"},"sameAs":["https:\/\/portaltela.pt\/"],"url":"https:\/\/portaltela.pt\/por\/367410592786\/"}]}},"_links":{"self":[{"href":"https:\/\/portaltela.pt\/api\/wp\/v2\/posts\/459938","targetHints":{"allow":["GET"]}}],"collection":[{"href":"https:\/\/portaltela.pt\/api\/wp\/v2\/posts"}],"about":[{"href":"https:\/\/portaltela.pt\/api\/wp\/v2\/types\/post"}],"author":[{"embeddable":true,"href":"https:\/\/portaltela.pt\/api\/wp\/v2\/users\/2"}],"replies":[{"embeddable":true,"href":"https:\/\/portaltela.pt\/api\/wp\/v2\/comments?post=459938"}],"version-history":[{"count":0,"href":"https:\/\/portaltela.pt\/api\/wp\/v2\/posts\/459938\/revisions"}],"wp:featuredmedia":[{"embeddable":true,"href":"https:\/\/portaltela.pt\/api\/wp\/v2\/media\/459943"}],"wp:attachment":[{"href":"https:\/\/portaltela.pt\/api\/wp\/v2\/media?parent=459938"}],"wp:term":[{"taxonomy":"category","embeddable":true,"href":"https:\/\/portaltela.pt\/api\/wp\/v2\/categories?post=459938"},{"taxonomy":"post_tag","embeddable":true,"href":"https:\/\/portaltela.pt\/api\/wp\/v2\/tags?post=459938"}],"curies":[{"name":"wp","href":"https:\/\/api.w.org\/{rel}","templated":true}]}}