{"id":459927,"date":"2026-04-28T12:03:46","date_gmt":"2026-04-28T15:03:46","guid":{"rendered":"https:\/\/portaltela.pt\/noticias\/2026\/04\/28\/ruinas-romanas-de-milreu-fecham-ao-publico-por-obras-de-requalificacao\/"},"modified":"2026-04-28T12:03:46","modified_gmt":"2026-04-28T15:03:46","slug":"ruinas-romanas-de-milreu-fecham-ao-publico-por-obras-de-requalificacao","status":"publish","type":"post","link":"https:\/\/portaltela.pt\/noticias\/2026\/04\/28\/ruinas-romanas-de-milreu-fecham-ao-publico-por-obras-de-requalificacao\/","title":{"rendered":"Ru\u00ednas Romanas de Milreu fecham ao p\u00fablico por obras de requalifica\u00e7\u00e3o"},"content":{"rendered":"<p>As Ru\u00ednas Romanas de Milreu ficaram interditadas ao p\u00fablico devido a obras de requalifica\u00e7\u00e3o em curso. A interven\u00e7\u00e3o visa melhorar a conserva\u00e7\u00e3o e a acessibilidade do s\u00edtio.<\/p>\n<p>A medida envolve o encerramento tempor\u00e1rio do acesso ao local, sem data prevista para o reabertura. A dura\u00e7\u00e3o das obras depende do andamento dos trabalhos de requalifica\u00e7\u00e3o.<\/p>\n<p>A gest\u00e3o do s\u00edtio arqueol\u00f3gico comunicou a situa\u00e7\u00e3o, destacando que as obras s\u00e3o previstas pela tutela para assegurar a preserva\u00e7\u00e3o do patrim\u00f3nio. A informa\u00e7\u00e3o foi veiculada pela ag\u00eancia Lusa.<\/p>\n","protected":false},"excerpt":{"rendered":"<ul>\n<li>As Ru\u00ednas Romanas de Milreu foram encerradas ao p\u00fablico.<\/li>\n<li>O encerramento deve-se a obras de requalifica\u00e7\u00e3o em curso.<\/li>\n<li>As obras visam requalificar o espa\u00e7o arqueol\u00f3gico.<\/li>\n<li>N\u00e3o h\u00e1 indica\u00e7\u00e3o de data de reabertura.<\/li>\n<\/ul>\n","protected":false},"author":2,"featured_media":459948,"comment_status":"closed","ping_status":"closed","sticky":false,"template":"","format":"standard","meta":{"footnotes":""},"categories":[7375,1],"tags":[8318,8099,8687,4880,814,1175],"class_list":["post-459927","post","type-post","status-publish","format-standard","has-post-thumbnail","hentry","category-cultura","category-noticias","tag-_acessibilidade","tag-_algarve","tag-_faro","tag-conservacao-ambiental","tag-patrimonio","tag-patrimonio-cultural"],"yoast_head":"<!-- This site is optimized with the Yoast SEO plugin v27.2 - https:\/\/yoast.com\/product\/yoast-seo-wordpress\/ -->\n<title>Ru\u00ednas Romanas de Milreu fecham ao p\u00fablico por obras de requalifica\u00e7\u00e3o - Portal Tela Portugal<\/title>\n<meta name=\"robots\" content=\"index, follow, max-snippet:-1, max-image-preview:large, max-video-preview:-1\" \/>\n<meta property=\"og:locale\" content=\"pt_PT\" \/>\n<meta property=\"og:type\" content=\"article\" \/>\n<meta property=\"og:title\" content=\"Ru\u00ednas Romanas de Milreu fecham ao p\u00fablico por obras de requalifica\u00e7\u00e3o - Portal Tela Portugal\" \/>\n<meta property=\"og:description\" content=\"As Ru\u00ednas Romanas de Milreu foram encerradas ao p\u00fablico. O encerramento deve-se a obras de requalifica\u00e7\u00e3o em curso. As obras visam requalificar o espa\u00e7o arqueol\u00f3gico. N\u00e3o h\u00e1 indica\u00e7\u00e3o de data de reabertura.\" \/>\n<meta property=\"og:url\" content=\"https:\/\/portaltela.pt\/noticias\/2026\/04\/28\/ruinas-romanas-de-milreu-fecham-ao-publico-por-obras-de-requalificacao\/\" \/>\n<meta property=\"og:site_name\" content=\"Portal Tela Portugal\" \/>\n<meta property=\"article:published_time\" content=\"2026-04-28T15:03:46+00:00\" \/>\n<meta name=\"author\" content=\"Telinha\" \/>\n<meta name=\"twitter:card\" content=\"summary_large_image\" \/>\n<meta name=\"twitter:label1\" content=\"Escrito por\" \/>\n\t<meta name=\"twitter:data1\" content=\"Telinha\" \/>\n\t<meta name=\"twitter:label2\" content=\"Tempo estimado de leitura\" \/>\n\t<meta name=\"twitter:data2\" content=\"1 minuto\" \/>\n<script type=\"application\/ld+json\" class=\"yoast-schema-graph\">{\"@context\":\"https:\/\/schema.org\",\"@graph\":[{\"@type\":\"Article\",\"@id\":\"https:\/\/portaltela.pt\/noticias\/2026\/04\/28\/ruinas-romanas-de-milreu-fecham-ao-publico-por-obras-de-requalificacao\/#article\",\"isPartOf\":{\"@id\":\"https:\/\/portaltela.pt\/noticias\/2026\/04\/28\/ruinas-romanas-de-milreu-fecham-ao-publico-por-obras-de-requalificacao\/\"},\"author\":{\"name\":\"Telinha\",\"@id\":\"https:\/\/portaltela.pt\/#\/schema\/person\/c4278d4a6028830caff9ee44b42d32ed\"},\"headline\":\"Ru\u00ednas Romanas de Milreu fecham ao p\u00fablico por obras de requalifica\u00e7\u00e3o\",\"datePublished\":\"2026-04-28T15:03:46+00:00\",\"mainEntityOfPage\":{\"@id\":\"https:\/\/portaltela.pt\/noticias\/2026\/04\/28\/ruinas-romanas-de-milreu-fecham-ao-publico-por-obras-de-requalificacao\/\"},\"wordCount\":115,\"image\":{\"@id\":\"https:\/\/portaltela.pt\/noticias\/2026\/04\/28\/ruinas-romanas-de-milreu-fecham-ao-publico-por-obras-de-requalificacao\/#primaryimage\"},\"thumbnailUrl\":\"https:\/\/portaltela.pt\/s.01k8rhncp4jt1\/2026\/04\/CACHE_780X1200_ANALOG_WATERMARKED_23622548_2315470_27032019114444.jpg\",\"keywords\":[\"_acessibilidade\",\"_Algarve\",\"_Faro\",\"conserva\u00e7\u00e3o ambiental\",\"patrim\u00f3nio\",\"Patrim\u00f3nio Cultural\"],\"articleSection\":[\"Cultura\",\"Not\u00edcias\"],\"inLanguage\":\"pt-PT\"},{\"@type\":\"WebPage\",\"@id\":\"https:\/\/portaltela.pt\/noticias\/2026\/04\/28\/ruinas-romanas-de-milreu-fecham-ao-publico-por-obras-de-requalificacao\/\",\"url\":\"https:\/\/portaltela.pt\/noticias\/2026\/04\/28\/ruinas-romanas-de-milreu-fecham-ao-publico-por-obras-de-requalificacao\/\",\"name\":\"Ru\u00ednas Romanas de Milreu fecham ao p\u00fablico por obras de requalifica\u00e7\u00e3o - Portal Tela Portugal\",\"isPartOf\":{\"@id\":\"https:\/\/portaltela.pt\/#website\"},\"primaryImageOfPage\":{\"@id\":\"https:\/\/portaltela.pt\/noticias\/2026\/04\/28\/ruinas-romanas-de-milreu-fecham-ao-publico-por-obras-de-requalificacao\/#primaryimage\"},\"image\":{\"@id\":\"https:\/\/portaltela.pt\/noticias\/2026\/04\/28\/ruinas-romanas-de-milreu-fecham-ao-publico-por-obras-de-requalificacao\/#primaryimage\"},\"thumbnailUrl\":\"https:\/\/portaltela.pt\/s.01k8rhncp4jt1\/2026\/04\/CACHE_780X1200_ANALOG_WATERMARKED_23622548_2315470_27032019114444.jpg\",\"datePublished\":\"2026-04-28T15:03:46+00:00\",\"author\":{\"@id\":\"https:\/\/portaltela.pt\/#\/schema\/person\/c4278d4a6028830caff9ee44b42d32ed\"},\"breadcrumb\":{\"@id\":\"https:\/\/portaltela.pt\/noticias\/2026\/04\/28\/ruinas-romanas-de-milreu-fecham-ao-publico-por-obras-de-requalificacao\/#breadcrumb\"},\"inLanguage\":\"pt-PT\",\"potentialAction\":[{\"@type\":\"ReadAction\",\"target\":[\"https:\/\/portaltela.pt\/noticias\/2026\/04\/28\/ruinas-romanas-de-milreu-fecham-ao-publico-por-obras-de-requalificacao\/\"]}]},{\"@type\":\"ImageObject\",\"inLanguage\":\"pt-PT\",\"@id\":\"https:\/\/portaltela.pt\/noticias\/2026\/04\/28\/ruinas-romanas-de-milreu-fecham-ao-publico-por-obras-de-requalificacao\/#primaryimage\",\"url\":\"https:\/\/portaltela.pt\/s.01k8rhncp4jt1\/2026\/04\/CACHE_780X1200_ANALOG_WATERMARKED_23622548_2315470_27032019114444.jpg\",\"contentUrl\":\"https:\/\/portaltela.pt\/s.01k8rhncp4jt1\/2026\/04\/CACHE_780X1200_ANALOG_WATERMARKED_23622548_2315470_27032019114444.jpg\",\"width\":796,\"height\":448,\"caption\":\"Ru\u00ednas Romanas de Milreu fecham ao p\u00fablico devido a obras de requalifica\u00e7\u00e3o\"},{\"@type\":\"BreadcrumbList\",\"@id\":\"https:\/\/portaltela.pt\/noticias\/2026\/04\/28\/ruinas-romanas-de-milreu-fecham-ao-publico-por-obras-de-requalificacao\/#breadcrumb\",\"itemListElement\":[{\"@type\":\"ListItem\",\"position\":1,\"name\":\"In\u00edcio\",\"item\":\"https:\/\/portaltela.pt\/\"},{\"@type\":\"ListItem\",\"position\":2,\"name\":\"Ru\u00ednas Romanas de Milreu fecham ao p\u00fablico por obras de requalifica\u00e7\u00e3o\"}]},{\"@type\":\"WebSite\",\"@id\":\"https:\/\/portaltela.pt\/#website\",\"url\":\"https:\/\/portaltela.pt\/\",\"name\":\"Portal Tela Portugal\",\"description\":\"\",\"potentialAction\":[{\"@type\":\"SearchAction\",\"target\":{\"@type\":\"EntryPoint\",\"urlTemplate\":\"https:\/\/portaltela.pt\/?s={search_term_string}\"},\"query-input\":{\"@type\":\"PropertyValueSpecification\",\"valueRequired\":true,\"valueName\":\"search_term_string\"}}],\"inLanguage\":\"pt-PT\"},{\"@type\":\"Person\",\"@id\":\"https:\/\/portaltela.pt\/#\/schema\/person\/c4278d4a6028830caff9ee44b42d32ed\",\"name\":\"Telinha\",\"image\":{\"@type\":\"ImageObject\",\"inLanguage\":\"pt-PT\",\"@id\":\"https:\/\/portaltela.pt\/s.01k8rhncp4jt1\/2025\/11\/talking-bot-125x125.png\",\"url\":\"https:\/\/portaltela.pt\/s.01k8rhncp4jt1\/2025\/11\/talking-bot-125x125.png\",\"contentUrl\":\"https:\/\/portaltela.pt\/s.01k8rhncp4jt1\/2025\/11\/talking-bot-125x125.png\",\"caption\":\"Telinha\"},\"sameAs\":[\"https:\/\/portaltela.pt\/\"],\"url\":\"https:\/\/portaltela.pt\/por\/367410592786\/\"}]}<\/script>\n<!-- \/ Yoast SEO plugin. -->","yoast_head_json":{"title":"Ru\u00ednas Romanas de Milreu fecham ao p\u00fablico por obras de requalifica\u00e7\u00e3o - Portal Tela Portugal","robots":{"index":"index","follow":"follow","max-snippet":"max-snippet:-1","max-image-preview":"max-image-preview:large","max-video-preview":"max-video-preview:-1"},"og_locale":"pt_PT","og_type":"article","og_title":"Ru\u00ednas Romanas de Milreu fecham ao p\u00fablico por obras de requalifica\u00e7\u00e3o - Portal Tela Portugal","og_description":"As Ru\u00ednas Romanas de Milreu foram encerradas ao p\u00fablico. O encerramento deve-se a obras de requalifica\u00e7\u00e3o em curso. As obras visam requalificar o espa\u00e7o arqueol\u00f3gico. N\u00e3o h\u00e1 indica\u00e7\u00e3o de data de reabertura.","og_url":"https:\/\/portaltela.pt\/noticias\/2026\/04\/28\/ruinas-romanas-de-milreu-fecham-ao-publico-por-obras-de-requalificacao\/","og_site_name":"Portal Tela Portugal","article_published_time":"2026-04-28T15:03:46+00:00","author":"Telinha","twitter_card":"summary_large_image","twitter_misc":{"Escrito por":"Telinha","Tempo estimado de leitura":"1 minuto"},"schema":{"@context":"https:\/\/schema.org","@graph":[{"@type":"Article","@id":"https:\/\/portaltela.pt\/noticias\/2026\/04\/28\/ruinas-romanas-de-milreu-fecham-ao-publico-por-obras-de-requalificacao\/#article","isPartOf":{"@id":"https:\/\/portaltela.pt\/noticias\/2026\/04\/28\/ruinas-romanas-de-milreu-fecham-ao-publico-por-obras-de-requalificacao\/"},"author":{"name":"Telinha","@id":"https:\/\/portaltela.pt\/#\/schema\/person\/c4278d4a6028830caff9ee44b42d32ed"},"headline":"Ru\u00ednas Romanas de Milreu fecham ao p\u00fablico por obras de requalifica\u00e7\u00e3o","datePublished":"2026-04-28T15:03:46+00:00","mainEntityOfPage":{"@id":"https:\/\/portaltela.pt\/noticias\/2026\/04\/28\/ruinas-romanas-de-milreu-fecham-ao-publico-por-obras-de-requalificacao\/"},"wordCount":115,"image":{"@id":"https:\/\/portaltela.pt\/noticias\/2026\/04\/28\/ruinas-romanas-de-milreu-fecham-ao-publico-por-obras-de-requalificacao\/#primaryimage"},"thumbnailUrl":"https:\/\/portaltela.pt\/s.01k8rhncp4jt1\/2026\/04\/CACHE_780X1200_ANALOG_WATERMARKED_23622548_2315470_27032019114444.jpg","keywords":["_acessibilidade","_Algarve","_Faro","conserva\u00e7\u00e3o ambiental","patrim\u00f3nio","Patrim\u00f3nio Cultural"],"articleSection":["Cultura","Not\u00edcias"],"inLanguage":"pt-PT"},{"@type":"WebPage","@id":"https:\/\/portaltela.pt\/noticias\/2026\/04\/28\/ruinas-romanas-de-milreu-fecham-ao-publico-por-obras-de-requalificacao\/","url":"https:\/\/portaltela.pt\/noticias\/2026\/04\/28\/ruinas-romanas-de-milreu-fecham-ao-publico-por-obras-de-requalificacao\/","name":"Ru\u00ednas Romanas de Milreu fecham ao p\u00fablico por obras de requalifica\u00e7\u00e3o - Portal Tela Portugal","isPartOf":{"@id":"https:\/\/portaltela.pt\/#website"},"primaryImageOfPage":{"@id":"https:\/\/portaltela.pt\/noticias\/2026\/04\/28\/ruinas-romanas-de-milreu-fecham-ao-publico-por-obras-de-requalificacao\/#primaryimage"},"image":{"@id":"https:\/\/portaltela.pt\/noticias\/2026\/04\/28\/ruinas-romanas-de-milreu-fecham-ao-publico-por-obras-de-requalificacao\/#primaryimage"},"thumbnailUrl":"https:\/\/portaltela.pt\/s.01k8rhncp4jt1\/2026\/04\/CACHE_780X1200_ANALOG_WATERMARKED_23622548_2315470_27032019114444.jpg","datePublished":"2026-04-28T15:03:46+00:00","author":{"@id":"https:\/\/portaltela.pt\/#\/schema\/person\/c4278d4a6028830caff9ee44b42d32ed"},"breadcrumb":{"@id":"https:\/\/portaltela.pt\/noticias\/2026\/04\/28\/ruinas-romanas-de-milreu-fecham-ao-publico-por-obras-de-requalificacao\/#breadcrumb"},"inLanguage":"pt-PT","potentialAction":[{"@type":"ReadAction","target":["https:\/\/portaltela.pt\/noticias\/2026\/04\/28\/ruinas-romanas-de-milreu-fecham-ao-publico-por-obras-de-requalificacao\/"]}]},{"@type":"ImageObject","inLanguage":"pt-PT","@id":"https:\/\/portaltela.pt\/noticias\/2026\/04\/28\/ruinas-romanas-de-milreu-fecham-ao-publico-por-obras-de-requalificacao\/#primaryimage","url":"https:\/\/portaltela.pt\/s.01k8rhncp4jt1\/2026\/04\/CACHE_780X1200_ANALOG_WATERMARKED_23622548_2315470_27032019114444.jpg","contentUrl":"https:\/\/portaltela.pt\/s.01k8rhncp4jt1\/2026\/04\/CACHE_780X1200_ANALOG_WATERMARKED_23622548_2315470_27032019114444.jpg","width":796,"height":448,"caption":"Ru\u00ednas Romanas de Milreu fecham ao p\u00fablico devido a obras de requalifica\u00e7\u00e3o"},{"@type":"BreadcrumbList","@id":"https:\/\/portaltela.pt\/noticias\/2026\/04\/28\/ruinas-romanas-de-milreu-fecham-ao-publico-por-obras-de-requalificacao\/#breadcrumb","itemListElement":[{"@type":"ListItem","position":1,"name":"In\u00edcio","item":"https:\/\/portaltela.pt\/"},{"@type":"ListItem","position":2,"name":"Ru\u00ednas Romanas de Milreu fecham ao p\u00fablico por obras de requalifica\u00e7\u00e3o"}]},{"@type":"WebSite","@id":"https:\/\/portaltela.pt\/#website","url":"https:\/\/portaltela.pt\/","name":"Portal Tela Portugal","description":"","potentialAction":[{"@type":"SearchAction","target":{"@type":"EntryPoint","urlTemplate":"https:\/\/portaltela.pt\/?s={search_term_string}"},"query-input":{"@type":"PropertyValueSpecification","valueRequired":true,"valueName":"search_term_string"}}],"inLanguage":"pt-PT"},{"@type":"Person","@id":"https:\/\/portaltela.pt\/#\/schema\/person\/c4278d4a6028830caff9ee44b42d32ed","name":"Telinha","image":{"@type":"ImageObject","inLanguage":"pt-PT","@id":"https:\/\/portaltela.pt\/s.01k8rhncp4jt1\/2025\/11\/talking-bot-125x125.png","url":"https:\/\/portaltela.pt\/s.01k8rhncp4jt1\/2025\/11\/talking-bot-125x125.png","contentUrl":"https:\/\/portaltela.pt\/s.01k8rhncp4jt1\/2025\/11\/talking-bot-125x125.png","caption":"Telinha"},"sameAs":["https:\/\/portaltela.pt\/"],"url":"https:\/\/portaltela.pt\/por\/367410592786\/"}]}},"_links":{"self":[{"href":"https:\/\/portaltela.pt\/api\/wp\/v2\/posts\/459927","targetHints":{"allow":["GET"]}}],"collection":[{"href":"https:\/\/portaltela.pt\/api\/wp\/v2\/posts"}],"about":[{"href":"https:\/\/portaltela.pt\/api\/wp\/v2\/types\/post"}],"author":[{"embeddable":true,"href":"https:\/\/portaltela.pt\/api\/wp\/v2\/users\/2"}],"replies":[{"embeddable":true,"href":"https:\/\/portaltela.pt\/api\/wp\/v2\/comments?post=459927"}],"version-history":[{"count":0,"href":"https:\/\/portaltela.pt\/api\/wp\/v2\/posts\/459927\/revisions"}],"wp:featuredmedia":[{"embeddable":true,"href":"https:\/\/portaltela.pt\/api\/wp\/v2\/media\/459948"}],"wp:attachment":[{"href":"https:\/\/portaltela.pt\/api\/wp\/v2\/media?parent=459927"}],"wp:term":[{"taxonomy":"category","embeddable":true,"href":"https:\/\/portaltela.pt\/api\/wp\/v2\/categories?post=459927"},{"taxonomy":"post_tag","embeddable":true,"href":"https:\/\/portaltela.pt\/api\/wp\/v2\/tags?post=459927"}],"curies":[{"name":"wp","href":"https:\/\/api.w.org\/{rel}","templated":true}]}}