{"id":459915,"date":"2026-04-28T12:03:27","date_gmt":"2026-04-28T15:03:27","guid":{"rendered":"https:\/\/portaltela.pt\/noticias\/2026\/04\/28\/eua-aceleram-deportacao-de-criancas-migrantes-sob-custodia\/"},"modified":"2026-04-28T12:03:27","modified_gmt":"2026-04-28T15:03:27","slug":"eua-aceleram-deportacao-de-criancas-migrantes-sob-custodia","status":"publish","type":"post","link":"https:\/\/portaltela.pt\/noticias\/internacional\/2026\/04\/28\/eua-aceleram-deportacao-de-criancas-migrantes-sob-custodia\/","title":{"rendered":"EUA aceleram deporta\u00e7\u00e3o de crian\u00e7as migrantes sob cust\u00f3dia"},"content":{"rendered":"<p>A\u00e7\u00f5es aceleradas de deporta\u00e7\u00e3o de crian\u00e7as migrantes sob cust\u00f3dia tomam forma nos EUA, segundo a CNN. A administra\u00e7\u00e3o de Donald Trump est\u00e1 a antecipar audi\u00eancias de imigra\u00e7\u00e3o por semanas, ou meses, para menores desacompanhados. o objetivo \u00e9 acelerar o desfecho dos casos de deporta\u00e7\u00e3o.<\/p>\n<p>Funcion\u00e1rios do governo e advogados alertam que o movimento dificulta um processo j\u00e1 complexo. H\u00e1 relatos de crian\u00e7as com apenas quatro anos a serem chamadas repetidamente a tribunais para atualiza\u00e7\u00f5es, muitas vezes sem assist\u00eancia jur\u00eddica.<\/p>\n<p>O Departamento de Sa\u00fade e Servi\u00e7os Humanos (HHS) afirma que o objetivo \u00e9 proteger as crian\u00e7as de tr\u00e1fico e explora\u00e7\u00e3o. Andrew Nixon, porta-voz, sustenta que acelerar processos ajuda a desmantelar redes criminais e a colocar as crian\u00e7as em ambientes seguros rapidamente.<\/p>\n<p>No Texas, uma audi\u00eancia de uma crian\u00e7a em abrigo foi adiantada v\u00e1rias semanas. Em outro caso, uma audi\u00eancia marcada para 2027 foi reagendada para este m\u00eas. Em geral, as audi\u00eancias de imigra\u00e7\u00e3o est\u00e3o a ocorrer mais rapidamente do que o previsto.<\/p>\n<h3>Contexto e riscos<\/h3>\n<p>As crian\u00e7as migrantes sem pais ou respons\u00e1veis chegam a abrigos federais at\u00e9 serem colocadas com familiares ou em lares adotivos. Dados federais indicam que estes menores ficam, em m\u00e9dia, quase sete meses sob cust\u00f3dia, valor em ascens\u00e3o.<\/p>\n<p>Em janeiro, um painel da ONU expressou preocupa\u00e7\u00e3o com cortes de financiamento a servi\u00e7os jur\u00eddicos para crian\u00e7as desacompanhadas. A organiza\u00e7\u00e3o chamou a aten\u00e7\u00e3o para a falta de defesa legal em processos de imigra\u00e7\u00e3o.<\/p>\n<p>O ORR (Office of Refugee Resettlement) supervisiona o acolhimento de crian\u00e7as desacompanhadas, enquanto o DHS \u00e9 respons\u00e1vel por prote\u00e7\u00e3o contra abusos. A legisla\u00e7\u00e3o prev\u00ea assist\u00eancia jur\u00eddica e impede deporta\u00e7\u00e3o acelerada.<\/p>\n<p>O financiamento a prestadores de servi\u00e7os jur\u00eddicos, suspenso a 18 de fevereiro de 2025, deixou milh\u00f5es de crian\u00e7as sem apoio legal. Mesmo ap\u00f3s a\u00e7\u00f5es judiciais, a aten\u00e7\u00e3o a estas necessidades permaneceu fr\u00e1gil.<\/p>\n<h3>Observa\u00e7\u00f5es da ONU<\/h3>\n<p>A ONU descreveu relatos de crian\u00e7as em celas sem janelas, com acesso insuficiente a cuidados de sa\u00fade e separadas dos pais por longos per\u00edodos. For\u00e7 as de aceita\u00e7\u00e3o de pagamentos para renunciar a prote\u00e7\u00f5es legais tamb\u00e9m foram mencionadas.<\/p>\n","protected":false},"excerpt":{"rendered":"<ul>\n<li>A CNN denuncia que crian\u00e7as desacompanhadas em cust\u00f3dia dos EUA est\u00e3o a ter audi\u00eancias de imigra\u00e7\u00e3o antecipadas para acelerar deporta\u00e7\u00f5es, por vezes sem assist\u00eancia jur\u00eddica.<\/li>\n<li>A Administra\u00e7\u00e3o de Donald Trump est\u00e1 a avan\u00e7ar com as audi\u00eancias semanas ou meses antes do previsto, tentando acelerar o processo de imigra\u00e7\u00e3o de menores.<\/li>\n<li>Exemplos citados incluem uma crian\u00e7a de cinco anos cuja audi\u00eancia ocorreu uma a duas semanas ap\u00f3s a chegada e mudan\u00e7as de data no Texas para abrigo, com reprograma\u00e7\u00f5es para 2027 adiadas para este m\u00eas.<\/li>\n<li>Dados oficiais indicam que existem mais de duas mil crian\u00e7as sob cust\u00f3dia do Departamento de Sa\u00fade e Servi\u00e7os Humanos, com m\u00e9dia de quase sete meses sob cust\u00f3dia.<\/li>\n<li>A ONU criticou cortes de financiamento a servi\u00e7os jur\u00eddicos para crian\u00e7as desacompanhadas, alertando para riscos de viola\u00e7\u00e3o dos direitos e deporta\u00e7\u00e3o acelerada sem representa\u00e7\u00e3o legal.<\/li>\n<\/ul>\n","protected":false},"author":2,"featured_media":459922,"comment_status":"closed","ping_status":"closed","sticky":false,"template":"","format":"standard","meta":{"footnotes":""},"categories":[4,7127],"tags":[8368,7909,7932,8097,8247,8140],"class_list":["post-459915","post","type-post","status-publish","format-standard","has-post-thumbnail","hentry","category-internacional","category-politica-internacional","tag-_direitos-dos-menores","tag-_imigracao","tag-_imigracao-internacional","tag-_protecao-de-menores","tag-_refugiados","tag-_refugiados-internos"],"yoast_head":"<!-- This site is optimized with the Yoast SEO plugin v27.2 - https:\/\/yoast.com\/product\/yoast-seo-wordpress\/ -->\n<title>EUA aceleram deporta\u00e7\u00e3o de crian\u00e7as migrantes sob cust\u00f3dia - Portal Tela Portugal<\/title>\n<meta name=\"robots\" content=\"index, follow, max-snippet:-1, max-image-preview:large, max-video-preview:-1\" \/>\n<meta property=\"og:locale\" content=\"pt_PT\" \/>\n<meta property=\"og:type\" content=\"article\" \/>\n<meta property=\"og:title\" content=\"EUA aceleram deporta\u00e7\u00e3o de crian\u00e7as migrantes sob cust\u00f3dia - Portal Tela Portugal\" \/>\n<meta property=\"og:description\" content=\"A CNN denuncia que crian\u00e7as desacompanhadas em cust\u00f3dia dos EUA est\u00e3o a ter audi\u00eancias de imigra\u00e7\u00e3o antecipadas para acelerar deporta\u00e7\u00f5es, por vezes sem assist\u00eancia jur\u00eddica. A Administra\u00e7\u00e3o de Donald Trump est\u00e1 a avan\u00e7ar com as audi\u00eancias semanas ou meses antes do previsto, tentando acelerar o processo de imigra\u00e7\u00e3o de menores. Exemplos citados incluem uma crian\u00e7a de cinco anos cuja audi\u00eancia ocorreu uma a duas semanas ap\u00f3s a chegada e mudan\u00e7as de data no Texas para abrigo, com reprograma\u00e7\u00f5es para 2027 adiadas para este m\u00eas. Dados oficiais indicam que existem mais de duas mil crian\u00e7as sob cust\u00f3dia do Departamento de Sa\u00fade e Servi\u00e7os Humanos, com m\u00e9dia de quase sete meses sob cust\u00f3dia. A ONU criticou cortes de financiamento a servi\u00e7os jur\u00eddicos para crian\u00e7as desacompanhadas, alertando para riscos de viola\u00e7\u00e3o dos direitos e deporta\u00e7\u00e3o acelerada sem representa\u00e7\u00e3o legal.\" \/>\n<meta property=\"og:url\" content=\"https:\/\/portaltela.pt\/noticias\/2026\/04\/28\/eua-aceleram-deportacao-de-criancas-migrantes-sob-custodia\/\" \/>\n<meta property=\"og:site_name\" content=\"Portal Tela Portugal\" \/>\n<meta property=\"article:published_time\" content=\"2026-04-28T15:03:27+00:00\" \/>\n<meta name=\"author\" content=\"Telinha\" \/>\n<meta name=\"twitter:card\" content=\"summary_large_image\" \/>\n<meta name=\"twitter:label1\" content=\"Escrito por\" \/>\n\t<meta name=\"twitter:data1\" content=\"Telinha\" \/>\n\t<meta name=\"twitter:label2\" content=\"Tempo estimado de leitura\" \/>\n\t<meta name=\"twitter:data2\" content=\"2 minutos\" \/>\n<script type=\"application\/ld+json\" class=\"yoast-schema-graph\">{\"@context\":\"https:\/\/schema.org\",\"@graph\":[{\"@type\":\"Article\",\"@id\":\"https:\/\/portaltela.pt\/noticias\/2026\/04\/28\/eua-aceleram-deportacao-de-criancas-migrantes-sob-custodia\/#article\",\"isPartOf\":{\"@id\":\"https:\/\/portaltela.pt\/noticias\/2026\/04\/28\/eua-aceleram-deportacao-de-criancas-migrantes-sob-custodia\/\"},\"author\":{\"name\":\"Telinha\",\"@id\":\"https:\/\/portaltela.pt\/#\/schema\/person\/c4278d4a6028830caff9ee44b42d32ed\"},\"headline\":\"EUA aceleram deporta\u00e7\u00e3o de crian\u00e7as migrantes sob cust\u00f3dia\",\"datePublished\":\"2026-04-28T15:03:27+00:00\",\"mainEntityOfPage\":{\"@id\":\"https:\/\/portaltela.pt\/noticias\/2026\/04\/28\/eua-aceleram-deportacao-de-criancas-migrantes-sob-custodia\/\"},\"wordCount\":403,\"image\":{\"@id\":\"https:\/\/portaltela.pt\/noticias\/2026\/04\/28\/eua-aceleram-deportacao-de-criancas-migrantes-sob-custodia\/#primaryimage\"},\"thumbnailUrl\":\"https:\/\/portaltela.pt\/s.01k8rhncp4jt1\/2026\/04\/2084568.jpg\",\"keywords\":[\"_direitos dos menores\",\"_imigra\u00e7\u00e3o\",\"_imigra\u00e7\u00e3o internacional\",\"_prote\u00e7\u00e3o de menores\",\"_refugiados\",\"_refugiados internos\"],\"articleSection\":[\"Internacional\",\"Pol\u00edtica Internacional\"],\"inLanguage\":\"pt-PT\"},{\"@type\":\"WebPage\",\"@id\":\"https:\/\/portaltela.pt\/noticias\/2026\/04\/28\/eua-aceleram-deportacao-de-criancas-migrantes-sob-custodia\/\",\"url\":\"https:\/\/portaltela.pt\/noticias\/2026\/04\/28\/eua-aceleram-deportacao-de-criancas-migrantes-sob-custodia\/\",\"name\":\"EUA aceleram deporta\u00e7\u00e3o de crian\u00e7as migrantes sob cust\u00f3dia - Portal Tela Portugal\",\"isPartOf\":{\"@id\":\"https:\/\/portaltela.pt\/#website\"},\"primaryImageOfPage\":{\"@id\":\"https:\/\/portaltela.pt\/noticias\/2026\/04\/28\/eua-aceleram-deportacao-de-criancas-migrantes-sob-custodia\/#primaryimage\"},\"image\":{\"@id\":\"https:\/\/portaltela.pt\/noticias\/2026\/04\/28\/eua-aceleram-deportacao-de-criancas-migrantes-sob-custodia\/#primaryimage\"},\"thumbnailUrl\":\"https:\/\/portaltela.pt\/s.01k8rhncp4jt1\/2026\/04\/2084568.jpg\",\"datePublished\":\"2026-04-28T15:03:27+00:00\",\"author\":{\"@id\":\"https:\/\/portaltela.pt\/#\/schema\/person\/c4278d4a6028830caff9ee44b42d32ed\"},\"breadcrumb\":{\"@id\":\"https:\/\/portaltela.pt\/noticias\/2026\/04\/28\/eua-aceleram-deportacao-de-criancas-migrantes-sob-custodia\/#breadcrumb\"},\"inLanguage\":\"pt-PT\",\"potentialAction\":[{\"@type\":\"ReadAction\",\"target\":[\"https:\/\/portaltela.pt\/noticias\/2026\/04\/28\/eua-aceleram-deportacao-de-criancas-migrantes-sob-custodia\/\"]}]},{\"@type\":\"ImageObject\",\"inLanguage\":\"pt-PT\",\"@id\":\"https:\/\/portaltela.pt\/noticias\/2026\/04\/28\/eua-aceleram-deportacao-de-criancas-migrantes-sob-custodia\/#primaryimage\",\"url\":\"https:\/\/portaltela.pt\/s.01k8rhncp4jt1\/2026\/04\/2084568.jpg\",\"contentUrl\":\"https:\/\/portaltela.pt\/s.01k8rhncp4jt1\/2026\/04\/2084568.jpg\",\"width\":796,\"height\":448,\"caption\":\"Migrantes de El Salvador a caminho da fronteira dos EUA, perto de Huixtla, M\u00e9xico, 27 de Novembro de 2021\"},{\"@type\":\"BreadcrumbList\",\"@id\":\"https:\/\/portaltela.pt\/noticias\/2026\/04\/28\/eua-aceleram-deportacao-de-criancas-migrantes-sob-custodia\/#breadcrumb\",\"itemListElement\":[{\"@type\":\"ListItem\",\"position\":1,\"name\":\"In\u00edcio\",\"item\":\"https:\/\/portaltela.pt\/\"},{\"@type\":\"ListItem\",\"position\":2,\"name\":\"EUA aceleram deporta\u00e7\u00e3o de crian\u00e7as migrantes sob cust\u00f3dia\"}]},{\"@type\":\"WebSite\",\"@id\":\"https:\/\/portaltela.pt\/#website\",\"url\":\"https:\/\/portaltela.pt\/\",\"name\":\"Portal Tela Portugal\",\"description\":\"\",\"potentialAction\":[{\"@type\":\"SearchAction\",\"target\":{\"@type\":\"EntryPoint\",\"urlTemplate\":\"https:\/\/portaltela.pt\/?s={search_term_string}\"},\"query-input\":{\"@type\":\"PropertyValueSpecification\",\"valueRequired\":true,\"valueName\":\"search_term_string\"}}],\"inLanguage\":\"pt-PT\"},{\"@type\":\"Person\",\"@id\":\"https:\/\/portaltela.pt\/#\/schema\/person\/c4278d4a6028830caff9ee44b42d32ed\",\"name\":\"Telinha\",\"image\":{\"@type\":\"ImageObject\",\"inLanguage\":\"pt-PT\",\"@id\":\"https:\/\/portaltela.pt\/s.01k8rhncp4jt1\/2025\/11\/talking-bot-125x125.png\",\"url\":\"https:\/\/portaltela.pt\/s.01k8rhncp4jt1\/2025\/11\/talking-bot-125x125.png\",\"contentUrl\":\"https:\/\/portaltela.pt\/s.01k8rhncp4jt1\/2025\/11\/talking-bot-125x125.png\",\"caption\":\"Telinha\"},\"sameAs\":[\"https:\/\/portaltela.pt\/\"],\"url\":\"https:\/\/portaltela.pt\/por\/367410592786\/\"}]}<\/script>\n<!-- \/ Yoast SEO plugin. -->","yoast_head_json":{"title":"EUA aceleram deporta\u00e7\u00e3o de crian\u00e7as migrantes sob cust\u00f3dia - Portal Tela Portugal","robots":{"index":"index","follow":"follow","max-snippet":"max-snippet:-1","max-image-preview":"max-image-preview:large","max-video-preview":"max-video-preview:-1"},"og_locale":"pt_PT","og_type":"article","og_title":"EUA aceleram deporta\u00e7\u00e3o de crian\u00e7as migrantes sob cust\u00f3dia - Portal Tela Portugal","og_description":"A CNN denuncia que crian\u00e7as desacompanhadas em cust\u00f3dia dos EUA est\u00e3o a ter audi\u00eancias de imigra\u00e7\u00e3o antecipadas para acelerar deporta\u00e7\u00f5es, por vezes sem assist\u00eancia jur\u00eddica. A Administra\u00e7\u00e3o de Donald Trump est\u00e1 a avan\u00e7ar com as audi\u00eancias semanas ou meses antes do previsto, tentando acelerar o processo de imigra\u00e7\u00e3o de menores. Exemplos citados incluem uma crian\u00e7a de cinco anos cuja audi\u00eancia ocorreu uma a duas semanas ap\u00f3s a chegada e mudan\u00e7as de data no Texas para abrigo, com reprograma\u00e7\u00f5es para 2027 adiadas para este m\u00eas. Dados oficiais indicam que existem mais de duas mil crian\u00e7as sob cust\u00f3dia do Departamento de Sa\u00fade e Servi\u00e7os Humanos, com m\u00e9dia de quase sete meses sob cust\u00f3dia. A ONU criticou cortes de financiamento a servi\u00e7os jur\u00eddicos para crian\u00e7as desacompanhadas, alertando para riscos de viola\u00e7\u00e3o dos direitos e deporta\u00e7\u00e3o acelerada sem representa\u00e7\u00e3o legal.","og_url":"https:\/\/portaltela.pt\/noticias\/2026\/04\/28\/eua-aceleram-deportacao-de-criancas-migrantes-sob-custodia\/","og_site_name":"Portal Tela Portugal","article_published_time":"2026-04-28T15:03:27+00:00","author":"Telinha","twitter_card":"summary_large_image","twitter_misc":{"Escrito por":"Telinha","Tempo estimado de leitura":"2 minutos"},"schema":{"@context":"https:\/\/schema.org","@graph":[{"@type":"Article","@id":"https:\/\/portaltela.pt\/noticias\/2026\/04\/28\/eua-aceleram-deportacao-de-criancas-migrantes-sob-custodia\/#article","isPartOf":{"@id":"https:\/\/portaltela.pt\/noticias\/2026\/04\/28\/eua-aceleram-deportacao-de-criancas-migrantes-sob-custodia\/"},"author":{"name":"Telinha","@id":"https:\/\/portaltela.pt\/#\/schema\/person\/c4278d4a6028830caff9ee44b42d32ed"},"headline":"EUA aceleram deporta\u00e7\u00e3o de crian\u00e7as migrantes sob cust\u00f3dia","datePublished":"2026-04-28T15:03:27+00:00","mainEntityOfPage":{"@id":"https:\/\/portaltela.pt\/noticias\/2026\/04\/28\/eua-aceleram-deportacao-de-criancas-migrantes-sob-custodia\/"},"wordCount":403,"image":{"@id":"https:\/\/portaltela.pt\/noticias\/2026\/04\/28\/eua-aceleram-deportacao-de-criancas-migrantes-sob-custodia\/#primaryimage"},"thumbnailUrl":"https:\/\/portaltela.pt\/s.01k8rhncp4jt1\/2026\/04\/2084568.jpg","keywords":["_direitos dos menores","_imigra\u00e7\u00e3o","_imigra\u00e7\u00e3o internacional","_prote\u00e7\u00e3o de menores","_refugiados","_refugiados internos"],"articleSection":["Internacional","Pol\u00edtica Internacional"],"inLanguage":"pt-PT"},{"@type":"WebPage","@id":"https:\/\/portaltela.pt\/noticias\/2026\/04\/28\/eua-aceleram-deportacao-de-criancas-migrantes-sob-custodia\/","url":"https:\/\/portaltela.pt\/noticias\/2026\/04\/28\/eua-aceleram-deportacao-de-criancas-migrantes-sob-custodia\/","name":"EUA aceleram deporta\u00e7\u00e3o de crian\u00e7as migrantes sob cust\u00f3dia - Portal Tela Portugal","isPartOf":{"@id":"https:\/\/portaltela.pt\/#website"},"primaryImageOfPage":{"@id":"https:\/\/portaltela.pt\/noticias\/2026\/04\/28\/eua-aceleram-deportacao-de-criancas-migrantes-sob-custodia\/#primaryimage"},"image":{"@id":"https:\/\/portaltela.pt\/noticias\/2026\/04\/28\/eua-aceleram-deportacao-de-criancas-migrantes-sob-custodia\/#primaryimage"},"thumbnailUrl":"https:\/\/portaltela.pt\/s.01k8rhncp4jt1\/2026\/04\/2084568.jpg","datePublished":"2026-04-28T15:03:27+00:00","author":{"@id":"https:\/\/portaltela.pt\/#\/schema\/person\/c4278d4a6028830caff9ee44b42d32ed"},"breadcrumb":{"@id":"https:\/\/portaltela.pt\/noticias\/2026\/04\/28\/eua-aceleram-deportacao-de-criancas-migrantes-sob-custodia\/#breadcrumb"},"inLanguage":"pt-PT","potentialAction":[{"@type":"ReadAction","target":["https:\/\/portaltela.pt\/noticias\/2026\/04\/28\/eua-aceleram-deportacao-de-criancas-migrantes-sob-custodia\/"]}]},{"@type":"ImageObject","inLanguage":"pt-PT","@id":"https:\/\/portaltela.pt\/noticias\/2026\/04\/28\/eua-aceleram-deportacao-de-criancas-migrantes-sob-custodia\/#primaryimage","url":"https:\/\/portaltela.pt\/s.01k8rhncp4jt1\/2026\/04\/2084568.jpg","contentUrl":"https:\/\/portaltela.pt\/s.01k8rhncp4jt1\/2026\/04\/2084568.jpg","width":796,"height":448,"caption":"Migrantes de El Salvador a caminho da fronteira dos EUA, perto de Huixtla, M\u00e9xico, 27 de Novembro de 2021"},{"@type":"BreadcrumbList","@id":"https:\/\/portaltela.pt\/noticias\/2026\/04\/28\/eua-aceleram-deportacao-de-criancas-migrantes-sob-custodia\/#breadcrumb","itemListElement":[{"@type":"ListItem","position":1,"name":"In\u00edcio","item":"https:\/\/portaltela.pt\/"},{"@type":"ListItem","position":2,"name":"EUA aceleram deporta\u00e7\u00e3o de crian\u00e7as migrantes sob cust\u00f3dia"}]},{"@type":"WebSite","@id":"https:\/\/portaltela.pt\/#website","url":"https:\/\/portaltela.pt\/","name":"Portal Tela Portugal","description":"","potentialAction":[{"@type":"SearchAction","target":{"@type":"EntryPoint","urlTemplate":"https:\/\/portaltela.pt\/?s={search_term_string}"},"query-input":{"@type":"PropertyValueSpecification","valueRequired":true,"valueName":"search_term_string"}}],"inLanguage":"pt-PT"},{"@type":"Person","@id":"https:\/\/portaltela.pt\/#\/schema\/person\/c4278d4a6028830caff9ee44b42d32ed","name":"Telinha","image":{"@type":"ImageObject","inLanguage":"pt-PT","@id":"https:\/\/portaltela.pt\/s.01k8rhncp4jt1\/2025\/11\/talking-bot-125x125.png","url":"https:\/\/portaltela.pt\/s.01k8rhncp4jt1\/2025\/11\/talking-bot-125x125.png","contentUrl":"https:\/\/portaltela.pt\/s.01k8rhncp4jt1\/2025\/11\/talking-bot-125x125.png","caption":"Telinha"},"sameAs":["https:\/\/portaltela.pt\/"],"url":"https:\/\/portaltela.pt\/por\/367410592786\/"}]}},"_links":{"self":[{"href":"https:\/\/portaltela.pt\/api\/wp\/v2\/posts\/459915","targetHints":{"allow":["GET"]}}],"collection":[{"href":"https:\/\/portaltela.pt\/api\/wp\/v2\/posts"}],"about":[{"href":"https:\/\/portaltela.pt\/api\/wp\/v2\/types\/post"}],"author":[{"embeddable":true,"href":"https:\/\/portaltela.pt\/api\/wp\/v2\/users\/2"}],"replies":[{"embeddable":true,"href":"https:\/\/portaltela.pt\/api\/wp\/v2\/comments?post=459915"}],"version-history":[{"count":0,"href":"https:\/\/portaltela.pt\/api\/wp\/v2\/posts\/459915\/revisions"}],"wp:featuredmedia":[{"embeddable":true,"href":"https:\/\/portaltela.pt\/api\/wp\/v2\/media\/459922"}],"wp:attachment":[{"href":"https:\/\/portaltela.pt\/api\/wp\/v2\/media?parent=459915"}],"wp:term":[{"taxonomy":"category","embeddable":true,"href":"https:\/\/portaltela.pt\/api\/wp\/v2\/categories?post=459915"},{"taxonomy":"post_tag","embeddable":true,"href":"https:\/\/portaltela.pt\/api\/wp\/v2\/tags?post=459915"}],"curies":[{"name":"wp","href":"https:\/\/api.w.org\/{rel}","templated":true}]}}