{"id":459913,"date":"2026-04-28T10:26:00","date_gmt":"2026-04-28T13:26:00","guid":{"rendered":"https:\/\/portaltela.pt\/noticias\/2026\/04\/28\/jornalista-andrzej-poczobut-libertado-pelo-regime-da-bielorrussia\/"},"modified":"2026-04-28T10:26:00","modified_gmt":"2026-04-28T13:26:00","slug":"jornalista-andrzej-poczobut-libertado-pelo-regime-da-bielorrussia","status":"publish","type":"post","link":"https:\/\/portaltela.pt\/internacionais\/2026\/04\/28\/jornalista-andrzej-poczobut-libertado-pelo-regime-da-bielorrussia\/","title":{"rendered":"Jornalista Andrzej Poczobut libertado pelo regime da Bielorr\u00fassia"},"content":{"rendered":"<p>O jornalista Andrzej Poczobut foi libertado pelo regime da Bielorr\u00fassia, segundo informa\u00e7\u00f5es dispon\u00edveis at\u00e9 ao momento. N\u00e3o foram revelados detalhes sobre a data nem as circunst\u00e2ncias do libertamento.<\/p>\n<p>As informa\u00e7\u00f5es dispon\u00edveis s\u00e3o escassas e n\u00e3o h\u00e1 confirma\u00e7\u00e3o independente sobre as raz\u00f5es da liberta\u00e7\u00e3o ou as condi\u00e7\u00f5es impostas ao jornalista, se \u00e9 que existiram.<\/p>\n<p>Organiza\u00e7\u00f5es de direitos humanos e entidades jornal\u00edsticas aguardam esclarecimentos oficiais para confirmar o desfecho do caso e o estado atual de Poczobut.<\/p>\n","protected":false},"excerpt":{"rendered":"<ul>\n<li>Jornalista Andrzej Poczobut libertado pelo regime da Bielorr\u00fassia.<\/li>\n<li>O conte\u00fado completo n\u00e3o est\u00e1 dispon\u00edvel sem subscri\u00e7\u00e3o.<\/li>\n<li>O trecho enviado n\u00e3o fornece detalhes adicionais sobre a liberta\u00e7\u00e3o ou datas.<\/li>\n<\/ul>\n","protected":false},"author":2,"featured_media":459916,"comment_status":"closed","ping_status":"closed","sticky":false,"template":"","format":"standard","meta":{"footnotes":""},"categories":[6912],"tags":[2633,5547,5707,3512,9859,6266],"class_list":["post-459913","post","type-post","status-publish","format-standard","has-post-thumbnail","hentry","category-internacionais","tag-direitos-humanos","tag-informacao-internacional","tag-jornalistas","tag-liberdade-de-imprensa","tag-libertacao","tag-situacoes-internacionais"],"yoast_head":"<!-- This site is optimized with the Yoast SEO plugin v27.2 - https:\/\/yoast.com\/product\/yoast-seo-wordpress\/ -->\n<title>Jornalista Andrzej Poczobut libertado pelo regime da Bielorr\u00fassia - Portal Tela Portugal<\/title>\n<meta name=\"robots\" content=\"index, follow, max-snippet:-1, max-image-preview:large, max-video-preview:-1\" \/>\n<meta property=\"og:locale\" content=\"pt_PT\" \/>\n<meta property=\"og:type\" content=\"article\" \/>\n<meta property=\"og:title\" content=\"Jornalista Andrzej Poczobut libertado pelo regime da Bielorr\u00fassia - Portal Tela Portugal\" \/>\n<meta property=\"og:description\" content=\"Jornalista Andrzej Poczobut libertado pelo regime da Bielorr\u00fassia. O conte\u00fado completo n\u00e3o est\u00e1 dispon\u00edvel sem subscri\u00e7\u00e3o. O trecho enviado n\u00e3o fornece detalhes adicionais sobre a liberta\u00e7\u00e3o ou datas.\" \/>\n<meta property=\"og:url\" content=\"https:\/\/portaltela.pt\/noticias\/2026\/04\/28\/jornalista-andrzej-poczobut-libertado-pelo-regime-da-bielorrussia\/\" \/>\n<meta property=\"og:site_name\" content=\"Portal Tela Portugal\" \/>\n<meta property=\"article:published_time\" content=\"2026-04-28T13:26:00+00:00\" \/>\n<meta name=\"author\" content=\"Telinha\" \/>\n<meta name=\"twitter:card\" content=\"summary_large_image\" \/>\n<meta name=\"twitter:label1\" content=\"Escrito por\" \/>\n\t<meta name=\"twitter:data1\" content=\"Telinha\" \/>\n<script type=\"application\/ld+json\" class=\"yoast-schema-graph\">{\"@context\":\"https:\/\/schema.org\",\"@graph\":[{\"@type\":\"Article\",\"@id\":\"https:\/\/portaltela.pt\/noticias\/2026\/04\/28\/jornalista-andrzej-poczobut-libertado-pelo-regime-da-bielorrussia\/#article\",\"isPartOf\":{\"@id\":\"https:\/\/portaltela.pt\/noticias\/2026\/04\/28\/jornalista-andrzej-poczobut-libertado-pelo-regime-da-bielorrussia\/\"},\"author\":{\"name\":\"Telinha\",\"@id\":\"https:\/\/portaltela.pt\/#\/schema\/person\/c4278d4a6028830caff9ee44b42d32ed\"},\"headline\":\"Jornalista Andrzej Poczobut libertado pelo regime da Bielorr\u00fassia\",\"datePublished\":\"2026-04-28T13:26:00+00:00\",\"mainEntityOfPage\":{\"@id\":\"https:\/\/portaltela.pt\/noticias\/2026\/04\/28\/jornalista-andrzej-poczobut-libertado-pelo-regime-da-bielorrussia\/\"},\"wordCount\":98,\"image\":{\"@id\":\"https:\/\/portaltela.pt\/noticias\/2026\/04\/28\/jornalista-andrzej-poczobut-libertado-pelo-regime-da-bielorrussia\/#primaryimage\"},\"thumbnailUrl\":\"https:\/\/portaltela.pt\/s.01k8rhncp4jt1\/2026\/04\/CACHE_780X1200_ANALOG_WATERMARKED_45893887_15277345659187.jpg\",\"keywords\":[\"direitos humanos\",\"informa\u00e7\u00e3o internacional\",\"jornalistas\",\"liberdade de imprensa\",\"liberta\u00e7\u00e3o\",\"situa\u00e7\u00f5es internacionais\"],\"articleSection\":[\"Internacionais\"],\"inLanguage\":\"pt-PT\"},{\"@type\":\"WebPage\",\"@id\":\"https:\/\/portaltela.pt\/noticias\/2026\/04\/28\/jornalista-andrzej-poczobut-libertado-pelo-regime-da-bielorrussia\/\",\"url\":\"https:\/\/portaltela.pt\/noticias\/2026\/04\/28\/jornalista-andrzej-poczobut-libertado-pelo-regime-da-bielorrussia\/\",\"name\":\"Jornalista Andrzej Poczobut libertado pelo regime da Bielorr\u00fassia - Portal Tela Portugal\",\"isPartOf\":{\"@id\":\"https:\/\/portaltela.pt\/#website\"},\"primaryImageOfPage\":{\"@id\":\"https:\/\/portaltela.pt\/noticias\/2026\/04\/28\/jornalista-andrzej-poczobut-libertado-pelo-regime-da-bielorrussia\/#primaryimage\"},\"image\":{\"@id\":\"https:\/\/portaltela.pt\/noticias\/2026\/04\/28\/jornalista-andrzej-poczobut-libertado-pelo-regime-da-bielorrussia\/#primaryimage\"},\"thumbnailUrl\":\"https:\/\/portaltela.pt\/s.01k8rhncp4jt1\/2026\/04\/CACHE_780X1200_ANALOG_WATERMARKED_45893887_15277345659187.jpg\",\"datePublished\":\"2026-04-28T13:26:00+00:00\",\"author\":{\"@id\":\"https:\/\/portaltela.pt\/#\/schema\/person\/c4278d4a6028830caff9ee44b42d32ed\"},\"breadcrumb\":{\"@id\":\"https:\/\/portaltela.pt\/noticias\/2026\/04\/28\/jornalista-andrzej-poczobut-libertado-pelo-regime-da-bielorrussia\/#breadcrumb\"},\"inLanguage\":\"pt-PT\",\"potentialAction\":[{\"@type\":\"ReadAction\",\"target\":[\"https:\/\/portaltela.pt\/noticias\/2026\/04\/28\/jornalista-andrzej-poczobut-libertado-pelo-regime-da-bielorrussia\/\"]}]},{\"@type\":\"ImageObject\",\"inLanguage\":\"pt-PT\",\"@id\":\"https:\/\/portaltela.pt\/noticias\/2026\/04\/28\/jornalista-andrzej-poczobut-libertado-pelo-regime-da-bielorrussia\/#primaryimage\",\"url\":\"https:\/\/portaltela.pt\/s.01k8rhncp4jt1\/2026\/04\/CACHE_780X1200_ANALOG_WATERMARKED_45893887_15277345659187.jpg\",\"contentUrl\":\"https:\/\/portaltela.pt\/s.01k8rhncp4jt1\/2026\/04\/CACHE_780X1200_ANALOG_WATERMARKED_45893887_15277345659187.jpg\",\"width\":768,\"height\":566,\"caption\":\"Photo\"},{\"@type\":\"BreadcrumbList\",\"@id\":\"https:\/\/portaltela.pt\/noticias\/2026\/04\/28\/jornalista-andrzej-poczobut-libertado-pelo-regime-da-bielorrussia\/#breadcrumb\",\"itemListElement\":[{\"@type\":\"ListItem\",\"position\":1,\"name\":\"In\u00edcio\",\"item\":\"https:\/\/portaltela.pt\/\"},{\"@type\":\"ListItem\",\"position\":2,\"name\":\"Jornalista Andrzej Poczobut libertado pelo regime da Bielorr\u00fassia\"}]},{\"@type\":\"WebSite\",\"@id\":\"https:\/\/portaltela.pt\/#website\",\"url\":\"https:\/\/portaltela.pt\/\",\"name\":\"Portal Tela Portugal\",\"description\":\"\",\"potentialAction\":[{\"@type\":\"SearchAction\",\"target\":{\"@type\":\"EntryPoint\",\"urlTemplate\":\"https:\/\/portaltela.pt\/?s={search_term_string}\"},\"query-input\":{\"@type\":\"PropertyValueSpecification\",\"valueRequired\":true,\"valueName\":\"search_term_string\"}}],\"inLanguage\":\"pt-PT\"},{\"@type\":\"Person\",\"@id\":\"https:\/\/portaltela.pt\/#\/schema\/person\/c4278d4a6028830caff9ee44b42d32ed\",\"name\":\"Telinha\",\"image\":{\"@type\":\"ImageObject\",\"inLanguage\":\"pt-PT\",\"@id\":\"https:\/\/portaltela.pt\/s.01k8rhncp4jt1\/2025\/11\/talking-bot-125x125.png\",\"url\":\"https:\/\/portaltela.pt\/s.01k8rhncp4jt1\/2025\/11\/talking-bot-125x125.png\",\"contentUrl\":\"https:\/\/portaltela.pt\/s.01k8rhncp4jt1\/2025\/11\/talking-bot-125x125.png\",\"caption\":\"Telinha\"},\"sameAs\":[\"https:\/\/portaltela.pt\/\"],\"url\":\"https:\/\/portaltela.pt\/por\/367410592786\/\"}]}<\/script>\n<!-- \/ Yoast SEO plugin. -->","yoast_head_json":{"title":"Jornalista Andrzej Poczobut libertado pelo regime da Bielorr\u00fassia - Portal Tela Portugal","robots":{"index":"index","follow":"follow","max-snippet":"max-snippet:-1","max-image-preview":"max-image-preview:large","max-video-preview":"max-video-preview:-1"},"og_locale":"pt_PT","og_type":"article","og_title":"Jornalista Andrzej Poczobut libertado pelo regime da Bielorr\u00fassia - Portal Tela Portugal","og_description":"Jornalista Andrzej Poczobut libertado pelo regime da Bielorr\u00fassia. O conte\u00fado completo n\u00e3o est\u00e1 dispon\u00edvel sem subscri\u00e7\u00e3o. O trecho enviado n\u00e3o fornece detalhes adicionais sobre a liberta\u00e7\u00e3o ou datas.","og_url":"https:\/\/portaltela.pt\/noticias\/2026\/04\/28\/jornalista-andrzej-poczobut-libertado-pelo-regime-da-bielorrussia\/","og_site_name":"Portal Tela Portugal","article_published_time":"2026-04-28T13:26:00+00:00","author":"Telinha","twitter_card":"summary_large_image","twitter_misc":{"Escrito por":"Telinha"},"schema":{"@context":"https:\/\/schema.org","@graph":[{"@type":"Article","@id":"https:\/\/portaltela.pt\/noticias\/2026\/04\/28\/jornalista-andrzej-poczobut-libertado-pelo-regime-da-bielorrussia\/#article","isPartOf":{"@id":"https:\/\/portaltela.pt\/noticias\/2026\/04\/28\/jornalista-andrzej-poczobut-libertado-pelo-regime-da-bielorrussia\/"},"author":{"name":"Telinha","@id":"https:\/\/portaltela.pt\/#\/schema\/person\/c4278d4a6028830caff9ee44b42d32ed"},"headline":"Jornalista Andrzej Poczobut libertado pelo regime da Bielorr\u00fassia","datePublished":"2026-04-28T13:26:00+00:00","mainEntityOfPage":{"@id":"https:\/\/portaltela.pt\/noticias\/2026\/04\/28\/jornalista-andrzej-poczobut-libertado-pelo-regime-da-bielorrussia\/"},"wordCount":98,"image":{"@id":"https:\/\/portaltela.pt\/noticias\/2026\/04\/28\/jornalista-andrzej-poczobut-libertado-pelo-regime-da-bielorrussia\/#primaryimage"},"thumbnailUrl":"https:\/\/portaltela.pt\/s.01k8rhncp4jt1\/2026\/04\/CACHE_780X1200_ANALOG_WATERMARKED_45893887_15277345659187.jpg","keywords":["direitos humanos","informa\u00e7\u00e3o internacional","jornalistas","liberdade de imprensa","liberta\u00e7\u00e3o","situa\u00e7\u00f5es internacionais"],"articleSection":["Internacionais"],"inLanguage":"pt-PT"},{"@type":"WebPage","@id":"https:\/\/portaltela.pt\/noticias\/2026\/04\/28\/jornalista-andrzej-poczobut-libertado-pelo-regime-da-bielorrussia\/","url":"https:\/\/portaltela.pt\/noticias\/2026\/04\/28\/jornalista-andrzej-poczobut-libertado-pelo-regime-da-bielorrussia\/","name":"Jornalista Andrzej Poczobut libertado pelo regime da Bielorr\u00fassia - Portal Tela Portugal","isPartOf":{"@id":"https:\/\/portaltela.pt\/#website"},"primaryImageOfPage":{"@id":"https:\/\/portaltela.pt\/noticias\/2026\/04\/28\/jornalista-andrzej-poczobut-libertado-pelo-regime-da-bielorrussia\/#primaryimage"},"image":{"@id":"https:\/\/portaltela.pt\/noticias\/2026\/04\/28\/jornalista-andrzej-poczobut-libertado-pelo-regime-da-bielorrussia\/#primaryimage"},"thumbnailUrl":"https:\/\/portaltela.pt\/s.01k8rhncp4jt1\/2026\/04\/CACHE_780X1200_ANALOG_WATERMARKED_45893887_15277345659187.jpg","datePublished":"2026-04-28T13:26:00+00:00","author":{"@id":"https:\/\/portaltela.pt\/#\/schema\/person\/c4278d4a6028830caff9ee44b42d32ed"},"breadcrumb":{"@id":"https:\/\/portaltela.pt\/noticias\/2026\/04\/28\/jornalista-andrzej-poczobut-libertado-pelo-regime-da-bielorrussia\/#breadcrumb"},"inLanguage":"pt-PT","potentialAction":[{"@type":"ReadAction","target":["https:\/\/portaltela.pt\/noticias\/2026\/04\/28\/jornalista-andrzej-poczobut-libertado-pelo-regime-da-bielorrussia\/"]}]},{"@type":"ImageObject","inLanguage":"pt-PT","@id":"https:\/\/portaltela.pt\/noticias\/2026\/04\/28\/jornalista-andrzej-poczobut-libertado-pelo-regime-da-bielorrussia\/#primaryimage","url":"https:\/\/portaltela.pt\/s.01k8rhncp4jt1\/2026\/04\/CACHE_780X1200_ANALOG_WATERMARKED_45893887_15277345659187.jpg","contentUrl":"https:\/\/portaltela.pt\/s.01k8rhncp4jt1\/2026\/04\/CACHE_780X1200_ANALOG_WATERMARKED_45893887_15277345659187.jpg","width":768,"height":566,"caption":"Photo"},{"@type":"BreadcrumbList","@id":"https:\/\/portaltela.pt\/noticias\/2026\/04\/28\/jornalista-andrzej-poczobut-libertado-pelo-regime-da-bielorrussia\/#breadcrumb","itemListElement":[{"@type":"ListItem","position":1,"name":"In\u00edcio","item":"https:\/\/portaltela.pt\/"},{"@type":"ListItem","position":2,"name":"Jornalista Andrzej Poczobut libertado pelo regime da Bielorr\u00fassia"}]},{"@type":"WebSite","@id":"https:\/\/portaltela.pt\/#website","url":"https:\/\/portaltela.pt\/","name":"Portal Tela Portugal","description":"","potentialAction":[{"@type":"SearchAction","target":{"@type":"EntryPoint","urlTemplate":"https:\/\/portaltela.pt\/?s={search_term_string}"},"query-input":{"@type":"PropertyValueSpecification","valueRequired":true,"valueName":"search_term_string"}}],"inLanguage":"pt-PT"},{"@type":"Person","@id":"https:\/\/portaltela.pt\/#\/schema\/person\/c4278d4a6028830caff9ee44b42d32ed","name":"Telinha","image":{"@type":"ImageObject","inLanguage":"pt-PT","@id":"https:\/\/portaltela.pt\/s.01k8rhncp4jt1\/2025\/11\/talking-bot-125x125.png","url":"https:\/\/portaltela.pt\/s.01k8rhncp4jt1\/2025\/11\/talking-bot-125x125.png","contentUrl":"https:\/\/portaltela.pt\/s.01k8rhncp4jt1\/2025\/11\/talking-bot-125x125.png","caption":"Telinha"},"sameAs":["https:\/\/portaltela.pt\/"],"url":"https:\/\/portaltela.pt\/por\/367410592786\/"}]}},"_links":{"self":[{"href":"https:\/\/portaltela.pt\/api\/wp\/v2\/posts\/459913","targetHints":{"allow":["GET"]}}],"collection":[{"href":"https:\/\/portaltela.pt\/api\/wp\/v2\/posts"}],"about":[{"href":"https:\/\/portaltela.pt\/api\/wp\/v2\/types\/post"}],"author":[{"embeddable":true,"href":"https:\/\/portaltela.pt\/api\/wp\/v2\/users\/2"}],"replies":[{"embeddable":true,"href":"https:\/\/portaltela.pt\/api\/wp\/v2\/comments?post=459913"}],"version-history":[{"count":0,"href":"https:\/\/portaltela.pt\/api\/wp\/v2\/posts\/459913\/revisions"}],"wp:featuredmedia":[{"embeddable":true,"href":"https:\/\/portaltela.pt\/api\/wp\/v2\/media\/459916"}],"wp:attachment":[{"href":"https:\/\/portaltela.pt\/api\/wp\/v2\/media?parent=459913"}],"wp:term":[{"taxonomy":"category","embeddable":true,"href":"https:\/\/portaltela.pt\/api\/wp\/v2\/categories?post=459913"},{"taxonomy":"post_tag","embeddable":true,"href":"https:\/\/portaltela.pt\/api\/wp\/v2\/tags?post=459913"}],"curies":[{"name":"wp","href":"https:\/\/api.w.org\/{rel}","templated":true}]}}