{"id":459893,"date":"2026-04-28T11:48:50","date_gmt":"2026-04-28T14:48:50","guid":{"rendered":"https:\/\/portaltela.pt\/noticias\/2026\/04\/28\/ira-faz-nova-ameaca-de-atacar-casas-de-agentes-da-policia-na-irlanda-do-norte\/"},"modified":"2026-04-28T11:48:50","modified_gmt":"2026-04-28T14:48:50","slug":"ira-faz-nova-ameaca-de-atacar-casas-de-agentes-da-policia-na-irlanda-do-norte","status":"publish","type":"post","link":"https:\/\/portaltela.pt\/conflitos\/2026\/04\/28\/ira-faz-nova-ameaca-de-atacar-casas-de-agentes-da-policia-na-irlanda-do-norte\/","title":{"rendered":"IRA faz nova amea\u00e7a de atacar casas de agentes da pol\u00edcia na Irlanda do Norte"},"content":{"rendered":"<p>O Novo IRA reivindicou um ataque com carro-bomba perto de uma esquadra nos arredores de Belfast, no s\u00e1bado, em Dunmurry. A explos\u00e3o n\u00e3o causou feridos. O ve\u00edculo de entregas foi roubado e o condutor foi for\u00e7ado a conduzi-lo at\u00e9 o local.<\/p>\n<p>A pol\u00edcia da Irlanda do Norte confirmou a deten\u00e7\u00e3o de um homem, de 66 anos, sob a Lei do Terrorismo, ap\u00f3s o incidente. Buscas continuam em \u00e1reas da cidade, nomeadamente nas zonas leste e oeste de Belfast.<\/p>\n<p>Segundo o Irish News, que cita o grupo militante, o alegado alvo era a esquadra e a mensagem do ataque apontava para a continua\u00e7\u00e3o da viol\u00eancia contra agentes. O grupo j\u00e1 tinha tentado ataques similares recentemente.<\/p>\n<h3>Reivindica\u00e7\u00e3o e contexto<\/h3>\n<p>O Novo IRA, criado em 2012, \u00e9 uma fac\u00e7\u00e3o dissidente que rejeita o Acordo de Sexta-Feira Santa, assente no estatuto da Irlanda do Norte dentro do Reino Unido, a menos de um referendo favor\u00e1vel \u00e0 reunifica\u00e7\u00e3o.<\/p>\n<p>O grupo extremo tem vindo a realizar ataques contra a pol\u00edcia na regi\u00e3o h\u00e1 anos, com a promessa de ampliar a\u00e7\u00f5es para atingir agentes em casa, segundo a comunica\u00e7\u00e3o do grupo, enviada a jornais locais.<\/p>\n<p>O epis\u00f3dio surge quase 30 anos ap\u00f3s o acordo de paz que reduziu significativamente a viol\u00eancia sect\u00e1ria na regi\u00e3o. O agente morto mais recente na Irlanda do Norte ocorreu h\u00e1 15 anos, numa a\u00e7\u00e3o associada a atentados contra oficiais.<\/p>\n","protected":false},"excerpt":{"rendered":"<ul>\n<li>O Novo IRA reivindicou ter colocado um carro-bomba que explodiu junto a uma esquadra em Dunmurry, nos arredores de Belfast, no s\u00e1bado; n\u00e3o houve feridos.<\/li>\n<li>A pol\u00edcia deteve um homem de 66 anos sob a Lei do Terrorismo e realizou buscas nas zonas leste e oeste de Belfast.<\/li>\n<li>O grupo militante afirmou que passar\u00e1 a visar as casas de agentes da pol\u00edcia com bombas, representando uma escalada de ataques.<\/li>\n<li>O ataque acontece quase 30 anos ap\u00f3s o acordo de paz de 1998 e insere-se numa s\u00e9rie de a\u00e7\u00f5es contra a pol\u00edcia na regi\u00e3o.<\/li>\n<li>O Novo IRA, fundado em 2012, \u00e9 menor que o Ex\u00e9rcito Republicano Irland\u00eas e costuma reivindicar ataques por meio de comunicados codificados a jornais locais.<\/li>\n<\/ul>\n","protected":false},"author":2,"featured_media":459899,"comment_status":"closed","ping_status":"closed","sticky":false,"template":"","format":"standard","meta":{"footnotes":""},"categories":[6790],"tags":[5267,2198,554,2111,4989,939],"class_list":["post-459893","post","type-post","status-publish","format-standard","has-post-thumbnail","hentry","category-conflitos","tag-ataques","tag-conflitos-internacionais","tag-policia-publica","tag-reino-unido","tag-terrorismo","tag-violencia"],"yoast_head":"<!-- This site is optimized with the Yoast SEO plugin v27.2 - https:\/\/yoast.com\/product\/yoast-seo-wordpress\/ -->\n<title>IRA faz nova amea\u00e7a de atacar casas de agentes da pol\u00edcia na Irlanda do Norte - Portal Tela Portugal<\/title>\n<meta name=\"robots\" content=\"index, follow, max-snippet:-1, max-image-preview:large, max-video-preview:-1\" \/>\n<meta property=\"og:locale\" content=\"pt_PT\" \/>\n<meta property=\"og:type\" content=\"article\" \/>\n<meta property=\"og:title\" content=\"IRA faz nova amea\u00e7a de atacar casas de agentes da pol\u00edcia na Irlanda do Norte - Portal Tela Portugal\" \/>\n<meta property=\"og:description\" content=\"O Novo IRA reivindicou ter colocado um carro-bomba que explodiu junto a uma esquadra em Dunmurry, nos arredores de Belfast, no s\u00e1bado; n\u00e3o houve feridos. A pol\u00edcia deteve um homem de 66 anos sob a Lei do Terrorismo e realizou buscas nas zonas leste e oeste de Belfast. O grupo militante afirmou que passar\u00e1 a visar as casas de agentes da pol\u00edcia com bombas, representando uma escalada de ataques. O ataque acontece quase 30 anos ap\u00f3s o acordo de paz de 1998 e insere-se numa s\u00e9rie de a\u00e7\u00f5es contra a pol\u00edcia na regi\u00e3o. O Novo IRA, fundado em 2012, \u00e9 menor que o Ex\u00e9rcito Republicano Irland\u00eas e costuma reivindicar ataques por meio de comunicados codificados a jornais locais.\" \/>\n<meta property=\"og:url\" content=\"https:\/\/portaltela.pt\/noticias\/2026\/04\/28\/ira-faz-nova-ameaca-de-atacar-casas-de-agentes-da-policia-na-irlanda-do-norte\/\" \/>\n<meta property=\"og:site_name\" content=\"Portal Tela Portugal\" \/>\n<meta property=\"article:published_time\" content=\"2026-04-28T14:48:50+00:00\" \/>\n<meta name=\"author\" content=\"Telinha\" \/>\n<meta name=\"twitter:card\" content=\"summary_large_image\" \/>\n<meta name=\"twitter:label1\" content=\"Escrito por\" \/>\n\t<meta name=\"twitter:data1\" content=\"Telinha\" \/>\n\t<meta name=\"twitter:label2\" content=\"Tempo estimado de leitura\" \/>\n\t<meta name=\"twitter:data2\" content=\"1 minuto\" \/>\n<script type=\"application\/ld+json\" class=\"yoast-schema-graph\">{\"@context\":\"https:\/\/schema.org\",\"@graph\":[{\"@type\":\"Article\",\"@id\":\"https:\/\/portaltela.pt\/noticias\/2026\/04\/28\/ira-faz-nova-ameaca-de-atacar-casas-de-agentes-da-policia-na-irlanda-do-norte\/#article\",\"isPartOf\":{\"@id\":\"https:\/\/portaltela.pt\/noticias\/2026\/04\/28\/ira-faz-nova-ameaca-de-atacar-casas-de-agentes-da-policia-na-irlanda-do-norte\/\"},\"author\":{\"name\":\"Telinha\",\"@id\":\"https:\/\/portaltela.pt\/#\/schema\/person\/c4278d4a6028830caff9ee44b42d32ed\"},\"headline\":\"IRA faz nova amea\u00e7a de atacar casas de agentes da pol\u00edcia na Irlanda do Norte\",\"datePublished\":\"2026-04-28T14:48:50+00:00\",\"mainEntityOfPage\":{\"@id\":\"https:\/\/portaltela.pt\/noticias\/2026\/04\/28\/ira-faz-nova-ameaca-de-atacar-casas-de-agentes-da-policia-na-irlanda-do-norte\/\"},\"wordCount\":262,\"image\":{\"@id\":\"https:\/\/portaltela.pt\/noticias\/2026\/04\/28\/ira-faz-nova-ameaca-de-atacar-casas-de-agentes-da-policia-na-irlanda-do-norte\/#primaryimage\"},\"thumbnailUrl\":\"https:\/\/portaltela.pt\/s.01k8rhncp4jt1\/2026\/04\/2084588.jpg\",\"keywords\":[\"ataques\",\"conflitos internacionais\",\"pol\u00edcia p\u00fablica\",\"Reino Unido\",\"terrorismo\",\"viol\u00eancia\"],\"articleSection\":[\"Conflitos\"],\"inLanguage\":\"pt-PT\"},{\"@type\":\"WebPage\",\"@id\":\"https:\/\/portaltela.pt\/noticias\/2026\/04\/28\/ira-faz-nova-ameaca-de-atacar-casas-de-agentes-da-policia-na-irlanda-do-norte\/\",\"url\":\"https:\/\/portaltela.pt\/noticias\/2026\/04\/28\/ira-faz-nova-ameaca-de-atacar-casas-de-agentes-da-policia-na-irlanda-do-norte\/\",\"name\":\"IRA faz nova amea\u00e7a de atacar casas de agentes da pol\u00edcia na Irlanda do Norte - Portal Tela Portugal\",\"isPartOf\":{\"@id\":\"https:\/\/portaltela.pt\/#website\"},\"primaryImageOfPage\":{\"@id\":\"https:\/\/portaltela.pt\/noticias\/2026\/04\/28\/ira-faz-nova-ameaca-de-atacar-casas-de-agentes-da-policia-na-irlanda-do-norte\/#primaryimage\"},\"image\":{\"@id\":\"https:\/\/portaltela.pt\/noticias\/2026\/04\/28\/ira-faz-nova-ameaca-de-atacar-casas-de-agentes-da-policia-na-irlanda-do-norte\/#primaryimage\"},\"thumbnailUrl\":\"https:\/\/portaltela.pt\/s.01k8rhncp4jt1\/2026\/04\/2084588.jpg\",\"datePublished\":\"2026-04-28T14:48:50+00:00\",\"author\":{\"@id\":\"https:\/\/portaltela.pt\/#\/schema\/person\/c4278d4a6028830caff9ee44b42d32ed\"},\"breadcrumb\":{\"@id\":\"https:\/\/portaltela.pt\/noticias\/2026\/04\/28\/ira-faz-nova-ameaca-de-atacar-casas-de-agentes-da-policia-na-irlanda-do-norte\/#breadcrumb\"},\"inLanguage\":\"pt-PT\",\"potentialAction\":[{\"@type\":\"ReadAction\",\"target\":[\"https:\/\/portaltela.pt\/noticias\/2026\/04\/28\/ira-faz-nova-ameaca-de-atacar-casas-de-agentes-da-policia-na-irlanda-do-norte\/\"]}]},{\"@type\":\"ImageObject\",\"inLanguage\":\"pt-PT\",\"@id\":\"https:\/\/portaltela.pt\/noticias\/2026\/04\/28\/ira-faz-nova-ameaca-de-atacar-casas-de-agentes-da-policia-na-irlanda-do-norte\/#primaryimage\",\"url\":\"https:\/\/portaltela.pt\/s.01k8rhncp4jt1\/2026\/04\/2084588.jpg\",\"contentUrl\":\"https:\/\/portaltela.pt\/s.01k8rhncp4jt1\/2026\/04\/2084588.jpg\",\"width\":796,\"height\":448,\"caption\":\"Agentes forenses recolhem provas no local de um ataque com carro-bomba \u00e0 esquadra de Dunmurry, no s\u00e1bado\"},{\"@type\":\"BreadcrumbList\",\"@id\":\"https:\/\/portaltela.pt\/noticias\/2026\/04\/28\/ira-faz-nova-ameaca-de-atacar-casas-de-agentes-da-policia-na-irlanda-do-norte\/#breadcrumb\",\"itemListElement\":[{\"@type\":\"ListItem\",\"position\":1,\"name\":\"In\u00edcio\",\"item\":\"https:\/\/portaltela.pt\/\"},{\"@type\":\"ListItem\",\"position\":2,\"name\":\"IRA faz nova amea\u00e7a de atacar casas de agentes da pol\u00edcia na Irlanda do Norte\"}]},{\"@type\":\"WebSite\",\"@id\":\"https:\/\/portaltela.pt\/#website\",\"url\":\"https:\/\/portaltela.pt\/\",\"name\":\"Portal Tela Portugal\",\"description\":\"\",\"potentialAction\":[{\"@type\":\"SearchAction\",\"target\":{\"@type\":\"EntryPoint\",\"urlTemplate\":\"https:\/\/portaltela.pt\/?s={search_term_string}\"},\"query-input\":{\"@type\":\"PropertyValueSpecification\",\"valueRequired\":true,\"valueName\":\"search_term_string\"}}],\"inLanguage\":\"pt-PT\"},{\"@type\":\"Person\",\"@id\":\"https:\/\/portaltela.pt\/#\/schema\/person\/c4278d4a6028830caff9ee44b42d32ed\",\"name\":\"Telinha\",\"image\":{\"@type\":\"ImageObject\",\"inLanguage\":\"pt-PT\",\"@id\":\"https:\/\/portaltela.pt\/s.01k8rhncp4jt1\/2025\/11\/talking-bot-125x125.png\",\"url\":\"https:\/\/portaltela.pt\/s.01k8rhncp4jt1\/2025\/11\/talking-bot-125x125.png\",\"contentUrl\":\"https:\/\/portaltela.pt\/s.01k8rhncp4jt1\/2025\/11\/talking-bot-125x125.png\",\"caption\":\"Telinha\"},\"sameAs\":[\"https:\/\/portaltela.pt\/\"],\"url\":\"https:\/\/portaltela.pt\/por\/367410592786\/\"}]}<\/script>\n<!-- \/ Yoast SEO plugin. -->","yoast_head_json":{"title":"IRA faz nova amea\u00e7a de atacar casas de agentes da pol\u00edcia na Irlanda do Norte - Portal Tela Portugal","robots":{"index":"index","follow":"follow","max-snippet":"max-snippet:-1","max-image-preview":"max-image-preview:large","max-video-preview":"max-video-preview:-1"},"og_locale":"pt_PT","og_type":"article","og_title":"IRA faz nova amea\u00e7a de atacar casas de agentes da pol\u00edcia na Irlanda do Norte - Portal Tela Portugal","og_description":"O Novo IRA reivindicou ter colocado um carro-bomba que explodiu junto a uma esquadra em Dunmurry, nos arredores de Belfast, no s\u00e1bado; n\u00e3o houve feridos. A pol\u00edcia deteve um homem de 66 anos sob a Lei do Terrorismo e realizou buscas nas zonas leste e oeste de Belfast. O grupo militante afirmou que passar\u00e1 a visar as casas de agentes da pol\u00edcia com bombas, representando uma escalada de ataques. O ataque acontece quase 30 anos ap\u00f3s o acordo de paz de 1998 e insere-se numa s\u00e9rie de a\u00e7\u00f5es contra a pol\u00edcia na regi\u00e3o. O Novo IRA, fundado em 2012, \u00e9 menor que o Ex\u00e9rcito Republicano Irland\u00eas e costuma reivindicar ataques por meio de comunicados codificados a jornais locais.","og_url":"https:\/\/portaltela.pt\/noticias\/2026\/04\/28\/ira-faz-nova-ameaca-de-atacar-casas-de-agentes-da-policia-na-irlanda-do-norte\/","og_site_name":"Portal Tela Portugal","article_published_time":"2026-04-28T14:48:50+00:00","author":"Telinha","twitter_card":"summary_large_image","twitter_misc":{"Escrito por":"Telinha","Tempo estimado de leitura":"1 minuto"},"schema":{"@context":"https:\/\/schema.org","@graph":[{"@type":"Article","@id":"https:\/\/portaltela.pt\/noticias\/2026\/04\/28\/ira-faz-nova-ameaca-de-atacar-casas-de-agentes-da-policia-na-irlanda-do-norte\/#article","isPartOf":{"@id":"https:\/\/portaltela.pt\/noticias\/2026\/04\/28\/ira-faz-nova-ameaca-de-atacar-casas-de-agentes-da-policia-na-irlanda-do-norte\/"},"author":{"name":"Telinha","@id":"https:\/\/portaltela.pt\/#\/schema\/person\/c4278d4a6028830caff9ee44b42d32ed"},"headline":"IRA faz nova amea\u00e7a de atacar casas de agentes da pol\u00edcia na Irlanda do Norte","datePublished":"2026-04-28T14:48:50+00:00","mainEntityOfPage":{"@id":"https:\/\/portaltela.pt\/noticias\/2026\/04\/28\/ira-faz-nova-ameaca-de-atacar-casas-de-agentes-da-policia-na-irlanda-do-norte\/"},"wordCount":262,"image":{"@id":"https:\/\/portaltela.pt\/noticias\/2026\/04\/28\/ira-faz-nova-ameaca-de-atacar-casas-de-agentes-da-policia-na-irlanda-do-norte\/#primaryimage"},"thumbnailUrl":"https:\/\/portaltela.pt\/s.01k8rhncp4jt1\/2026\/04\/2084588.jpg","keywords":["ataques","conflitos internacionais","pol\u00edcia p\u00fablica","Reino Unido","terrorismo","viol\u00eancia"],"articleSection":["Conflitos"],"inLanguage":"pt-PT"},{"@type":"WebPage","@id":"https:\/\/portaltela.pt\/noticias\/2026\/04\/28\/ira-faz-nova-ameaca-de-atacar-casas-de-agentes-da-policia-na-irlanda-do-norte\/","url":"https:\/\/portaltela.pt\/noticias\/2026\/04\/28\/ira-faz-nova-ameaca-de-atacar-casas-de-agentes-da-policia-na-irlanda-do-norte\/","name":"IRA faz nova amea\u00e7a de atacar casas de agentes da pol\u00edcia na Irlanda do Norte - Portal Tela Portugal","isPartOf":{"@id":"https:\/\/portaltela.pt\/#website"},"primaryImageOfPage":{"@id":"https:\/\/portaltela.pt\/noticias\/2026\/04\/28\/ira-faz-nova-ameaca-de-atacar-casas-de-agentes-da-policia-na-irlanda-do-norte\/#primaryimage"},"image":{"@id":"https:\/\/portaltela.pt\/noticias\/2026\/04\/28\/ira-faz-nova-ameaca-de-atacar-casas-de-agentes-da-policia-na-irlanda-do-norte\/#primaryimage"},"thumbnailUrl":"https:\/\/portaltela.pt\/s.01k8rhncp4jt1\/2026\/04\/2084588.jpg","datePublished":"2026-04-28T14:48:50+00:00","author":{"@id":"https:\/\/portaltela.pt\/#\/schema\/person\/c4278d4a6028830caff9ee44b42d32ed"},"breadcrumb":{"@id":"https:\/\/portaltela.pt\/noticias\/2026\/04\/28\/ira-faz-nova-ameaca-de-atacar-casas-de-agentes-da-policia-na-irlanda-do-norte\/#breadcrumb"},"inLanguage":"pt-PT","potentialAction":[{"@type":"ReadAction","target":["https:\/\/portaltela.pt\/noticias\/2026\/04\/28\/ira-faz-nova-ameaca-de-atacar-casas-de-agentes-da-policia-na-irlanda-do-norte\/"]}]},{"@type":"ImageObject","inLanguage":"pt-PT","@id":"https:\/\/portaltela.pt\/noticias\/2026\/04\/28\/ira-faz-nova-ameaca-de-atacar-casas-de-agentes-da-policia-na-irlanda-do-norte\/#primaryimage","url":"https:\/\/portaltela.pt\/s.01k8rhncp4jt1\/2026\/04\/2084588.jpg","contentUrl":"https:\/\/portaltela.pt\/s.01k8rhncp4jt1\/2026\/04\/2084588.jpg","width":796,"height":448,"caption":"Agentes forenses recolhem provas no local de um ataque com carro-bomba \u00e0 esquadra de Dunmurry, no s\u00e1bado"},{"@type":"BreadcrumbList","@id":"https:\/\/portaltela.pt\/noticias\/2026\/04\/28\/ira-faz-nova-ameaca-de-atacar-casas-de-agentes-da-policia-na-irlanda-do-norte\/#breadcrumb","itemListElement":[{"@type":"ListItem","position":1,"name":"In\u00edcio","item":"https:\/\/portaltela.pt\/"},{"@type":"ListItem","position":2,"name":"IRA faz nova amea\u00e7a de atacar casas de agentes da pol\u00edcia na Irlanda do Norte"}]},{"@type":"WebSite","@id":"https:\/\/portaltela.pt\/#website","url":"https:\/\/portaltela.pt\/","name":"Portal Tela Portugal","description":"","potentialAction":[{"@type":"SearchAction","target":{"@type":"EntryPoint","urlTemplate":"https:\/\/portaltela.pt\/?s={search_term_string}"},"query-input":{"@type":"PropertyValueSpecification","valueRequired":true,"valueName":"search_term_string"}}],"inLanguage":"pt-PT"},{"@type":"Person","@id":"https:\/\/portaltela.pt\/#\/schema\/person\/c4278d4a6028830caff9ee44b42d32ed","name":"Telinha","image":{"@type":"ImageObject","inLanguage":"pt-PT","@id":"https:\/\/portaltela.pt\/s.01k8rhncp4jt1\/2025\/11\/talking-bot-125x125.png","url":"https:\/\/portaltela.pt\/s.01k8rhncp4jt1\/2025\/11\/talking-bot-125x125.png","contentUrl":"https:\/\/portaltela.pt\/s.01k8rhncp4jt1\/2025\/11\/talking-bot-125x125.png","caption":"Telinha"},"sameAs":["https:\/\/portaltela.pt\/"],"url":"https:\/\/portaltela.pt\/por\/367410592786\/"}]}},"_links":{"self":[{"href":"https:\/\/portaltela.pt\/api\/wp\/v2\/posts\/459893","targetHints":{"allow":["GET"]}}],"collection":[{"href":"https:\/\/portaltela.pt\/api\/wp\/v2\/posts"}],"about":[{"href":"https:\/\/portaltela.pt\/api\/wp\/v2\/types\/post"}],"author":[{"embeddable":true,"href":"https:\/\/portaltela.pt\/api\/wp\/v2\/users\/2"}],"replies":[{"embeddable":true,"href":"https:\/\/portaltela.pt\/api\/wp\/v2\/comments?post=459893"}],"version-history":[{"count":0,"href":"https:\/\/portaltela.pt\/api\/wp\/v2\/posts\/459893\/revisions"}],"wp:featuredmedia":[{"embeddable":true,"href":"https:\/\/portaltela.pt\/api\/wp\/v2\/media\/459899"}],"wp:attachment":[{"href":"https:\/\/portaltela.pt\/api\/wp\/v2\/media?parent=459893"}],"wp:term":[{"taxonomy":"category","embeddable":true,"href":"https:\/\/portaltela.pt\/api\/wp\/v2\/categories?post=459893"},{"taxonomy":"post_tag","embeddable":true,"href":"https:\/\/portaltela.pt\/api\/wp\/v2\/tags?post=459893"}],"curies":[{"name":"wp","href":"https:\/\/api.w.org\/{rel}","templated":true}]}}