{"id":459882,"date":"2026-04-28T11:33:58","date_gmt":"2026-04-28T14:33:58","guid":{"rendered":"https:\/\/portaltela.pt\/noticias\/2026\/04\/28\/interesse-por-cuba-atinge-minimos-historicos\/"},"modified":"2026-04-28T11:33:58","modified_gmt":"2026-04-28T14:33:58","slug":"interesse-por-cuba-atinge-minimos-historicos","status":"publish","type":"post","link":"https:\/\/portaltela.pt\/noticias\/economia\/2026\/04\/28\/interesse-por-cuba-atinge-minimos-historicos\/","title":{"rendered":"Interesse por Cuba atinge m\u00ednimos hist\u00f3ricos"},"content":{"rendered":"<p>O turismo em Cuba registrou n\u00fameros historicamente baixos no primeiro trimestre de 2026. Entre janeiro e mar\u00e7o, o pa\u00eds recebeu 298.057 visitantes internacionais, uma quebra de 48% face ao mesmo per\u00edodo de 2025, segundo dados do Instituto Nacional de Estat\u00edstica e Informa\u00e7\u00e3o (ONEI).<\/p>\n<p>Em mar\u00e7o chegaram 35.561 turistas, ap\u00f3s 77.663 em fevereiro e 184.833 em janeiro. A m\u00e9dia mensal dos primeiros tr\u00eas meses de 2026 situou-se perto dos 250 mil visitantes, valor inferior \u00e0s registadas entre 2023 e 2024.<\/p>\n<h3>Queda por origem de turistas<\/h3>\n<p>Entre os principais mercados, o Canad\u00e1 aportou 124.794 turistas no trimestre, enquanto a R\u00fassia registou apenas 20.917, quedas de 55,2% e 37,5% respetivamente. A redu\u00e7\u00e3o da procura por parte de viajantes russos e canadianos ajuda a explicar o recuo global.<\/p>\n<p>As visitas da comunidade cubana no estrangeiro tamb\u00e9m diminu\u00edram, em 32,8%, totalizando 34.233 pessoas no per\u00edodo. O ONEI aponta impacto de fatores econ\u00f3micos e geopol\u00edticos na mobilidade da di\u00e1spora.<\/p>\n<h3>Contexto econ\u00f3mico e operacional<\/h3>\n<p>O turismo, setor-chave da economia cubana, j\u00e1 enfrentava dificuldades em 2025, com os piores n\u00fameros desde 2002, excetuando os anos de pandemia. A press\u00e3o externa, incluindo o embargo dos Estados Unidos, tem contribu\u00eddo para desafios no abastecimento de combust\u00edvel e opera\u00e7\u00f5es hoteleiras.<\/p>\n<p>Desde o in\u00edcio do ano, v\u00e1rias rotas a\u00e9reas, sobretudo do Canad\u00e1 e da R\u00fassia, foram afetadas pela escassez de combust\u00edvel. Al\u00e9m disso, muitos hot\u00e9is fecharam temporariamente por falta de clientela, agravando as perspetivas do setor.<\/p>\n<h3>Tend\u00eancias e perspetivas<\/h3>\n<p>A incerteza sobre a evolu\u00e7\u00e3o das tens\u00f5es entre Washington e Havana, bem como as consequ\u00eancias da car\u00eancia de combust\u00edvel, mant\u00eam o turismo cubano em terreno sens\u00edvel. Estima-se que o pa\u00eds tenha recebido pouco mais de 1,8 milh\u00f5es de visitantes estrangeiros em 2025, abaixo da meta de 2,6 milh\u00f5es.<\/p>\n<p>Para 2024, o n\u00famero total foi de 2,2 milh\u00f5es, e em 2023 alcan\u00e7ou 2,4 milh\u00f5es, de acordo com dados oficiais. As autoridades cubanas continuam a monitorizar o desempenho e a adaptar estrat\u00e9gias para atrair visitantes.<\/p>\n","protected":false},"excerpt":{"rendered":"<ul>\n<li>Entre janeiro e mar\u00e7o, Cuba recebeu 298.057 turistas internacionais, menos 48% do que no mesmo per\u00edodo do ano anterior.<\/li>\n<li>Em mar\u00e7o chegaram 35.561 visitantes, ap\u00f3s 77.663 em fevereiro e 184.833 em janeiro.<\/li>\n<li>As origens mais relevantes foram Canad\u00e1 (124.794 turistas) e R\u00fassia (20.917), com quedas de 55,2% e 37,5%, respetivamente.<\/li>\n<li>As visitas da comunidade cubana ao estrangeiro ca\u00edram 32,8%, totalizando 34.233 pessoas.<\/li>\n<li>Em 2025, Cuba teve pouco mais de 1,8 milh\u00f5es de visitantes estrangeiros, frente \u00e0 meta de 2,6 milh\u00f5es; o setor vinha em crise desde 2025, com impactos da press\u00e3o norte-americana e do bloqueio petrol\u00edfero.<\/li>\n<\/ul>\n","protected":false},"author":2,"featured_media":459890,"comment_status":"closed","ping_status":"closed","sticky":false,"template":"","format":"standard","meta":{"footnotes":""},"categories":[2,6735],"tags":[8964,9053,9858,8035,7912,9021],"class_list":["post-459882","post","type-post","status-publish","format-standard","has-post-thumbnail","hentry","category-economia","category-negocios","tag-_canada","tag-_cuba","tag-_embargo-economico","tag-_russia","tag-_turismo","tag-_turismo-internacional"],"yoast_head":"<!-- This site is optimized with the Yoast SEO plugin v27.2 - https:\/\/yoast.com\/product\/yoast-seo-wordpress\/ -->\n<title>Interesse por Cuba atinge m\u00ednimos hist\u00f3ricos - Portal Tela Portugal<\/title>\n<meta name=\"robots\" content=\"index, follow, max-snippet:-1, max-image-preview:large, max-video-preview:-1\" \/>\n<meta property=\"og:locale\" content=\"pt_PT\" \/>\n<meta property=\"og:type\" content=\"article\" \/>\n<meta property=\"og:title\" content=\"Interesse por Cuba atinge m\u00ednimos hist\u00f3ricos - Portal Tela Portugal\" \/>\n<meta property=\"og:description\" content=\"Entre janeiro e mar\u00e7o, Cuba recebeu 298.057 turistas internacionais, menos 48% do que no mesmo per\u00edodo do ano anterior. Em mar\u00e7o chegaram 35.561 visitantes, ap\u00f3s 77.663 em fevereiro e 184.833 em janeiro. As origens mais relevantes foram Canad\u00e1 (124.794 turistas) e R\u00fassia (20.917), com quedas de 55,2% e 37,5%, respetivamente. As visitas da comunidade cubana ao estrangeiro ca\u00edram 32,8%, totalizando 34.233 pessoas. Em 2025, Cuba teve pouco mais de 1,8 milh\u00f5es de visitantes estrangeiros, frente \u00e0 meta de 2,6 milh\u00f5es; o setor vinha em crise desde 2025, com impactos da press\u00e3o norte-americana e do bloqueio petrol\u00edfero.\" \/>\n<meta property=\"og:url\" content=\"https:\/\/portaltela.pt\/noticias\/2026\/04\/28\/interesse-por-cuba-atinge-minimos-historicos\/\" \/>\n<meta property=\"og:site_name\" content=\"Portal Tela Portugal\" \/>\n<meta property=\"article:published_time\" content=\"2026-04-28T14:33:58+00:00\" \/>\n<meta name=\"author\" content=\"Telinha\" \/>\n<meta name=\"twitter:card\" content=\"summary_large_image\" \/>\n<meta name=\"twitter:label1\" content=\"Escrito por\" \/>\n\t<meta name=\"twitter:data1\" content=\"Telinha\" \/>\n\t<meta name=\"twitter:label2\" content=\"Tempo estimado de leitura\" \/>\n\t<meta name=\"twitter:data2\" content=\"2 minutos\" \/>\n<script type=\"application\/ld+json\" class=\"yoast-schema-graph\">{\"@context\":\"https:\/\/schema.org\",\"@graph\":[{\"@type\":\"Article\",\"@id\":\"https:\/\/portaltela.pt\/noticias\/2026\/04\/28\/interesse-por-cuba-atinge-minimos-historicos\/#article\",\"isPartOf\":{\"@id\":\"https:\/\/portaltela.pt\/noticias\/2026\/04\/28\/interesse-por-cuba-atinge-minimos-historicos\/\"},\"author\":{\"name\":\"Telinha\",\"@id\":\"https:\/\/portaltela.pt\/#\/schema\/person\/c4278d4a6028830caff9ee44b42d32ed\"},\"headline\":\"Interesse por Cuba atinge m\u00ednimos hist\u00f3ricos\",\"datePublished\":\"2026-04-28T14:33:58+00:00\",\"mainEntityOfPage\":{\"@id\":\"https:\/\/portaltela.pt\/noticias\/2026\/04\/28\/interesse-por-cuba-atinge-minimos-historicos\/\"},\"wordCount\":349,\"image\":{\"@id\":\"https:\/\/portaltela.pt\/noticias\/2026\/04\/28\/interesse-por-cuba-atinge-minimos-historicos\/#primaryimage\"},\"thumbnailUrl\":\"https:\/\/portaltela.pt\/s.01k8rhncp4jt1\/2026\/04\/image-1599.jpg\",\"keywords\":[\"_Canad\u00e1\",\"_Cuba\",\"_embargo econ\u00f4mico\",\"_R\u00fassia\",\"_turismo\",\"_turismo internacional\"],\"articleSection\":[\"Economia\",\"Neg\u00f3cios\"],\"inLanguage\":\"pt-PT\"},{\"@type\":\"WebPage\",\"@id\":\"https:\/\/portaltela.pt\/noticias\/2026\/04\/28\/interesse-por-cuba-atinge-minimos-historicos\/\",\"url\":\"https:\/\/portaltela.pt\/noticias\/2026\/04\/28\/interesse-por-cuba-atinge-minimos-historicos\/\",\"name\":\"Interesse por Cuba atinge m\u00ednimos hist\u00f3ricos - Portal Tela Portugal\",\"isPartOf\":{\"@id\":\"https:\/\/portaltela.pt\/#website\"},\"primaryImageOfPage\":{\"@id\":\"https:\/\/portaltela.pt\/noticias\/2026\/04\/28\/interesse-por-cuba-atinge-minimos-historicos\/#primaryimage\"},\"image\":{\"@id\":\"https:\/\/portaltela.pt\/noticias\/2026\/04\/28\/interesse-por-cuba-atinge-minimos-historicos\/#primaryimage\"},\"thumbnailUrl\":\"https:\/\/portaltela.pt\/s.01k8rhncp4jt1\/2026\/04\/image-1599.jpg\",\"datePublished\":\"2026-04-28T14:33:58+00:00\",\"author\":{\"@id\":\"https:\/\/portaltela.pt\/#\/schema\/person\/c4278d4a6028830caff9ee44b42d32ed\"},\"breadcrumb\":{\"@id\":\"https:\/\/portaltela.pt\/noticias\/2026\/04\/28\/interesse-por-cuba-atinge-minimos-historicos\/#breadcrumb\"},\"inLanguage\":\"pt-PT\",\"potentialAction\":[{\"@type\":\"ReadAction\",\"target\":[\"https:\/\/portaltela.pt\/noticias\/2026\/04\/28\/interesse-por-cuba-atinge-minimos-historicos\/\"]}]},{\"@type\":\"ImageObject\",\"inLanguage\":\"pt-PT\",\"@id\":\"https:\/\/portaltela.pt\/noticias\/2026\/04\/28\/interesse-por-cuba-atinge-minimos-historicos\/#primaryimage\",\"url\":\"https:\/\/portaltela.pt\/s.01k8rhncp4jt1\/2026\/04\/image-1599.jpg\",\"contentUrl\":\"https:\/\/portaltela.pt\/s.01k8rhncp4jt1\/2026\/04\/image-1599.jpg\",\"width\":796,\"height\":448,\"caption\":\"Visitantes afastam-se de Cuba devido \u00e0 forte crise que afeta o pa\u00eds\"},{\"@type\":\"BreadcrumbList\",\"@id\":\"https:\/\/portaltela.pt\/noticias\/2026\/04\/28\/interesse-por-cuba-atinge-minimos-historicos\/#breadcrumb\",\"itemListElement\":[{\"@type\":\"ListItem\",\"position\":1,\"name\":\"In\u00edcio\",\"item\":\"https:\/\/portaltela.pt\/\"},{\"@type\":\"ListItem\",\"position\":2,\"name\":\"Interesse por Cuba atinge m\u00ednimos hist\u00f3ricos\"}]},{\"@type\":\"WebSite\",\"@id\":\"https:\/\/portaltela.pt\/#website\",\"url\":\"https:\/\/portaltela.pt\/\",\"name\":\"Portal Tela Portugal\",\"description\":\"\",\"potentialAction\":[{\"@type\":\"SearchAction\",\"target\":{\"@type\":\"EntryPoint\",\"urlTemplate\":\"https:\/\/portaltela.pt\/?s={search_term_string}\"},\"query-input\":{\"@type\":\"PropertyValueSpecification\",\"valueRequired\":true,\"valueName\":\"search_term_string\"}}],\"inLanguage\":\"pt-PT\"},{\"@type\":\"Person\",\"@id\":\"https:\/\/portaltela.pt\/#\/schema\/person\/c4278d4a6028830caff9ee44b42d32ed\",\"name\":\"Telinha\",\"image\":{\"@type\":\"ImageObject\",\"inLanguage\":\"pt-PT\",\"@id\":\"https:\/\/portaltela.pt\/s.01k8rhncp4jt1\/2025\/11\/talking-bot-125x125.png\",\"url\":\"https:\/\/portaltela.pt\/s.01k8rhncp4jt1\/2025\/11\/talking-bot-125x125.png\",\"contentUrl\":\"https:\/\/portaltela.pt\/s.01k8rhncp4jt1\/2025\/11\/talking-bot-125x125.png\",\"caption\":\"Telinha\"},\"sameAs\":[\"https:\/\/portaltela.pt\/\"],\"url\":\"https:\/\/portaltela.pt\/por\/367410592786\/\"}]}<\/script>\n<!-- \/ Yoast SEO plugin. -->","yoast_head_json":{"title":"Interesse por Cuba atinge m\u00ednimos hist\u00f3ricos - Portal Tela Portugal","robots":{"index":"index","follow":"follow","max-snippet":"max-snippet:-1","max-image-preview":"max-image-preview:large","max-video-preview":"max-video-preview:-1"},"og_locale":"pt_PT","og_type":"article","og_title":"Interesse por Cuba atinge m\u00ednimos hist\u00f3ricos - Portal Tela Portugal","og_description":"Entre janeiro e mar\u00e7o, Cuba recebeu 298.057 turistas internacionais, menos 48% do que no mesmo per\u00edodo do ano anterior. Em mar\u00e7o chegaram 35.561 visitantes, ap\u00f3s 77.663 em fevereiro e 184.833 em janeiro. As origens mais relevantes foram Canad\u00e1 (124.794 turistas) e R\u00fassia (20.917), com quedas de 55,2% e 37,5%, respetivamente. As visitas da comunidade cubana ao estrangeiro ca\u00edram 32,8%, totalizando 34.233 pessoas. Em 2025, Cuba teve pouco mais de 1,8 milh\u00f5es de visitantes estrangeiros, frente \u00e0 meta de 2,6 milh\u00f5es; o setor vinha em crise desde 2025, com impactos da press\u00e3o norte-americana e do bloqueio petrol\u00edfero.","og_url":"https:\/\/portaltela.pt\/noticias\/2026\/04\/28\/interesse-por-cuba-atinge-minimos-historicos\/","og_site_name":"Portal Tela Portugal","article_published_time":"2026-04-28T14:33:58+00:00","author":"Telinha","twitter_card":"summary_large_image","twitter_misc":{"Escrito por":"Telinha","Tempo estimado de leitura":"2 minutos"},"schema":{"@context":"https:\/\/schema.org","@graph":[{"@type":"Article","@id":"https:\/\/portaltela.pt\/noticias\/2026\/04\/28\/interesse-por-cuba-atinge-minimos-historicos\/#article","isPartOf":{"@id":"https:\/\/portaltela.pt\/noticias\/2026\/04\/28\/interesse-por-cuba-atinge-minimos-historicos\/"},"author":{"name":"Telinha","@id":"https:\/\/portaltela.pt\/#\/schema\/person\/c4278d4a6028830caff9ee44b42d32ed"},"headline":"Interesse por Cuba atinge m\u00ednimos hist\u00f3ricos","datePublished":"2026-04-28T14:33:58+00:00","mainEntityOfPage":{"@id":"https:\/\/portaltela.pt\/noticias\/2026\/04\/28\/interesse-por-cuba-atinge-minimos-historicos\/"},"wordCount":349,"image":{"@id":"https:\/\/portaltela.pt\/noticias\/2026\/04\/28\/interesse-por-cuba-atinge-minimos-historicos\/#primaryimage"},"thumbnailUrl":"https:\/\/portaltela.pt\/s.01k8rhncp4jt1\/2026\/04\/image-1599.jpg","keywords":["_Canad\u00e1","_Cuba","_embargo econ\u00f4mico","_R\u00fassia","_turismo","_turismo internacional"],"articleSection":["Economia","Neg\u00f3cios"],"inLanguage":"pt-PT"},{"@type":"WebPage","@id":"https:\/\/portaltela.pt\/noticias\/2026\/04\/28\/interesse-por-cuba-atinge-minimos-historicos\/","url":"https:\/\/portaltela.pt\/noticias\/2026\/04\/28\/interesse-por-cuba-atinge-minimos-historicos\/","name":"Interesse por Cuba atinge m\u00ednimos hist\u00f3ricos - Portal Tela Portugal","isPartOf":{"@id":"https:\/\/portaltela.pt\/#website"},"primaryImageOfPage":{"@id":"https:\/\/portaltela.pt\/noticias\/2026\/04\/28\/interesse-por-cuba-atinge-minimos-historicos\/#primaryimage"},"image":{"@id":"https:\/\/portaltela.pt\/noticias\/2026\/04\/28\/interesse-por-cuba-atinge-minimos-historicos\/#primaryimage"},"thumbnailUrl":"https:\/\/portaltela.pt\/s.01k8rhncp4jt1\/2026\/04\/image-1599.jpg","datePublished":"2026-04-28T14:33:58+00:00","author":{"@id":"https:\/\/portaltela.pt\/#\/schema\/person\/c4278d4a6028830caff9ee44b42d32ed"},"breadcrumb":{"@id":"https:\/\/portaltela.pt\/noticias\/2026\/04\/28\/interesse-por-cuba-atinge-minimos-historicos\/#breadcrumb"},"inLanguage":"pt-PT","potentialAction":[{"@type":"ReadAction","target":["https:\/\/portaltela.pt\/noticias\/2026\/04\/28\/interesse-por-cuba-atinge-minimos-historicos\/"]}]},{"@type":"ImageObject","inLanguage":"pt-PT","@id":"https:\/\/portaltela.pt\/noticias\/2026\/04\/28\/interesse-por-cuba-atinge-minimos-historicos\/#primaryimage","url":"https:\/\/portaltela.pt\/s.01k8rhncp4jt1\/2026\/04\/image-1599.jpg","contentUrl":"https:\/\/portaltela.pt\/s.01k8rhncp4jt1\/2026\/04\/image-1599.jpg","width":796,"height":448,"caption":"Visitantes afastam-se de Cuba devido \u00e0 forte crise que afeta o pa\u00eds"},{"@type":"BreadcrumbList","@id":"https:\/\/portaltela.pt\/noticias\/2026\/04\/28\/interesse-por-cuba-atinge-minimos-historicos\/#breadcrumb","itemListElement":[{"@type":"ListItem","position":1,"name":"In\u00edcio","item":"https:\/\/portaltela.pt\/"},{"@type":"ListItem","position":2,"name":"Interesse por Cuba atinge m\u00ednimos hist\u00f3ricos"}]},{"@type":"WebSite","@id":"https:\/\/portaltela.pt\/#website","url":"https:\/\/portaltela.pt\/","name":"Portal Tela Portugal","description":"","potentialAction":[{"@type":"SearchAction","target":{"@type":"EntryPoint","urlTemplate":"https:\/\/portaltela.pt\/?s={search_term_string}"},"query-input":{"@type":"PropertyValueSpecification","valueRequired":true,"valueName":"search_term_string"}}],"inLanguage":"pt-PT"},{"@type":"Person","@id":"https:\/\/portaltela.pt\/#\/schema\/person\/c4278d4a6028830caff9ee44b42d32ed","name":"Telinha","image":{"@type":"ImageObject","inLanguage":"pt-PT","@id":"https:\/\/portaltela.pt\/s.01k8rhncp4jt1\/2025\/11\/talking-bot-125x125.png","url":"https:\/\/portaltela.pt\/s.01k8rhncp4jt1\/2025\/11\/talking-bot-125x125.png","contentUrl":"https:\/\/portaltela.pt\/s.01k8rhncp4jt1\/2025\/11\/talking-bot-125x125.png","caption":"Telinha"},"sameAs":["https:\/\/portaltela.pt\/"],"url":"https:\/\/portaltela.pt\/por\/367410592786\/"}]}},"_links":{"self":[{"href":"https:\/\/portaltela.pt\/api\/wp\/v2\/posts\/459882","targetHints":{"allow":["GET"]}}],"collection":[{"href":"https:\/\/portaltela.pt\/api\/wp\/v2\/posts"}],"about":[{"href":"https:\/\/portaltela.pt\/api\/wp\/v2\/types\/post"}],"author":[{"embeddable":true,"href":"https:\/\/portaltela.pt\/api\/wp\/v2\/users\/2"}],"replies":[{"embeddable":true,"href":"https:\/\/portaltela.pt\/api\/wp\/v2\/comments?post=459882"}],"version-history":[{"count":0,"href":"https:\/\/portaltela.pt\/api\/wp\/v2\/posts\/459882\/revisions"}],"wp:featuredmedia":[{"embeddable":true,"href":"https:\/\/portaltela.pt\/api\/wp\/v2\/media\/459890"}],"wp:attachment":[{"href":"https:\/\/portaltela.pt\/api\/wp\/v2\/media?parent=459882"}],"wp:term":[{"taxonomy":"category","embeddable":true,"href":"https:\/\/portaltela.pt\/api\/wp\/v2\/categories?post=459882"},{"taxonomy":"post_tag","embeddable":true,"href":"https:\/\/portaltela.pt\/api\/wp\/v2\/tags?post=459882"}],"curies":[{"name":"wp","href":"https:\/\/api.w.org\/{rel}","templated":true}]}}