{"id":459865,"date":"2026-04-28T11:23:03","date_gmt":"2026-04-28T14:23:03","guid":{"rendered":"https:\/\/portaltela.pt\/noticias\/2026\/04\/28\/ex-deputada-do-ps-ex-presidente-de-grupo-parlamentar-agora-eurodeputada\/"},"modified":"2026-04-28T11:23:03","modified_gmt":"2026-04-28T14:23:03","slug":"ex-deputada-do-ps-ex-presidente-de-grupo-parlamentar-agora-eurodeputada","status":"publish","type":"post","link":"https:\/\/portaltela.pt\/noticias\/internacional\/2026\/04\/28\/ex-deputada-do-ps-ex-presidente-de-grupo-parlamentar-agora-eurodeputada\/","title":{"rendered":"Ex-deputada do PS, ex-presidente de grupo parlamentar, agora eurodeputada"},"content":{"rendered":"<p>Ana Catarina Mendes, de 45 anos, \u00e9 uma figura de relevo na pol\u00edtica portuguesa. Licenciada em Direito pela Universidade de Lisboa, foi deputada pelo PS e presidente do grupo parlamentar socialista em 2019.<\/p>\n<p>Em 2024, tornou-se eurodeputada pelo PS, representando Portugal no Parlamento Europeu. Atua principalmente em \u00e1reas de direitos humanos, quest\u00f5es sociais e coopera\u00e7\u00e3o internacional, integrando v\u00e1rias comiss\u00f5es, entre elas Direitos dos Cidad\u00e3os e Assuntos Sociais.<\/p>\n<p>Antes da vida pol\u00edtica, trabalhou como advogada e foi professora universit\u00e1ria. \u00c9 reconhecida pelo perfil conciliador, pelo di\u00e1logo com colegas e advers\u00e1rios, e pela defesa de moderniza\u00e7\u00e3o do Estado e inclus\u00e3o social.<\/p>\n<h3>A vis\u00e3o de Ana Catarina Mendes para a Europa<\/h3>\n<p>Defende uma Europa mais inclusiva, sustent\u00e1vel e democr\u00e1tica, com maior uni\u00e3o entre estados. Acredita numa Uni\u00e3o Europeia mais pr\u00f3xima dos cidad\u00e3os, com transpar\u00eancia e participa\u00e7\u00e3o democr\u00e1tica, capaz de enfrentar os desafios do s\u00e9culo XXI.<\/p>\n<p>A eurodeputada ressalva a import\u00e2ncia da coes\u00e3o social e da transi\u00e7\u00e3o ecol\u00f3gica. Envolve-se em pol\u00edticas que promovam bem-estar, combate \u00e0s desigualdades e inova\u00e7\u00e3o, mantendo o foco na prote\u00e7\u00e3o ambiental.<\/p>\n<h3>A experi\u00eancia e o trabalho no Parlamento<\/h3>\n<p>Ao longo da carreira, movimentou-se entre o interesse nacional e a coopera\u00e7\u00e3o internacional. Como deputada do PS, contribuiu para leis sociais e de justi\u00e7a, mantendo o foco nos direitos humanos.<\/p>\n<p>No Parlamento Europeu, tem procurado ligar Portugal aos restantes Estados-membros, promovendo di\u00e1logo e coopera\u00e7\u00e3o entre pa\u00edses e regi\u00f5es.<\/p>\n<h3>Projetos futuros e compromisso p\u00fablico<\/h3>\n<p>Pretende continuar a promover uma Europa mais justa e sustent\u00e1vel, com pol\u00edticas de inclus\u00e3o social, inova\u00e7\u00e3o tecnol\u00f3gica e prote\u00e7\u00e3o ambiental. Defende maior participa\u00e7\u00e3o c\u00edvica e envolvimento democr\u00e1tico dos cidad\u00e3os.<\/p>\n<p>Envia uma mensagem de esperan\u00e7a aos jovens, destacando educa\u00e7\u00e3o, participa\u00e7\u00e3o c\u00edvica e di\u00e1logo como ferramentas para construir uma sociedade mais justa.<\/p>\n<h3>Contacto e presen\u00e7a p\u00fablica<\/h3>\n<p>Est\u00e1 dispon\u00edvel para contato atrav\u00e9s das redes sociais e do email oficial. Acede ao trabalho e aos projetos em plataformas digitais para acompanhar a atividade europeia e nacional.<\/p>\n","protected":false},"excerpt":{"rendered":"<ul>\n<li>Ana Catarina Mendes, 45 anos, licenciada em Direito pela Universidade de Lisboa, foi deputada pelo Partido Socialista e presideu o grupo parlamentar socialista em 2019.<\/li>\n<li>Em 2024 foi eleita eurodeputada pelo PS, representando Portugal no Parlamento Europeu, com foco em direitos sociais, direitos humanos e coopera\u00e7\u00e3o internacional; \u00e9 membro de comiss\u00f5es como Direitos dos Cidad\u00e3os e Assuntos Sociais.<\/li>\n<li>Antes da pol\u00edtica, trabalhou como advogada e foi professora universit\u00e1ria, sendo reconhecida pelo perfil conciliador e pela capacidade de di\u00e1logo.<\/li>\n<li>Defende uma Europa mais inclusiva, sustent\u00e1vel e democr\u00e1tica, com maior uni\u00e3o, transpar\u00eancia e participa\u00e7\u00e3o dos cidad\u00e3os, enfatizando coes\u00e3o social e transi\u00e7\u00e3o ecol\u00f3gica.<\/li>\n<li>Pretende continuar a contribuir para uma Europa mais justa, inovadora e ambientalmente protegida, envolvendo cidades e regi\u00f5es e promovendo a coopera\u00e7\u00e3o entre Estados-membros.<\/li>\n<\/ul>\n","protected":false},"author":2,"featured_media":459866,"comment_status":"closed","ping_status":"closed","sticky":false,"template":"","format":"standard","meta":{"footnotes":""},"categories":[4,7127],"tags":[256,2633,2487,1249,2832,2055],"class_list":["post-459865","post","type-post","status-publish","format-standard","has-post-thumbnail","hentry","category-internacional","category-politica-internacional","tag-cooperacao-internacional","tag-direitos-humanos","tag-europa","tag-participacao","tag-politica","tag-uniao-europeia"],"yoast_head":"<!-- This site is optimized with the Yoast SEO plugin v27.2 - https:\/\/yoast.com\/product\/yoast-seo-wordpress\/ -->\n<title>Ex-deputada do PS, ex-presidente de grupo parlamentar, agora eurodeputada - Portal Tela Portugal<\/title>\n<meta name=\"robots\" content=\"index, follow, max-snippet:-1, max-image-preview:large, max-video-preview:-1\" \/>\n<meta property=\"og:locale\" content=\"pt_PT\" \/>\n<meta property=\"og:type\" content=\"article\" \/>\n<meta property=\"og:title\" content=\"Ex-deputada do PS, ex-presidente de grupo parlamentar, agora eurodeputada - Portal Tela Portugal\" \/>\n<meta property=\"og:description\" content=\"Ana Catarina Mendes, 45 anos, licenciada em Direito pela Universidade de Lisboa, foi deputada pelo Partido Socialista e presideu o grupo parlamentar socialista em 2019. Em 2024 foi eleita eurodeputada pelo PS, representando Portugal no Parlamento Europeu, com foco em direitos sociais, direitos humanos e coopera\u00e7\u00e3o internacional; \u00e9 membro de comiss\u00f5es como Direitos dos Cidad\u00e3os e Assuntos Sociais. Antes da pol\u00edtica, trabalhou como advogada e foi professora universit\u00e1ria, sendo reconhecida pelo perfil conciliador e pela capacidade de di\u00e1logo. Defende uma Europa mais inclusiva, sustent\u00e1vel e democr\u00e1tica, com maior uni\u00e3o, transpar\u00eancia e participa\u00e7\u00e3o dos cidad\u00e3os, enfatizando coes\u00e3o social e transi\u00e7\u00e3o ecol\u00f3gica. Pretende continuar a contribuir para uma Europa mais justa, inovadora e ambientalmente protegida, envolvendo cidades e regi\u00f5es e promovendo a coopera\u00e7\u00e3o entre Estados-membros.\" \/>\n<meta property=\"og:url\" content=\"https:\/\/portaltela.pt\/noticias\/2026\/04\/28\/ex-deputada-do-ps-ex-presidente-de-grupo-parlamentar-agora-eurodeputada\/\" \/>\n<meta property=\"og:site_name\" content=\"Portal Tela Portugal\" \/>\n<meta property=\"article:published_time\" content=\"2026-04-28T14:23:03+00:00\" \/>\n<meta name=\"author\" content=\"Telinha\" \/>\n<meta name=\"twitter:card\" content=\"summary_large_image\" \/>\n<meta name=\"twitter:label1\" content=\"Escrito por\" \/>\n\t<meta name=\"twitter:data1\" content=\"Telinha\" \/>\n\t<meta name=\"twitter:label2\" content=\"Tempo estimado de leitura\" \/>\n\t<meta name=\"twitter:data2\" content=\"2 minutos\" \/>\n<script type=\"application\/ld+json\" class=\"yoast-schema-graph\">{\"@context\":\"https:\/\/schema.org\",\"@graph\":[{\"@type\":\"Article\",\"@id\":\"https:\/\/portaltela.pt\/noticias\/2026\/04\/28\/ex-deputada-do-ps-ex-presidente-de-grupo-parlamentar-agora-eurodeputada\/#article\",\"isPartOf\":{\"@id\":\"https:\/\/portaltela.pt\/noticias\/2026\/04\/28\/ex-deputada-do-ps-ex-presidente-de-grupo-parlamentar-agora-eurodeputada\/\"},\"author\":{\"name\":\"Telinha\",\"@id\":\"https:\/\/portaltela.pt\/#\/schema\/person\/c4278d4a6028830caff9ee44b42d32ed\"},\"headline\":\"Ex-deputada do PS, ex-presidente de grupo parlamentar, agora eurodeputada\",\"datePublished\":\"2026-04-28T14:23:03+00:00\",\"mainEntityOfPage\":{\"@id\":\"https:\/\/portaltela.pt\/noticias\/2026\/04\/28\/ex-deputada-do-ps-ex-presidente-de-grupo-parlamentar-agora-eurodeputada\/\"},\"wordCount\":374,\"image\":{\"@id\":\"https:\/\/portaltela.pt\/noticias\/2026\/04\/28\/ex-deputada-do-ps-ex-presidente-de-grupo-parlamentar-agora-eurodeputada\/#primaryimage\"},\"thumbnailUrl\":\"https:\/\/portaltela.pt\/s.01k8rhncp4jt1\/2026\/04\/img_1280x722uu2026-04-28-14-58-09-2281578.jpg\",\"keywords\":[\"coopera\u00e7\u00e3o internacional\",\"direitos humanos\",\"Europa\",\"participa\u00e7\u00e3o\",\"pol\u00edtica\",\"Uni\u00e3o Europeia\"],\"articleSection\":[\"Internacional\",\"Pol\u00edtica Internacional\"],\"inLanguage\":\"pt-PT\"},{\"@type\":\"WebPage\",\"@id\":\"https:\/\/portaltela.pt\/noticias\/2026\/04\/28\/ex-deputada-do-ps-ex-presidente-de-grupo-parlamentar-agora-eurodeputada\/\",\"url\":\"https:\/\/portaltela.pt\/noticias\/2026\/04\/28\/ex-deputada-do-ps-ex-presidente-de-grupo-parlamentar-agora-eurodeputada\/\",\"name\":\"Ex-deputada do PS, ex-presidente de grupo parlamentar, agora eurodeputada - Portal Tela Portugal\",\"isPartOf\":{\"@id\":\"https:\/\/portaltela.pt\/#website\"},\"primaryImageOfPage\":{\"@id\":\"https:\/\/portaltela.pt\/noticias\/2026\/04\/28\/ex-deputada-do-ps-ex-presidente-de-grupo-parlamentar-agora-eurodeputada\/#primaryimage\"},\"image\":{\"@id\":\"https:\/\/portaltela.pt\/noticias\/2026\/04\/28\/ex-deputada-do-ps-ex-presidente-de-grupo-parlamentar-agora-eurodeputada\/#primaryimage\"},\"thumbnailUrl\":\"https:\/\/portaltela.pt\/s.01k8rhncp4jt1\/2026\/04\/img_1280x722uu2026-04-28-14-58-09-2281578.jpg\",\"datePublished\":\"2026-04-28T14:23:03+00:00\",\"author\":{\"@id\":\"https:\/\/portaltela.pt\/#\/schema\/person\/c4278d4a6028830caff9ee44b42d32ed\"},\"breadcrumb\":{\"@id\":\"https:\/\/portaltela.pt\/noticias\/2026\/04\/28\/ex-deputada-do-ps-ex-presidente-de-grupo-parlamentar-agora-eurodeputada\/#breadcrumb\"},\"inLanguage\":\"pt-PT\",\"potentialAction\":[{\"@type\":\"ReadAction\",\"target\":[\"https:\/\/portaltela.pt\/noticias\/2026\/04\/28\/ex-deputada-do-ps-ex-presidente-de-grupo-parlamentar-agora-eurodeputada\/\"]}]},{\"@type\":\"ImageObject\",\"inLanguage\":\"pt-PT\",\"@id\":\"https:\/\/portaltela.pt\/noticias\/2026\/04\/28\/ex-deputada-do-ps-ex-presidente-de-grupo-parlamentar-agora-eurodeputada\/#primaryimage\",\"url\":\"https:\/\/portaltela.pt\/s.01k8rhncp4jt1\/2026\/04\/img_1280x722uu2026-04-28-14-58-09-2281578.jpg\",\"contentUrl\":\"https:\/\/portaltela.pt\/s.01k8rhncp4jt1\/2026\/04\/img_1280x722uu2026-04-28-14-58-09-2281578.jpg\",\"width\":796,\"height\":448,\"caption\":\"Ana Catarina Mendes\"},{\"@type\":\"BreadcrumbList\",\"@id\":\"https:\/\/portaltela.pt\/noticias\/2026\/04\/28\/ex-deputada-do-ps-ex-presidente-de-grupo-parlamentar-agora-eurodeputada\/#breadcrumb\",\"itemListElement\":[{\"@type\":\"ListItem\",\"position\":1,\"name\":\"In\u00edcio\",\"item\":\"https:\/\/portaltela.pt\/\"},{\"@type\":\"ListItem\",\"position\":2,\"name\":\"Ex-deputada do PS, ex-presidente de grupo parlamentar, agora eurodeputada\"}]},{\"@type\":\"WebSite\",\"@id\":\"https:\/\/portaltela.pt\/#website\",\"url\":\"https:\/\/portaltela.pt\/\",\"name\":\"Portal Tela Portugal\",\"description\":\"\",\"potentialAction\":[{\"@type\":\"SearchAction\",\"target\":{\"@type\":\"EntryPoint\",\"urlTemplate\":\"https:\/\/portaltela.pt\/?s={search_term_string}\"},\"query-input\":{\"@type\":\"PropertyValueSpecification\",\"valueRequired\":true,\"valueName\":\"search_term_string\"}}],\"inLanguage\":\"pt-PT\"},{\"@type\":\"Person\",\"@id\":\"https:\/\/portaltela.pt\/#\/schema\/person\/c4278d4a6028830caff9ee44b42d32ed\",\"name\":\"Telinha\",\"image\":{\"@type\":\"ImageObject\",\"inLanguage\":\"pt-PT\",\"@id\":\"https:\/\/portaltela.pt\/s.01k8rhncp4jt1\/2025\/11\/talking-bot-125x125.png\",\"url\":\"https:\/\/portaltela.pt\/s.01k8rhncp4jt1\/2025\/11\/talking-bot-125x125.png\",\"contentUrl\":\"https:\/\/portaltela.pt\/s.01k8rhncp4jt1\/2025\/11\/talking-bot-125x125.png\",\"caption\":\"Telinha\"},\"sameAs\":[\"https:\/\/portaltela.pt\/\"],\"url\":\"https:\/\/portaltela.pt\/por\/367410592786\/\"}]}<\/script>\n<!-- \/ Yoast SEO plugin. -->","yoast_head_json":{"title":"Ex-deputada do PS, ex-presidente de grupo parlamentar, agora eurodeputada - Portal Tela Portugal","robots":{"index":"index","follow":"follow","max-snippet":"max-snippet:-1","max-image-preview":"max-image-preview:large","max-video-preview":"max-video-preview:-1"},"og_locale":"pt_PT","og_type":"article","og_title":"Ex-deputada do PS, ex-presidente de grupo parlamentar, agora eurodeputada - Portal Tela Portugal","og_description":"Ana Catarina Mendes, 45 anos, licenciada em Direito pela Universidade de Lisboa, foi deputada pelo Partido Socialista e presideu o grupo parlamentar socialista em 2019. Em 2024 foi eleita eurodeputada pelo PS, representando Portugal no Parlamento Europeu, com foco em direitos sociais, direitos humanos e coopera\u00e7\u00e3o internacional; \u00e9 membro de comiss\u00f5es como Direitos dos Cidad\u00e3os e Assuntos Sociais. Antes da pol\u00edtica, trabalhou como advogada e foi professora universit\u00e1ria, sendo reconhecida pelo perfil conciliador e pela capacidade de di\u00e1logo. Defende uma Europa mais inclusiva, sustent\u00e1vel e democr\u00e1tica, com maior uni\u00e3o, transpar\u00eancia e participa\u00e7\u00e3o dos cidad\u00e3os, enfatizando coes\u00e3o social e transi\u00e7\u00e3o ecol\u00f3gica. Pretende continuar a contribuir para uma Europa mais justa, inovadora e ambientalmente protegida, envolvendo cidades e regi\u00f5es e promovendo a coopera\u00e7\u00e3o entre Estados-membros.","og_url":"https:\/\/portaltela.pt\/noticias\/2026\/04\/28\/ex-deputada-do-ps-ex-presidente-de-grupo-parlamentar-agora-eurodeputada\/","og_site_name":"Portal Tela Portugal","article_published_time":"2026-04-28T14:23:03+00:00","author":"Telinha","twitter_card":"summary_large_image","twitter_misc":{"Escrito por":"Telinha","Tempo estimado de leitura":"2 minutos"},"schema":{"@context":"https:\/\/schema.org","@graph":[{"@type":"Article","@id":"https:\/\/portaltela.pt\/noticias\/2026\/04\/28\/ex-deputada-do-ps-ex-presidente-de-grupo-parlamentar-agora-eurodeputada\/#article","isPartOf":{"@id":"https:\/\/portaltela.pt\/noticias\/2026\/04\/28\/ex-deputada-do-ps-ex-presidente-de-grupo-parlamentar-agora-eurodeputada\/"},"author":{"name":"Telinha","@id":"https:\/\/portaltela.pt\/#\/schema\/person\/c4278d4a6028830caff9ee44b42d32ed"},"headline":"Ex-deputada do PS, ex-presidente de grupo parlamentar, agora eurodeputada","datePublished":"2026-04-28T14:23:03+00:00","mainEntityOfPage":{"@id":"https:\/\/portaltela.pt\/noticias\/2026\/04\/28\/ex-deputada-do-ps-ex-presidente-de-grupo-parlamentar-agora-eurodeputada\/"},"wordCount":374,"image":{"@id":"https:\/\/portaltela.pt\/noticias\/2026\/04\/28\/ex-deputada-do-ps-ex-presidente-de-grupo-parlamentar-agora-eurodeputada\/#primaryimage"},"thumbnailUrl":"https:\/\/portaltela.pt\/s.01k8rhncp4jt1\/2026\/04\/img_1280x722uu2026-04-28-14-58-09-2281578.jpg","keywords":["coopera\u00e7\u00e3o internacional","direitos humanos","Europa","participa\u00e7\u00e3o","pol\u00edtica","Uni\u00e3o Europeia"],"articleSection":["Internacional","Pol\u00edtica Internacional"],"inLanguage":"pt-PT"},{"@type":"WebPage","@id":"https:\/\/portaltela.pt\/noticias\/2026\/04\/28\/ex-deputada-do-ps-ex-presidente-de-grupo-parlamentar-agora-eurodeputada\/","url":"https:\/\/portaltela.pt\/noticias\/2026\/04\/28\/ex-deputada-do-ps-ex-presidente-de-grupo-parlamentar-agora-eurodeputada\/","name":"Ex-deputada do PS, ex-presidente de grupo parlamentar, agora eurodeputada - Portal Tela Portugal","isPartOf":{"@id":"https:\/\/portaltela.pt\/#website"},"primaryImageOfPage":{"@id":"https:\/\/portaltela.pt\/noticias\/2026\/04\/28\/ex-deputada-do-ps-ex-presidente-de-grupo-parlamentar-agora-eurodeputada\/#primaryimage"},"image":{"@id":"https:\/\/portaltela.pt\/noticias\/2026\/04\/28\/ex-deputada-do-ps-ex-presidente-de-grupo-parlamentar-agora-eurodeputada\/#primaryimage"},"thumbnailUrl":"https:\/\/portaltela.pt\/s.01k8rhncp4jt1\/2026\/04\/img_1280x722uu2026-04-28-14-58-09-2281578.jpg","datePublished":"2026-04-28T14:23:03+00:00","author":{"@id":"https:\/\/portaltela.pt\/#\/schema\/person\/c4278d4a6028830caff9ee44b42d32ed"},"breadcrumb":{"@id":"https:\/\/portaltela.pt\/noticias\/2026\/04\/28\/ex-deputada-do-ps-ex-presidente-de-grupo-parlamentar-agora-eurodeputada\/#breadcrumb"},"inLanguage":"pt-PT","potentialAction":[{"@type":"ReadAction","target":["https:\/\/portaltela.pt\/noticias\/2026\/04\/28\/ex-deputada-do-ps-ex-presidente-de-grupo-parlamentar-agora-eurodeputada\/"]}]},{"@type":"ImageObject","inLanguage":"pt-PT","@id":"https:\/\/portaltela.pt\/noticias\/2026\/04\/28\/ex-deputada-do-ps-ex-presidente-de-grupo-parlamentar-agora-eurodeputada\/#primaryimage","url":"https:\/\/portaltela.pt\/s.01k8rhncp4jt1\/2026\/04\/img_1280x722uu2026-04-28-14-58-09-2281578.jpg","contentUrl":"https:\/\/portaltela.pt\/s.01k8rhncp4jt1\/2026\/04\/img_1280x722uu2026-04-28-14-58-09-2281578.jpg","width":796,"height":448,"caption":"Ana Catarina Mendes"},{"@type":"BreadcrumbList","@id":"https:\/\/portaltela.pt\/noticias\/2026\/04\/28\/ex-deputada-do-ps-ex-presidente-de-grupo-parlamentar-agora-eurodeputada\/#breadcrumb","itemListElement":[{"@type":"ListItem","position":1,"name":"In\u00edcio","item":"https:\/\/portaltela.pt\/"},{"@type":"ListItem","position":2,"name":"Ex-deputada do PS, ex-presidente de grupo parlamentar, agora eurodeputada"}]},{"@type":"WebSite","@id":"https:\/\/portaltela.pt\/#website","url":"https:\/\/portaltela.pt\/","name":"Portal Tela Portugal","description":"","potentialAction":[{"@type":"SearchAction","target":{"@type":"EntryPoint","urlTemplate":"https:\/\/portaltela.pt\/?s={search_term_string}"},"query-input":{"@type":"PropertyValueSpecification","valueRequired":true,"valueName":"search_term_string"}}],"inLanguage":"pt-PT"},{"@type":"Person","@id":"https:\/\/portaltela.pt\/#\/schema\/person\/c4278d4a6028830caff9ee44b42d32ed","name":"Telinha","image":{"@type":"ImageObject","inLanguage":"pt-PT","@id":"https:\/\/portaltela.pt\/s.01k8rhncp4jt1\/2025\/11\/talking-bot-125x125.png","url":"https:\/\/portaltela.pt\/s.01k8rhncp4jt1\/2025\/11\/talking-bot-125x125.png","contentUrl":"https:\/\/portaltela.pt\/s.01k8rhncp4jt1\/2025\/11\/talking-bot-125x125.png","caption":"Telinha"},"sameAs":["https:\/\/portaltela.pt\/"],"url":"https:\/\/portaltela.pt\/por\/367410592786\/"}]}},"_links":{"self":[{"href":"https:\/\/portaltela.pt\/api\/wp\/v2\/posts\/459865","targetHints":{"allow":["GET"]}}],"collection":[{"href":"https:\/\/portaltela.pt\/api\/wp\/v2\/posts"}],"about":[{"href":"https:\/\/portaltela.pt\/api\/wp\/v2\/types\/post"}],"author":[{"embeddable":true,"href":"https:\/\/portaltela.pt\/api\/wp\/v2\/users\/2"}],"replies":[{"embeddable":true,"href":"https:\/\/portaltela.pt\/api\/wp\/v2\/comments?post=459865"}],"version-history":[{"count":0,"href":"https:\/\/portaltela.pt\/api\/wp\/v2\/posts\/459865\/revisions"}],"wp:featuredmedia":[{"embeddable":true,"href":"https:\/\/portaltela.pt\/api\/wp\/v2\/media\/459866"}],"wp:attachment":[{"href":"https:\/\/portaltela.pt\/api\/wp\/v2\/media?parent=459865"}],"wp:term":[{"taxonomy":"category","embeddable":true,"href":"https:\/\/portaltela.pt\/api\/wp\/v2\/categories?post=459865"},{"taxonomy":"post_tag","embeddable":true,"href":"https:\/\/portaltela.pt\/api\/wp\/v2\/tags?post=459865"}],"curies":[{"name":"wp","href":"https:\/\/api.w.org\/{rel}","templated":true}]}}