{"id":459852,"date":"2026-04-28T11:18:37","date_gmt":"2026-04-28T14:18:37","guid":{"rendered":"https:\/\/portaltela.pt\/noticias\/2026\/04\/28\/violencia-contra-profissionais-de-saude-cresce-com-3-000-casos-reportados\/"},"modified":"2026-04-28T11:18:37","modified_gmt":"2026-04-28T14:18:37","slug":"violencia-contra-profissionais-de-saude-cresce-com-3-000-casos-reportados","status":"publish","type":"post","link":"https:\/\/portaltela.pt\/seguranca\/2026\/04\/28\/violencia-contra-profissionais-de-saude-cresce-com-3-000-casos-reportados\/","title":{"rendered":"Viol\u00eancia contra profissionais de sa\u00fade cresce com 3.000 casos reportados"},"content":{"rendered":"<p>No SNS, a Dire\u00e7\u00e3o Executiva (DE-SNS) informou que no ano de 2025 ocorreram 3429 epis\u00f3dios de viol\u00eancia contra profissionais de sa\u00fade, mais 33% face a 2024. Os casos resultaram em 2012 dias de aus\u00eancia ao servi\u00e7o.<\/p>\n<p>A viol\u00ea ncia psicol\u00f3gica continua a representar a maior parcela, com 2067 registos, seguida de 730 casos de viol\u00eancia f\u00edsica. Ass\u00e9dio moral soma 318 registos e viol\u00eancia n\u00e3o especificada, 314 ocorr\u00eancias. Em 2024, houve 2581 epis\u00f3dios, com 1703 psicol\u00f3gica, 578 f\u00edsica, 171 ass\u00e9dio e 129 n\u00e3o especificada.<\/p>\n<h3>Aumento global e impactos operacionais<\/h3>\n<p>Em compara\u00e7\u00e3o com 2024, todas as formas de viol\u00eancia registaram aumento. Nos dias de aus\u00eancia, 2012 em 2025 contra 1185 em 2024. A DE-SNS sublinha a import\u00e2ncia do reporte precoce para mapear riscos e definir medidas preventivas e de acompanhamento.<\/p>\n<p>Para refor\u00e7ar a vigil\u00e2ncia, os profissionais s\u00e3o incentivados a reportar ocorr\u00eancias numa plataforma dedicada. O objetivo \u00e9 aprofundar o conhecimento da realidade e apoiar planos de preven\u00e7\u00e3o.<\/p>\n<p>A forma\u00e7\u00e3o manteve-se como eixo de preven\u00e7\u00e3o, com 596 sess\u00f5es em 2025, envolvendo 12.752 profissionais, um aumento de 43% face a 2024. A DE-SNS recorda ainda altera\u00e7\u00f5es legais de 2025 que agravaram o enquadramento penal de agress\u00f5es contra profissionais de sa\u00fade.<\/p>\n<p>No \u00e2mbito do tema de penaliza\u00e7\u00e3o de crimes, dados recentes indicam que a maior parte dos 952 inqu\u00e9ritos abertos por viol\u00eancia em ambientes escolares e de sa\u00fade, entre julho de 2023 e junho de 2025, acabou arquivada.<\/p>\n","protected":false},"excerpt":{"rendered":"<ul>\n<li>Em 2025 foram comunicados 3.429 epis\u00f3dios de viol\u00eancia contra profissionais do SNS, mais 33% que em 2024, originando 2.012 dias de aus\u00eancia ao trabalho.<\/li>\n<li>A viol\u00eancia psicol\u00f3gica liderou as queixas em 2025, com 2.067 ocorr\u00eancias, seguida de viol\u00eancia f\u00edsica (730), ass\u00e9dio moral (318) e viol\u00eancia n\u00e3o especificada (314).<\/li>\n<li>Em 2024 foram reportados 2.581 epis\u00f3dios, com 1.703 psicol\u00f3gica, 578 f\u00edsica, 171 ass\u00e9dio moral e 129 n\u00e3o especificada, resultando em 1.185 dias de aus\u00eancia.<\/li>\n<li>A DE-SNS afirma que a sinaliza\u00e7\u00e3o precoce via plataforma dedicada permite identificar contextos de risco e definir medidas preventivas, com acompanhamento por grupos operativos multidisciplinares.<\/li>\n<li>Em 2025 ocorreu um aumento na forma\u00e7\u00e3o dos profissionais, com 596 sess\u00f5es envolvendo 12.752 pessoas, mais 43% que em 2024; houve ainda agravamento penal de agress\u00f5es contra profissionais de sa\u00fade.<\/li>\n<\/ul>\n","protected":false},"author":2,"featured_media":459857,"comment_status":"closed","ping_status":"closed","sticky":false,"template":"","format":"standard","meta":{"footnotes":""},"categories":[7374,6779],"tags":[9851,4425,172,1775,2244],"class_list":["post-459852","post","type-post","status-publish","format-standard","has-post-thumbnail","hentry","category-criminalidade","category-seguranca","tag-assedio-laboral","tag-profissionais-de-saude","tag-saude","tag-sns","tag-violencia-psicologica"],"yoast_head":"<!-- This site is optimized with the Yoast SEO plugin v27.2 - https:\/\/yoast.com\/product\/yoast-seo-wordpress\/ -->\n<title>Viol\u00eancia contra profissionais de sa\u00fade cresce com 3.000 casos reportados - Portal Tela Portugal<\/title>\n<meta name=\"robots\" content=\"index, follow, max-snippet:-1, max-image-preview:large, max-video-preview:-1\" \/>\n<meta property=\"og:locale\" content=\"pt_PT\" \/>\n<meta property=\"og:type\" content=\"article\" \/>\n<meta property=\"og:title\" content=\"Viol\u00eancia contra profissionais de sa\u00fade cresce com 3.000 casos reportados - Portal Tela Portugal\" \/>\n<meta property=\"og:description\" content=\"Em 2025 foram comunicados 3.429 epis\u00f3dios de viol\u00eancia contra profissionais do SNS, mais 33% que em 2024, originando 2.012 dias de aus\u00eancia ao trabalho. A viol\u00eancia psicol\u00f3gica liderou as queixas em 2025, com 2.067 ocorr\u00eancias, seguida de viol\u00eancia f\u00edsica (730), ass\u00e9dio moral (318) e viol\u00eancia n\u00e3o especificada (314). Em 2024 foram reportados 2.581 epis\u00f3dios, com 1.703 psicol\u00f3gica, 578 f\u00edsica, 171 ass\u00e9dio moral e 129 n\u00e3o especificada, resultando em 1.185 dias de aus\u00eancia. A DE-SNS afirma que a sinaliza\u00e7\u00e3o precoce via plataforma dedicada permite identificar contextos de risco e definir medidas preventivas, com acompanhamento por grupos operativos multidisciplinares. Em 2025 ocorreu um aumento na forma\u00e7\u00e3o dos profissionais, com 596 sess\u00f5es envolvendo 12.752 pessoas, mais 43% que em 2024; houve ainda agravamento penal de agress\u00f5es contra profissionais de sa\u00fade.\" \/>\n<meta property=\"og:url\" content=\"https:\/\/portaltela.pt\/noticias\/2026\/04\/28\/violencia-contra-profissionais-de-saude-cresce-com-3-000-casos-reportados\/\" \/>\n<meta property=\"og:site_name\" content=\"Portal Tela Portugal\" \/>\n<meta property=\"article:published_time\" content=\"2026-04-28T14:18:37+00:00\" \/>\n<meta name=\"author\" content=\"Telinha\" \/>\n<meta name=\"twitter:card\" content=\"summary_large_image\" \/>\n<meta name=\"twitter:label1\" content=\"Escrito por\" \/>\n\t<meta name=\"twitter:data1\" content=\"Telinha\" \/>\n\t<meta name=\"twitter:label2\" content=\"Tempo estimado de leitura\" \/>\n\t<meta name=\"twitter:data2\" content=\"1 minuto\" \/>\n<script type=\"application\/ld+json\" class=\"yoast-schema-graph\">{\"@context\":\"https:\/\/schema.org\",\"@graph\":[{\"@type\":\"Article\",\"@id\":\"https:\/\/portaltela.pt\/noticias\/2026\/04\/28\/violencia-contra-profissionais-de-saude-cresce-com-3-000-casos-reportados\/#article\",\"isPartOf\":{\"@id\":\"https:\/\/portaltela.pt\/noticias\/2026\/04\/28\/violencia-contra-profissionais-de-saude-cresce-com-3-000-casos-reportados\/\"},\"author\":{\"name\":\"Telinha\",\"@id\":\"https:\/\/portaltela.pt\/#\/schema\/person\/c4278d4a6028830caff9ee44b42d32ed\"},\"headline\":\"Viol\u00eancia contra profissionais de sa\u00fade cresce com 3.000 casos reportados\",\"datePublished\":\"2026-04-28T14:18:37+00:00\",\"mainEntityOfPage\":{\"@id\":\"https:\/\/portaltela.pt\/noticias\/2026\/04\/28\/violencia-contra-profissionais-de-saude-cresce-com-3-000-casos-reportados\/\"},\"wordCount\":251,\"image\":{\"@id\":\"https:\/\/portaltela.pt\/noticias\/2026\/04\/28\/violencia-contra-profissionais-de-saude-cresce-com-3-000-casos-reportados\/#primaryimage\"},\"thumbnailUrl\":\"https:\/\/portaltela.pt\/s.01k8rhncp4jt1\/2026\/04\/2084566.jpg\",\"keywords\":[\"ass\u00e9dio laboral\",\"profissionais de sa\u00fade\",\"sa\u00fade\",\"SNS\",\"viol\u00eancia psicol\u00f3gica\"],\"articleSection\":[\"Criminalidade\",\"Seguran\u00e7a\"],\"inLanguage\":\"pt-PT\"},{\"@type\":\"WebPage\",\"@id\":\"https:\/\/portaltela.pt\/noticias\/2026\/04\/28\/violencia-contra-profissionais-de-saude-cresce-com-3-000-casos-reportados\/\",\"url\":\"https:\/\/portaltela.pt\/noticias\/2026\/04\/28\/violencia-contra-profissionais-de-saude-cresce-com-3-000-casos-reportados\/\",\"name\":\"Viol\u00eancia contra profissionais de sa\u00fade cresce com 3.000 casos reportados - Portal Tela Portugal\",\"isPartOf\":{\"@id\":\"https:\/\/portaltela.pt\/#website\"},\"primaryImageOfPage\":{\"@id\":\"https:\/\/portaltela.pt\/noticias\/2026\/04\/28\/violencia-contra-profissionais-de-saude-cresce-com-3-000-casos-reportados\/#primaryimage\"},\"image\":{\"@id\":\"https:\/\/portaltela.pt\/noticias\/2026\/04\/28\/violencia-contra-profissionais-de-saude-cresce-com-3-000-casos-reportados\/#primaryimage\"},\"thumbnailUrl\":\"https:\/\/portaltela.pt\/s.01k8rhncp4jt1\/2026\/04\/2084566.jpg\",\"datePublished\":\"2026-04-28T14:18:37+00:00\",\"author\":{\"@id\":\"https:\/\/portaltela.pt\/#\/schema\/person\/c4278d4a6028830caff9ee44b42d32ed\"},\"breadcrumb\":{\"@id\":\"https:\/\/portaltela.pt\/noticias\/2026\/04\/28\/violencia-contra-profissionais-de-saude-cresce-com-3-000-casos-reportados\/#breadcrumb\"},\"inLanguage\":\"pt-PT\",\"potentialAction\":[{\"@type\":\"ReadAction\",\"target\":[\"https:\/\/portaltela.pt\/noticias\/2026\/04\/28\/violencia-contra-profissionais-de-saude-cresce-com-3-000-casos-reportados\/\"]}]},{\"@type\":\"ImageObject\",\"inLanguage\":\"pt-PT\",\"@id\":\"https:\/\/portaltela.pt\/noticias\/2026\/04\/28\/violencia-contra-profissionais-de-saude-cresce-com-3-000-casos-reportados\/#primaryimage\",\"url\":\"https:\/\/portaltela.pt\/s.01k8rhncp4jt1\/2026\/04\/2084566.jpg\",\"contentUrl\":\"https:\/\/portaltela.pt\/s.01k8rhncp4jt1\/2026\/04\/2084566.jpg\",\"width\":796,\"height\":448,\"caption\":\"Maioria dos casos de agress\u00e3o reportados s\u00e3o de viol\u00eancia psicol\u00f3gica\"},{\"@type\":\"BreadcrumbList\",\"@id\":\"https:\/\/portaltela.pt\/noticias\/2026\/04\/28\/violencia-contra-profissionais-de-saude-cresce-com-3-000-casos-reportados\/#breadcrumb\",\"itemListElement\":[{\"@type\":\"ListItem\",\"position\":1,\"name\":\"In\u00edcio\",\"item\":\"https:\/\/portaltela.pt\/\"},{\"@type\":\"ListItem\",\"position\":2,\"name\":\"Viol\u00eancia contra profissionais de sa\u00fade cresce com 3.000 casos reportados\"}]},{\"@type\":\"WebSite\",\"@id\":\"https:\/\/portaltela.pt\/#website\",\"url\":\"https:\/\/portaltela.pt\/\",\"name\":\"Portal Tela Portugal\",\"description\":\"\",\"potentialAction\":[{\"@type\":\"SearchAction\",\"target\":{\"@type\":\"EntryPoint\",\"urlTemplate\":\"https:\/\/portaltela.pt\/?s={search_term_string}\"},\"query-input\":{\"@type\":\"PropertyValueSpecification\",\"valueRequired\":true,\"valueName\":\"search_term_string\"}}],\"inLanguage\":\"pt-PT\"},{\"@type\":\"Person\",\"@id\":\"https:\/\/portaltela.pt\/#\/schema\/person\/c4278d4a6028830caff9ee44b42d32ed\",\"name\":\"Telinha\",\"image\":{\"@type\":\"ImageObject\",\"inLanguage\":\"pt-PT\",\"@id\":\"https:\/\/portaltela.pt\/s.01k8rhncp4jt1\/2025\/11\/talking-bot-125x125.png\",\"url\":\"https:\/\/portaltela.pt\/s.01k8rhncp4jt1\/2025\/11\/talking-bot-125x125.png\",\"contentUrl\":\"https:\/\/portaltela.pt\/s.01k8rhncp4jt1\/2025\/11\/talking-bot-125x125.png\",\"caption\":\"Telinha\"},\"sameAs\":[\"https:\/\/portaltela.pt\/\"],\"url\":\"https:\/\/portaltela.pt\/por\/367410592786\/\"}]}<\/script>\n<!-- \/ Yoast SEO plugin. -->","yoast_head_json":{"title":"Viol\u00eancia contra profissionais de sa\u00fade cresce com 3.000 casos reportados - Portal Tela Portugal","robots":{"index":"index","follow":"follow","max-snippet":"max-snippet:-1","max-image-preview":"max-image-preview:large","max-video-preview":"max-video-preview:-1"},"og_locale":"pt_PT","og_type":"article","og_title":"Viol\u00eancia contra profissionais de sa\u00fade cresce com 3.000 casos reportados - Portal Tela Portugal","og_description":"Em 2025 foram comunicados 3.429 epis\u00f3dios de viol\u00eancia contra profissionais do SNS, mais 33% que em 2024, originando 2.012 dias de aus\u00eancia ao trabalho. A viol\u00eancia psicol\u00f3gica liderou as queixas em 2025, com 2.067 ocorr\u00eancias, seguida de viol\u00eancia f\u00edsica (730), ass\u00e9dio moral (318) e viol\u00eancia n\u00e3o especificada (314). Em 2024 foram reportados 2.581 epis\u00f3dios, com 1.703 psicol\u00f3gica, 578 f\u00edsica, 171 ass\u00e9dio moral e 129 n\u00e3o especificada, resultando em 1.185 dias de aus\u00eancia. A DE-SNS afirma que a sinaliza\u00e7\u00e3o precoce via plataforma dedicada permite identificar contextos de risco e definir medidas preventivas, com acompanhamento por grupos operativos multidisciplinares. Em 2025 ocorreu um aumento na forma\u00e7\u00e3o dos profissionais, com 596 sess\u00f5es envolvendo 12.752 pessoas, mais 43% que em 2024; houve ainda agravamento penal de agress\u00f5es contra profissionais de sa\u00fade.","og_url":"https:\/\/portaltela.pt\/noticias\/2026\/04\/28\/violencia-contra-profissionais-de-saude-cresce-com-3-000-casos-reportados\/","og_site_name":"Portal Tela Portugal","article_published_time":"2026-04-28T14:18:37+00:00","author":"Telinha","twitter_card":"summary_large_image","twitter_misc":{"Escrito por":"Telinha","Tempo estimado de leitura":"1 minuto"},"schema":{"@context":"https:\/\/schema.org","@graph":[{"@type":"Article","@id":"https:\/\/portaltela.pt\/noticias\/2026\/04\/28\/violencia-contra-profissionais-de-saude-cresce-com-3-000-casos-reportados\/#article","isPartOf":{"@id":"https:\/\/portaltela.pt\/noticias\/2026\/04\/28\/violencia-contra-profissionais-de-saude-cresce-com-3-000-casos-reportados\/"},"author":{"name":"Telinha","@id":"https:\/\/portaltela.pt\/#\/schema\/person\/c4278d4a6028830caff9ee44b42d32ed"},"headline":"Viol\u00eancia contra profissionais de sa\u00fade cresce com 3.000 casos reportados","datePublished":"2026-04-28T14:18:37+00:00","mainEntityOfPage":{"@id":"https:\/\/portaltela.pt\/noticias\/2026\/04\/28\/violencia-contra-profissionais-de-saude-cresce-com-3-000-casos-reportados\/"},"wordCount":251,"image":{"@id":"https:\/\/portaltela.pt\/noticias\/2026\/04\/28\/violencia-contra-profissionais-de-saude-cresce-com-3-000-casos-reportados\/#primaryimage"},"thumbnailUrl":"https:\/\/portaltela.pt\/s.01k8rhncp4jt1\/2026\/04\/2084566.jpg","keywords":["ass\u00e9dio laboral","profissionais de sa\u00fade","sa\u00fade","SNS","viol\u00eancia psicol\u00f3gica"],"articleSection":["Criminalidade","Seguran\u00e7a"],"inLanguage":"pt-PT"},{"@type":"WebPage","@id":"https:\/\/portaltela.pt\/noticias\/2026\/04\/28\/violencia-contra-profissionais-de-saude-cresce-com-3-000-casos-reportados\/","url":"https:\/\/portaltela.pt\/noticias\/2026\/04\/28\/violencia-contra-profissionais-de-saude-cresce-com-3-000-casos-reportados\/","name":"Viol\u00eancia contra profissionais de sa\u00fade cresce com 3.000 casos reportados - Portal Tela Portugal","isPartOf":{"@id":"https:\/\/portaltela.pt\/#website"},"primaryImageOfPage":{"@id":"https:\/\/portaltela.pt\/noticias\/2026\/04\/28\/violencia-contra-profissionais-de-saude-cresce-com-3-000-casos-reportados\/#primaryimage"},"image":{"@id":"https:\/\/portaltela.pt\/noticias\/2026\/04\/28\/violencia-contra-profissionais-de-saude-cresce-com-3-000-casos-reportados\/#primaryimage"},"thumbnailUrl":"https:\/\/portaltela.pt\/s.01k8rhncp4jt1\/2026\/04\/2084566.jpg","datePublished":"2026-04-28T14:18:37+00:00","author":{"@id":"https:\/\/portaltela.pt\/#\/schema\/person\/c4278d4a6028830caff9ee44b42d32ed"},"breadcrumb":{"@id":"https:\/\/portaltela.pt\/noticias\/2026\/04\/28\/violencia-contra-profissionais-de-saude-cresce-com-3-000-casos-reportados\/#breadcrumb"},"inLanguage":"pt-PT","potentialAction":[{"@type":"ReadAction","target":["https:\/\/portaltela.pt\/noticias\/2026\/04\/28\/violencia-contra-profissionais-de-saude-cresce-com-3-000-casos-reportados\/"]}]},{"@type":"ImageObject","inLanguage":"pt-PT","@id":"https:\/\/portaltela.pt\/noticias\/2026\/04\/28\/violencia-contra-profissionais-de-saude-cresce-com-3-000-casos-reportados\/#primaryimage","url":"https:\/\/portaltela.pt\/s.01k8rhncp4jt1\/2026\/04\/2084566.jpg","contentUrl":"https:\/\/portaltela.pt\/s.01k8rhncp4jt1\/2026\/04\/2084566.jpg","width":796,"height":448,"caption":"Maioria dos casos de agress\u00e3o reportados s\u00e3o de viol\u00eancia psicol\u00f3gica"},{"@type":"BreadcrumbList","@id":"https:\/\/portaltela.pt\/noticias\/2026\/04\/28\/violencia-contra-profissionais-de-saude-cresce-com-3-000-casos-reportados\/#breadcrumb","itemListElement":[{"@type":"ListItem","position":1,"name":"In\u00edcio","item":"https:\/\/portaltela.pt\/"},{"@type":"ListItem","position":2,"name":"Viol\u00eancia contra profissionais de sa\u00fade cresce com 3.000 casos reportados"}]},{"@type":"WebSite","@id":"https:\/\/portaltela.pt\/#website","url":"https:\/\/portaltela.pt\/","name":"Portal Tela Portugal","description":"","potentialAction":[{"@type":"SearchAction","target":{"@type":"EntryPoint","urlTemplate":"https:\/\/portaltela.pt\/?s={search_term_string}"},"query-input":{"@type":"PropertyValueSpecification","valueRequired":true,"valueName":"search_term_string"}}],"inLanguage":"pt-PT"},{"@type":"Person","@id":"https:\/\/portaltela.pt\/#\/schema\/person\/c4278d4a6028830caff9ee44b42d32ed","name":"Telinha","image":{"@type":"ImageObject","inLanguage":"pt-PT","@id":"https:\/\/portaltela.pt\/s.01k8rhncp4jt1\/2025\/11\/talking-bot-125x125.png","url":"https:\/\/portaltela.pt\/s.01k8rhncp4jt1\/2025\/11\/talking-bot-125x125.png","contentUrl":"https:\/\/portaltela.pt\/s.01k8rhncp4jt1\/2025\/11\/talking-bot-125x125.png","caption":"Telinha"},"sameAs":["https:\/\/portaltela.pt\/"],"url":"https:\/\/portaltela.pt\/por\/367410592786\/"}]}},"_links":{"self":[{"href":"https:\/\/portaltela.pt\/api\/wp\/v2\/posts\/459852","targetHints":{"allow":["GET"]}}],"collection":[{"href":"https:\/\/portaltela.pt\/api\/wp\/v2\/posts"}],"about":[{"href":"https:\/\/portaltela.pt\/api\/wp\/v2\/types\/post"}],"author":[{"embeddable":true,"href":"https:\/\/portaltela.pt\/api\/wp\/v2\/users\/2"}],"replies":[{"embeddable":true,"href":"https:\/\/portaltela.pt\/api\/wp\/v2\/comments?post=459852"}],"version-history":[{"count":0,"href":"https:\/\/portaltela.pt\/api\/wp\/v2\/posts\/459852\/revisions"}],"wp:featuredmedia":[{"embeddable":true,"href":"https:\/\/portaltela.pt\/api\/wp\/v2\/media\/459857"}],"wp:attachment":[{"href":"https:\/\/portaltela.pt\/api\/wp\/v2\/media?parent=459852"}],"wp:term":[{"taxonomy":"category","embeddable":true,"href":"https:\/\/portaltela.pt\/api\/wp\/v2\/categories?post=459852"},{"taxonomy":"post_tag","embeddable":true,"href":"https:\/\/portaltela.pt\/api\/wp\/v2\/tags?post=459852"}],"curies":[{"name":"wp","href":"https:\/\/api.w.org\/{rel}","templated":true}]}}