{"id":459822,"date":"2026-04-28T11:03:39","date_gmt":"2026-04-28T14:03:39","guid":{"rendered":"https:\/\/portaltela.pt\/noticias\/2026\/04\/28\/governo-propoe-despesas-para-responder-a-calamidades-sem-visto-previo-do-tdc\/"},"modified":"2026-04-28T11:03:39","modified_gmt":"2026-04-28T14:03:39","slug":"governo-propoe-despesas-para-responder-a-calamidades-sem-visto-previo-do-tdc","status":"publish","type":"post","link":"https:\/\/portaltela.pt\/noticias\/economia\/2026\/04\/28\/governo-propoe-despesas-para-responder-a-calamidades-sem-visto-previo-do-tdc\/","title":{"rendered":"Governo prop\u00f5e despesas para responder a calamidades sem visto pr\u00e9vio do TdC"},"content":{"rendered":"<p>O Governo apresentou uma nova Lei de Organiza\u00e7\u00e3o e Processo do Tribunal de Contas (TdC), que reduz a fiscaliza\u00e7\u00e3o preventiva sobre actos e contratos das entidades p\u00fablicas. A medida isenta de visto pr\u00e9vio as despesas associadas a interven\u00e7\u00f5es necess\u00e1rias \u00e0 reconstru\u00e7\u00e3o, reabilita\u00e7\u00e3o de \u00e1reas afectadas e apoio a pessoas na sequ\u00eancia de calamidades.<\/p>\n<p>Antes, o limiar de fiscaliza\u00e7\u00e3o era de 750 mil euros (950 mil euros em contratos interligados). Passa a abranger at\u00e9 10 milh\u00f5es de euros. A mudan\u00e7a \u00e9 apresentada como forma de acelerar a resposta da administra\u00e7\u00e3o a situa\u00e7\u00f5es de emerg\u00eancia.<\/p>\n<p>A proposta foi apresentada pelo Executivo em contexto de cr\u00edticas \u00e0 rapidez das respostas a danos provocados por eventos clim\u00e1ticos, apontando para a necessidade de agilizar apoios. O TdC mant\u00e9m o papel de fiscaliza\u00e7\u00e3o, com foco em atividades acima do novo limiar.<\/p>\n<h3>Impacto para a fiscaliza\u00e7\u00e3o<\/h3>\n<p>Entidades centrais e locais devem adaptar-se ao novo regime, que reduz a interven\u00e7\u00e3o preventiva em opera\u00e7\u00f5es de menor montante. A medida poder\u00e1 alterar prazos de aprova\u00e7\u00e3o e procedimentos de contrata\u00e7\u00e3o, mantendo exig\u00eancias para evitar desvios de fundos.<\/p>\n","protected":false},"excerpt":{"rendered":"<ul>\n<li>Governo quer despesas para responder a calamidades isentas de visto pr\u00e9vio do Tribunal de Contas.<\/li>\n<li>Nova Lei de Organiza\u00e7\u00e3o e Processo do Tribunal de Contas, proposta pelo executivo, reduz o limiar de fiscaliza\u00e7\u00e3o preventiva de 750 mil euros (ou 950 mil euros em contratos interligados) para 10 milh\u00f5es de euros.<\/li>\n<li>A isen\u00e7\u00e3o aplica-se a despesas da administra\u00e7\u00e3o relacionadas com reconstru\u00e7\u00e3o, reabilita\u00e7\u00e3o e apoio a pessoas singulares e coletivas ap\u00f3s eventos que impliquem estado de s\u00edtio, estado de emerg\u00eancia ou calamidade.<\/li>\n<li>Governo afirma que a medida visa acelerar a concretiza\u00e7\u00e3o dos apoios anunciados, respondendo a cr\u00edticas sobre lentid\u00e3o na resposta a danos.<\/li>\n<li>A proposta insere-se numa vis\u00e3o de tornar o Tribunal de Contas mais jurisdicional e menos pol\u00edtico.<\/li>\n<\/ul>\n","protected":false},"author":2,"featured_media":459835,"comment_status":"closed","ping_status":"closed","sticky":false,"template":"","format":"standard","meta":{"footnotes":""},"categories":[2,6850],"tags":[4687,4966,155,695,34,6208],"class_list":["post-459822","post","type-post","status-publish","format-standard","has-post-thumbnail","hentry","category-economia","category-financas","tag-calamidade-publica","tag-calamidades","tag-despesas","tag-fiscalizacao","tag-governo","tag-tribunais"],"yoast_head":"<!-- This site is optimized with the Yoast SEO plugin v27.2 - https:\/\/yoast.com\/product\/yoast-seo-wordpress\/ -->\n<title>Governo prop\u00f5e despesas para responder a calamidades sem visto pr\u00e9vio do TdC - Portal Tela Portugal<\/title>\n<meta name=\"robots\" content=\"index, follow, max-snippet:-1, max-image-preview:large, max-video-preview:-1\" \/>\n<meta property=\"og:locale\" content=\"pt_PT\" \/>\n<meta property=\"og:type\" content=\"article\" \/>\n<meta property=\"og:title\" content=\"Governo prop\u00f5e despesas para responder a calamidades sem visto pr\u00e9vio do TdC - Portal Tela Portugal\" \/>\n<meta property=\"og:description\" content=\"Governo quer despesas para responder a calamidades isentas de visto pr\u00e9vio do Tribunal de Contas. Nova Lei de Organiza\u00e7\u00e3o e Processo do Tribunal de Contas, proposta pelo executivo, reduz o limiar de fiscaliza\u00e7\u00e3o preventiva de 750 mil euros (ou 950 mil euros em contratos interligados) para 10 milh\u00f5es de euros. A isen\u00e7\u00e3o aplica-se a despesas da administra\u00e7\u00e3o relacionadas com reconstru\u00e7\u00e3o, reabilita\u00e7\u00e3o e apoio a pessoas singulares e coletivas ap\u00f3s eventos que impliquem estado de s\u00edtio, estado de emerg\u00eancia ou calamidade. Governo afirma que a medida visa acelerar a concretiza\u00e7\u00e3o dos apoios anunciados, respondendo a cr\u00edticas sobre lentid\u00e3o na resposta a danos. A proposta insere-se numa vis\u00e3o de tornar o Tribunal de Contas mais jurisdicional e menos pol\u00edtico.\" \/>\n<meta property=\"og:url\" content=\"https:\/\/portaltela.pt\/noticias\/2026\/04\/28\/governo-propoe-despesas-para-responder-a-calamidades-sem-visto-previo-do-tdc\/\" \/>\n<meta property=\"og:site_name\" content=\"Portal Tela Portugal\" \/>\n<meta property=\"article:published_time\" content=\"2026-04-28T14:03:39+00:00\" \/>\n<meta name=\"author\" content=\"Telinha\" \/>\n<meta name=\"twitter:card\" content=\"summary_large_image\" \/>\n<meta name=\"twitter:label1\" content=\"Escrito por\" \/>\n\t<meta name=\"twitter:data1\" content=\"Telinha\" \/>\n\t<meta name=\"twitter:label2\" content=\"Tempo estimado de leitura\" \/>\n\t<meta name=\"twitter:data2\" content=\"1 minuto\" \/>\n<script type=\"application\/ld+json\" class=\"yoast-schema-graph\">{\"@context\":\"https:\/\/schema.org\",\"@graph\":[{\"@type\":\"Article\",\"@id\":\"https:\/\/portaltela.pt\/noticias\/2026\/04\/28\/governo-propoe-despesas-para-responder-a-calamidades-sem-visto-previo-do-tdc\/#article\",\"isPartOf\":{\"@id\":\"https:\/\/portaltela.pt\/noticias\/2026\/04\/28\/governo-propoe-despesas-para-responder-a-calamidades-sem-visto-previo-do-tdc\/\"},\"author\":{\"name\":\"Telinha\",\"@id\":\"https:\/\/portaltela.pt\/#\/schema\/person\/c4278d4a6028830caff9ee44b42d32ed\"},\"headline\":\"Governo prop\u00f5e despesas para responder a calamidades sem visto pr\u00e9vio do TdC\",\"datePublished\":\"2026-04-28T14:03:39+00:00\",\"mainEntityOfPage\":{\"@id\":\"https:\/\/portaltela.pt\/noticias\/2026\/04\/28\/governo-propoe-despesas-para-responder-a-calamidades-sem-visto-previo-do-tdc\/\"},\"wordCount\":209,\"image\":{\"@id\":\"https:\/\/portaltela.pt\/noticias\/2026\/04\/28\/governo-propoe-despesas-para-responder-a-calamidades-sem-visto-previo-do-tdc\/#primaryimage\"},\"thumbnailUrl\":\"https:\/\/portaltela.pt\/s.01k8rhncp4jt1\/2026\/04\/2084565.jpg\",\"keywords\":[\"calamidade p\u00fablica\",\"calamidades\",\"despesas\",\"fiscaliza\u00e7\u00e3o\",\"governo\",\"Tribunais\"],\"articleSection\":[\"Economia\",\"Finan\u00e7as\"],\"inLanguage\":\"pt-PT\"},{\"@type\":\"WebPage\",\"@id\":\"https:\/\/portaltela.pt\/noticias\/2026\/04\/28\/governo-propoe-despesas-para-responder-a-calamidades-sem-visto-previo-do-tdc\/\",\"url\":\"https:\/\/portaltela.pt\/noticias\/2026\/04\/28\/governo-propoe-despesas-para-responder-a-calamidades-sem-visto-previo-do-tdc\/\",\"name\":\"Governo prop\u00f5e despesas para responder a calamidades sem visto pr\u00e9vio do TdC - Portal Tela Portugal\",\"isPartOf\":{\"@id\":\"https:\/\/portaltela.pt\/#website\"},\"primaryImageOfPage\":{\"@id\":\"https:\/\/portaltela.pt\/noticias\/2026\/04\/28\/governo-propoe-despesas-para-responder-a-calamidades-sem-visto-previo-do-tdc\/#primaryimage\"},\"image\":{\"@id\":\"https:\/\/portaltela.pt\/noticias\/2026\/04\/28\/governo-propoe-despesas-para-responder-a-calamidades-sem-visto-previo-do-tdc\/#primaryimage\"},\"thumbnailUrl\":\"https:\/\/portaltela.pt\/s.01k8rhncp4jt1\/2026\/04\/2084565.jpg\",\"datePublished\":\"2026-04-28T14:03:39+00:00\",\"author\":{\"@id\":\"https:\/\/portaltela.pt\/#\/schema\/person\/c4278d4a6028830caff9ee44b42d32ed\"},\"breadcrumb\":{\"@id\":\"https:\/\/portaltela.pt\/noticias\/2026\/04\/28\/governo-propoe-despesas-para-responder-a-calamidades-sem-visto-previo-do-tdc\/#breadcrumb\"},\"inLanguage\":\"pt-PT\",\"potentialAction\":[{\"@type\":\"ReadAction\",\"target\":[\"https:\/\/portaltela.pt\/noticias\/2026\/04\/28\/governo-propoe-despesas-para-responder-a-calamidades-sem-visto-previo-do-tdc\/\"]}]},{\"@type\":\"ImageObject\",\"inLanguage\":\"pt-PT\",\"@id\":\"https:\/\/portaltela.pt\/noticias\/2026\/04\/28\/governo-propoe-despesas-para-responder-a-calamidades-sem-visto-previo-do-tdc\/#primaryimage\",\"url\":\"https:\/\/portaltela.pt\/s.01k8rhncp4jt1\/2026\/04\/2084565.jpg\",\"contentUrl\":\"https:\/\/portaltela.pt\/s.01k8rhncp4jt1\/2026\/04\/2084565.jpg\",\"width\":796,\"height\":448,\"caption\":\"A aprova\u00e7\u00e3o da nova Lei de Organiza\u00e7\u00e3o e Processo do Tribunal de Contas proposta pelo Governo exige maioria absoluta\"},{\"@type\":\"BreadcrumbList\",\"@id\":\"https:\/\/portaltela.pt\/noticias\/2026\/04\/28\/governo-propoe-despesas-para-responder-a-calamidades-sem-visto-previo-do-tdc\/#breadcrumb\",\"itemListElement\":[{\"@type\":\"ListItem\",\"position\":1,\"name\":\"In\u00edcio\",\"item\":\"https:\/\/portaltela.pt\/\"},{\"@type\":\"ListItem\",\"position\":2,\"name\":\"Governo prop\u00f5e despesas para responder a calamidades sem visto pr\u00e9vio do TdC\"}]},{\"@type\":\"WebSite\",\"@id\":\"https:\/\/portaltela.pt\/#website\",\"url\":\"https:\/\/portaltela.pt\/\",\"name\":\"Portal Tela Portugal\",\"description\":\"\",\"potentialAction\":[{\"@type\":\"SearchAction\",\"target\":{\"@type\":\"EntryPoint\",\"urlTemplate\":\"https:\/\/portaltela.pt\/?s={search_term_string}\"},\"query-input\":{\"@type\":\"PropertyValueSpecification\",\"valueRequired\":true,\"valueName\":\"search_term_string\"}}],\"inLanguage\":\"pt-PT\"},{\"@type\":\"Person\",\"@id\":\"https:\/\/portaltela.pt\/#\/schema\/person\/c4278d4a6028830caff9ee44b42d32ed\",\"name\":\"Telinha\",\"image\":{\"@type\":\"ImageObject\",\"inLanguage\":\"pt-PT\",\"@id\":\"https:\/\/portaltela.pt\/s.01k8rhncp4jt1\/2025\/11\/talking-bot-125x125.png\",\"url\":\"https:\/\/portaltela.pt\/s.01k8rhncp4jt1\/2025\/11\/talking-bot-125x125.png\",\"contentUrl\":\"https:\/\/portaltela.pt\/s.01k8rhncp4jt1\/2025\/11\/talking-bot-125x125.png\",\"caption\":\"Telinha\"},\"sameAs\":[\"https:\/\/portaltela.pt\/\"],\"url\":\"https:\/\/portaltela.pt\/por\/367410592786\/\"}]}<\/script>\n<!-- \/ Yoast SEO plugin. -->","yoast_head_json":{"title":"Governo prop\u00f5e despesas para responder a calamidades sem visto pr\u00e9vio do TdC - Portal Tela Portugal","robots":{"index":"index","follow":"follow","max-snippet":"max-snippet:-1","max-image-preview":"max-image-preview:large","max-video-preview":"max-video-preview:-1"},"og_locale":"pt_PT","og_type":"article","og_title":"Governo prop\u00f5e despesas para responder a calamidades sem visto pr\u00e9vio do TdC - Portal Tela Portugal","og_description":"Governo quer despesas para responder a calamidades isentas de visto pr\u00e9vio do Tribunal de Contas. Nova Lei de Organiza\u00e7\u00e3o e Processo do Tribunal de Contas, proposta pelo executivo, reduz o limiar de fiscaliza\u00e7\u00e3o preventiva de 750 mil euros (ou 950 mil euros em contratos interligados) para 10 milh\u00f5es de euros. A isen\u00e7\u00e3o aplica-se a despesas da administra\u00e7\u00e3o relacionadas com reconstru\u00e7\u00e3o, reabilita\u00e7\u00e3o e apoio a pessoas singulares e coletivas ap\u00f3s eventos que impliquem estado de s\u00edtio, estado de emerg\u00eancia ou calamidade. Governo afirma que a medida visa acelerar a concretiza\u00e7\u00e3o dos apoios anunciados, respondendo a cr\u00edticas sobre lentid\u00e3o na resposta a danos. A proposta insere-se numa vis\u00e3o de tornar o Tribunal de Contas mais jurisdicional e menos pol\u00edtico.","og_url":"https:\/\/portaltela.pt\/noticias\/2026\/04\/28\/governo-propoe-despesas-para-responder-a-calamidades-sem-visto-previo-do-tdc\/","og_site_name":"Portal Tela Portugal","article_published_time":"2026-04-28T14:03:39+00:00","author":"Telinha","twitter_card":"summary_large_image","twitter_misc":{"Escrito por":"Telinha","Tempo estimado de leitura":"1 minuto"},"schema":{"@context":"https:\/\/schema.org","@graph":[{"@type":"Article","@id":"https:\/\/portaltela.pt\/noticias\/2026\/04\/28\/governo-propoe-despesas-para-responder-a-calamidades-sem-visto-previo-do-tdc\/#article","isPartOf":{"@id":"https:\/\/portaltela.pt\/noticias\/2026\/04\/28\/governo-propoe-despesas-para-responder-a-calamidades-sem-visto-previo-do-tdc\/"},"author":{"name":"Telinha","@id":"https:\/\/portaltela.pt\/#\/schema\/person\/c4278d4a6028830caff9ee44b42d32ed"},"headline":"Governo prop\u00f5e despesas para responder a calamidades sem visto pr\u00e9vio do TdC","datePublished":"2026-04-28T14:03:39+00:00","mainEntityOfPage":{"@id":"https:\/\/portaltela.pt\/noticias\/2026\/04\/28\/governo-propoe-despesas-para-responder-a-calamidades-sem-visto-previo-do-tdc\/"},"wordCount":209,"image":{"@id":"https:\/\/portaltela.pt\/noticias\/2026\/04\/28\/governo-propoe-despesas-para-responder-a-calamidades-sem-visto-previo-do-tdc\/#primaryimage"},"thumbnailUrl":"https:\/\/portaltela.pt\/s.01k8rhncp4jt1\/2026\/04\/2084565.jpg","keywords":["calamidade p\u00fablica","calamidades","despesas","fiscaliza\u00e7\u00e3o","governo","Tribunais"],"articleSection":["Economia","Finan\u00e7as"],"inLanguage":"pt-PT"},{"@type":"WebPage","@id":"https:\/\/portaltela.pt\/noticias\/2026\/04\/28\/governo-propoe-despesas-para-responder-a-calamidades-sem-visto-previo-do-tdc\/","url":"https:\/\/portaltela.pt\/noticias\/2026\/04\/28\/governo-propoe-despesas-para-responder-a-calamidades-sem-visto-previo-do-tdc\/","name":"Governo prop\u00f5e despesas para responder a calamidades sem visto pr\u00e9vio do TdC - Portal Tela Portugal","isPartOf":{"@id":"https:\/\/portaltela.pt\/#website"},"primaryImageOfPage":{"@id":"https:\/\/portaltela.pt\/noticias\/2026\/04\/28\/governo-propoe-despesas-para-responder-a-calamidades-sem-visto-previo-do-tdc\/#primaryimage"},"image":{"@id":"https:\/\/portaltela.pt\/noticias\/2026\/04\/28\/governo-propoe-despesas-para-responder-a-calamidades-sem-visto-previo-do-tdc\/#primaryimage"},"thumbnailUrl":"https:\/\/portaltela.pt\/s.01k8rhncp4jt1\/2026\/04\/2084565.jpg","datePublished":"2026-04-28T14:03:39+00:00","author":{"@id":"https:\/\/portaltela.pt\/#\/schema\/person\/c4278d4a6028830caff9ee44b42d32ed"},"breadcrumb":{"@id":"https:\/\/portaltela.pt\/noticias\/2026\/04\/28\/governo-propoe-despesas-para-responder-a-calamidades-sem-visto-previo-do-tdc\/#breadcrumb"},"inLanguage":"pt-PT","potentialAction":[{"@type":"ReadAction","target":["https:\/\/portaltela.pt\/noticias\/2026\/04\/28\/governo-propoe-despesas-para-responder-a-calamidades-sem-visto-previo-do-tdc\/"]}]},{"@type":"ImageObject","inLanguage":"pt-PT","@id":"https:\/\/portaltela.pt\/noticias\/2026\/04\/28\/governo-propoe-despesas-para-responder-a-calamidades-sem-visto-previo-do-tdc\/#primaryimage","url":"https:\/\/portaltela.pt\/s.01k8rhncp4jt1\/2026\/04\/2084565.jpg","contentUrl":"https:\/\/portaltela.pt\/s.01k8rhncp4jt1\/2026\/04\/2084565.jpg","width":796,"height":448,"caption":"A aprova\u00e7\u00e3o da nova Lei de Organiza\u00e7\u00e3o e Processo do Tribunal de Contas proposta pelo Governo exige maioria absoluta"},{"@type":"BreadcrumbList","@id":"https:\/\/portaltela.pt\/noticias\/2026\/04\/28\/governo-propoe-despesas-para-responder-a-calamidades-sem-visto-previo-do-tdc\/#breadcrumb","itemListElement":[{"@type":"ListItem","position":1,"name":"In\u00edcio","item":"https:\/\/portaltela.pt\/"},{"@type":"ListItem","position":2,"name":"Governo prop\u00f5e despesas para responder a calamidades sem visto pr\u00e9vio do TdC"}]},{"@type":"WebSite","@id":"https:\/\/portaltela.pt\/#website","url":"https:\/\/portaltela.pt\/","name":"Portal Tela Portugal","description":"","potentialAction":[{"@type":"SearchAction","target":{"@type":"EntryPoint","urlTemplate":"https:\/\/portaltela.pt\/?s={search_term_string}"},"query-input":{"@type":"PropertyValueSpecification","valueRequired":true,"valueName":"search_term_string"}}],"inLanguage":"pt-PT"},{"@type":"Person","@id":"https:\/\/portaltela.pt\/#\/schema\/person\/c4278d4a6028830caff9ee44b42d32ed","name":"Telinha","image":{"@type":"ImageObject","inLanguage":"pt-PT","@id":"https:\/\/portaltela.pt\/s.01k8rhncp4jt1\/2025\/11\/talking-bot-125x125.png","url":"https:\/\/portaltela.pt\/s.01k8rhncp4jt1\/2025\/11\/talking-bot-125x125.png","contentUrl":"https:\/\/portaltela.pt\/s.01k8rhncp4jt1\/2025\/11\/talking-bot-125x125.png","caption":"Telinha"},"sameAs":["https:\/\/portaltela.pt\/"],"url":"https:\/\/portaltela.pt\/por\/367410592786\/"}]}},"_links":{"self":[{"href":"https:\/\/portaltela.pt\/api\/wp\/v2\/posts\/459822","targetHints":{"allow":["GET"]}}],"collection":[{"href":"https:\/\/portaltela.pt\/api\/wp\/v2\/posts"}],"about":[{"href":"https:\/\/portaltela.pt\/api\/wp\/v2\/types\/post"}],"author":[{"embeddable":true,"href":"https:\/\/portaltela.pt\/api\/wp\/v2\/users\/2"}],"replies":[{"embeddable":true,"href":"https:\/\/portaltela.pt\/api\/wp\/v2\/comments?post=459822"}],"version-history":[{"count":0,"href":"https:\/\/portaltela.pt\/api\/wp\/v2\/posts\/459822\/revisions"}],"wp:featuredmedia":[{"embeddable":true,"href":"https:\/\/portaltela.pt\/api\/wp\/v2\/media\/459835"}],"wp:attachment":[{"href":"https:\/\/portaltela.pt\/api\/wp\/v2\/media?parent=459822"}],"wp:term":[{"taxonomy":"category","embeddable":true,"href":"https:\/\/portaltela.pt\/api\/wp\/v2\/categories?post=459822"},{"taxonomy":"post_tag","embeddable":true,"href":"https:\/\/portaltela.pt\/api\/wp\/v2\/tags?post=459822"}],"curies":[{"name":"wp","href":"https:\/\/api.w.org\/{rel}","templated":true}]}}