{"id":459817,"date":"2026-04-28T11:03:24","date_gmt":"2026-04-28T14:03:24","guid":{"rendered":"https:\/\/portaltela.pt\/noticias\/2026\/04\/28\/sidonio-de-sousa-garrafeira-tinto-2017-em-destaque-no-mercado-de-vinhos\/"},"modified":"2026-04-28T11:03:24","modified_gmt":"2026-04-28T14:03:24","slug":"sidonio-de-sousa-garrafeira-tinto-2017-em-destaque-no-mercado-de-vinhos","status":"publish","type":"post","link":"https:\/\/portaltela.pt\/noticias\/2026\/04\/28\/sidonio-de-sousa-garrafeira-tinto-2017-em-destaque-no-mercado-de-vinhos\/","title":{"rendered":"Sid\u00f3nio de Sousa Garrafeira Tinto 2017 em destaque no mercado de vinhos"},"content":{"rendered":"<p>O produtor Sid\u00f3nio de Sousa acaba de colocar no mercado a colheita 2017 do Garrafeira Tinto. Trata-se de um vinho elaborado com a casta Baga, que come\u00e7a a mostrar-se num est\u00e1gio ainda relativamente jovem.<\/p>\n<p>No nariz, destacam-se notas bals\u00e2micas, com gatilhos de floresta e um toque mentolado que remete a aromas medicinais. O perfil inclui frutos silvestres e uma nota de alca\u00e7uz, sugerindo maturidade em desenvolvimento.<\/p>\n<p>Em boca, a acidez da Baga se imp\u00f5e, equilibrando uma ligeira do\u00e7ura e conferindo estrutura. O vinho apresenta intensidade e revela-se com corpo firme, t\u00edpico de um Garrafeira envelhecido em ton\u00e9is de carvalho.<\/p>\n<p>A ideia geral \u00e9 de um tinto ainda jovem, com potencial de evolu\u00e7\u00e3o na garrafeira. Vale a pena observar como poder\u00e1 melhorar com guarda durante algum tempo, antes de ser consumido.<\/p>\n","protected":false},"excerpt":{"rendered":"<ul>\n<li>A colheita de 2017 do Sid\u00f3nio de Sousa Garrafeira Tinto j\u00e1 est\u00e1 no mercado.<\/li>\n<li>Perfil arom\u00e1tico: bals\u00e2mico, floresta, notas mentoladas, frutos silvestres e alca\u00e7uz.<\/li>\n<li>Na boca, frutos maduros com leve do\u00e7ura, equilibrados pela acidez da casta Baga.<\/li>\n<li>Vinho tradicional da Baga, envelhecido em ton\u00e9is de carvalho, com estrutura e intensidade.<\/li>\n<li>Ainda \u00e9 jovem e pode valer a pena guard\u00e1-lo na garrafeira por algum tempo.<\/li>\n<\/ul>\n","protected":false},"author":2,"featured_media":459824,"comment_status":"closed","ping_status":"closed","sticky":false,"template":"","format":"standard","meta":{"footnotes":""},"categories":[7369,1],"tags":[1014,5586,779,3508],"class_list":["post-459817","post","type-post","status-publish","format-standard","has-post-thumbnail","hentry","category-gastronomia","category-noticias","tag-portugal","tag-vinho","tag-vinhos","tag-vitivinicultura"],"yoast_head":"<!-- This site is optimized with the Yoast SEO plugin v27.2 - https:\/\/yoast.com\/product\/yoast-seo-wordpress\/ -->\n<title>Sid\u00f3nio de Sousa Garrafeira Tinto 2017 em destaque no mercado de vinhos - Portal Tela Portugal<\/title>\n<meta name=\"robots\" content=\"index, follow, max-snippet:-1, max-image-preview:large, max-video-preview:-1\" \/>\n<meta property=\"og:locale\" content=\"pt_PT\" \/>\n<meta property=\"og:type\" content=\"article\" \/>\n<meta property=\"og:title\" content=\"Sid\u00f3nio de Sousa Garrafeira Tinto 2017 em destaque no mercado de vinhos - Portal Tela Portugal\" \/>\n<meta property=\"og:description\" content=\"A colheita de 2017 do Sid\u00f3nio de Sousa Garrafeira Tinto j\u00e1 est\u00e1 no mercado. Perfil arom\u00e1tico: bals\u00e2mico, floresta, notas mentoladas, frutos silvestres e alca\u00e7uz. Na boca, frutos maduros com leve do\u00e7ura, equilibrados pela acidez da casta Baga. Vinho tradicional da Baga, envelhecido em ton\u00e9is de carvalho, com estrutura e intensidade. Ainda \u00e9 jovem e pode valer a pena guard\u00e1-lo na garrafeira por algum tempo.\" \/>\n<meta property=\"og:url\" content=\"https:\/\/portaltela.pt\/noticias\/2026\/04\/28\/sidonio-de-sousa-garrafeira-tinto-2017-em-destaque-no-mercado-de-vinhos\/\" \/>\n<meta property=\"og:site_name\" content=\"Portal Tela Portugal\" \/>\n<meta property=\"article:published_time\" content=\"2026-04-28T14:03:24+00:00\" \/>\n<meta name=\"author\" content=\"Telinha\" \/>\n<meta name=\"twitter:card\" content=\"summary_large_image\" \/>\n<meta name=\"twitter:label1\" content=\"Escrito por\" \/>\n\t<meta name=\"twitter:data1\" content=\"Telinha\" \/>\n\t<meta name=\"twitter:label2\" content=\"Tempo estimado de leitura\" \/>\n\t<meta name=\"twitter:data2\" content=\"1 minuto\" \/>\n<script type=\"application\/ld+json\" class=\"yoast-schema-graph\">{\"@context\":\"https:\/\/schema.org\",\"@graph\":[{\"@type\":\"Article\",\"@id\":\"https:\/\/portaltela.pt\/noticias\/2026\/04\/28\/sidonio-de-sousa-garrafeira-tinto-2017-em-destaque-no-mercado-de-vinhos\/#article\",\"isPartOf\":{\"@id\":\"https:\/\/portaltela.pt\/noticias\/2026\/04\/28\/sidonio-de-sousa-garrafeira-tinto-2017-em-destaque-no-mercado-de-vinhos\/\"},\"author\":{\"name\":\"Telinha\",\"@id\":\"https:\/\/portaltela.pt\/#\/schema\/person\/c4278d4a6028830caff9ee44b42d32ed\"},\"headline\":\"Sid\u00f3nio de Sousa Garrafeira Tinto 2017 em destaque no mercado de vinhos\",\"datePublished\":\"2026-04-28T14:03:24+00:00\",\"mainEntityOfPage\":{\"@id\":\"https:\/\/portaltela.pt\/noticias\/2026\/04\/28\/sidonio-de-sousa-garrafeira-tinto-2017-em-destaque-no-mercado-de-vinhos\/\"},\"wordCount\":150,\"image\":{\"@id\":\"https:\/\/portaltela.pt\/noticias\/2026\/04\/28\/sidonio-de-sousa-garrafeira-tinto-2017-em-destaque-no-mercado-de-vinhos\/#primaryimage\"},\"thumbnailUrl\":\"https:\/\/portaltela.pt\/s.01k8rhncp4jt1\/2026\/04\/2084526.jpg\",\"keywords\":[\"Portugal\",\"vinho\",\"vinhos\",\"vitivinicultura\"],\"articleSection\":[\"Gastronomia\",\"Not\u00edcias\"],\"inLanguage\":\"pt-PT\"},{\"@type\":\"WebPage\",\"@id\":\"https:\/\/portaltela.pt\/noticias\/2026\/04\/28\/sidonio-de-sousa-garrafeira-tinto-2017-em-destaque-no-mercado-de-vinhos\/\",\"url\":\"https:\/\/portaltela.pt\/noticias\/2026\/04\/28\/sidonio-de-sousa-garrafeira-tinto-2017-em-destaque-no-mercado-de-vinhos\/\",\"name\":\"Sid\u00f3nio de Sousa Garrafeira Tinto 2017 em destaque no mercado de vinhos - Portal Tela Portugal\",\"isPartOf\":{\"@id\":\"https:\/\/portaltela.pt\/#website\"},\"primaryImageOfPage\":{\"@id\":\"https:\/\/portaltela.pt\/noticias\/2026\/04\/28\/sidonio-de-sousa-garrafeira-tinto-2017-em-destaque-no-mercado-de-vinhos\/#primaryimage\"},\"image\":{\"@id\":\"https:\/\/portaltela.pt\/noticias\/2026\/04\/28\/sidonio-de-sousa-garrafeira-tinto-2017-em-destaque-no-mercado-de-vinhos\/#primaryimage\"},\"thumbnailUrl\":\"https:\/\/portaltela.pt\/s.01k8rhncp4jt1\/2026\/04\/2084526.jpg\",\"datePublished\":\"2026-04-28T14:03:24+00:00\",\"author\":{\"@id\":\"https:\/\/portaltela.pt\/#\/schema\/person\/c4278d4a6028830caff9ee44b42d32ed\"},\"breadcrumb\":{\"@id\":\"https:\/\/portaltela.pt\/noticias\/2026\/04\/28\/sidonio-de-sousa-garrafeira-tinto-2017-em-destaque-no-mercado-de-vinhos\/#breadcrumb\"},\"inLanguage\":\"pt-PT\",\"potentialAction\":[{\"@type\":\"ReadAction\",\"target\":[\"https:\/\/portaltela.pt\/noticias\/2026\/04\/28\/sidonio-de-sousa-garrafeira-tinto-2017-em-destaque-no-mercado-de-vinhos\/\"]}]},{\"@type\":\"ImageObject\",\"inLanguage\":\"pt-PT\",\"@id\":\"https:\/\/portaltela.pt\/noticias\/2026\/04\/28\/sidonio-de-sousa-garrafeira-tinto-2017-em-destaque-no-mercado-de-vinhos\/#primaryimage\",\"url\":\"https:\/\/portaltela.pt\/s.01k8rhncp4jt1\/2026\/04\/2084526.jpg\",\"contentUrl\":\"https:\/\/portaltela.pt\/s.01k8rhncp4jt1\/2026\/04\/2084526.jpg\",\"width\":796,\"height\":448,\"caption\":\"Photo\"},{\"@type\":\"BreadcrumbList\",\"@id\":\"https:\/\/portaltela.pt\/noticias\/2026\/04\/28\/sidonio-de-sousa-garrafeira-tinto-2017-em-destaque-no-mercado-de-vinhos\/#breadcrumb\",\"itemListElement\":[{\"@type\":\"ListItem\",\"position\":1,\"name\":\"In\u00edcio\",\"item\":\"https:\/\/portaltela.pt\/\"},{\"@type\":\"ListItem\",\"position\":2,\"name\":\"Sid\u00f3nio de Sousa Garrafeira Tinto 2017 em destaque no mercado de vinhos\"}]},{\"@type\":\"WebSite\",\"@id\":\"https:\/\/portaltela.pt\/#website\",\"url\":\"https:\/\/portaltela.pt\/\",\"name\":\"Portal Tela Portugal\",\"description\":\"\",\"potentialAction\":[{\"@type\":\"SearchAction\",\"target\":{\"@type\":\"EntryPoint\",\"urlTemplate\":\"https:\/\/portaltela.pt\/?s={search_term_string}\"},\"query-input\":{\"@type\":\"PropertyValueSpecification\",\"valueRequired\":true,\"valueName\":\"search_term_string\"}}],\"inLanguage\":\"pt-PT\"},{\"@type\":\"Person\",\"@id\":\"https:\/\/portaltela.pt\/#\/schema\/person\/c4278d4a6028830caff9ee44b42d32ed\",\"name\":\"Telinha\",\"image\":{\"@type\":\"ImageObject\",\"inLanguage\":\"pt-PT\",\"@id\":\"https:\/\/portaltela.pt\/s.01k8rhncp4jt1\/2025\/11\/talking-bot-125x125.png\",\"url\":\"https:\/\/portaltela.pt\/s.01k8rhncp4jt1\/2025\/11\/talking-bot-125x125.png\",\"contentUrl\":\"https:\/\/portaltela.pt\/s.01k8rhncp4jt1\/2025\/11\/talking-bot-125x125.png\",\"caption\":\"Telinha\"},\"sameAs\":[\"https:\/\/portaltela.pt\/\"],\"url\":\"https:\/\/portaltela.pt\/por\/367410592786\/\"}]}<\/script>\n<!-- \/ Yoast SEO plugin. -->","yoast_head_json":{"title":"Sid\u00f3nio de Sousa Garrafeira Tinto 2017 em destaque no mercado de vinhos - Portal Tela Portugal","robots":{"index":"index","follow":"follow","max-snippet":"max-snippet:-1","max-image-preview":"max-image-preview:large","max-video-preview":"max-video-preview:-1"},"og_locale":"pt_PT","og_type":"article","og_title":"Sid\u00f3nio de Sousa Garrafeira Tinto 2017 em destaque no mercado de vinhos - Portal Tela Portugal","og_description":"A colheita de 2017 do Sid\u00f3nio de Sousa Garrafeira Tinto j\u00e1 est\u00e1 no mercado. Perfil arom\u00e1tico: bals\u00e2mico, floresta, notas mentoladas, frutos silvestres e alca\u00e7uz. Na boca, frutos maduros com leve do\u00e7ura, equilibrados pela acidez da casta Baga. Vinho tradicional da Baga, envelhecido em ton\u00e9is de carvalho, com estrutura e intensidade. Ainda \u00e9 jovem e pode valer a pena guard\u00e1-lo na garrafeira por algum tempo.","og_url":"https:\/\/portaltela.pt\/noticias\/2026\/04\/28\/sidonio-de-sousa-garrafeira-tinto-2017-em-destaque-no-mercado-de-vinhos\/","og_site_name":"Portal Tela Portugal","article_published_time":"2026-04-28T14:03:24+00:00","author":"Telinha","twitter_card":"summary_large_image","twitter_misc":{"Escrito por":"Telinha","Tempo estimado de leitura":"1 minuto"},"schema":{"@context":"https:\/\/schema.org","@graph":[{"@type":"Article","@id":"https:\/\/portaltela.pt\/noticias\/2026\/04\/28\/sidonio-de-sousa-garrafeira-tinto-2017-em-destaque-no-mercado-de-vinhos\/#article","isPartOf":{"@id":"https:\/\/portaltela.pt\/noticias\/2026\/04\/28\/sidonio-de-sousa-garrafeira-tinto-2017-em-destaque-no-mercado-de-vinhos\/"},"author":{"name":"Telinha","@id":"https:\/\/portaltela.pt\/#\/schema\/person\/c4278d4a6028830caff9ee44b42d32ed"},"headline":"Sid\u00f3nio de Sousa Garrafeira Tinto 2017 em destaque no mercado de vinhos","datePublished":"2026-04-28T14:03:24+00:00","mainEntityOfPage":{"@id":"https:\/\/portaltela.pt\/noticias\/2026\/04\/28\/sidonio-de-sousa-garrafeira-tinto-2017-em-destaque-no-mercado-de-vinhos\/"},"wordCount":150,"image":{"@id":"https:\/\/portaltela.pt\/noticias\/2026\/04\/28\/sidonio-de-sousa-garrafeira-tinto-2017-em-destaque-no-mercado-de-vinhos\/#primaryimage"},"thumbnailUrl":"https:\/\/portaltela.pt\/s.01k8rhncp4jt1\/2026\/04\/2084526.jpg","keywords":["Portugal","vinho","vinhos","vitivinicultura"],"articleSection":["Gastronomia","Not\u00edcias"],"inLanguage":"pt-PT"},{"@type":"WebPage","@id":"https:\/\/portaltela.pt\/noticias\/2026\/04\/28\/sidonio-de-sousa-garrafeira-tinto-2017-em-destaque-no-mercado-de-vinhos\/","url":"https:\/\/portaltela.pt\/noticias\/2026\/04\/28\/sidonio-de-sousa-garrafeira-tinto-2017-em-destaque-no-mercado-de-vinhos\/","name":"Sid\u00f3nio de Sousa Garrafeira Tinto 2017 em destaque no mercado de vinhos - Portal Tela Portugal","isPartOf":{"@id":"https:\/\/portaltela.pt\/#website"},"primaryImageOfPage":{"@id":"https:\/\/portaltela.pt\/noticias\/2026\/04\/28\/sidonio-de-sousa-garrafeira-tinto-2017-em-destaque-no-mercado-de-vinhos\/#primaryimage"},"image":{"@id":"https:\/\/portaltela.pt\/noticias\/2026\/04\/28\/sidonio-de-sousa-garrafeira-tinto-2017-em-destaque-no-mercado-de-vinhos\/#primaryimage"},"thumbnailUrl":"https:\/\/portaltela.pt\/s.01k8rhncp4jt1\/2026\/04\/2084526.jpg","datePublished":"2026-04-28T14:03:24+00:00","author":{"@id":"https:\/\/portaltela.pt\/#\/schema\/person\/c4278d4a6028830caff9ee44b42d32ed"},"breadcrumb":{"@id":"https:\/\/portaltela.pt\/noticias\/2026\/04\/28\/sidonio-de-sousa-garrafeira-tinto-2017-em-destaque-no-mercado-de-vinhos\/#breadcrumb"},"inLanguage":"pt-PT","potentialAction":[{"@type":"ReadAction","target":["https:\/\/portaltela.pt\/noticias\/2026\/04\/28\/sidonio-de-sousa-garrafeira-tinto-2017-em-destaque-no-mercado-de-vinhos\/"]}]},{"@type":"ImageObject","inLanguage":"pt-PT","@id":"https:\/\/portaltela.pt\/noticias\/2026\/04\/28\/sidonio-de-sousa-garrafeira-tinto-2017-em-destaque-no-mercado-de-vinhos\/#primaryimage","url":"https:\/\/portaltela.pt\/s.01k8rhncp4jt1\/2026\/04\/2084526.jpg","contentUrl":"https:\/\/portaltela.pt\/s.01k8rhncp4jt1\/2026\/04\/2084526.jpg","width":796,"height":448,"caption":"Photo"},{"@type":"BreadcrumbList","@id":"https:\/\/portaltela.pt\/noticias\/2026\/04\/28\/sidonio-de-sousa-garrafeira-tinto-2017-em-destaque-no-mercado-de-vinhos\/#breadcrumb","itemListElement":[{"@type":"ListItem","position":1,"name":"In\u00edcio","item":"https:\/\/portaltela.pt\/"},{"@type":"ListItem","position":2,"name":"Sid\u00f3nio de Sousa Garrafeira Tinto 2017 em destaque no mercado de vinhos"}]},{"@type":"WebSite","@id":"https:\/\/portaltela.pt\/#website","url":"https:\/\/portaltela.pt\/","name":"Portal Tela Portugal","description":"","potentialAction":[{"@type":"SearchAction","target":{"@type":"EntryPoint","urlTemplate":"https:\/\/portaltela.pt\/?s={search_term_string}"},"query-input":{"@type":"PropertyValueSpecification","valueRequired":true,"valueName":"search_term_string"}}],"inLanguage":"pt-PT"},{"@type":"Person","@id":"https:\/\/portaltela.pt\/#\/schema\/person\/c4278d4a6028830caff9ee44b42d32ed","name":"Telinha","image":{"@type":"ImageObject","inLanguage":"pt-PT","@id":"https:\/\/portaltela.pt\/s.01k8rhncp4jt1\/2025\/11\/talking-bot-125x125.png","url":"https:\/\/portaltela.pt\/s.01k8rhncp4jt1\/2025\/11\/talking-bot-125x125.png","contentUrl":"https:\/\/portaltela.pt\/s.01k8rhncp4jt1\/2025\/11\/talking-bot-125x125.png","caption":"Telinha"},"sameAs":["https:\/\/portaltela.pt\/"],"url":"https:\/\/portaltela.pt\/por\/367410592786\/"}]}},"_links":{"self":[{"href":"https:\/\/portaltela.pt\/api\/wp\/v2\/posts\/459817","targetHints":{"allow":["GET"]}}],"collection":[{"href":"https:\/\/portaltela.pt\/api\/wp\/v2\/posts"}],"about":[{"href":"https:\/\/portaltela.pt\/api\/wp\/v2\/types\/post"}],"author":[{"embeddable":true,"href":"https:\/\/portaltela.pt\/api\/wp\/v2\/users\/2"}],"replies":[{"embeddable":true,"href":"https:\/\/portaltela.pt\/api\/wp\/v2\/comments?post=459817"}],"version-history":[{"count":0,"href":"https:\/\/portaltela.pt\/api\/wp\/v2\/posts\/459817\/revisions"}],"wp:featuredmedia":[{"embeddable":true,"href":"https:\/\/portaltela.pt\/api\/wp\/v2\/media\/459824"}],"wp:attachment":[{"href":"https:\/\/portaltela.pt\/api\/wp\/v2\/media?parent=459817"}],"wp:term":[{"taxonomy":"category","embeddable":true,"href":"https:\/\/portaltela.pt\/api\/wp\/v2\/categories?post=459817"},{"taxonomy":"post_tag","embeddable":true,"href":"https:\/\/portaltela.pt\/api\/wp\/v2\/tags?post=459817"}],"curies":[{"name":"wp","href":"https:\/\/api.w.org\/{rel}","templated":true}]}}