{"id":459804,"date":"2026-04-28T10:48:11","date_gmt":"2026-04-28T13:48:11","guid":{"rendered":"https:\/\/portaltela.pt\/noticias\/2026\/04\/28\/exposicao-de-jose-pedro-croft-no-mac-ccb-celebra-25-anos-de-obra\/"},"modified":"2026-04-28T10:48:11","modified_gmt":"2026-04-28T13:48:11","slug":"exposicao-de-jose-pedro-croft-no-mac-ccb-celebra-25-anos-de-obra","status":"publish","type":"post","link":"https:\/\/portaltela.pt\/lazer\/2026\/04\/28\/exposicao-de-jose-pedro-croft-no-mac-ccb-celebra-25-anos-de-obra\/","title":{"rendered":"Exposi\u00e7\u00e3o de Jos\u00e9 Pedro Croft no MAC\/CCB celebra 25 anos de obra"},"content":{"rendered":"<p>A exposi\u00e7\u00e3o de Jos\u00e9 Pedro Croft no MAC\/CCB, em Lisboa, abre portas para 25 anos de trabalho do artista. A mostra revela uma selec\u00e7\u00e3o de obras que percorrem a evolu\u00e7\u00e3o do cria\u00e7\u00e3o de Croft, destacando o uso de materiais e a linguagem geom\u00e9trica.<\/p>\n<p>O MAC\/CCB recebe o conjunto expositivo como marco da carreira do escultor, que j\u00e1 integrou refer\u00eancias importantes no panorama da arte contempor\u00e2nea portuguesa. A curadoria apresenta obras que ilustram a investiga\u00e7\u00e3o formal do produtor.<\/p>\n<p>A iniciativa acontece no cora\u00e7\u00e3o da cidade, na rela\u00e7\u00e3o entre o espa\u00e7o museol\u00f3gico e a produ\u00e7\u00e3o art\u00edstica de Croft. O objetivo \u00e9 oferecer um retrato claro da trajet\u00f3ria do artista e do impacto de d\u00e9cadas de pr\u00e1tica criativa.<\/p>\n<p>Fonte: LUSA<\/p>\n","protected":false},"excerpt":{"rendered":"<ul>\n<li>A exposi\u00e7\u00e3o de Jos\u00e9 Pedro Croft no MAC\/CCB celebra 25 anos de trabalho do artista.<\/li>\n<li>A mostra, no MAC\/CCB, destaca o percurso art\u00edstico de Croft ao longo de um quarto de s\u00e9culo.<\/li>\n<li>O conjunto expositivo evidencia diferentes fases da produ\u00e7\u00e3o do escultor e a sua evolu\u00e7\u00e3o criativa.<\/li>\n<li>O conte\u00fado \u00e9 partilhado pela ag\u00eancia Lusa e est\u00e1 protegido por direitos de autor.<\/li>\n<\/ul>\n","protected":false},"author":2,"featured_media":459806,"comment_status":"closed","ping_status":"closed","sticky":false,"template":"","format":"standard","meta":{"footnotes":""},"categories":[7375,7381],"tags":[70,4328,249,981,1192,1175],"class_list":["post-459804","post","type-post","status-publish","format-standard","has-post-thumbnail","hentry","category-cultura","category-lazer","tag-arte","tag-artes-visuais","tag-escultura","tag-lisboa","tag-museus-arquivos","tag-patrimonio-cultural"],"yoast_head":"<!-- This site is optimized with the Yoast SEO plugin v27.2 - https:\/\/yoast.com\/product\/yoast-seo-wordpress\/ -->\n<title>Exposi\u00e7\u00e3o de Jos\u00e9 Pedro Croft no MAC\/CCB celebra 25 anos de obra - Portal Tela Portugal<\/title>\n<meta name=\"robots\" content=\"index, follow, max-snippet:-1, max-image-preview:large, max-video-preview:-1\" \/>\n<meta property=\"og:locale\" content=\"pt_PT\" \/>\n<meta property=\"og:type\" content=\"article\" \/>\n<meta property=\"og:title\" content=\"Exposi\u00e7\u00e3o de Jos\u00e9 Pedro Croft no MAC\/CCB celebra 25 anos de obra - Portal Tela Portugal\" \/>\n<meta property=\"og:description\" content=\"A exposi\u00e7\u00e3o de Jos\u00e9 Pedro Croft no MAC\/CCB celebra 25 anos de trabalho do artista. A mostra, no MAC\/CCB, destaca o percurso art\u00edstico de Croft ao longo de um quarto de s\u00e9culo. O conjunto expositivo evidencia diferentes fases da produ\u00e7\u00e3o do escultor e a sua evolu\u00e7\u00e3o criativa. O conte\u00fado \u00e9 partilhado pela ag\u00eancia Lusa e est\u00e1 protegido por direitos de autor.\" \/>\n<meta property=\"og:url\" content=\"https:\/\/portaltela.pt\/noticias\/2026\/04\/28\/exposicao-de-jose-pedro-croft-no-mac-ccb-celebra-25-anos-de-obra\/\" \/>\n<meta property=\"og:site_name\" content=\"Portal Tela Portugal\" \/>\n<meta property=\"article:published_time\" content=\"2026-04-28T13:48:11+00:00\" \/>\n<meta name=\"author\" content=\"Telinha\" \/>\n<meta name=\"twitter:card\" content=\"summary_large_image\" \/>\n<meta name=\"twitter:label1\" content=\"Escrito por\" \/>\n\t<meta name=\"twitter:data1\" content=\"Telinha\" \/>\n\t<meta name=\"twitter:label2\" content=\"Tempo estimado de leitura\" \/>\n\t<meta name=\"twitter:data2\" content=\"1 minuto\" \/>\n<script type=\"application\/ld+json\" class=\"yoast-schema-graph\">{\"@context\":\"https:\/\/schema.org\",\"@graph\":[{\"@type\":\"Article\",\"@id\":\"https:\/\/portaltela.pt\/noticias\/2026\/04\/28\/exposicao-de-jose-pedro-croft-no-mac-ccb-celebra-25-anos-de-obra\/#article\",\"isPartOf\":{\"@id\":\"https:\/\/portaltela.pt\/noticias\/2026\/04\/28\/exposicao-de-jose-pedro-croft-no-mac-ccb-celebra-25-anos-de-obra\/\"},\"author\":{\"name\":\"Telinha\",\"@id\":\"https:\/\/portaltela.pt\/#\/schema\/person\/c4278d4a6028830caff9ee44b42d32ed\"},\"headline\":\"Exposi\u00e7\u00e3o de Jos\u00e9 Pedro Croft no MAC\/CCB celebra 25 anos de obra\",\"datePublished\":\"2026-04-28T13:48:11+00:00\",\"mainEntityOfPage\":{\"@id\":\"https:\/\/portaltela.pt\/noticias\/2026\/04\/28\/exposicao-de-jose-pedro-croft-no-mac-ccb-celebra-25-anos-de-obra\/\"},\"wordCount\":147,\"image\":{\"@id\":\"https:\/\/portaltela.pt\/noticias\/2026\/04\/28\/exposicao-de-jose-pedro-croft-no-mac-ccb-celebra-25-anos-de-obra\/#primaryimage\"},\"thumbnailUrl\":\"https:\/\/portaltela.pt\/s.01k8rhncp4jt1\/2026\/04\/CACHE_780X1200_ANALOG_WATERMARKED_47008010_5942549_28042026121551.jpg\",\"keywords\":[\"arte\",\"Artes Visuais\",\"escultura\",\"Lisboa\",\"museus\/arquivos\",\"Patrim\u00f3nio Cultural\"],\"articleSection\":[\"Cultura\",\"Lazer\"],\"inLanguage\":\"pt-PT\"},{\"@type\":\"WebPage\",\"@id\":\"https:\/\/portaltela.pt\/noticias\/2026\/04\/28\/exposicao-de-jose-pedro-croft-no-mac-ccb-celebra-25-anos-de-obra\/\",\"url\":\"https:\/\/portaltela.pt\/noticias\/2026\/04\/28\/exposicao-de-jose-pedro-croft-no-mac-ccb-celebra-25-anos-de-obra\/\",\"name\":\"Exposi\u00e7\u00e3o de Jos\u00e9 Pedro Croft no MAC\/CCB celebra 25 anos de obra - Portal Tela Portugal\",\"isPartOf\":{\"@id\":\"https:\/\/portaltela.pt\/#website\"},\"primaryImageOfPage\":{\"@id\":\"https:\/\/portaltela.pt\/noticias\/2026\/04\/28\/exposicao-de-jose-pedro-croft-no-mac-ccb-celebra-25-anos-de-obra\/#primaryimage\"},\"image\":{\"@id\":\"https:\/\/portaltela.pt\/noticias\/2026\/04\/28\/exposicao-de-jose-pedro-croft-no-mac-ccb-celebra-25-anos-de-obra\/#primaryimage\"},\"thumbnailUrl\":\"https:\/\/portaltela.pt\/s.01k8rhncp4jt1\/2026\/04\/CACHE_780X1200_ANALOG_WATERMARKED_47008010_5942549_28042026121551.jpg\",\"datePublished\":\"2026-04-28T13:48:11+00:00\",\"author\":{\"@id\":\"https:\/\/portaltela.pt\/#\/schema\/person\/c4278d4a6028830caff9ee44b42d32ed\"},\"breadcrumb\":{\"@id\":\"https:\/\/portaltela.pt\/noticias\/2026\/04\/28\/exposicao-de-jose-pedro-croft-no-mac-ccb-celebra-25-anos-de-obra\/#breadcrumb\"},\"inLanguage\":\"pt-PT\",\"potentialAction\":[{\"@type\":\"ReadAction\",\"target\":[\"https:\/\/portaltela.pt\/noticias\/2026\/04\/28\/exposicao-de-jose-pedro-croft-no-mac-ccb-celebra-25-anos-de-obra\/\"]}]},{\"@type\":\"ImageObject\",\"inLanguage\":\"pt-PT\",\"@id\":\"https:\/\/portaltela.pt\/noticias\/2026\/04\/28\/exposicao-de-jose-pedro-croft-no-mac-ccb-celebra-25-anos-de-obra\/#primaryimage\",\"url\":\"https:\/\/portaltela.pt\/s.01k8rhncp4jt1\/2026\/04\/CACHE_780X1200_ANALOG_WATERMARKED_47008010_5942549_28042026121551.jpg\",\"contentUrl\":\"https:\/\/portaltela.pt\/s.01k8rhncp4jt1\/2026\/04\/CACHE_780X1200_ANALOG_WATERMARKED_47008010_5942549_28042026121551.jpg\",\"width\":796,\"height\":448,\"caption\":\"Exposi\u00e7\u00e3o de Jos\u00e9 Pedro Croft no MAC\/CCB abre porta para 25 anos de trabalho do artista\"},{\"@type\":\"BreadcrumbList\",\"@id\":\"https:\/\/portaltela.pt\/noticias\/2026\/04\/28\/exposicao-de-jose-pedro-croft-no-mac-ccb-celebra-25-anos-de-obra\/#breadcrumb\",\"itemListElement\":[{\"@type\":\"ListItem\",\"position\":1,\"name\":\"In\u00edcio\",\"item\":\"https:\/\/portaltela.pt\/\"},{\"@type\":\"ListItem\",\"position\":2,\"name\":\"Exposi\u00e7\u00e3o de Jos\u00e9 Pedro Croft no MAC\/CCB celebra 25 anos de obra\"}]},{\"@type\":\"WebSite\",\"@id\":\"https:\/\/portaltela.pt\/#website\",\"url\":\"https:\/\/portaltela.pt\/\",\"name\":\"Portal Tela Portugal\",\"description\":\"\",\"potentialAction\":[{\"@type\":\"SearchAction\",\"target\":{\"@type\":\"EntryPoint\",\"urlTemplate\":\"https:\/\/portaltela.pt\/?s={search_term_string}\"},\"query-input\":{\"@type\":\"PropertyValueSpecification\",\"valueRequired\":true,\"valueName\":\"search_term_string\"}}],\"inLanguage\":\"pt-PT\"},{\"@type\":\"Person\",\"@id\":\"https:\/\/portaltela.pt\/#\/schema\/person\/c4278d4a6028830caff9ee44b42d32ed\",\"name\":\"Telinha\",\"image\":{\"@type\":\"ImageObject\",\"inLanguage\":\"pt-PT\",\"@id\":\"https:\/\/portaltela.pt\/s.01k8rhncp4jt1\/2025\/11\/talking-bot-125x125.png\",\"url\":\"https:\/\/portaltela.pt\/s.01k8rhncp4jt1\/2025\/11\/talking-bot-125x125.png\",\"contentUrl\":\"https:\/\/portaltela.pt\/s.01k8rhncp4jt1\/2025\/11\/talking-bot-125x125.png\",\"caption\":\"Telinha\"},\"sameAs\":[\"https:\/\/portaltela.pt\/\"],\"url\":\"https:\/\/portaltela.pt\/por\/367410592786\/\"}]}<\/script>\n<!-- \/ Yoast SEO plugin. -->","yoast_head_json":{"title":"Exposi\u00e7\u00e3o de Jos\u00e9 Pedro Croft no MAC\/CCB celebra 25 anos de obra - Portal Tela Portugal","robots":{"index":"index","follow":"follow","max-snippet":"max-snippet:-1","max-image-preview":"max-image-preview:large","max-video-preview":"max-video-preview:-1"},"og_locale":"pt_PT","og_type":"article","og_title":"Exposi\u00e7\u00e3o de Jos\u00e9 Pedro Croft no MAC\/CCB celebra 25 anos de obra - Portal Tela Portugal","og_description":"A exposi\u00e7\u00e3o de Jos\u00e9 Pedro Croft no MAC\/CCB celebra 25 anos de trabalho do artista. A mostra, no MAC\/CCB, destaca o percurso art\u00edstico de Croft ao longo de um quarto de s\u00e9culo. O conjunto expositivo evidencia diferentes fases da produ\u00e7\u00e3o do escultor e a sua evolu\u00e7\u00e3o criativa. O conte\u00fado \u00e9 partilhado pela ag\u00eancia Lusa e est\u00e1 protegido por direitos de autor.","og_url":"https:\/\/portaltela.pt\/noticias\/2026\/04\/28\/exposicao-de-jose-pedro-croft-no-mac-ccb-celebra-25-anos-de-obra\/","og_site_name":"Portal Tela Portugal","article_published_time":"2026-04-28T13:48:11+00:00","author":"Telinha","twitter_card":"summary_large_image","twitter_misc":{"Escrito por":"Telinha","Tempo estimado de leitura":"1 minuto"},"schema":{"@context":"https:\/\/schema.org","@graph":[{"@type":"Article","@id":"https:\/\/portaltela.pt\/noticias\/2026\/04\/28\/exposicao-de-jose-pedro-croft-no-mac-ccb-celebra-25-anos-de-obra\/#article","isPartOf":{"@id":"https:\/\/portaltela.pt\/noticias\/2026\/04\/28\/exposicao-de-jose-pedro-croft-no-mac-ccb-celebra-25-anos-de-obra\/"},"author":{"name":"Telinha","@id":"https:\/\/portaltela.pt\/#\/schema\/person\/c4278d4a6028830caff9ee44b42d32ed"},"headline":"Exposi\u00e7\u00e3o de Jos\u00e9 Pedro Croft no MAC\/CCB celebra 25 anos de obra","datePublished":"2026-04-28T13:48:11+00:00","mainEntityOfPage":{"@id":"https:\/\/portaltela.pt\/noticias\/2026\/04\/28\/exposicao-de-jose-pedro-croft-no-mac-ccb-celebra-25-anos-de-obra\/"},"wordCount":147,"image":{"@id":"https:\/\/portaltela.pt\/noticias\/2026\/04\/28\/exposicao-de-jose-pedro-croft-no-mac-ccb-celebra-25-anos-de-obra\/#primaryimage"},"thumbnailUrl":"https:\/\/portaltela.pt\/s.01k8rhncp4jt1\/2026\/04\/CACHE_780X1200_ANALOG_WATERMARKED_47008010_5942549_28042026121551.jpg","keywords":["arte","Artes Visuais","escultura","Lisboa","museus\/arquivos","Patrim\u00f3nio Cultural"],"articleSection":["Cultura","Lazer"],"inLanguage":"pt-PT"},{"@type":"WebPage","@id":"https:\/\/portaltela.pt\/noticias\/2026\/04\/28\/exposicao-de-jose-pedro-croft-no-mac-ccb-celebra-25-anos-de-obra\/","url":"https:\/\/portaltela.pt\/noticias\/2026\/04\/28\/exposicao-de-jose-pedro-croft-no-mac-ccb-celebra-25-anos-de-obra\/","name":"Exposi\u00e7\u00e3o de Jos\u00e9 Pedro Croft no MAC\/CCB celebra 25 anos de obra - Portal Tela Portugal","isPartOf":{"@id":"https:\/\/portaltela.pt\/#website"},"primaryImageOfPage":{"@id":"https:\/\/portaltela.pt\/noticias\/2026\/04\/28\/exposicao-de-jose-pedro-croft-no-mac-ccb-celebra-25-anos-de-obra\/#primaryimage"},"image":{"@id":"https:\/\/portaltela.pt\/noticias\/2026\/04\/28\/exposicao-de-jose-pedro-croft-no-mac-ccb-celebra-25-anos-de-obra\/#primaryimage"},"thumbnailUrl":"https:\/\/portaltela.pt\/s.01k8rhncp4jt1\/2026\/04\/CACHE_780X1200_ANALOG_WATERMARKED_47008010_5942549_28042026121551.jpg","datePublished":"2026-04-28T13:48:11+00:00","author":{"@id":"https:\/\/portaltela.pt\/#\/schema\/person\/c4278d4a6028830caff9ee44b42d32ed"},"breadcrumb":{"@id":"https:\/\/portaltela.pt\/noticias\/2026\/04\/28\/exposicao-de-jose-pedro-croft-no-mac-ccb-celebra-25-anos-de-obra\/#breadcrumb"},"inLanguage":"pt-PT","potentialAction":[{"@type":"ReadAction","target":["https:\/\/portaltela.pt\/noticias\/2026\/04\/28\/exposicao-de-jose-pedro-croft-no-mac-ccb-celebra-25-anos-de-obra\/"]}]},{"@type":"ImageObject","inLanguage":"pt-PT","@id":"https:\/\/portaltela.pt\/noticias\/2026\/04\/28\/exposicao-de-jose-pedro-croft-no-mac-ccb-celebra-25-anos-de-obra\/#primaryimage","url":"https:\/\/portaltela.pt\/s.01k8rhncp4jt1\/2026\/04\/CACHE_780X1200_ANALOG_WATERMARKED_47008010_5942549_28042026121551.jpg","contentUrl":"https:\/\/portaltela.pt\/s.01k8rhncp4jt1\/2026\/04\/CACHE_780X1200_ANALOG_WATERMARKED_47008010_5942549_28042026121551.jpg","width":796,"height":448,"caption":"Exposi\u00e7\u00e3o de Jos\u00e9 Pedro Croft no MAC\/CCB abre porta para 25 anos de trabalho do artista"},{"@type":"BreadcrumbList","@id":"https:\/\/portaltela.pt\/noticias\/2026\/04\/28\/exposicao-de-jose-pedro-croft-no-mac-ccb-celebra-25-anos-de-obra\/#breadcrumb","itemListElement":[{"@type":"ListItem","position":1,"name":"In\u00edcio","item":"https:\/\/portaltela.pt\/"},{"@type":"ListItem","position":2,"name":"Exposi\u00e7\u00e3o de Jos\u00e9 Pedro Croft no MAC\/CCB celebra 25 anos de obra"}]},{"@type":"WebSite","@id":"https:\/\/portaltela.pt\/#website","url":"https:\/\/portaltela.pt\/","name":"Portal Tela Portugal","description":"","potentialAction":[{"@type":"SearchAction","target":{"@type":"EntryPoint","urlTemplate":"https:\/\/portaltela.pt\/?s={search_term_string}"},"query-input":{"@type":"PropertyValueSpecification","valueRequired":true,"valueName":"search_term_string"}}],"inLanguage":"pt-PT"},{"@type":"Person","@id":"https:\/\/portaltela.pt\/#\/schema\/person\/c4278d4a6028830caff9ee44b42d32ed","name":"Telinha","image":{"@type":"ImageObject","inLanguage":"pt-PT","@id":"https:\/\/portaltela.pt\/s.01k8rhncp4jt1\/2025\/11\/talking-bot-125x125.png","url":"https:\/\/portaltela.pt\/s.01k8rhncp4jt1\/2025\/11\/talking-bot-125x125.png","contentUrl":"https:\/\/portaltela.pt\/s.01k8rhncp4jt1\/2025\/11\/talking-bot-125x125.png","caption":"Telinha"},"sameAs":["https:\/\/portaltela.pt\/"],"url":"https:\/\/portaltela.pt\/por\/367410592786\/"}]}},"_links":{"self":[{"href":"https:\/\/portaltela.pt\/api\/wp\/v2\/posts\/459804","targetHints":{"allow":["GET"]}}],"collection":[{"href":"https:\/\/portaltela.pt\/api\/wp\/v2\/posts"}],"about":[{"href":"https:\/\/portaltela.pt\/api\/wp\/v2\/types\/post"}],"author":[{"embeddable":true,"href":"https:\/\/portaltela.pt\/api\/wp\/v2\/users\/2"}],"replies":[{"embeddable":true,"href":"https:\/\/portaltela.pt\/api\/wp\/v2\/comments?post=459804"}],"version-history":[{"count":0,"href":"https:\/\/portaltela.pt\/api\/wp\/v2\/posts\/459804\/revisions"}],"wp:featuredmedia":[{"embeddable":true,"href":"https:\/\/portaltela.pt\/api\/wp\/v2\/media\/459806"}],"wp:attachment":[{"href":"https:\/\/portaltela.pt\/api\/wp\/v2\/media?parent=459804"}],"wp:term":[{"taxonomy":"category","embeddable":true,"href":"https:\/\/portaltela.pt\/api\/wp\/v2\/categories?post=459804"},{"taxonomy":"post_tag","embeddable":true,"href":"https:\/\/portaltela.pt\/api\/wp\/v2\/tags?post=459804"}],"curies":[{"name":"wp","href":"https:\/\/api.w.org\/{rel}","templated":true}]}}