{"id":459786,"date":"2026-04-28T10:33:28","date_gmt":"2026-04-28T13:33:28","guid":{"rendered":"https:\/\/portaltela.pt\/noticias\/2026\/04\/28\/sp-braga-prepara-voo-charter-para-apoiar-a-equipa-na-final-da-liga-europa\/"},"modified":"2026-04-28T10:33:28","modified_gmt":"2026-04-28T13:33:28","slug":"sp-braga-prepara-voo-charter-para-apoiar-a-equipa-na-final-da-liga-europa","status":"publish","type":"post","link":"https:\/\/portaltela.pt\/desporto\/futebol\/2026\/04\/28\/sp-braga-prepara-voo-charter-para-apoiar-a-equipa-na-final-da-liga-europa\/","title":{"rendered":"Sp. Braga prepara voo charter para apoiar a equipa na final da Liga Europa"},"content":{"rendered":"<p>O Sp. Braga est\u00e1 a preparar a viagem dos seus adeptos \u00e0 Alemanha, onde se decide a meia-final da Liga Europa frente ao Friburgo. A segunda m\u00e3o ocorre a 7 de maio, \u00e0s 20h00 (Portugal), com o jogo a realizar-se em territ\u00f3rio alem\u00e3o. A equipa minhota pode chegar \u00e0 final pela primeira vez em 15 anos, dependendo do resultado agregado.<\/p>\n<p>Para apoiar a desloca\u00e7\u00e3o, o clube anunciou um voo charter de ida e volta no dia do encontro. A iniciativa, destinada aos adeptos, come\u00e7a esta ter\u00e7a-feira, \u00e0s 15h00, com inscri\u00e7\u00f5es na loja oficial do Sp. Braga. Os interessados devem pagar uma entrada de 50 euros, somando ao pacote total de 300 euros, que inclui viagens, transfers e bilhete de jogo.<\/p>\n<p>O Sp. Braga esclarece que o voo ser\u00e1 confirmado apenas se cumprir um n\u00famero m\u00ednimo de reservas. Caso esse limiar n\u00e3o seja atingido, o valor pago ser\u00e1 devolvido aos adeptos. As inscri\u00e7\u00f5es permanecem abertas at\u00e9 2 de maio, ou at\u00e9 esgotarem os lugares, sendo necess\u00e1rio indicar o n\u00famero de s\u00f3cio e apresentar documento de identifica\u00e7\u00e3o.<\/p>\n<h3>Detalhes do voo charter<\/h3>\n<p>A primeira m\u00e3o da meia-final disputa-se j\u00e1 esta quinta-feira, \u00e0s 20h00, marcando o in\u00edcio da eliminat\u00f3ria entre as duas equipes. Se a segunda m\u00e3o decorrer conforme o previsto, o voo charter poder\u00e1 facilitar a presen\u00e7a de adeptos minhotos em solo alem\u00e3o, contribuindo para o apoio \u00e0 equipa.<\/p>\n","protected":false},"excerpt":{"rendered":"<ul>\n<li>O Sp. Braga defronta o Friburgo na meia-final da Liga Europa; a segunda m\u00e3o \u00e9 na Alemanha, a sete de maio, \u00e0s 20 horas portuguesas.<\/li>\n<li>Os adeptos podem inscrever-se numa loja do clube a partir das 15 horas de ter\u00e7a-feira para um voo charter de ida e volta no dia do jogo, pagando 50 euros pela inscri\u00e7\u00e3o.<\/li>\n<li>O pacote completo, que inclui viagens, transfers e bilhete de jogo, fica por mais 300 euros.<\/li>\n<li>O voo s\u00f3 \u00e9 confirmado se houver um n\u00famero m\u00ednimo de reservas; caso contr\u00e1rio, o valor \u00e9 devolvido. As inscri\u00e7\u00f5es v\u00e3o at\u00e9 dois de maio ou at\u00e9 esgotarem os lugares, e pedem-se n\u00famero de s\u00f3cio e documento de identifica\u00e7\u00e3o.<\/li>\n<li>A primeira m\u00e3o da meia-final \u00e9 j\u00e1 nesta quinta-feira, \u00e0s 20 horas.<\/li>\n<\/ul>\n","protected":false},"author":2,"featured_media":459793,"comment_status":"closed","ping_status":"closed","sticky":false,"template":"","format":"standard","meta":{"footnotes":""},"categories":[21,24],"tags":[7987,7973,8830,2533,32,71],"class_list":["post-459786","post","type-post","status-publish","format-standard","has-post-thumbnail","hentry","category-desporto","category-futebol","tag-_alemanha","tag-_braga","tag-_europa-league","tag-adeptos","tag-futebol","tag-viagens"],"yoast_head":"<!-- This site is optimized with the Yoast SEO plugin v27.2 - https:\/\/yoast.com\/product\/yoast-seo-wordpress\/ -->\n<title>Sp. Braga prepara voo charter para apoiar a equipa na final da Liga Europa - Portal Tela Portugal<\/title>\n<meta name=\"robots\" content=\"index, follow, max-snippet:-1, max-image-preview:large, max-video-preview:-1\" \/>\n<meta property=\"og:locale\" content=\"pt_PT\" \/>\n<meta property=\"og:type\" content=\"article\" \/>\n<meta property=\"og:title\" content=\"Sp. Braga prepara voo charter para apoiar a equipa na final da Liga Europa - Portal Tela Portugal\" \/>\n<meta property=\"og:description\" content=\"O Sp. Braga defronta o Friburgo na meia-final da Liga Europa; a segunda m\u00e3o \u00e9 na Alemanha, a sete de maio, \u00e0s 20 horas portuguesas. Os adeptos podem inscrever-se numa loja do clube a partir das 15 horas de ter\u00e7a-feira para um voo charter de ida e volta no dia do jogo, pagando 50 euros pela inscri\u00e7\u00e3o. O pacote completo, que inclui viagens, transfers e bilhete de jogo, fica por mais 300 euros. O voo s\u00f3 \u00e9 confirmado se houver um n\u00famero m\u00ednimo de reservas; caso contr\u00e1rio, o valor \u00e9 devolvido. As inscri\u00e7\u00f5es v\u00e3o at\u00e9 dois de maio ou at\u00e9 esgotarem os lugares, e pedem-se n\u00famero de s\u00f3cio e documento de identifica\u00e7\u00e3o. A primeira m\u00e3o da meia-final \u00e9 j\u00e1 nesta quinta-feira, \u00e0s 20 horas.\" \/>\n<meta property=\"og:url\" content=\"https:\/\/portaltela.pt\/noticias\/2026\/04\/28\/sp-braga-prepara-voo-charter-para-apoiar-a-equipa-na-final-da-liga-europa\/\" \/>\n<meta property=\"og:site_name\" content=\"Portal Tela Portugal\" \/>\n<meta property=\"article:published_time\" content=\"2026-04-28T13:33:28+00:00\" \/>\n<meta name=\"author\" content=\"Telinha\" \/>\n<meta name=\"twitter:card\" content=\"summary_large_image\" \/>\n<meta name=\"twitter:label1\" content=\"Escrito por\" \/>\n\t<meta name=\"twitter:data1\" content=\"Telinha\" \/>\n\t<meta name=\"twitter:label2\" content=\"Tempo estimado de leitura\" \/>\n\t<meta name=\"twitter:data2\" content=\"1 minuto\" \/>\n<script type=\"application\/ld+json\" class=\"yoast-schema-graph\">{\"@context\":\"https:\/\/schema.org\",\"@graph\":[{\"@type\":\"Article\",\"@id\":\"https:\/\/portaltela.pt\/noticias\/2026\/04\/28\/sp-braga-prepara-voo-charter-para-apoiar-a-equipa-na-final-da-liga-europa\/#article\",\"isPartOf\":{\"@id\":\"https:\/\/portaltela.pt\/noticias\/2026\/04\/28\/sp-braga-prepara-voo-charter-para-apoiar-a-equipa-na-final-da-liga-europa\/\"},\"author\":{\"name\":\"Telinha\",\"@id\":\"https:\/\/portaltela.pt\/#\/schema\/person\/c4278d4a6028830caff9ee44b42d32ed\"},\"headline\":\"Sp. Braga prepara voo charter para apoiar a equipa na final da Liga Europa\",\"datePublished\":\"2026-04-28T13:33:28+00:00\",\"mainEntityOfPage\":{\"@id\":\"https:\/\/portaltela.pt\/noticias\/2026\/04\/28\/sp-braga-prepara-voo-charter-para-apoiar-a-equipa-na-final-da-liga-europa\/\"},\"wordCount\":253,\"image\":{\"@id\":\"https:\/\/portaltela.pt\/noticias\/2026\/04\/28\/sp-braga-prepara-voo-charter-para-apoiar-a-equipa-na-final-da-liga-europa\/#primaryimage\"},\"thumbnailUrl\":\"https:\/\/portaltela.pt\/s.01k8rhncp4jt1\/2026\/04\/img_920x518uu2026-04-09-11-50-39-2431972-im-639129828777760237.jpg\",\"keywords\":[\"_Alemanha\",\"_Braga\",\"_Europa League\",\"adeptos\",\"futebol\",\"viagens\"],\"articleSection\":[\"Desporto\",\"Futebol\"],\"inLanguage\":\"pt-PT\"},{\"@type\":\"WebPage\",\"@id\":\"https:\/\/portaltela.pt\/noticias\/2026\/04\/28\/sp-braga-prepara-voo-charter-para-apoiar-a-equipa-na-final-da-liga-europa\/\",\"url\":\"https:\/\/portaltela.pt\/noticias\/2026\/04\/28\/sp-braga-prepara-voo-charter-para-apoiar-a-equipa-na-final-da-liga-europa\/\",\"name\":\"Sp. Braga prepara voo charter para apoiar a equipa na final da Liga Europa - Portal Tela Portugal\",\"isPartOf\":{\"@id\":\"https:\/\/portaltela.pt\/#website\"},\"primaryImageOfPage\":{\"@id\":\"https:\/\/portaltela.pt\/noticias\/2026\/04\/28\/sp-braga-prepara-voo-charter-para-apoiar-a-equipa-na-final-da-liga-europa\/#primaryimage\"},\"image\":{\"@id\":\"https:\/\/portaltela.pt\/noticias\/2026\/04\/28\/sp-braga-prepara-voo-charter-para-apoiar-a-equipa-na-final-da-liga-europa\/#primaryimage\"},\"thumbnailUrl\":\"https:\/\/portaltela.pt\/s.01k8rhncp4jt1\/2026\/04\/img_920x518uu2026-04-09-11-50-39-2431972-im-639129828777760237.jpg\",\"datePublished\":\"2026-04-28T13:33:28+00:00\",\"author\":{\"@id\":\"https:\/\/portaltela.pt\/#\/schema\/person\/c4278d4a6028830caff9ee44b42d32ed\"},\"breadcrumb\":{\"@id\":\"https:\/\/portaltela.pt\/noticias\/2026\/04\/28\/sp-braga-prepara-voo-charter-para-apoiar-a-equipa-na-final-da-liga-europa\/#breadcrumb\"},\"inLanguage\":\"pt-PT\",\"potentialAction\":[{\"@type\":\"ReadAction\",\"target\":[\"https:\/\/portaltela.pt\/noticias\/2026\/04\/28\/sp-braga-prepara-voo-charter-para-apoiar-a-equipa-na-final-da-liga-europa\/\"]}]},{\"@type\":\"ImageObject\",\"inLanguage\":\"pt-PT\",\"@id\":\"https:\/\/portaltela.pt\/noticias\/2026\/04\/28\/sp-braga-prepara-voo-charter-para-apoiar-a-equipa-na-final-da-liga-europa\/#primaryimage\",\"url\":\"https:\/\/portaltela.pt\/s.01k8rhncp4jt1\/2026\/04\/img_920x518uu2026-04-09-11-50-39-2431972-im-639129828777760237.jpg\",\"contentUrl\":\"https:\/\/portaltela.pt\/s.01k8rhncp4jt1\/2026\/04\/img_920x518uu2026-04-09-11-50-39-2431972-im-639129828777760237.jpg\",\"width\":796,\"height\":448,\"caption\":\"Adeptos chamados a marcar presen\u00e7a na Alemanha\"},{\"@type\":\"BreadcrumbList\",\"@id\":\"https:\/\/portaltela.pt\/noticias\/2026\/04\/28\/sp-braga-prepara-voo-charter-para-apoiar-a-equipa-na-final-da-liga-europa\/#breadcrumb\",\"itemListElement\":[{\"@type\":\"ListItem\",\"position\":1,\"name\":\"In\u00edcio\",\"item\":\"https:\/\/portaltela.pt\/\"},{\"@type\":\"ListItem\",\"position\":2,\"name\":\"Sp. Braga prepara voo charter para apoiar a equipa na final da Liga Europa\"}]},{\"@type\":\"WebSite\",\"@id\":\"https:\/\/portaltela.pt\/#website\",\"url\":\"https:\/\/portaltela.pt\/\",\"name\":\"Portal Tela Portugal\",\"description\":\"\",\"potentialAction\":[{\"@type\":\"SearchAction\",\"target\":{\"@type\":\"EntryPoint\",\"urlTemplate\":\"https:\/\/portaltela.pt\/?s={search_term_string}\"},\"query-input\":{\"@type\":\"PropertyValueSpecification\",\"valueRequired\":true,\"valueName\":\"search_term_string\"}}],\"inLanguage\":\"pt-PT\"},{\"@type\":\"Person\",\"@id\":\"https:\/\/portaltela.pt\/#\/schema\/person\/c4278d4a6028830caff9ee44b42d32ed\",\"name\":\"Telinha\",\"image\":{\"@type\":\"ImageObject\",\"inLanguage\":\"pt-PT\",\"@id\":\"https:\/\/portaltela.pt\/s.01k8rhncp4jt1\/2025\/11\/talking-bot-125x125.png\",\"url\":\"https:\/\/portaltela.pt\/s.01k8rhncp4jt1\/2025\/11\/talking-bot-125x125.png\",\"contentUrl\":\"https:\/\/portaltela.pt\/s.01k8rhncp4jt1\/2025\/11\/talking-bot-125x125.png\",\"caption\":\"Telinha\"},\"sameAs\":[\"https:\/\/portaltela.pt\/\"],\"url\":\"https:\/\/portaltela.pt\/por\/367410592786\/\"}]}<\/script>\n<!-- \/ Yoast SEO plugin. -->","yoast_head_json":{"title":"Sp. Braga prepara voo charter para apoiar a equipa na final da Liga Europa - Portal Tela Portugal","robots":{"index":"index","follow":"follow","max-snippet":"max-snippet:-1","max-image-preview":"max-image-preview:large","max-video-preview":"max-video-preview:-1"},"og_locale":"pt_PT","og_type":"article","og_title":"Sp. Braga prepara voo charter para apoiar a equipa na final da Liga Europa - Portal Tela Portugal","og_description":"O Sp. Braga defronta o Friburgo na meia-final da Liga Europa; a segunda m\u00e3o \u00e9 na Alemanha, a sete de maio, \u00e0s 20 horas portuguesas. Os adeptos podem inscrever-se numa loja do clube a partir das 15 horas de ter\u00e7a-feira para um voo charter de ida e volta no dia do jogo, pagando 50 euros pela inscri\u00e7\u00e3o. O pacote completo, que inclui viagens, transfers e bilhete de jogo, fica por mais 300 euros. O voo s\u00f3 \u00e9 confirmado se houver um n\u00famero m\u00ednimo de reservas; caso contr\u00e1rio, o valor \u00e9 devolvido. As inscri\u00e7\u00f5es v\u00e3o at\u00e9 dois de maio ou at\u00e9 esgotarem os lugares, e pedem-se n\u00famero de s\u00f3cio e documento de identifica\u00e7\u00e3o. A primeira m\u00e3o da meia-final \u00e9 j\u00e1 nesta quinta-feira, \u00e0s 20 horas.","og_url":"https:\/\/portaltela.pt\/noticias\/2026\/04\/28\/sp-braga-prepara-voo-charter-para-apoiar-a-equipa-na-final-da-liga-europa\/","og_site_name":"Portal Tela Portugal","article_published_time":"2026-04-28T13:33:28+00:00","author":"Telinha","twitter_card":"summary_large_image","twitter_misc":{"Escrito por":"Telinha","Tempo estimado de leitura":"1 minuto"},"schema":{"@context":"https:\/\/schema.org","@graph":[{"@type":"Article","@id":"https:\/\/portaltela.pt\/noticias\/2026\/04\/28\/sp-braga-prepara-voo-charter-para-apoiar-a-equipa-na-final-da-liga-europa\/#article","isPartOf":{"@id":"https:\/\/portaltela.pt\/noticias\/2026\/04\/28\/sp-braga-prepara-voo-charter-para-apoiar-a-equipa-na-final-da-liga-europa\/"},"author":{"name":"Telinha","@id":"https:\/\/portaltela.pt\/#\/schema\/person\/c4278d4a6028830caff9ee44b42d32ed"},"headline":"Sp. Braga prepara voo charter para apoiar a equipa na final da Liga Europa","datePublished":"2026-04-28T13:33:28+00:00","mainEntityOfPage":{"@id":"https:\/\/portaltela.pt\/noticias\/2026\/04\/28\/sp-braga-prepara-voo-charter-para-apoiar-a-equipa-na-final-da-liga-europa\/"},"wordCount":253,"image":{"@id":"https:\/\/portaltela.pt\/noticias\/2026\/04\/28\/sp-braga-prepara-voo-charter-para-apoiar-a-equipa-na-final-da-liga-europa\/#primaryimage"},"thumbnailUrl":"https:\/\/portaltela.pt\/s.01k8rhncp4jt1\/2026\/04\/img_920x518uu2026-04-09-11-50-39-2431972-im-639129828777760237.jpg","keywords":["_Alemanha","_Braga","_Europa League","adeptos","futebol","viagens"],"articleSection":["Desporto","Futebol"],"inLanguage":"pt-PT"},{"@type":"WebPage","@id":"https:\/\/portaltela.pt\/noticias\/2026\/04\/28\/sp-braga-prepara-voo-charter-para-apoiar-a-equipa-na-final-da-liga-europa\/","url":"https:\/\/portaltela.pt\/noticias\/2026\/04\/28\/sp-braga-prepara-voo-charter-para-apoiar-a-equipa-na-final-da-liga-europa\/","name":"Sp. Braga prepara voo charter para apoiar a equipa na final da Liga Europa - Portal Tela Portugal","isPartOf":{"@id":"https:\/\/portaltela.pt\/#website"},"primaryImageOfPage":{"@id":"https:\/\/portaltela.pt\/noticias\/2026\/04\/28\/sp-braga-prepara-voo-charter-para-apoiar-a-equipa-na-final-da-liga-europa\/#primaryimage"},"image":{"@id":"https:\/\/portaltela.pt\/noticias\/2026\/04\/28\/sp-braga-prepara-voo-charter-para-apoiar-a-equipa-na-final-da-liga-europa\/#primaryimage"},"thumbnailUrl":"https:\/\/portaltela.pt\/s.01k8rhncp4jt1\/2026\/04\/img_920x518uu2026-04-09-11-50-39-2431972-im-639129828777760237.jpg","datePublished":"2026-04-28T13:33:28+00:00","author":{"@id":"https:\/\/portaltela.pt\/#\/schema\/person\/c4278d4a6028830caff9ee44b42d32ed"},"breadcrumb":{"@id":"https:\/\/portaltela.pt\/noticias\/2026\/04\/28\/sp-braga-prepara-voo-charter-para-apoiar-a-equipa-na-final-da-liga-europa\/#breadcrumb"},"inLanguage":"pt-PT","potentialAction":[{"@type":"ReadAction","target":["https:\/\/portaltela.pt\/noticias\/2026\/04\/28\/sp-braga-prepara-voo-charter-para-apoiar-a-equipa-na-final-da-liga-europa\/"]}]},{"@type":"ImageObject","inLanguage":"pt-PT","@id":"https:\/\/portaltela.pt\/noticias\/2026\/04\/28\/sp-braga-prepara-voo-charter-para-apoiar-a-equipa-na-final-da-liga-europa\/#primaryimage","url":"https:\/\/portaltela.pt\/s.01k8rhncp4jt1\/2026\/04\/img_920x518uu2026-04-09-11-50-39-2431972-im-639129828777760237.jpg","contentUrl":"https:\/\/portaltela.pt\/s.01k8rhncp4jt1\/2026\/04\/img_920x518uu2026-04-09-11-50-39-2431972-im-639129828777760237.jpg","width":796,"height":448,"caption":"Adeptos chamados a marcar presen\u00e7a na Alemanha"},{"@type":"BreadcrumbList","@id":"https:\/\/portaltela.pt\/noticias\/2026\/04\/28\/sp-braga-prepara-voo-charter-para-apoiar-a-equipa-na-final-da-liga-europa\/#breadcrumb","itemListElement":[{"@type":"ListItem","position":1,"name":"In\u00edcio","item":"https:\/\/portaltela.pt\/"},{"@type":"ListItem","position":2,"name":"Sp. Braga prepara voo charter para apoiar a equipa na final da Liga Europa"}]},{"@type":"WebSite","@id":"https:\/\/portaltela.pt\/#website","url":"https:\/\/portaltela.pt\/","name":"Portal Tela Portugal","description":"","potentialAction":[{"@type":"SearchAction","target":{"@type":"EntryPoint","urlTemplate":"https:\/\/portaltela.pt\/?s={search_term_string}"},"query-input":{"@type":"PropertyValueSpecification","valueRequired":true,"valueName":"search_term_string"}}],"inLanguage":"pt-PT"},{"@type":"Person","@id":"https:\/\/portaltela.pt\/#\/schema\/person\/c4278d4a6028830caff9ee44b42d32ed","name":"Telinha","image":{"@type":"ImageObject","inLanguage":"pt-PT","@id":"https:\/\/portaltela.pt\/s.01k8rhncp4jt1\/2025\/11\/talking-bot-125x125.png","url":"https:\/\/portaltela.pt\/s.01k8rhncp4jt1\/2025\/11\/talking-bot-125x125.png","contentUrl":"https:\/\/portaltela.pt\/s.01k8rhncp4jt1\/2025\/11\/talking-bot-125x125.png","caption":"Telinha"},"sameAs":["https:\/\/portaltela.pt\/"],"url":"https:\/\/portaltela.pt\/por\/367410592786\/"}]}},"_links":{"self":[{"href":"https:\/\/portaltela.pt\/api\/wp\/v2\/posts\/459786","targetHints":{"allow":["GET"]}}],"collection":[{"href":"https:\/\/portaltela.pt\/api\/wp\/v2\/posts"}],"about":[{"href":"https:\/\/portaltela.pt\/api\/wp\/v2\/types\/post"}],"author":[{"embeddable":true,"href":"https:\/\/portaltela.pt\/api\/wp\/v2\/users\/2"}],"replies":[{"embeddable":true,"href":"https:\/\/portaltela.pt\/api\/wp\/v2\/comments?post=459786"}],"version-history":[{"count":0,"href":"https:\/\/portaltela.pt\/api\/wp\/v2\/posts\/459786\/revisions"}],"wp:featuredmedia":[{"embeddable":true,"href":"https:\/\/portaltela.pt\/api\/wp\/v2\/media\/459793"}],"wp:attachment":[{"href":"https:\/\/portaltela.pt\/api\/wp\/v2\/media?parent=459786"}],"wp:term":[{"taxonomy":"category","embeddable":true,"href":"https:\/\/portaltela.pt\/api\/wp\/v2\/categories?post=459786"},{"taxonomy":"post_tag","embeddable":true,"href":"https:\/\/portaltela.pt\/api\/wp\/v2\/tags?post=459786"}],"curies":[{"name":"wp","href":"https:\/\/api.w.org\/{rel}","templated":true}]}}