{"id":459783,"date":"2026-04-28T10:33:22","date_gmt":"2026-04-28T13:33:22","guid":{"rendered":"https:\/\/portaltela.pt\/noticias\/2026\/04\/28\/agricultores-lancam-peticao-contra-campo-de-tiro-em-alter-do-chao\/"},"modified":"2026-04-28T10:33:22","modified_gmt":"2026-04-28T13:33:22","slug":"agricultores-lancam-peticao-contra-campo-de-tiro-em-alter-do-chao","status":"publish","type":"post","link":"https:\/\/portaltela.pt\/comunidade\/2026\/04\/28\/agricultores-lancam-peticao-contra-campo-de-tiro-em-alter-do-chao\/","title":{"rendered":"Agricultores lan\u00e7am peti\u00e7\u00e3o contra Campo de Tiro em Alter do Ch\u00e3o"},"content":{"rendered":"<p>Agropec\u00faria local inicia peti\u00e7\u00e3o p\u00fablica contra Campo de Tiro da For\u00e7a A\u00e9rea em Alter do Ch\u00e3o. A iniciativa envolve agricultores da regi\u00e3o que contestam a instala\u00e7\u00e3o do equipamento militar. A a\u00e7\u00e3o foi anunciada publicamente, com o objetivo de reunir assinaturas para trasladar a posi\u00e7\u00e3o vecinal.<\/p>\n<p>Segundo a Ag\u00eancia Lusa, a peti\u00e7\u00e3o dirige-se \u00e0s autoridades competentes no \u00e2mbito de uma poss\u00edvel utiliza\u00e7\u00e3o do espa\u00e7o para atividades de tiro. A inten\u00e7\u00e3o \u00e9 mobilizar a comunidade local e colocar o tema em debate p\u00fablico.<\/p>\n<p>Alter do Ch\u00e3o, no distrito de Portalegre, \u00e9 o foco da contesta\u00e7\u00e3o. Os agricultores expressam preocupa\u00e7\u00f5es relativas a impactos locais, associados \u00e0 proximidade de instala\u00e7\u00f5es militares. A informa\u00e7\u00e3o dispon\u00edvel n\u00e3o detalha n\u00fameros ou prazos para a entrega da peti\u00e7\u00e3o.<\/p>\n<p>Fonte: Ag\u00eancia Lusa.<\/p>\n","protected":false},"excerpt":{"rendered":"<ul>\n<li>Agricultores lan\u00e7aram uma peti\u00e7\u00e3o p\u00fablica contra o Campo de Tiro da For\u00e7a A\u00e9rea em Alter do Ch\u00e3o.<\/li>\n<li>O conte\u00fado completo da not\u00edcia est\u00e1 dispon\u00edvel apenas para subscritores.<\/li>\n<li>A informa\u00e7\u00e3o foi publicada pela ag\u00eancia Lusa.<\/li>\n<li>A peti\u00e7\u00e3o envolve uma instala\u00e7\u00e3o militar situada em Alter do Ch\u00e3o.<\/li>\n<li>N\u00e3o h\u00e1 outros detalhes no texto dispon\u00edvel para divulga\u00e7\u00e3o neste momento.<\/li>\n<\/ul>\n","protected":false},"author":2,"featured_media":459792,"comment_status":"closed","ping_status":"closed","sticky":false,"template":"","format":"standard","meta":{"footnotes":""},"categories":[7372],"tags":[2625,179,3118,883,4299,1075],"class_list":["post-459783","post","type-post","status-publish","format-standard","has-post-thumbnail","hentry","category-comunidade","tag-aeronautica","tag-agricultura","tag-agropecuaria","tag-alentejo","tag-forca-aerea","tag-portalegre"],"yoast_head":"<!-- This site is optimized with the Yoast SEO plugin v27.2 - https:\/\/yoast.com\/product\/yoast-seo-wordpress\/ -->\n<title>Agricultores lan\u00e7am peti\u00e7\u00e3o contra Campo de Tiro em Alter do Ch\u00e3o - Portal Tela Portugal<\/title>\n<meta name=\"robots\" content=\"index, follow, max-snippet:-1, max-image-preview:large, max-video-preview:-1\" \/>\n<meta property=\"og:locale\" content=\"pt_PT\" \/>\n<meta property=\"og:type\" content=\"article\" \/>\n<meta property=\"og:title\" content=\"Agricultores lan\u00e7am peti\u00e7\u00e3o contra Campo de Tiro em Alter do Ch\u00e3o - Portal Tela Portugal\" \/>\n<meta property=\"og:description\" content=\"Agricultores lan\u00e7aram uma peti\u00e7\u00e3o p\u00fablica contra o Campo de Tiro da For\u00e7a A\u00e9rea em Alter do Ch\u00e3o. O conte\u00fado completo da not\u00edcia est\u00e1 dispon\u00edvel apenas para subscritores. A informa\u00e7\u00e3o foi publicada pela ag\u00eancia Lusa. A peti\u00e7\u00e3o envolve uma instala\u00e7\u00e3o militar situada em Alter do Ch\u00e3o. N\u00e3o h\u00e1 outros detalhes no texto dispon\u00edvel para divulga\u00e7\u00e3o neste momento.\" \/>\n<meta property=\"og:url\" content=\"https:\/\/portaltela.pt\/noticias\/2026\/04\/28\/agricultores-lancam-peticao-contra-campo-de-tiro-em-alter-do-chao\/\" \/>\n<meta property=\"og:site_name\" content=\"Portal Tela Portugal\" \/>\n<meta property=\"article:published_time\" content=\"2026-04-28T13:33:22+00:00\" \/>\n<meta name=\"author\" content=\"Telinha\" \/>\n<meta name=\"twitter:card\" content=\"summary_large_image\" \/>\n<meta name=\"twitter:label1\" content=\"Escrito por\" \/>\n\t<meta name=\"twitter:data1\" content=\"Telinha\" \/>\n\t<meta name=\"twitter:label2\" content=\"Tempo estimado de leitura\" \/>\n\t<meta name=\"twitter:data2\" content=\"1 minuto\" \/>\n<script type=\"application\/ld+json\" class=\"yoast-schema-graph\">{\"@context\":\"https:\/\/schema.org\",\"@graph\":[{\"@type\":\"Article\",\"@id\":\"https:\/\/portaltela.pt\/noticias\/2026\/04\/28\/agricultores-lancam-peticao-contra-campo-de-tiro-em-alter-do-chao\/#article\",\"isPartOf\":{\"@id\":\"https:\/\/portaltela.pt\/noticias\/2026\/04\/28\/agricultores-lancam-peticao-contra-campo-de-tiro-em-alter-do-chao\/\"},\"author\":{\"name\":\"Telinha\",\"@id\":\"https:\/\/portaltela.pt\/#\/schema\/person\/c4278d4a6028830caff9ee44b42d32ed\"},\"headline\":\"Agricultores lan\u00e7am peti\u00e7\u00e3o contra Campo de Tiro em Alter do Ch\u00e3o\",\"datePublished\":\"2026-04-28T13:33:22+00:00\",\"mainEntityOfPage\":{\"@id\":\"https:\/\/portaltela.pt\/noticias\/2026\/04\/28\/agricultores-lancam-peticao-contra-campo-de-tiro-em-alter-do-chao\/\"},\"wordCount\":161,\"image\":{\"@id\":\"https:\/\/portaltela.pt\/noticias\/2026\/04\/28\/agricultores-lancam-peticao-contra-campo-de-tiro-em-alter-do-chao\/#primaryimage\"},\"thumbnailUrl\":\"https:\/\/portaltela.pt\/s.01k8rhncp4jt1\/2026\/04\/CACHE_780X1200_ANALOG_WATERMARKED_46732574_4889608_11032026044555.jpg\",\"keywords\":[\"aeron\u00e1utica\",\"agricultura\",\"agropecu\u00e1ria\",\"Alentejo\",\"For\u00e7a A\u00e9rea\",\"Portalegre\"],\"articleSection\":[\"Comunidade\"],\"inLanguage\":\"pt-PT\"},{\"@type\":\"WebPage\",\"@id\":\"https:\/\/portaltela.pt\/noticias\/2026\/04\/28\/agricultores-lancam-peticao-contra-campo-de-tiro-em-alter-do-chao\/\",\"url\":\"https:\/\/portaltela.pt\/noticias\/2026\/04\/28\/agricultores-lancam-peticao-contra-campo-de-tiro-em-alter-do-chao\/\",\"name\":\"Agricultores lan\u00e7am peti\u00e7\u00e3o contra Campo de Tiro em Alter do Ch\u00e3o - Portal Tela Portugal\",\"isPartOf\":{\"@id\":\"https:\/\/portaltela.pt\/#website\"},\"primaryImageOfPage\":{\"@id\":\"https:\/\/portaltela.pt\/noticias\/2026\/04\/28\/agricultores-lancam-peticao-contra-campo-de-tiro-em-alter-do-chao\/#primaryimage\"},\"image\":{\"@id\":\"https:\/\/portaltela.pt\/noticias\/2026\/04\/28\/agricultores-lancam-peticao-contra-campo-de-tiro-em-alter-do-chao\/#primaryimage\"},\"thumbnailUrl\":\"https:\/\/portaltela.pt\/s.01k8rhncp4jt1\/2026\/04\/CACHE_780X1200_ANALOG_WATERMARKED_46732574_4889608_11032026044555.jpg\",\"datePublished\":\"2026-04-28T13:33:22+00:00\",\"author\":{\"@id\":\"https:\/\/portaltela.pt\/#\/schema\/person\/c4278d4a6028830caff9ee44b42d32ed\"},\"breadcrumb\":{\"@id\":\"https:\/\/portaltela.pt\/noticias\/2026\/04\/28\/agricultores-lancam-peticao-contra-campo-de-tiro-em-alter-do-chao\/#breadcrumb\"},\"inLanguage\":\"pt-PT\",\"potentialAction\":[{\"@type\":\"ReadAction\",\"target\":[\"https:\/\/portaltela.pt\/noticias\/2026\/04\/28\/agricultores-lancam-peticao-contra-campo-de-tiro-em-alter-do-chao\/\"]}]},{\"@type\":\"ImageObject\",\"inLanguage\":\"pt-PT\",\"@id\":\"https:\/\/portaltela.pt\/noticias\/2026\/04\/28\/agricultores-lancam-peticao-contra-campo-de-tiro-em-alter-do-chao\/#primaryimage\",\"url\":\"https:\/\/portaltela.pt\/s.01k8rhncp4jt1\/2026\/04\/CACHE_780X1200_ANALOG_WATERMARKED_46732574_4889608_11032026044555.jpg\",\"contentUrl\":\"https:\/\/portaltela.pt\/s.01k8rhncp4jt1\/2026\/04\/CACHE_780X1200_ANALOG_WATERMARKED_46732574_4889608_11032026044555.jpg\",\"width\":796,\"height\":448,\"caption\":\"Agricultores lan\u00e7am peti\u00e7\u00e3o p\u00fablica contra Campo de Tiro da For\u00e7a A\u00e9rea em Alter do Ch\u00e3o\"},{\"@type\":\"BreadcrumbList\",\"@id\":\"https:\/\/portaltela.pt\/noticias\/2026\/04\/28\/agricultores-lancam-peticao-contra-campo-de-tiro-em-alter-do-chao\/#breadcrumb\",\"itemListElement\":[{\"@type\":\"ListItem\",\"position\":1,\"name\":\"In\u00edcio\",\"item\":\"https:\/\/portaltela.pt\/\"},{\"@type\":\"ListItem\",\"position\":2,\"name\":\"Agricultores lan\u00e7am peti\u00e7\u00e3o contra Campo de Tiro em Alter do Ch\u00e3o\"}]},{\"@type\":\"WebSite\",\"@id\":\"https:\/\/portaltela.pt\/#website\",\"url\":\"https:\/\/portaltela.pt\/\",\"name\":\"Portal Tela Portugal\",\"description\":\"\",\"potentialAction\":[{\"@type\":\"SearchAction\",\"target\":{\"@type\":\"EntryPoint\",\"urlTemplate\":\"https:\/\/portaltela.pt\/?s={search_term_string}\"},\"query-input\":{\"@type\":\"PropertyValueSpecification\",\"valueRequired\":true,\"valueName\":\"search_term_string\"}}],\"inLanguage\":\"pt-PT\"},{\"@type\":\"Person\",\"@id\":\"https:\/\/portaltela.pt\/#\/schema\/person\/c4278d4a6028830caff9ee44b42d32ed\",\"name\":\"Telinha\",\"image\":{\"@type\":\"ImageObject\",\"inLanguage\":\"pt-PT\",\"@id\":\"https:\/\/portaltela.pt\/s.01k8rhncp4jt1\/2025\/11\/talking-bot-125x125.png\",\"url\":\"https:\/\/portaltela.pt\/s.01k8rhncp4jt1\/2025\/11\/talking-bot-125x125.png\",\"contentUrl\":\"https:\/\/portaltela.pt\/s.01k8rhncp4jt1\/2025\/11\/talking-bot-125x125.png\",\"caption\":\"Telinha\"},\"sameAs\":[\"https:\/\/portaltela.pt\/\"],\"url\":\"https:\/\/portaltela.pt\/por\/367410592786\/\"}]}<\/script>\n<!-- \/ Yoast SEO plugin. -->","yoast_head_json":{"title":"Agricultores lan\u00e7am peti\u00e7\u00e3o contra Campo de Tiro em Alter do Ch\u00e3o - Portal Tela Portugal","robots":{"index":"index","follow":"follow","max-snippet":"max-snippet:-1","max-image-preview":"max-image-preview:large","max-video-preview":"max-video-preview:-1"},"og_locale":"pt_PT","og_type":"article","og_title":"Agricultores lan\u00e7am peti\u00e7\u00e3o contra Campo de Tiro em Alter do Ch\u00e3o - Portal Tela Portugal","og_description":"Agricultores lan\u00e7aram uma peti\u00e7\u00e3o p\u00fablica contra o Campo de Tiro da For\u00e7a A\u00e9rea em Alter do Ch\u00e3o. O conte\u00fado completo da not\u00edcia est\u00e1 dispon\u00edvel apenas para subscritores. A informa\u00e7\u00e3o foi publicada pela ag\u00eancia Lusa. A peti\u00e7\u00e3o envolve uma instala\u00e7\u00e3o militar situada em Alter do Ch\u00e3o. N\u00e3o h\u00e1 outros detalhes no texto dispon\u00edvel para divulga\u00e7\u00e3o neste momento.","og_url":"https:\/\/portaltela.pt\/noticias\/2026\/04\/28\/agricultores-lancam-peticao-contra-campo-de-tiro-em-alter-do-chao\/","og_site_name":"Portal Tela Portugal","article_published_time":"2026-04-28T13:33:22+00:00","author":"Telinha","twitter_card":"summary_large_image","twitter_misc":{"Escrito por":"Telinha","Tempo estimado de leitura":"1 minuto"},"schema":{"@context":"https:\/\/schema.org","@graph":[{"@type":"Article","@id":"https:\/\/portaltela.pt\/noticias\/2026\/04\/28\/agricultores-lancam-peticao-contra-campo-de-tiro-em-alter-do-chao\/#article","isPartOf":{"@id":"https:\/\/portaltela.pt\/noticias\/2026\/04\/28\/agricultores-lancam-peticao-contra-campo-de-tiro-em-alter-do-chao\/"},"author":{"name":"Telinha","@id":"https:\/\/portaltela.pt\/#\/schema\/person\/c4278d4a6028830caff9ee44b42d32ed"},"headline":"Agricultores lan\u00e7am peti\u00e7\u00e3o contra Campo de Tiro em Alter do Ch\u00e3o","datePublished":"2026-04-28T13:33:22+00:00","mainEntityOfPage":{"@id":"https:\/\/portaltela.pt\/noticias\/2026\/04\/28\/agricultores-lancam-peticao-contra-campo-de-tiro-em-alter-do-chao\/"},"wordCount":161,"image":{"@id":"https:\/\/portaltela.pt\/noticias\/2026\/04\/28\/agricultores-lancam-peticao-contra-campo-de-tiro-em-alter-do-chao\/#primaryimage"},"thumbnailUrl":"https:\/\/portaltela.pt\/s.01k8rhncp4jt1\/2026\/04\/CACHE_780X1200_ANALOG_WATERMARKED_46732574_4889608_11032026044555.jpg","keywords":["aeron\u00e1utica","agricultura","agropecu\u00e1ria","Alentejo","For\u00e7a A\u00e9rea","Portalegre"],"articleSection":["Comunidade"],"inLanguage":"pt-PT"},{"@type":"WebPage","@id":"https:\/\/portaltela.pt\/noticias\/2026\/04\/28\/agricultores-lancam-peticao-contra-campo-de-tiro-em-alter-do-chao\/","url":"https:\/\/portaltela.pt\/noticias\/2026\/04\/28\/agricultores-lancam-peticao-contra-campo-de-tiro-em-alter-do-chao\/","name":"Agricultores lan\u00e7am peti\u00e7\u00e3o contra Campo de Tiro em Alter do Ch\u00e3o - Portal Tela Portugal","isPartOf":{"@id":"https:\/\/portaltela.pt\/#website"},"primaryImageOfPage":{"@id":"https:\/\/portaltela.pt\/noticias\/2026\/04\/28\/agricultores-lancam-peticao-contra-campo-de-tiro-em-alter-do-chao\/#primaryimage"},"image":{"@id":"https:\/\/portaltela.pt\/noticias\/2026\/04\/28\/agricultores-lancam-peticao-contra-campo-de-tiro-em-alter-do-chao\/#primaryimage"},"thumbnailUrl":"https:\/\/portaltela.pt\/s.01k8rhncp4jt1\/2026\/04\/CACHE_780X1200_ANALOG_WATERMARKED_46732574_4889608_11032026044555.jpg","datePublished":"2026-04-28T13:33:22+00:00","author":{"@id":"https:\/\/portaltela.pt\/#\/schema\/person\/c4278d4a6028830caff9ee44b42d32ed"},"breadcrumb":{"@id":"https:\/\/portaltela.pt\/noticias\/2026\/04\/28\/agricultores-lancam-peticao-contra-campo-de-tiro-em-alter-do-chao\/#breadcrumb"},"inLanguage":"pt-PT","potentialAction":[{"@type":"ReadAction","target":["https:\/\/portaltela.pt\/noticias\/2026\/04\/28\/agricultores-lancam-peticao-contra-campo-de-tiro-em-alter-do-chao\/"]}]},{"@type":"ImageObject","inLanguage":"pt-PT","@id":"https:\/\/portaltela.pt\/noticias\/2026\/04\/28\/agricultores-lancam-peticao-contra-campo-de-tiro-em-alter-do-chao\/#primaryimage","url":"https:\/\/portaltela.pt\/s.01k8rhncp4jt1\/2026\/04\/CACHE_780X1200_ANALOG_WATERMARKED_46732574_4889608_11032026044555.jpg","contentUrl":"https:\/\/portaltela.pt\/s.01k8rhncp4jt1\/2026\/04\/CACHE_780X1200_ANALOG_WATERMARKED_46732574_4889608_11032026044555.jpg","width":796,"height":448,"caption":"Agricultores lan\u00e7am peti\u00e7\u00e3o p\u00fablica contra Campo de Tiro da For\u00e7a A\u00e9rea em Alter do Ch\u00e3o"},{"@type":"BreadcrumbList","@id":"https:\/\/portaltela.pt\/noticias\/2026\/04\/28\/agricultores-lancam-peticao-contra-campo-de-tiro-em-alter-do-chao\/#breadcrumb","itemListElement":[{"@type":"ListItem","position":1,"name":"In\u00edcio","item":"https:\/\/portaltela.pt\/"},{"@type":"ListItem","position":2,"name":"Agricultores lan\u00e7am peti\u00e7\u00e3o contra Campo de Tiro em Alter do Ch\u00e3o"}]},{"@type":"WebSite","@id":"https:\/\/portaltela.pt\/#website","url":"https:\/\/portaltela.pt\/","name":"Portal Tela Portugal","description":"","potentialAction":[{"@type":"SearchAction","target":{"@type":"EntryPoint","urlTemplate":"https:\/\/portaltela.pt\/?s={search_term_string}"},"query-input":{"@type":"PropertyValueSpecification","valueRequired":true,"valueName":"search_term_string"}}],"inLanguage":"pt-PT"},{"@type":"Person","@id":"https:\/\/portaltela.pt\/#\/schema\/person\/c4278d4a6028830caff9ee44b42d32ed","name":"Telinha","image":{"@type":"ImageObject","inLanguage":"pt-PT","@id":"https:\/\/portaltela.pt\/s.01k8rhncp4jt1\/2025\/11\/talking-bot-125x125.png","url":"https:\/\/portaltela.pt\/s.01k8rhncp4jt1\/2025\/11\/talking-bot-125x125.png","contentUrl":"https:\/\/portaltela.pt\/s.01k8rhncp4jt1\/2025\/11\/talking-bot-125x125.png","caption":"Telinha"},"sameAs":["https:\/\/portaltela.pt\/"],"url":"https:\/\/portaltela.pt\/por\/367410592786\/"}]}},"_links":{"self":[{"href":"https:\/\/portaltela.pt\/api\/wp\/v2\/posts\/459783","targetHints":{"allow":["GET"]}}],"collection":[{"href":"https:\/\/portaltela.pt\/api\/wp\/v2\/posts"}],"about":[{"href":"https:\/\/portaltela.pt\/api\/wp\/v2\/types\/post"}],"author":[{"embeddable":true,"href":"https:\/\/portaltela.pt\/api\/wp\/v2\/users\/2"}],"replies":[{"embeddable":true,"href":"https:\/\/portaltela.pt\/api\/wp\/v2\/comments?post=459783"}],"version-history":[{"count":0,"href":"https:\/\/portaltela.pt\/api\/wp\/v2\/posts\/459783\/revisions"}],"wp:featuredmedia":[{"embeddable":true,"href":"https:\/\/portaltela.pt\/api\/wp\/v2\/media\/459792"}],"wp:attachment":[{"href":"https:\/\/portaltela.pt\/api\/wp\/v2\/media?parent=459783"}],"wp:term":[{"taxonomy":"category","embeddable":true,"href":"https:\/\/portaltela.pt\/api\/wp\/v2\/categories?post=459783"},{"taxonomy":"post_tag","embeddable":true,"href":"https:\/\/portaltela.pt\/api\/wp\/v2\/tags?post=459783"}],"curies":[{"name":"wp","href":"https:\/\/api.w.org\/{rel}","templated":true}]}}