{"id":459772,"date":"2026-04-28T10:32:57","date_gmt":"2026-04-28T13:32:57","guid":{"rendered":"https:\/\/portaltela.pt\/noticias\/2026\/04\/28\/treinador-diz-que-desgaste-do-sporting-e-sobretudo-mental\/"},"modified":"2026-04-28T10:32:57","modified_gmt":"2026-04-28T13:32:57","slug":"treinador-diz-que-desgaste-do-sporting-e-sobretudo-mental","status":"publish","type":"post","link":"https:\/\/portaltela.pt\/desporto\/futebol\/2026\/04\/28\/treinador-diz-que-desgaste-do-sporting-e-sobretudo-mental\/","title":{"rendered":"Treinador diz que desgaste do Sporting \u00e9 sobretudo mental"},"content":{"rendered":"<p>O treinador do Sporting afirmou que o desgaste da equipa \u00e9 sobretudo mental, destacando a import\u00e2ncia do foco e da press\u00e3o competitiva no rendimento coletivo.<\/p>\n<p>As declara\u00e7\u00f5es n\u00e3o entram em detalhes sobre jogadores ou situa\u00e7\u00f5es espec\u00edficas, mantendo o foco na dimens\u00e3o psicol\u00f3gica do desempenho.<\/p>\n<p>At\u00e9 ao momento desta publica\u00e7\u00e3o, n\u00e3o foram divulgados planos adicionais pelo clube nem informa\u00e7\u00f5es suplementares sobre estrat\u00e9gias de recupera\u00e7\u00e3o ou gest\u00e3o do esfor\u00e7o.<\/p>\n","protected":false},"excerpt":{"rendered":"<ul>\n<li>O treinador do Sporting afirmou que o desgaste da equipa \u00e9, sobretudo, mental.<\/li>\n<li>A not\u00edcia completa est\u00e1 dispon\u00edvel apenas para subscritores.<\/li>\n<li>O coment\u00e1rio destaca a import\u00e2ncia da dimens\u00e3o psicol\u00f3gica no desempenho da equipa.<\/li>\n<li>O conte\u00fado fornecido n\u00e3o apresenta detalhes adicionais sobre o contexto ou datas.<\/li>\n<\/ul>\n","protected":false},"author":2,"featured_media":459773,"comment_status":"closed","ping_status":"closed","sticky":false,"template":"","format":"standard","meta":{"footnotes":""},"categories":[21,24],"tags":[9478,32,242,2249,1652],"class_list":["post-459772","post","type-post","status-publish","format-standard","has-post-thumbnail","hentry","category-desporto","category-futebol","tag-equipa","tag-futebol","tag-jogadores","tag-psicologia","tag-sporting"],"yoast_head":"<!-- This site is optimized with the Yoast SEO plugin v27.2 - https:\/\/yoast.com\/product\/yoast-seo-wordpress\/ -->\n<title>Treinador diz que desgaste do Sporting \u00e9 sobretudo mental - Portal Tela Portugal<\/title>\n<meta name=\"robots\" content=\"index, follow, max-snippet:-1, max-image-preview:large, max-video-preview:-1\" \/>\n<meta property=\"og:locale\" content=\"pt_PT\" \/>\n<meta property=\"og:type\" content=\"article\" \/>\n<meta property=\"og:title\" content=\"Treinador diz que desgaste do Sporting \u00e9 sobretudo mental - Portal Tela Portugal\" \/>\n<meta property=\"og:description\" content=\"O treinador do Sporting afirmou que o desgaste da equipa \u00e9, sobretudo, mental. A not\u00edcia completa est\u00e1 dispon\u00edvel apenas para subscritores. O coment\u00e1rio destaca a import\u00e2ncia da dimens\u00e3o psicol\u00f3gica no desempenho da equipa. O conte\u00fado fornecido n\u00e3o apresenta detalhes adicionais sobre o contexto ou datas.\" \/>\n<meta property=\"og:url\" content=\"https:\/\/portaltela.pt\/noticias\/2026\/04\/28\/treinador-diz-que-desgaste-do-sporting-e-sobretudo-mental\/\" \/>\n<meta property=\"og:site_name\" content=\"Portal Tela Portugal\" \/>\n<meta property=\"article:published_time\" content=\"2026-04-28T13:32:57+00:00\" \/>\n<meta name=\"author\" content=\"Telinha\" \/>\n<meta name=\"twitter:card\" content=\"summary_large_image\" \/>\n<meta name=\"twitter:label1\" content=\"Escrito por\" \/>\n\t<meta name=\"twitter:data1\" content=\"Telinha\" \/>\n<script type=\"application\/ld+json\" class=\"yoast-schema-graph\">{\"@context\":\"https:\/\/schema.org\",\"@graph\":[{\"@type\":\"Article\",\"@id\":\"https:\/\/portaltela.pt\/noticias\/2026\/04\/28\/treinador-diz-que-desgaste-do-sporting-e-sobretudo-mental\/#article\",\"isPartOf\":{\"@id\":\"https:\/\/portaltela.pt\/noticias\/2026\/04\/28\/treinador-diz-que-desgaste-do-sporting-e-sobretudo-mental\/\"},\"author\":{\"name\":\"Telinha\",\"@id\":\"https:\/\/portaltela.pt\/#\/schema\/person\/c4278d4a6028830caff9ee44b42d32ed\"},\"headline\":\"Treinador diz que desgaste do Sporting \u00e9 sobretudo mental\",\"datePublished\":\"2026-04-28T13:32:57+00:00\",\"mainEntityOfPage\":{\"@id\":\"https:\/\/portaltela.pt\/noticias\/2026\/04\/28\/treinador-diz-que-desgaste-do-sporting-e-sobretudo-mental\/\"},\"wordCount\":89,\"image\":{\"@id\":\"https:\/\/portaltela.pt\/noticias\/2026\/04\/28\/treinador-diz-que-desgaste-do-sporting-e-sobretudo-mental\/#primaryimage\"},\"thumbnailUrl\":\"https:\/\/portaltela.pt\/s.01k8rhncp4jt1\/2026\/04\/CACHE_780X1200_ANALOG_WATERMARKED_47000537_3180588_26042026090918.jpg\",\"keywords\":[\"Equipa\",\"futebol\",\"jogadores\",\"psicologia\",\"Sporting\"],\"articleSection\":[\"Desporto\",\"Futebol\"],\"inLanguage\":\"pt-PT\"},{\"@type\":\"WebPage\",\"@id\":\"https:\/\/portaltela.pt\/noticias\/2026\/04\/28\/treinador-diz-que-desgaste-do-sporting-e-sobretudo-mental\/\",\"url\":\"https:\/\/portaltela.pt\/noticias\/2026\/04\/28\/treinador-diz-que-desgaste-do-sporting-e-sobretudo-mental\/\",\"name\":\"Treinador diz que desgaste do Sporting \u00e9 sobretudo mental - Portal Tela Portugal\",\"isPartOf\":{\"@id\":\"https:\/\/portaltela.pt\/#website\"},\"primaryImageOfPage\":{\"@id\":\"https:\/\/portaltela.pt\/noticias\/2026\/04\/28\/treinador-diz-que-desgaste-do-sporting-e-sobretudo-mental\/#primaryimage\"},\"image\":{\"@id\":\"https:\/\/portaltela.pt\/noticias\/2026\/04\/28\/treinador-diz-que-desgaste-do-sporting-e-sobretudo-mental\/#primaryimage\"},\"thumbnailUrl\":\"https:\/\/portaltela.pt\/s.01k8rhncp4jt1\/2026\/04\/CACHE_780X1200_ANALOG_WATERMARKED_47000537_3180588_26042026090918.jpg\",\"datePublished\":\"2026-04-28T13:32:57+00:00\",\"author\":{\"@id\":\"https:\/\/portaltela.pt\/#\/schema\/person\/c4278d4a6028830caff9ee44b42d32ed\"},\"breadcrumb\":{\"@id\":\"https:\/\/portaltela.pt\/noticias\/2026\/04\/28\/treinador-diz-que-desgaste-do-sporting-e-sobretudo-mental\/#breadcrumb\"},\"inLanguage\":\"pt-PT\",\"potentialAction\":[{\"@type\":\"ReadAction\",\"target\":[\"https:\/\/portaltela.pt\/noticias\/2026\/04\/28\/treinador-diz-que-desgaste-do-sporting-e-sobretudo-mental\/\"]}]},{\"@type\":\"ImageObject\",\"inLanguage\":\"pt-PT\",\"@id\":\"https:\/\/portaltela.pt\/noticias\/2026\/04\/28\/treinador-diz-que-desgaste-do-sporting-e-sobretudo-mental\/#primaryimage\",\"url\":\"https:\/\/portaltela.pt\/s.01k8rhncp4jt1\/2026\/04\/CACHE_780X1200_ANALOG_WATERMARKED_47000537_3180588_26042026090918.jpg\",\"contentUrl\":\"https:\/\/portaltela.pt\/s.01k8rhncp4jt1\/2026\/04\/CACHE_780X1200_ANALOG_WATERMARKED_47000537_3180588_26042026090918.jpg\",\"width\":796,\"height\":448,\"caption\":\"Treinador considera que desgaste do Sporting \u00e9 sobretudo \u201cmental\u201d\"},{\"@type\":\"BreadcrumbList\",\"@id\":\"https:\/\/portaltela.pt\/noticias\/2026\/04\/28\/treinador-diz-que-desgaste-do-sporting-e-sobretudo-mental\/#breadcrumb\",\"itemListElement\":[{\"@type\":\"ListItem\",\"position\":1,\"name\":\"In\u00edcio\",\"item\":\"https:\/\/portaltela.pt\/\"},{\"@type\":\"ListItem\",\"position\":2,\"name\":\"Treinador diz que desgaste do Sporting \u00e9 sobretudo mental\"}]},{\"@type\":\"WebSite\",\"@id\":\"https:\/\/portaltela.pt\/#website\",\"url\":\"https:\/\/portaltela.pt\/\",\"name\":\"Portal Tela Portugal\",\"description\":\"\",\"potentialAction\":[{\"@type\":\"SearchAction\",\"target\":{\"@type\":\"EntryPoint\",\"urlTemplate\":\"https:\/\/portaltela.pt\/?s={search_term_string}\"},\"query-input\":{\"@type\":\"PropertyValueSpecification\",\"valueRequired\":true,\"valueName\":\"search_term_string\"}}],\"inLanguage\":\"pt-PT\"},{\"@type\":\"Person\",\"@id\":\"https:\/\/portaltela.pt\/#\/schema\/person\/c4278d4a6028830caff9ee44b42d32ed\",\"name\":\"Telinha\",\"image\":{\"@type\":\"ImageObject\",\"inLanguage\":\"pt-PT\",\"@id\":\"https:\/\/portaltela.pt\/s.01k8rhncp4jt1\/2025\/11\/talking-bot-125x125.png\",\"url\":\"https:\/\/portaltela.pt\/s.01k8rhncp4jt1\/2025\/11\/talking-bot-125x125.png\",\"contentUrl\":\"https:\/\/portaltela.pt\/s.01k8rhncp4jt1\/2025\/11\/talking-bot-125x125.png\",\"caption\":\"Telinha\"},\"sameAs\":[\"https:\/\/portaltela.pt\/\"],\"url\":\"https:\/\/portaltela.pt\/por\/367410592786\/\"}]}<\/script>\n<!-- \/ Yoast SEO plugin. -->","yoast_head_json":{"title":"Treinador diz que desgaste do Sporting \u00e9 sobretudo mental - Portal Tela Portugal","robots":{"index":"index","follow":"follow","max-snippet":"max-snippet:-1","max-image-preview":"max-image-preview:large","max-video-preview":"max-video-preview:-1"},"og_locale":"pt_PT","og_type":"article","og_title":"Treinador diz que desgaste do Sporting \u00e9 sobretudo mental - Portal Tela Portugal","og_description":"O treinador do Sporting afirmou que o desgaste da equipa \u00e9, sobretudo, mental. A not\u00edcia completa est\u00e1 dispon\u00edvel apenas para subscritores. O coment\u00e1rio destaca a import\u00e2ncia da dimens\u00e3o psicol\u00f3gica no desempenho da equipa. O conte\u00fado fornecido n\u00e3o apresenta detalhes adicionais sobre o contexto ou datas.","og_url":"https:\/\/portaltela.pt\/noticias\/2026\/04\/28\/treinador-diz-que-desgaste-do-sporting-e-sobretudo-mental\/","og_site_name":"Portal Tela Portugal","article_published_time":"2026-04-28T13:32:57+00:00","author":"Telinha","twitter_card":"summary_large_image","twitter_misc":{"Escrito por":"Telinha"},"schema":{"@context":"https:\/\/schema.org","@graph":[{"@type":"Article","@id":"https:\/\/portaltela.pt\/noticias\/2026\/04\/28\/treinador-diz-que-desgaste-do-sporting-e-sobretudo-mental\/#article","isPartOf":{"@id":"https:\/\/portaltela.pt\/noticias\/2026\/04\/28\/treinador-diz-que-desgaste-do-sporting-e-sobretudo-mental\/"},"author":{"name":"Telinha","@id":"https:\/\/portaltela.pt\/#\/schema\/person\/c4278d4a6028830caff9ee44b42d32ed"},"headline":"Treinador diz que desgaste do Sporting \u00e9 sobretudo mental","datePublished":"2026-04-28T13:32:57+00:00","mainEntityOfPage":{"@id":"https:\/\/portaltela.pt\/noticias\/2026\/04\/28\/treinador-diz-que-desgaste-do-sporting-e-sobretudo-mental\/"},"wordCount":89,"image":{"@id":"https:\/\/portaltela.pt\/noticias\/2026\/04\/28\/treinador-diz-que-desgaste-do-sporting-e-sobretudo-mental\/#primaryimage"},"thumbnailUrl":"https:\/\/portaltela.pt\/s.01k8rhncp4jt1\/2026\/04\/CACHE_780X1200_ANALOG_WATERMARKED_47000537_3180588_26042026090918.jpg","keywords":["Equipa","futebol","jogadores","psicologia","Sporting"],"articleSection":["Desporto","Futebol"],"inLanguage":"pt-PT"},{"@type":"WebPage","@id":"https:\/\/portaltela.pt\/noticias\/2026\/04\/28\/treinador-diz-que-desgaste-do-sporting-e-sobretudo-mental\/","url":"https:\/\/portaltela.pt\/noticias\/2026\/04\/28\/treinador-diz-que-desgaste-do-sporting-e-sobretudo-mental\/","name":"Treinador diz que desgaste do Sporting \u00e9 sobretudo mental - Portal Tela Portugal","isPartOf":{"@id":"https:\/\/portaltela.pt\/#website"},"primaryImageOfPage":{"@id":"https:\/\/portaltela.pt\/noticias\/2026\/04\/28\/treinador-diz-que-desgaste-do-sporting-e-sobretudo-mental\/#primaryimage"},"image":{"@id":"https:\/\/portaltela.pt\/noticias\/2026\/04\/28\/treinador-diz-que-desgaste-do-sporting-e-sobretudo-mental\/#primaryimage"},"thumbnailUrl":"https:\/\/portaltela.pt\/s.01k8rhncp4jt1\/2026\/04\/CACHE_780X1200_ANALOG_WATERMARKED_47000537_3180588_26042026090918.jpg","datePublished":"2026-04-28T13:32:57+00:00","author":{"@id":"https:\/\/portaltela.pt\/#\/schema\/person\/c4278d4a6028830caff9ee44b42d32ed"},"breadcrumb":{"@id":"https:\/\/portaltela.pt\/noticias\/2026\/04\/28\/treinador-diz-que-desgaste-do-sporting-e-sobretudo-mental\/#breadcrumb"},"inLanguage":"pt-PT","potentialAction":[{"@type":"ReadAction","target":["https:\/\/portaltela.pt\/noticias\/2026\/04\/28\/treinador-diz-que-desgaste-do-sporting-e-sobretudo-mental\/"]}]},{"@type":"ImageObject","inLanguage":"pt-PT","@id":"https:\/\/portaltela.pt\/noticias\/2026\/04\/28\/treinador-diz-que-desgaste-do-sporting-e-sobretudo-mental\/#primaryimage","url":"https:\/\/portaltela.pt\/s.01k8rhncp4jt1\/2026\/04\/CACHE_780X1200_ANALOG_WATERMARKED_47000537_3180588_26042026090918.jpg","contentUrl":"https:\/\/portaltela.pt\/s.01k8rhncp4jt1\/2026\/04\/CACHE_780X1200_ANALOG_WATERMARKED_47000537_3180588_26042026090918.jpg","width":796,"height":448,"caption":"Treinador considera que desgaste do Sporting \u00e9 sobretudo \u201cmental\u201d"},{"@type":"BreadcrumbList","@id":"https:\/\/portaltela.pt\/noticias\/2026\/04\/28\/treinador-diz-que-desgaste-do-sporting-e-sobretudo-mental\/#breadcrumb","itemListElement":[{"@type":"ListItem","position":1,"name":"In\u00edcio","item":"https:\/\/portaltela.pt\/"},{"@type":"ListItem","position":2,"name":"Treinador diz que desgaste do Sporting \u00e9 sobretudo mental"}]},{"@type":"WebSite","@id":"https:\/\/portaltela.pt\/#website","url":"https:\/\/portaltela.pt\/","name":"Portal Tela Portugal","description":"","potentialAction":[{"@type":"SearchAction","target":{"@type":"EntryPoint","urlTemplate":"https:\/\/portaltela.pt\/?s={search_term_string}"},"query-input":{"@type":"PropertyValueSpecification","valueRequired":true,"valueName":"search_term_string"}}],"inLanguage":"pt-PT"},{"@type":"Person","@id":"https:\/\/portaltela.pt\/#\/schema\/person\/c4278d4a6028830caff9ee44b42d32ed","name":"Telinha","image":{"@type":"ImageObject","inLanguage":"pt-PT","@id":"https:\/\/portaltela.pt\/s.01k8rhncp4jt1\/2025\/11\/talking-bot-125x125.png","url":"https:\/\/portaltela.pt\/s.01k8rhncp4jt1\/2025\/11\/talking-bot-125x125.png","contentUrl":"https:\/\/portaltela.pt\/s.01k8rhncp4jt1\/2025\/11\/talking-bot-125x125.png","caption":"Telinha"},"sameAs":["https:\/\/portaltela.pt\/"],"url":"https:\/\/portaltela.pt\/por\/367410592786\/"}]}},"_links":{"self":[{"href":"https:\/\/portaltela.pt\/api\/wp\/v2\/posts\/459772","targetHints":{"allow":["GET"]}}],"collection":[{"href":"https:\/\/portaltela.pt\/api\/wp\/v2\/posts"}],"about":[{"href":"https:\/\/portaltela.pt\/api\/wp\/v2\/types\/post"}],"author":[{"embeddable":true,"href":"https:\/\/portaltela.pt\/api\/wp\/v2\/users\/2"}],"replies":[{"embeddable":true,"href":"https:\/\/portaltela.pt\/api\/wp\/v2\/comments?post=459772"}],"version-history":[{"count":0,"href":"https:\/\/portaltela.pt\/api\/wp\/v2\/posts\/459772\/revisions"}],"wp:featuredmedia":[{"embeddable":true,"href":"https:\/\/portaltela.pt\/api\/wp\/v2\/media\/459773"}],"wp:attachment":[{"href":"https:\/\/portaltela.pt\/api\/wp\/v2\/media?parent=459772"}],"wp:term":[{"taxonomy":"category","embeddable":true,"href":"https:\/\/portaltela.pt\/api\/wp\/v2\/categories?post=459772"},{"taxonomy":"post_tag","embeddable":true,"href":"https:\/\/portaltela.pt\/api\/wp\/v2\/tags?post=459772"}],"curies":[{"name":"wp","href":"https:\/\/api.w.org\/{rel}","templated":true}]}}