{"id":459758,"date":"2026-04-28T10:18:29","date_gmt":"2026-04-28T13:18:29","guid":{"rendered":"https:\/\/portaltela.pt\/noticias\/2026\/04\/28\/fifa-avalia-mudancas-nas-regras-de-suspensao-por-cartoes-amarelos-para-2026\/"},"modified":"2026-04-28T10:18:29","modified_gmt":"2026-04-28T13:18:29","slug":"fifa-avalia-mudancas-nas-regras-de-suspensao-por-cartoes-amarelos-para-2026","status":"publish","type":"post","link":"https:\/\/portaltela.pt\/desporto\/copa-do-mundo\/2026\/04\/28\/fifa-avalia-mudancas-nas-regras-de-suspensao-por-cartoes-amarelos-para-2026\/","title":{"rendered":"FIFA avalia mudan\u00e7as nas regras de suspens\u00e3o por cart\u00f5es amarelos para 2026"},"content":{"rendered":"<p>A FIFA vai discutir, nesta ter\u00e7a-feira, a introdu\u00e7\u00e3o de uma segunda fase de amnistia para cart\u00f5es amarelos no Mundial. A proposta prev\u00ea eliminar todos os cart\u00f5es amarelos no final da fase de grupos e ap\u00f3s os quartos de final.<\/p>\n<p>Segundo a fonte da FIFA contactada pela Lusa, as duas advert\u00eancias continuam a ser o limiar de suspens\u00e3o. A altera\u00e7\u00e3o permite apenas duas ocasi\u00f5es de suspens\u00e3o por jogo: dois amarelos em dois dos tr\u00eas jogos da fase de grupos, ou dois amarelos entre os 32 avos e os quartos de final.<\/p>\n<p>A mudan\u00e7a surge na esteira do alargamento do Mundial para 48 equipas, em vez de 32. O aumento de equipas implica mais jornadas, o que eleva a probabilidade de deten\u00e7\u00f5es tempor\u00e1rias por acumula\u00e7\u00e3o de cart\u00f5es.<\/p>\n<p>Assim, o objetivo \u00e9 reduzir impactos de suspens\u00f5es em fases-chave do torneio, mantendo ainda o regime de duas advert\u00eancias para evitar puni\u00e7\u00f5es frequentes.<\/p>\n<p>A vota\u00e7\u00e3o ou decis\u00e3o final deve ocorrer nos pr\u00f3ximos dias, conforme indica a equipe t\u00e9cnica da FIFA.<\/p>\n","protected":false},"excerpt":{"rendered":"<ul>\n<li>A FIFA vai discutir uma segunda fase de amnistia para limpar cart\u00f5es amarelos no final da fase de grupos e depois dos quartos de final.<\/li>\n<li>Mant\u00e9m-se o limiar de suspens\u00e3o em duas advert\u00eancias, mas h\u00e1 apenas duas ocasi\u00f5es em que h\u00e1 suspens\u00e3o por jogo.<\/li>\n<li>Um jogador pode ficar suspenso por dois cart\u00f5es amarelos em dois dos tr\u00eas jogos da fase de grupos, ou em dois dos jogos entre os oitavos de final e os quartos de final.<\/li>\n<li>O alargamento do Mundial para 48 equipas, em vez de 32, implica mais uma ronda e aumenta a probabilidade de suspens\u00f5es.<\/li>\n<li>A proposta ser\u00e1 discutida nesta ter\u00e7a-feira, segundo fonte da FIFA citada pela ag\u00eancia Lusa.<\/li>\n<\/ul>\n","protected":false},"author":2,"featured_media":459768,"comment_status":"closed","ping_status":"closed","sticky":false,"template":"","format":"standard","meta":{"footnotes":""},"categories":[6695,21],"tags":[9015,7755,7907,6367],"class_list":["post-459758","post","type-post","status-publish","format-standard","has-post-thumbnail","hentry","category-copa-do-mundo","category-desporto","tag-_desporto-internacional","tag-_futebol","tag-_futebol-internacional","tag-copa2026"],"yoast_head":"<!-- This site is optimized with the Yoast SEO plugin v27.2 - https:\/\/yoast.com\/product\/yoast-seo-wordpress\/ -->\n<title>FIFA avalia mudan\u00e7as nas regras de suspens\u00e3o por cart\u00f5es amarelos para 2026 - Portal Tela Portugal<\/title>\n<meta name=\"robots\" content=\"index, follow, max-snippet:-1, max-image-preview:large, max-video-preview:-1\" \/>\n<meta property=\"og:locale\" content=\"pt_PT\" \/>\n<meta property=\"og:type\" content=\"article\" \/>\n<meta property=\"og:title\" content=\"FIFA avalia mudan\u00e7as nas regras de suspens\u00e3o por cart\u00f5es amarelos para 2026 - Portal Tela Portugal\" \/>\n<meta property=\"og:description\" content=\"A FIFA vai discutir uma segunda fase de amnistia para limpar cart\u00f5es amarelos no final da fase de grupos e depois dos quartos de final. Mant\u00e9m-se o limiar de suspens\u00e3o em duas advert\u00eancias, mas h\u00e1 apenas duas ocasi\u00f5es em que h\u00e1 suspens\u00e3o por jogo. Um jogador pode ficar suspenso por dois cart\u00f5es amarelos em dois dos tr\u00eas jogos da fase de grupos, ou em dois dos jogos entre os oitavos de final e os quartos de final. O alargamento do Mundial para 48 equipas, em vez de 32, implica mais uma ronda e aumenta a probabilidade de suspens\u00f5es. A proposta ser\u00e1 discutida nesta ter\u00e7a-feira, segundo fonte da FIFA citada pela ag\u00eancia Lusa.\" \/>\n<meta property=\"og:url\" content=\"https:\/\/portaltela.pt\/noticias\/2026\/04\/28\/fifa-avalia-mudancas-nas-regras-de-suspensao-por-cartoes-amarelos-para-2026\/\" \/>\n<meta property=\"og:site_name\" content=\"Portal Tela Portugal\" \/>\n<meta property=\"article:published_time\" content=\"2026-04-28T13:18:29+00:00\" \/>\n<meta name=\"author\" content=\"Telinha\" \/>\n<meta name=\"twitter:card\" content=\"summary_large_image\" \/>\n<meta name=\"twitter:label1\" content=\"Escrito por\" \/>\n\t<meta name=\"twitter:data1\" content=\"Telinha\" \/>\n\t<meta name=\"twitter:label2\" content=\"Tempo estimado de leitura\" \/>\n\t<meta name=\"twitter:data2\" content=\"1 minuto\" \/>\n<script type=\"application\/ld+json\" class=\"yoast-schema-graph\">{\"@context\":\"https:\/\/schema.org\",\"@graph\":[{\"@type\":\"Article\",\"@id\":\"https:\/\/portaltela.pt\/noticias\/2026\/04\/28\/fifa-avalia-mudancas-nas-regras-de-suspensao-por-cartoes-amarelos-para-2026\/#article\",\"isPartOf\":{\"@id\":\"https:\/\/portaltela.pt\/noticias\/2026\/04\/28\/fifa-avalia-mudancas-nas-regras-de-suspensao-por-cartoes-amarelos-para-2026\/\"},\"author\":{\"name\":\"Telinha\",\"@id\":\"https:\/\/portaltela.pt\/#\/schema\/person\/c4278d4a6028830caff9ee44b42d32ed\"},\"headline\":\"FIFA avalia mudan\u00e7as nas regras de suspens\u00e3o por cart\u00f5es amarelos para 2026\",\"datePublished\":\"2026-04-28T13:18:29+00:00\",\"mainEntityOfPage\":{\"@id\":\"https:\/\/portaltela.pt\/noticias\/2026\/04\/28\/fifa-avalia-mudancas-nas-regras-de-suspensao-por-cartoes-amarelos-para-2026\/\"},\"wordCount\":198,\"image\":{\"@id\":\"https:\/\/portaltela.pt\/noticias\/2026\/04\/28\/fifa-avalia-mudancas-nas-regras-de-suspensao-por-cartoes-amarelos-para-2026\/#primaryimage\"},\"thumbnailUrl\":\"https:\/\/portaltela.pt\/s.01k8rhncp4jt1\/2026\/04\/image-1592.jpg\",\"keywords\":[\"_desporto internacional\",\"_futebol\",\"_futebol internacional\",\"#copa2026\"],\"articleSection\":[\"Copa do Mundo\",\"Desporto\"],\"inLanguage\":\"pt-PT\"},{\"@type\":\"WebPage\",\"@id\":\"https:\/\/portaltela.pt\/noticias\/2026\/04\/28\/fifa-avalia-mudancas-nas-regras-de-suspensao-por-cartoes-amarelos-para-2026\/\",\"url\":\"https:\/\/portaltela.pt\/noticias\/2026\/04\/28\/fifa-avalia-mudancas-nas-regras-de-suspensao-por-cartoes-amarelos-para-2026\/\",\"name\":\"FIFA avalia mudan\u00e7as nas regras de suspens\u00e3o por cart\u00f5es amarelos para 2026 - Portal Tela Portugal\",\"isPartOf\":{\"@id\":\"https:\/\/portaltela.pt\/#website\"},\"primaryImageOfPage\":{\"@id\":\"https:\/\/portaltela.pt\/noticias\/2026\/04\/28\/fifa-avalia-mudancas-nas-regras-de-suspensao-por-cartoes-amarelos-para-2026\/#primaryimage\"},\"image\":{\"@id\":\"https:\/\/portaltela.pt\/noticias\/2026\/04\/28\/fifa-avalia-mudancas-nas-regras-de-suspensao-por-cartoes-amarelos-para-2026\/#primaryimage\"},\"thumbnailUrl\":\"https:\/\/portaltela.pt\/s.01k8rhncp4jt1\/2026\/04\/image-1592.jpg\",\"datePublished\":\"2026-04-28T13:18:29+00:00\",\"author\":{\"@id\":\"https:\/\/portaltela.pt\/#\/schema\/person\/c4278d4a6028830caff9ee44b42d32ed\"},\"breadcrumb\":{\"@id\":\"https:\/\/portaltela.pt\/noticias\/2026\/04\/28\/fifa-avalia-mudancas-nas-regras-de-suspensao-por-cartoes-amarelos-para-2026\/#breadcrumb\"},\"inLanguage\":\"pt-PT\",\"potentialAction\":[{\"@type\":\"ReadAction\",\"target\":[\"https:\/\/portaltela.pt\/noticias\/2026\/04\/28\/fifa-avalia-mudancas-nas-regras-de-suspensao-por-cartoes-amarelos-para-2026\/\"]}]},{\"@type\":\"ImageObject\",\"inLanguage\":\"pt-PT\",\"@id\":\"https:\/\/portaltela.pt\/noticias\/2026\/04\/28\/fifa-avalia-mudancas-nas-regras-de-suspensao-por-cartoes-amarelos-para-2026\/#primaryimage\",\"url\":\"https:\/\/portaltela.pt\/s.01k8rhncp4jt1\/2026\/04\/image-1592.jpg\",\"contentUrl\":\"https:\/\/portaltela.pt\/s.01k8rhncp4jt1\/2026\/04\/image-1592.jpg\",\"width\":796,\"height\":448,\"caption\":\"Torneio vai ser disputado entre Canad\u00e1, Estados Unidos da Am\u00e9rica e M\u00e9xico\"},{\"@type\":\"BreadcrumbList\",\"@id\":\"https:\/\/portaltela.pt\/noticias\/2026\/04\/28\/fifa-avalia-mudancas-nas-regras-de-suspensao-por-cartoes-amarelos-para-2026\/#breadcrumb\",\"itemListElement\":[{\"@type\":\"ListItem\",\"position\":1,\"name\":\"In\u00edcio\",\"item\":\"https:\/\/portaltela.pt\/\"},{\"@type\":\"ListItem\",\"position\":2,\"name\":\"FIFA avalia mudan\u00e7as nas regras de suspens\u00e3o por cart\u00f5es amarelos para 2026\"}]},{\"@type\":\"WebSite\",\"@id\":\"https:\/\/portaltela.pt\/#website\",\"url\":\"https:\/\/portaltela.pt\/\",\"name\":\"Portal Tela Portugal\",\"description\":\"\",\"potentialAction\":[{\"@type\":\"SearchAction\",\"target\":{\"@type\":\"EntryPoint\",\"urlTemplate\":\"https:\/\/portaltela.pt\/?s={search_term_string}\"},\"query-input\":{\"@type\":\"PropertyValueSpecification\",\"valueRequired\":true,\"valueName\":\"search_term_string\"}}],\"inLanguage\":\"pt-PT\"},{\"@type\":\"Person\",\"@id\":\"https:\/\/portaltela.pt\/#\/schema\/person\/c4278d4a6028830caff9ee44b42d32ed\",\"name\":\"Telinha\",\"image\":{\"@type\":\"ImageObject\",\"inLanguage\":\"pt-PT\",\"@id\":\"https:\/\/portaltela.pt\/s.01k8rhncp4jt1\/2025\/11\/talking-bot-125x125.png\",\"url\":\"https:\/\/portaltela.pt\/s.01k8rhncp4jt1\/2025\/11\/talking-bot-125x125.png\",\"contentUrl\":\"https:\/\/portaltela.pt\/s.01k8rhncp4jt1\/2025\/11\/talking-bot-125x125.png\",\"caption\":\"Telinha\"},\"sameAs\":[\"https:\/\/portaltela.pt\/\"],\"url\":\"https:\/\/portaltela.pt\/por\/367410592786\/\"}]}<\/script>\n<!-- \/ Yoast SEO plugin. -->","yoast_head_json":{"title":"FIFA avalia mudan\u00e7as nas regras de suspens\u00e3o por cart\u00f5es amarelos para 2026 - Portal Tela Portugal","robots":{"index":"index","follow":"follow","max-snippet":"max-snippet:-1","max-image-preview":"max-image-preview:large","max-video-preview":"max-video-preview:-1"},"og_locale":"pt_PT","og_type":"article","og_title":"FIFA avalia mudan\u00e7as nas regras de suspens\u00e3o por cart\u00f5es amarelos para 2026 - Portal Tela Portugal","og_description":"A FIFA vai discutir uma segunda fase de amnistia para limpar cart\u00f5es amarelos no final da fase de grupos e depois dos quartos de final. Mant\u00e9m-se o limiar de suspens\u00e3o em duas advert\u00eancias, mas h\u00e1 apenas duas ocasi\u00f5es em que h\u00e1 suspens\u00e3o por jogo. Um jogador pode ficar suspenso por dois cart\u00f5es amarelos em dois dos tr\u00eas jogos da fase de grupos, ou em dois dos jogos entre os oitavos de final e os quartos de final. O alargamento do Mundial para 48 equipas, em vez de 32, implica mais uma ronda e aumenta a probabilidade de suspens\u00f5es. A proposta ser\u00e1 discutida nesta ter\u00e7a-feira, segundo fonte da FIFA citada pela ag\u00eancia Lusa.","og_url":"https:\/\/portaltela.pt\/noticias\/2026\/04\/28\/fifa-avalia-mudancas-nas-regras-de-suspensao-por-cartoes-amarelos-para-2026\/","og_site_name":"Portal Tela Portugal","article_published_time":"2026-04-28T13:18:29+00:00","author":"Telinha","twitter_card":"summary_large_image","twitter_misc":{"Escrito por":"Telinha","Tempo estimado de leitura":"1 minuto"},"schema":{"@context":"https:\/\/schema.org","@graph":[{"@type":"Article","@id":"https:\/\/portaltela.pt\/noticias\/2026\/04\/28\/fifa-avalia-mudancas-nas-regras-de-suspensao-por-cartoes-amarelos-para-2026\/#article","isPartOf":{"@id":"https:\/\/portaltela.pt\/noticias\/2026\/04\/28\/fifa-avalia-mudancas-nas-regras-de-suspensao-por-cartoes-amarelos-para-2026\/"},"author":{"name":"Telinha","@id":"https:\/\/portaltela.pt\/#\/schema\/person\/c4278d4a6028830caff9ee44b42d32ed"},"headline":"FIFA avalia mudan\u00e7as nas regras de suspens\u00e3o por cart\u00f5es amarelos para 2026","datePublished":"2026-04-28T13:18:29+00:00","mainEntityOfPage":{"@id":"https:\/\/portaltela.pt\/noticias\/2026\/04\/28\/fifa-avalia-mudancas-nas-regras-de-suspensao-por-cartoes-amarelos-para-2026\/"},"wordCount":198,"image":{"@id":"https:\/\/portaltela.pt\/noticias\/2026\/04\/28\/fifa-avalia-mudancas-nas-regras-de-suspensao-por-cartoes-amarelos-para-2026\/#primaryimage"},"thumbnailUrl":"https:\/\/portaltela.pt\/s.01k8rhncp4jt1\/2026\/04\/image-1592.jpg","keywords":["_desporto internacional","_futebol","_futebol internacional","#copa2026"],"articleSection":["Copa do Mundo","Desporto"],"inLanguage":"pt-PT"},{"@type":"WebPage","@id":"https:\/\/portaltela.pt\/noticias\/2026\/04\/28\/fifa-avalia-mudancas-nas-regras-de-suspensao-por-cartoes-amarelos-para-2026\/","url":"https:\/\/portaltela.pt\/noticias\/2026\/04\/28\/fifa-avalia-mudancas-nas-regras-de-suspensao-por-cartoes-amarelos-para-2026\/","name":"FIFA avalia mudan\u00e7as nas regras de suspens\u00e3o por cart\u00f5es amarelos para 2026 - Portal Tela Portugal","isPartOf":{"@id":"https:\/\/portaltela.pt\/#website"},"primaryImageOfPage":{"@id":"https:\/\/portaltela.pt\/noticias\/2026\/04\/28\/fifa-avalia-mudancas-nas-regras-de-suspensao-por-cartoes-amarelos-para-2026\/#primaryimage"},"image":{"@id":"https:\/\/portaltela.pt\/noticias\/2026\/04\/28\/fifa-avalia-mudancas-nas-regras-de-suspensao-por-cartoes-amarelos-para-2026\/#primaryimage"},"thumbnailUrl":"https:\/\/portaltela.pt\/s.01k8rhncp4jt1\/2026\/04\/image-1592.jpg","datePublished":"2026-04-28T13:18:29+00:00","author":{"@id":"https:\/\/portaltela.pt\/#\/schema\/person\/c4278d4a6028830caff9ee44b42d32ed"},"breadcrumb":{"@id":"https:\/\/portaltela.pt\/noticias\/2026\/04\/28\/fifa-avalia-mudancas-nas-regras-de-suspensao-por-cartoes-amarelos-para-2026\/#breadcrumb"},"inLanguage":"pt-PT","potentialAction":[{"@type":"ReadAction","target":["https:\/\/portaltela.pt\/noticias\/2026\/04\/28\/fifa-avalia-mudancas-nas-regras-de-suspensao-por-cartoes-amarelos-para-2026\/"]}]},{"@type":"ImageObject","inLanguage":"pt-PT","@id":"https:\/\/portaltela.pt\/noticias\/2026\/04\/28\/fifa-avalia-mudancas-nas-regras-de-suspensao-por-cartoes-amarelos-para-2026\/#primaryimage","url":"https:\/\/portaltela.pt\/s.01k8rhncp4jt1\/2026\/04\/image-1592.jpg","contentUrl":"https:\/\/portaltela.pt\/s.01k8rhncp4jt1\/2026\/04\/image-1592.jpg","width":796,"height":448,"caption":"Torneio vai ser disputado entre Canad\u00e1, Estados Unidos da Am\u00e9rica e M\u00e9xico"},{"@type":"BreadcrumbList","@id":"https:\/\/portaltela.pt\/noticias\/2026\/04\/28\/fifa-avalia-mudancas-nas-regras-de-suspensao-por-cartoes-amarelos-para-2026\/#breadcrumb","itemListElement":[{"@type":"ListItem","position":1,"name":"In\u00edcio","item":"https:\/\/portaltela.pt\/"},{"@type":"ListItem","position":2,"name":"FIFA avalia mudan\u00e7as nas regras de suspens\u00e3o por cart\u00f5es amarelos para 2026"}]},{"@type":"WebSite","@id":"https:\/\/portaltela.pt\/#website","url":"https:\/\/portaltela.pt\/","name":"Portal Tela Portugal","description":"","potentialAction":[{"@type":"SearchAction","target":{"@type":"EntryPoint","urlTemplate":"https:\/\/portaltela.pt\/?s={search_term_string}"},"query-input":{"@type":"PropertyValueSpecification","valueRequired":true,"valueName":"search_term_string"}}],"inLanguage":"pt-PT"},{"@type":"Person","@id":"https:\/\/portaltela.pt\/#\/schema\/person\/c4278d4a6028830caff9ee44b42d32ed","name":"Telinha","image":{"@type":"ImageObject","inLanguage":"pt-PT","@id":"https:\/\/portaltela.pt\/s.01k8rhncp4jt1\/2025\/11\/talking-bot-125x125.png","url":"https:\/\/portaltela.pt\/s.01k8rhncp4jt1\/2025\/11\/talking-bot-125x125.png","contentUrl":"https:\/\/portaltela.pt\/s.01k8rhncp4jt1\/2025\/11\/talking-bot-125x125.png","caption":"Telinha"},"sameAs":["https:\/\/portaltela.pt\/"],"url":"https:\/\/portaltela.pt\/por\/367410592786\/"}]}},"_links":{"self":[{"href":"https:\/\/portaltela.pt\/api\/wp\/v2\/posts\/459758","targetHints":{"allow":["GET"]}}],"collection":[{"href":"https:\/\/portaltela.pt\/api\/wp\/v2\/posts"}],"about":[{"href":"https:\/\/portaltela.pt\/api\/wp\/v2\/types\/post"}],"author":[{"embeddable":true,"href":"https:\/\/portaltela.pt\/api\/wp\/v2\/users\/2"}],"replies":[{"embeddable":true,"href":"https:\/\/portaltela.pt\/api\/wp\/v2\/comments?post=459758"}],"version-history":[{"count":0,"href":"https:\/\/portaltela.pt\/api\/wp\/v2\/posts\/459758\/revisions"}],"wp:featuredmedia":[{"embeddable":true,"href":"https:\/\/portaltela.pt\/api\/wp\/v2\/media\/459768"}],"wp:attachment":[{"href":"https:\/\/portaltela.pt\/api\/wp\/v2\/media?parent=459758"}],"wp:term":[{"taxonomy":"category","embeddable":true,"href":"https:\/\/portaltela.pt\/api\/wp\/v2\/categories?post=459758"},{"taxonomy":"post_tag","embeddable":true,"href":"https:\/\/portaltela.pt\/api\/wp\/v2\/tags?post=459758"}],"curies":[{"name":"wp","href":"https:\/\/api.w.org\/{rel}","templated":true}]}}