{"id":459733,"date":"2026-04-28T10:03:29","date_gmt":"2026-04-28T13:03:29","guid":{"rendered":"https:\/\/portaltela.pt\/noticias\/2026\/04\/28\/nuno-markl-transforma-hospital-em-estudio-de-gravacao\/"},"modified":"2026-04-28T10:03:29","modified_gmt":"2026-04-28T13:03:29","slug":"nuno-markl-transforma-hospital-em-estudio-de-gravacao","status":"publish","type":"post","link":"https:\/\/portaltela.pt\/series-e-filmes\/2026\/04\/28\/nuno-markl-transforma-hospital-em-estudio-de-gravacao\/","title":{"rendered":"Nuno Markl transforma hospital em est\u00fadio de grava\u00e7\u00e3o"},"content":{"rendered":"<p>Nuno Markl continua a recupera\u00e7\u00e3o hospitalar ap\u00f3s dois AVC no final do ano passado. Enquanto participa em terapia ocupacional, o humorista dedica o tempo livre a dobragens num gabinete m\u00e9dico do hospital onde est\u00e1 internado.<\/p>\n<p>As dobragens s\u00e3o para o filme de anima\u00e7\u00e3o portugu\u00eas Viana &#8211; A Lenda dos Cora\u00e7\u00f5es de Ouro, uma produ\u00e7\u00e3o que promete uma est\u00e9tica com influ\u00eancias Disney. Markl gravou a voz de um pombo sargento para o projeto, cuja estreia est\u00e1 marcada para novembro.<\/p>\n<p>O projeto envolve o diretor Rodrigo Carvalho, com quem Markl j\u00e1 colaborou em Nutri Ventures. O humorista destacou a ambi\u00e7\u00e3o da longa-metragem, que pretende revelar a generosidade dos portugueses atrav\u00e9s da narrativa.<\/p>\n<p>Markl referiu que o filme \u00e9 uma aposta nacional de grande envergadura t\u00e9cnica e art\u00edstica, com tom de romance, aventura e humor. O ator sublinhou que o envolvimento tem sido positivo para a recupera\u00e7\u00e3o.<\/p>\n<p>Apesar de j\u00e1 ter regressado a casa para dormir, Markl ainda n\u00e3o tem data prevista para alta hospitalar. O processo de reabilita\u00e7\u00e3o tem-se mantido ativo e acompanhado pela equipa m\u00e9dica.<\/p>\n<h3>Viana &#8211; A Lenda dos Cora\u00e7\u00f5es de Ouro<\/h3>\n<p>O filme, descrito como uma produ\u00e7\u00e3o de dimens\u00f5es ambiciosas, ter\u00e1 o retorno de Markl em voz para personagens de anima\u00e7\u00e3o. Os detalhes t\u00e9cnicos e a data de estreia mant\u00eam-se alinhados com o desenvolvimento do projeto.<\/p>\n","protected":false},"excerpt":{"rendered":"<ul>\n<li>O humorista Nuno Markl est\u00e1 internado no hospital a fazer terapia ocupacional depois de dois AVC no final do ano passado.<\/li>\n<li>Entre as sess\u00f5es, tem feito dobragens de um filme de anima\u00e7\u00e3o portugu\u00eas no gabinete m\u00e9dico, incluindo a voz de um pombo sargento em Viana &#8211; A Lenda dos Cora\u00e7\u00f5es de Ouro, que estreia em novembro.<\/li>\n<li>Markl disse no Instagram que o espa\u00e7o \u00e9 \u201cuma sala rec\u00f4ndita\u201d cedida pelo hospital para um \u201cmilagre\u201d de grava\u00e7\u00e3o.<\/li>\n<li>A colabora\u00e7\u00e3o com Rodrigo Carvalho envolve uma personagem da produ\u00e7\u00e3o, descrita como a mais ambiciosa de sempre em Portugal; o humorista brincou que quer ser sempre aves em pr\u00f3ximos projetos.<\/li>\n<li>O filme \u00e9 destacado como uma produ\u00e7\u00e3o com linguagem inspirada nos cl\u00e1ssicos rom\u00e2nticos da Disney; Markl agradeceu o apoio recebido durante a recupera\u00e7\u00e3o e mencionou progressos, com alta hospitalar ainda sem data.<\/li>\n<\/ul>\n","protected":false},"author":2,"featured_media":459739,"comment_status":"closed","ping_status":"closed","sticky":false,"template":"","format":"standard","meta":{"footnotes":""},"categories":[12,7368],"tags":[5812,145,5242,1014,7482],"class_list":["post-459733","post","type-post","status-publish","format-standard","has-post-thumbnail","hentry","category-entretenimento","category-series-e-filmes","tag-animacao","tag-cultura","tag-filmes","tag-portugal","tag-producao-artistica"],"yoast_head":"<!-- This site is optimized with the Yoast SEO plugin v27.2 - https:\/\/yoast.com\/product\/yoast-seo-wordpress\/ -->\n<title>Nuno Markl transforma hospital em est\u00fadio de grava\u00e7\u00e3o - Portal Tela Portugal<\/title>\n<meta name=\"robots\" content=\"index, follow, max-snippet:-1, max-image-preview:large, max-video-preview:-1\" \/>\n<meta property=\"og:locale\" content=\"pt_PT\" \/>\n<meta property=\"og:type\" content=\"article\" \/>\n<meta property=\"og:title\" content=\"Nuno Markl transforma hospital em est\u00fadio de grava\u00e7\u00e3o - Portal Tela Portugal\" \/>\n<meta property=\"og:description\" content=\"O humorista Nuno Markl est\u00e1 internado no hospital a fazer terapia ocupacional depois de dois AVC no final do ano passado. Entre as sess\u00f5es, tem feito dobragens de um filme de anima\u00e7\u00e3o portugu\u00eas no gabinete m\u00e9dico, incluindo a voz de um pombo sargento em Viana - A Lenda dos Cora\u00e7\u00f5es de Ouro, que estreia em novembro. Markl disse no Instagram que o espa\u00e7o \u00e9 \u201cuma sala rec\u00f4ndita\u201d cedida pelo hospital para um \u201cmilagre\u201d de grava\u00e7\u00e3o. A colabora\u00e7\u00e3o com Rodrigo Carvalho envolve uma personagem da produ\u00e7\u00e3o, descrita como a mais ambiciosa de sempre em Portugal; o humorista brincou que quer ser sempre aves em pr\u00f3ximos projetos. O filme \u00e9 destacado como uma produ\u00e7\u00e3o com linguagem inspirada nos cl\u00e1ssicos rom\u00e2nticos da Disney; Markl agradeceu o apoio recebido durante a recupera\u00e7\u00e3o e mencionou progressos, com alta hospitalar ainda sem data.\" \/>\n<meta property=\"og:url\" content=\"https:\/\/portaltela.pt\/noticias\/2026\/04\/28\/nuno-markl-transforma-hospital-em-estudio-de-gravacao\/\" \/>\n<meta property=\"og:site_name\" content=\"Portal Tela Portugal\" \/>\n<meta property=\"article:published_time\" content=\"2026-04-28T13:03:29+00:00\" \/>\n<meta name=\"author\" content=\"Telinha\" \/>\n<meta name=\"twitter:card\" content=\"summary_large_image\" \/>\n<meta name=\"twitter:label1\" content=\"Escrito por\" \/>\n\t<meta name=\"twitter:data1\" content=\"Telinha\" \/>\n\t<meta name=\"twitter:label2\" content=\"Tempo estimado de leitura\" \/>\n\t<meta name=\"twitter:data2\" content=\"1 minuto\" \/>\n<script type=\"application\/ld+json\" class=\"yoast-schema-graph\">{\"@context\":\"https:\/\/schema.org\",\"@graph\":[{\"@type\":\"Article\",\"@id\":\"https:\/\/portaltela.pt\/noticias\/2026\/04\/28\/nuno-markl-transforma-hospital-em-estudio-de-gravacao\/#article\",\"isPartOf\":{\"@id\":\"https:\/\/portaltela.pt\/noticias\/2026\/04\/28\/nuno-markl-transforma-hospital-em-estudio-de-gravacao\/\"},\"author\":{\"name\":\"Telinha\",\"@id\":\"https:\/\/portaltela.pt\/#\/schema\/person\/c4278d4a6028830caff9ee44b42d32ed\"},\"headline\":\"Nuno Markl transforma hospital em est\u00fadio de grava\u00e7\u00e3o\",\"datePublished\":\"2026-04-28T13:03:29+00:00\",\"mainEntityOfPage\":{\"@id\":\"https:\/\/portaltela.pt\/noticias\/2026\/04\/28\/nuno-markl-transforma-hospital-em-estudio-de-gravacao\/\"},\"wordCount\":250,\"image\":{\"@id\":\"https:\/\/portaltela.pt\/noticias\/2026\/04\/28\/nuno-markl-transforma-hospital-em-estudio-de-gravacao\/#primaryimage\"},\"thumbnailUrl\":\"https:\/\/portaltela.pt\/s.01k8rhncp4jt1\/2026\/04\/img_1280x718uu2026-04-28-13-14-00-2281569-im-639129788770628169.jpg\",\"keywords\":[\"anima\u00e7\u00e3o\",\"cultura\",\"filmes\",\"Portugal\",\"Produ\u00e7\u00e3o Art\u00edstica\"],\"articleSection\":[\"Entretenimento\",\"S\u00e9ries e filmes\"],\"inLanguage\":\"pt-PT\"},{\"@type\":\"WebPage\",\"@id\":\"https:\/\/portaltela.pt\/noticias\/2026\/04\/28\/nuno-markl-transforma-hospital-em-estudio-de-gravacao\/\",\"url\":\"https:\/\/portaltela.pt\/noticias\/2026\/04\/28\/nuno-markl-transforma-hospital-em-estudio-de-gravacao\/\",\"name\":\"Nuno Markl transforma hospital em est\u00fadio de grava\u00e7\u00e3o - Portal Tela Portugal\",\"isPartOf\":{\"@id\":\"https:\/\/portaltela.pt\/#website\"},\"primaryImageOfPage\":{\"@id\":\"https:\/\/portaltela.pt\/noticias\/2026\/04\/28\/nuno-markl-transforma-hospital-em-estudio-de-gravacao\/#primaryimage\"},\"image\":{\"@id\":\"https:\/\/portaltela.pt\/noticias\/2026\/04\/28\/nuno-markl-transforma-hospital-em-estudio-de-gravacao\/#primaryimage\"},\"thumbnailUrl\":\"https:\/\/portaltela.pt\/s.01k8rhncp4jt1\/2026\/04\/img_1280x718uu2026-04-28-13-14-00-2281569-im-639129788770628169.jpg\",\"datePublished\":\"2026-04-28T13:03:29+00:00\",\"author\":{\"@id\":\"https:\/\/portaltela.pt\/#\/schema\/person\/c4278d4a6028830caff9ee44b42d32ed\"},\"breadcrumb\":{\"@id\":\"https:\/\/portaltela.pt\/noticias\/2026\/04\/28\/nuno-markl-transforma-hospital-em-estudio-de-gravacao\/#breadcrumb\"},\"inLanguage\":\"pt-PT\",\"potentialAction\":[{\"@type\":\"ReadAction\",\"target\":[\"https:\/\/portaltela.pt\/noticias\/2026\/04\/28\/nuno-markl-transforma-hospital-em-estudio-de-gravacao\/\"]}]},{\"@type\":\"ImageObject\",\"inLanguage\":\"pt-PT\",\"@id\":\"https:\/\/portaltela.pt\/noticias\/2026\/04\/28\/nuno-markl-transforma-hospital-em-estudio-de-gravacao\/#primaryimage\",\"url\":\"https:\/\/portaltela.pt\/s.01k8rhncp4jt1\/2026\/04\/img_1280x718uu2026-04-28-13-14-00-2281569-im-639129788770628169.jpg\",\"contentUrl\":\"https:\/\/portaltela.pt\/s.01k8rhncp4jt1\/2026\/04\/img_1280x718uu2026-04-28-13-14-00-2281569-im-639129788770628169.jpg\",\"width\":796,\"height\":448,\"caption\":\"Photo\"},{\"@type\":\"BreadcrumbList\",\"@id\":\"https:\/\/portaltela.pt\/noticias\/2026\/04\/28\/nuno-markl-transforma-hospital-em-estudio-de-gravacao\/#breadcrumb\",\"itemListElement\":[{\"@type\":\"ListItem\",\"position\":1,\"name\":\"In\u00edcio\",\"item\":\"https:\/\/portaltela.pt\/\"},{\"@type\":\"ListItem\",\"position\":2,\"name\":\"Nuno Markl transforma hospital em est\u00fadio de grava\u00e7\u00e3o\"}]},{\"@type\":\"WebSite\",\"@id\":\"https:\/\/portaltela.pt\/#website\",\"url\":\"https:\/\/portaltela.pt\/\",\"name\":\"Portal Tela Portugal\",\"description\":\"\",\"potentialAction\":[{\"@type\":\"SearchAction\",\"target\":{\"@type\":\"EntryPoint\",\"urlTemplate\":\"https:\/\/portaltela.pt\/?s={search_term_string}\"},\"query-input\":{\"@type\":\"PropertyValueSpecification\",\"valueRequired\":true,\"valueName\":\"search_term_string\"}}],\"inLanguage\":\"pt-PT\"},{\"@type\":\"Person\",\"@id\":\"https:\/\/portaltela.pt\/#\/schema\/person\/c4278d4a6028830caff9ee44b42d32ed\",\"name\":\"Telinha\",\"image\":{\"@type\":\"ImageObject\",\"inLanguage\":\"pt-PT\",\"@id\":\"https:\/\/portaltela.pt\/s.01k8rhncp4jt1\/2025\/11\/talking-bot-125x125.png\",\"url\":\"https:\/\/portaltela.pt\/s.01k8rhncp4jt1\/2025\/11\/talking-bot-125x125.png\",\"contentUrl\":\"https:\/\/portaltela.pt\/s.01k8rhncp4jt1\/2025\/11\/talking-bot-125x125.png\",\"caption\":\"Telinha\"},\"sameAs\":[\"https:\/\/portaltela.pt\/\"],\"url\":\"https:\/\/portaltela.pt\/por\/367410592786\/\"}]}<\/script>\n<!-- \/ Yoast SEO plugin. -->","yoast_head_json":{"title":"Nuno Markl transforma hospital em est\u00fadio de grava\u00e7\u00e3o - Portal Tela Portugal","robots":{"index":"index","follow":"follow","max-snippet":"max-snippet:-1","max-image-preview":"max-image-preview:large","max-video-preview":"max-video-preview:-1"},"og_locale":"pt_PT","og_type":"article","og_title":"Nuno Markl transforma hospital em est\u00fadio de grava\u00e7\u00e3o - Portal Tela Portugal","og_description":"O humorista Nuno Markl est\u00e1 internado no hospital a fazer terapia ocupacional depois de dois AVC no final do ano passado. Entre as sess\u00f5es, tem feito dobragens de um filme de anima\u00e7\u00e3o portugu\u00eas no gabinete m\u00e9dico, incluindo a voz de um pombo sargento em Viana - A Lenda dos Cora\u00e7\u00f5es de Ouro, que estreia em novembro. Markl disse no Instagram que o espa\u00e7o \u00e9 \u201cuma sala rec\u00f4ndita\u201d cedida pelo hospital para um \u201cmilagre\u201d de grava\u00e7\u00e3o. A colabora\u00e7\u00e3o com Rodrigo Carvalho envolve uma personagem da produ\u00e7\u00e3o, descrita como a mais ambiciosa de sempre em Portugal; o humorista brincou que quer ser sempre aves em pr\u00f3ximos projetos. O filme \u00e9 destacado como uma produ\u00e7\u00e3o com linguagem inspirada nos cl\u00e1ssicos rom\u00e2nticos da Disney; Markl agradeceu o apoio recebido durante a recupera\u00e7\u00e3o e mencionou progressos, com alta hospitalar ainda sem data.","og_url":"https:\/\/portaltela.pt\/noticias\/2026\/04\/28\/nuno-markl-transforma-hospital-em-estudio-de-gravacao\/","og_site_name":"Portal Tela Portugal","article_published_time":"2026-04-28T13:03:29+00:00","author":"Telinha","twitter_card":"summary_large_image","twitter_misc":{"Escrito por":"Telinha","Tempo estimado de leitura":"1 minuto"},"schema":{"@context":"https:\/\/schema.org","@graph":[{"@type":"Article","@id":"https:\/\/portaltela.pt\/noticias\/2026\/04\/28\/nuno-markl-transforma-hospital-em-estudio-de-gravacao\/#article","isPartOf":{"@id":"https:\/\/portaltela.pt\/noticias\/2026\/04\/28\/nuno-markl-transforma-hospital-em-estudio-de-gravacao\/"},"author":{"name":"Telinha","@id":"https:\/\/portaltela.pt\/#\/schema\/person\/c4278d4a6028830caff9ee44b42d32ed"},"headline":"Nuno Markl transforma hospital em est\u00fadio de grava\u00e7\u00e3o","datePublished":"2026-04-28T13:03:29+00:00","mainEntityOfPage":{"@id":"https:\/\/portaltela.pt\/noticias\/2026\/04\/28\/nuno-markl-transforma-hospital-em-estudio-de-gravacao\/"},"wordCount":250,"image":{"@id":"https:\/\/portaltela.pt\/noticias\/2026\/04\/28\/nuno-markl-transforma-hospital-em-estudio-de-gravacao\/#primaryimage"},"thumbnailUrl":"https:\/\/portaltela.pt\/s.01k8rhncp4jt1\/2026\/04\/img_1280x718uu2026-04-28-13-14-00-2281569-im-639129788770628169.jpg","keywords":["anima\u00e7\u00e3o","cultura","filmes","Portugal","Produ\u00e7\u00e3o Art\u00edstica"],"articleSection":["Entretenimento","S\u00e9ries e filmes"],"inLanguage":"pt-PT"},{"@type":"WebPage","@id":"https:\/\/portaltela.pt\/noticias\/2026\/04\/28\/nuno-markl-transforma-hospital-em-estudio-de-gravacao\/","url":"https:\/\/portaltela.pt\/noticias\/2026\/04\/28\/nuno-markl-transforma-hospital-em-estudio-de-gravacao\/","name":"Nuno Markl transforma hospital em est\u00fadio de grava\u00e7\u00e3o - Portal Tela Portugal","isPartOf":{"@id":"https:\/\/portaltela.pt\/#website"},"primaryImageOfPage":{"@id":"https:\/\/portaltela.pt\/noticias\/2026\/04\/28\/nuno-markl-transforma-hospital-em-estudio-de-gravacao\/#primaryimage"},"image":{"@id":"https:\/\/portaltela.pt\/noticias\/2026\/04\/28\/nuno-markl-transforma-hospital-em-estudio-de-gravacao\/#primaryimage"},"thumbnailUrl":"https:\/\/portaltela.pt\/s.01k8rhncp4jt1\/2026\/04\/img_1280x718uu2026-04-28-13-14-00-2281569-im-639129788770628169.jpg","datePublished":"2026-04-28T13:03:29+00:00","author":{"@id":"https:\/\/portaltela.pt\/#\/schema\/person\/c4278d4a6028830caff9ee44b42d32ed"},"breadcrumb":{"@id":"https:\/\/portaltela.pt\/noticias\/2026\/04\/28\/nuno-markl-transforma-hospital-em-estudio-de-gravacao\/#breadcrumb"},"inLanguage":"pt-PT","potentialAction":[{"@type":"ReadAction","target":["https:\/\/portaltela.pt\/noticias\/2026\/04\/28\/nuno-markl-transforma-hospital-em-estudio-de-gravacao\/"]}]},{"@type":"ImageObject","inLanguage":"pt-PT","@id":"https:\/\/portaltela.pt\/noticias\/2026\/04\/28\/nuno-markl-transforma-hospital-em-estudio-de-gravacao\/#primaryimage","url":"https:\/\/portaltela.pt\/s.01k8rhncp4jt1\/2026\/04\/img_1280x718uu2026-04-28-13-14-00-2281569-im-639129788770628169.jpg","contentUrl":"https:\/\/portaltela.pt\/s.01k8rhncp4jt1\/2026\/04\/img_1280x718uu2026-04-28-13-14-00-2281569-im-639129788770628169.jpg","width":796,"height":448,"caption":"Photo"},{"@type":"BreadcrumbList","@id":"https:\/\/portaltela.pt\/noticias\/2026\/04\/28\/nuno-markl-transforma-hospital-em-estudio-de-gravacao\/#breadcrumb","itemListElement":[{"@type":"ListItem","position":1,"name":"In\u00edcio","item":"https:\/\/portaltela.pt\/"},{"@type":"ListItem","position":2,"name":"Nuno Markl transforma hospital em est\u00fadio de grava\u00e7\u00e3o"}]},{"@type":"WebSite","@id":"https:\/\/portaltela.pt\/#website","url":"https:\/\/portaltela.pt\/","name":"Portal Tela Portugal","description":"","potentialAction":[{"@type":"SearchAction","target":{"@type":"EntryPoint","urlTemplate":"https:\/\/portaltela.pt\/?s={search_term_string}"},"query-input":{"@type":"PropertyValueSpecification","valueRequired":true,"valueName":"search_term_string"}}],"inLanguage":"pt-PT"},{"@type":"Person","@id":"https:\/\/portaltela.pt\/#\/schema\/person\/c4278d4a6028830caff9ee44b42d32ed","name":"Telinha","image":{"@type":"ImageObject","inLanguage":"pt-PT","@id":"https:\/\/portaltela.pt\/s.01k8rhncp4jt1\/2025\/11\/talking-bot-125x125.png","url":"https:\/\/portaltela.pt\/s.01k8rhncp4jt1\/2025\/11\/talking-bot-125x125.png","contentUrl":"https:\/\/portaltela.pt\/s.01k8rhncp4jt1\/2025\/11\/talking-bot-125x125.png","caption":"Telinha"},"sameAs":["https:\/\/portaltela.pt\/"],"url":"https:\/\/portaltela.pt\/por\/367410592786\/"}]}},"_links":{"self":[{"href":"https:\/\/portaltela.pt\/api\/wp\/v2\/posts\/459733","targetHints":{"allow":["GET"]}}],"collection":[{"href":"https:\/\/portaltela.pt\/api\/wp\/v2\/posts"}],"about":[{"href":"https:\/\/portaltela.pt\/api\/wp\/v2\/types\/post"}],"author":[{"embeddable":true,"href":"https:\/\/portaltela.pt\/api\/wp\/v2\/users\/2"}],"replies":[{"embeddable":true,"href":"https:\/\/portaltela.pt\/api\/wp\/v2\/comments?post=459733"}],"version-history":[{"count":0,"href":"https:\/\/portaltela.pt\/api\/wp\/v2\/posts\/459733\/revisions"}],"wp:featuredmedia":[{"embeddable":true,"href":"https:\/\/portaltela.pt\/api\/wp\/v2\/media\/459739"}],"wp:attachment":[{"href":"https:\/\/portaltela.pt\/api\/wp\/v2\/media?parent=459733"}],"wp:term":[{"taxonomy":"category","embeddable":true,"href":"https:\/\/portaltela.pt\/api\/wp\/v2\/categories?post=459733"},{"taxonomy":"post_tag","embeddable":true,"href":"https:\/\/portaltela.pt\/api\/wp\/v2\/tags?post=459733"}],"curies":[{"name":"wp","href":"https:\/\/api.w.org\/{rel}","templated":true}]}}