{"id":459732,"date":"2026-04-28T10:03:27","date_gmt":"2026-04-28T13:03:27","guid":{"rendered":"https:\/\/portaltela.pt\/noticias\/2026\/04\/28\/protecao-civil-restringe-permanencia-e-trafego-no-porto-de-santorini\/"},"modified":"2026-04-28T10:03:27","modified_gmt":"2026-04-28T13:03:27","slug":"protecao-civil-restringe-permanencia-e-trafego-no-porto-de-santorini","status":"publish","type":"post","link":"https:\/\/portaltela.pt\/tempo\/2026\/04\/28\/protecao-civil-restringe-permanencia-e-trafego-no-porto-de-santorini\/","title":{"rendered":"Prote\u00e7\u00e3o civil restringe perman\u00eancia e tr\u00e1fego no porto de Santorini"},"content":{"rendered":"<p>As autoridades gregas anunciaram novas medidas de prote\u00e7\u00e3o civil para Santorini, ap\u00f3s recomenda\u00e7\u00f5es dos comit\u00e9s cient\u00edficos que monitorizam o risco s\u00edsmico e vulc\u00e2nico, recolhidas numa reuni\u00e3o extraordin\u00e1ria do Comit\u00e9 Cient\u00edfico Permanente para a Avalia\u00e7\u00e3o do Risco S\u00edsmico e a Redu\u00e7\u00e3o do Risco de Sismos.<\/p>\n<p>As medidas concentram-se no controlo do acesso e da perman\u00eancia em zonas de alto risco, especialmente no porto principal da ilha, para evitar sobrelota\u00e7\u00e3o e reduzir o tempo de perman\u00eancia de ve\u00edculos por motivos de seguran\u00e7a.<\/p>\n<p>Foi publicado um mapa de zonas proibidas em \u00e1reas de alto risco, aplic\u00e1vel at\u00e9 31 de mar\u00e7o de 2027. As autoridades poder\u00e3o alterar ou suspender as medidas se ocorrerem fen\u00f3menos naturais fortes ou novas avalia\u00e7\u00f5es t\u00e9cnicas.<\/p>\n<h3>Medidas em vigor<\/h3>\n<p>Em fevereiro, Santorini registou uma s\u00e9rie de tremores quase constantes perto da ilha, que declarou estado de emerg\u00eancia devido \u00e0 atividade s\u00edsmica invulgar. As autoridades lembram que as disposi\u00e7\u00f5es podem ser ajustadas conforme o risco evolua.<\/p>\n","protected":false},"excerpt":{"rendered":"<ul>\n<li>As autoridades gregas adotaram medidas de prote\u00e7\u00e3o civil para Santorini, ap\u00f3s recomenda\u00e7\u00f5es de comit\u00e9s cient\u00edficos que monitorizam o risco s\u00edsmico e vulc\u00e2nico.<\/li>\n<li>As medidas limitam o acesso e a perman\u00eancia em zonas de alto risco e estar\u00e3o em vigor at\u00e9 ao dia 31 de mar\u00e7o de 2027.<\/li>\n<li>No porto principal da ilha, as regras visam controlar o tr\u00e1fego para evitar sobrelota\u00e7\u00e3o e reduzir o tempo de perman\u00eancia de ve\u00edculos por raz\u00f5es de seguran\u00e7a.<\/li>\n<li>foi publicado um mapa com proibi\u00e7\u00f5es de perman\u00eancia em zonas espec\u00edficas da ilha, localizadas em \u00e1reas de alto risco em caso de tremores provocados pelo vulc\u00e3o.<\/li>\n<li>As medidas podem ser alteradas ou suspensas a qualquer momento, em caso de fen\u00f3menos naturais fortes, sujeitas a nova avalia\u00e7\u00e3o pelas comiss\u00f5es competentes; em fevereiro ocorreram tremores quase constantes e Santorini declarou estado de emerg\u00eancia.<\/li>\n<\/ul>\n","protected":false},"author":2,"featured_media":459742,"comment_status":"closed","ping_status":"closed","sticky":false,"template":"","format":"standard","meta":{"footnotes":""},"categories":[7365],"tags":[7922,8159,8605,9108,5099],"class_list":["post-459732","post","type-post","status-publish","format-standard","has-post-thumbnail","hentry","category-tempo","tag-_catastrofes-naturais","tag-_portos","tag-_seguranca-civil","tag-_terremotos","tag-protecao-civil-municipal"],"yoast_head":"<!-- This site is optimized with the Yoast SEO plugin v27.2 - https:\/\/yoast.com\/product\/yoast-seo-wordpress\/ -->\n<title>Prote\u00e7\u00e3o civil restringe perman\u00eancia e tr\u00e1fego no porto de Santorini - Portal Tela Portugal<\/title>\n<meta name=\"robots\" content=\"index, follow, max-snippet:-1, max-image-preview:large, max-video-preview:-1\" \/>\n<meta property=\"og:locale\" content=\"pt_PT\" \/>\n<meta property=\"og:type\" content=\"article\" \/>\n<meta property=\"og:title\" content=\"Prote\u00e7\u00e3o civil restringe perman\u00eancia e tr\u00e1fego no porto de Santorini - Portal Tela Portugal\" \/>\n<meta property=\"og:description\" content=\"As autoridades gregas adotaram medidas de prote\u00e7\u00e3o civil para Santorini, ap\u00f3s recomenda\u00e7\u00f5es de comit\u00e9s cient\u00edficos que monitorizam o risco s\u00edsmico e vulc\u00e2nico. As medidas limitam o acesso e a perman\u00eancia em zonas de alto risco e estar\u00e3o em vigor at\u00e9 ao dia 31 de mar\u00e7o de 2027. No porto principal da ilha, as regras visam controlar o tr\u00e1fego para evitar sobrelota\u00e7\u00e3o e reduzir o tempo de perman\u00eancia de ve\u00edculos por raz\u00f5es de seguran\u00e7a. foi publicado um mapa com proibi\u00e7\u00f5es de perman\u00eancia em zonas espec\u00edficas da ilha, localizadas em \u00e1reas de alto risco em caso de tremores provocados pelo vulc\u00e3o. As medidas podem ser alteradas ou suspensas a qualquer momento, em caso de fen\u00f3menos naturais fortes, sujeitas a nova avalia\u00e7\u00e3o pelas comiss\u00f5es competentes; em fevereiro ocorreram tremores quase constantes e Santorini declarou estado de emerg\u00eancia.\" \/>\n<meta property=\"og:url\" content=\"https:\/\/portaltela.pt\/noticias\/2026\/04\/28\/protecao-civil-restringe-permanencia-e-trafego-no-porto-de-santorini\/\" \/>\n<meta property=\"og:site_name\" content=\"Portal Tela Portugal\" \/>\n<meta property=\"article:published_time\" content=\"2026-04-28T13:03:27+00:00\" \/>\n<meta name=\"author\" content=\"Telinha\" \/>\n<meta name=\"twitter:card\" content=\"summary_large_image\" \/>\n<meta name=\"twitter:label1\" content=\"Escrito por\" \/>\n\t<meta name=\"twitter:data1\" content=\"Telinha\" \/>\n\t<meta name=\"twitter:label2\" content=\"Tempo estimado de leitura\" \/>\n\t<meta name=\"twitter:data2\" content=\"1 minuto\" \/>\n<script type=\"application\/ld+json\" class=\"yoast-schema-graph\">{\"@context\":\"https:\/\/schema.org\",\"@graph\":[{\"@type\":\"Article\",\"@id\":\"https:\/\/portaltela.pt\/noticias\/2026\/04\/28\/protecao-civil-restringe-permanencia-e-trafego-no-porto-de-santorini\/#article\",\"isPartOf\":{\"@id\":\"https:\/\/portaltela.pt\/noticias\/2026\/04\/28\/protecao-civil-restringe-permanencia-e-trafego-no-porto-de-santorini\/\"},\"author\":{\"name\":\"Telinha\",\"@id\":\"https:\/\/portaltela.pt\/#\/schema\/person\/c4278d4a6028830caff9ee44b42d32ed\"},\"headline\":\"Prote\u00e7\u00e3o civil restringe perman\u00eancia e tr\u00e1fego no porto de Santorini\",\"datePublished\":\"2026-04-28T13:03:27+00:00\",\"mainEntityOfPage\":{\"@id\":\"https:\/\/portaltela.pt\/noticias\/2026\/04\/28\/protecao-civil-restringe-permanencia-e-trafego-no-porto-de-santorini\/\"},\"wordCount\":193,\"image\":{\"@id\":\"https:\/\/portaltela.pt\/noticias\/2026\/04\/28\/protecao-civil-restringe-permanencia-e-trafego-no-porto-de-santorini\/#primaryimage\"},\"thumbnailUrl\":\"https:\/\/portaltela.pt\/s.01k8rhncp4jt1\/2026\/04\/1536x864_cmsv2_786b9e7b-8c7e-516e-b229-030c9bc0ad06-9738627.jpg\",\"keywords\":[\"_cat\u00e1strofes naturais\",\"_portos\",\"_seguran\u00e7a civil\",\"_terremotos\",\"Prote\u00e7\u00e3o Civil Municipal\"],\"articleSection\":[\"Tempo\"],\"inLanguage\":\"pt-PT\"},{\"@type\":\"WebPage\",\"@id\":\"https:\/\/portaltela.pt\/noticias\/2026\/04\/28\/protecao-civil-restringe-permanencia-e-trafego-no-porto-de-santorini\/\",\"url\":\"https:\/\/portaltela.pt\/noticias\/2026\/04\/28\/protecao-civil-restringe-permanencia-e-trafego-no-porto-de-santorini\/\",\"name\":\"Prote\u00e7\u00e3o civil restringe perman\u00eancia e tr\u00e1fego no porto de Santorini - Portal Tela Portugal\",\"isPartOf\":{\"@id\":\"https:\/\/portaltela.pt\/#website\"},\"primaryImageOfPage\":{\"@id\":\"https:\/\/portaltela.pt\/noticias\/2026\/04\/28\/protecao-civil-restringe-permanencia-e-trafego-no-porto-de-santorini\/#primaryimage\"},\"image\":{\"@id\":\"https:\/\/portaltela.pt\/noticias\/2026\/04\/28\/protecao-civil-restringe-permanencia-e-trafego-no-porto-de-santorini\/#primaryimage\"},\"thumbnailUrl\":\"https:\/\/portaltela.pt\/s.01k8rhncp4jt1\/2026\/04\/1536x864_cmsv2_786b9e7b-8c7e-516e-b229-030c9bc0ad06-9738627.jpg\",\"datePublished\":\"2026-04-28T13:03:27+00:00\",\"author\":{\"@id\":\"https:\/\/portaltela.pt\/#\/schema\/person\/c4278d4a6028830caff9ee44b42d32ed\"},\"breadcrumb\":{\"@id\":\"https:\/\/portaltela.pt\/noticias\/2026\/04\/28\/protecao-civil-restringe-permanencia-e-trafego-no-porto-de-santorini\/#breadcrumb\"},\"inLanguage\":\"pt-PT\",\"potentialAction\":[{\"@type\":\"ReadAction\",\"target\":[\"https:\/\/portaltela.pt\/noticias\/2026\/04\/28\/protecao-civil-restringe-permanencia-e-trafego-no-porto-de-santorini\/\"]}]},{\"@type\":\"ImageObject\",\"inLanguage\":\"pt-PT\",\"@id\":\"https:\/\/portaltela.pt\/noticias\/2026\/04\/28\/protecao-civil-restringe-permanencia-e-trafego-no-porto-de-santorini\/#primaryimage\",\"url\":\"https:\/\/portaltela.pt\/s.01k8rhncp4jt1\/2026\/04\/1536x864_cmsv2_786b9e7b-8c7e-516e-b229-030c9bc0ad06-9738627.jpg\",\"contentUrl\":\"https:\/\/portaltela.pt\/s.01k8rhncp4jt1\/2026\/04\/1536x864_cmsv2_786b9e7b-8c7e-516e-b229-030c9bc0ad06-9738627.jpg\",\"width\":796,\"height\":448,\"caption\":\"Foto de ficheiro\"},{\"@type\":\"BreadcrumbList\",\"@id\":\"https:\/\/portaltela.pt\/noticias\/2026\/04\/28\/protecao-civil-restringe-permanencia-e-trafego-no-porto-de-santorini\/#breadcrumb\",\"itemListElement\":[{\"@type\":\"ListItem\",\"position\":1,\"name\":\"In\u00edcio\",\"item\":\"https:\/\/portaltela.pt\/\"},{\"@type\":\"ListItem\",\"position\":2,\"name\":\"Prote\u00e7\u00e3o civil restringe perman\u00eancia e tr\u00e1fego no porto de Santorini\"}]},{\"@type\":\"WebSite\",\"@id\":\"https:\/\/portaltela.pt\/#website\",\"url\":\"https:\/\/portaltela.pt\/\",\"name\":\"Portal Tela Portugal\",\"description\":\"\",\"potentialAction\":[{\"@type\":\"SearchAction\",\"target\":{\"@type\":\"EntryPoint\",\"urlTemplate\":\"https:\/\/portaltela.pt\/?s={search_term_string}\"},\"query-input\":{\"@type\":\"PropertyValueSpecification\",\"valueRequired\":true,\"valueName\":\"search_term_string\"}}],\"inLanguage\":\"pt-PT\"},{\"@type\":\"Person\",\"@id\":\"https:\/\/portaltela.pt\/#\/schema\/person\/c4278d4a6028830caff9ee44b42d32ed\",\"name\":\"Telinha\",\"image\":{\"@type\":\"ImageObject\",\"inLanguage\":\"pt-PT\",\"@id\":\"https:\/\/portaltela.pt\/s.01k8rhncp4jt1\/2025\/11\/talking-bot-125x125.png\",\"url\":\"https:\/\/portaltela.pt\/s.01k8rhncp4jt1\/2025\/11\/talking-bot-125x125.png\",\"contentUrl\":\"https:\/\/portaltela.pt\/s.01k8rhncp4jt1\/2025\/11\/talking-bot-125x125.png\",\"caption\":\"Telinha\"},\"sameAs\":[\"https:\/\/portaltela.pt\/\"],\"url\":\"https:\/\/portaltela.pt\/por\/367410592786\/\"}]}<\/script>\n<!-- \/ Yoast SEO plugin. -->","yoast_head_json":{"title":"Prote\u00e7\u00e3o civil restringe perman\u00eancia e tr\u00e1fego no porto de Santorini - Portal Tela Portugal","robots":{"index":"index","follow":"follow","max-snippet":"max-snippet:-1","max-image-preview":"max-image-preview:large","max-video-preview":"max-video-preview:-1"},"og_locale":"pt_PT","og_type":"article","og_title":"Prote\u00e7\u00e3o civil restringe perman\u00eancia e tr\u00e1fego no porto de Santorini - Portal Tela Portugal","og_description":"As autoridades gregas adotaram medidas de prote\u00e7\u00e3o civil para Santorini, ap\u00f3s recomenda\u00e7\u00f5es de comit\u00e9s cient\u00edficos que monitorizam o risco s\u00edsmico e vulc\u00e2nico. As medidas limitam o acesso e a perman\u00eancia em zonas de alto risco e estar\u00e3o em vigor at\u00e9 ao dia 31 de mar\u00e7o de 2027. No porto principal da ilha, as regras visam controlar o tr\u00e1fego para evitar sobrelota\u00e7\u00e3o e reduzir o tempo de perman\u00eancia de ve\u00edculos por raz\u00f5es de seguran\u00e7a. foi publicado um mapa com proibi\u00e7\u00f5es de perman\u00eancia em zonas espec\u00edficas da ilha, localizadas em \u00e1reas de alto risco em caso de tremores provocados pelo vulc\u00e3o. As medidas podem ser alteradas ou suspensas a qualquer momento, em caso de fen\u00f3menos naturais fortes, sujeitas a nova avalia\u00e7\u00e3o pelas comiss\u00f5es competentes; em fevereiro ocorreram tremores quase constantes e Santorini declarou estado de emerg\u00eancia.","og_url":"https:\/\/portaltela.pt\/noticias\/2026\/04\/28\/protecao-civil-restringe-permanencia-e-trafego-no-porto-de-santorini\/","og_site_name":"Portal Tela Portugal","article_published_time":"2026-04-28T13:03:27+00:00","author":"Telinha","twitter_card":"summary_large_image","twitter_misc":{"Escrito por":"Telinha","Tempo estimado de leitura":"1 minuto"},"schema":{"@context":"https:\/\/schema.org","@graph":[{"@type":"Article","@id":"https:\/\/portaltela.pt\/noticias\/2026\/04\/28\/protecao-civil-restringe-permanencia-e-trafego-no-porto-de-santorini\/#article","isPartOf":{"@id":"https:\/\/portaltela.pt\/noticias\/2026\/04\/28\/protecao-civil-restringe-permanencia-e-trafego-no-porto-de-santorini\/"},"author":{"name":"Telinha","@id":"https:\/\/portaltela.pt\/#\/schema\/person\/c4278d4a6028830caff9ee44b42d32ed"},"headline":"Prote\u00e7\u00e3o civil restringe perman\u00eancia e tr\u00e1fego no porto de Santorini","datePublished":"2026-04-28T13:03:27+00:00","mainEntityOfPage":{"@id":"https:\/\/portaltela.pt\/noticias\/2026\/04\/28\/protecao-civil-restringe-permanencia-e-trafego-no-porto-de-santorini\/"},"wordCount":193,"image":{"@id":"https:\/\/portaltela.pt\/noticias\/2026\/04\/28\/protecao-civil-restringe-permanencia-e-trafego-no-porto-de-santorini\/#primaryimage"},"thumbnailUrl":"https:\/\/portaltela.pt\/s.01k8rhncp4jt1\/2026\/04\/1536x864_cmsv2_786b9e7b-8c7e-516e-b229-030c9bc0ad06-9738627.jpg","keywords":["_cat\u00e1strofes naturais","_portos","_seguran\u00e7a civil","_terremotos","Prote\u00e7\u00e3o Civil Municipal"],"articleSection":["Tempo"],"inLanguage":"pt-PT"},{"@type":"WebPage","@id":"https:\/\/portaltela.pt\/noticias\/2026\/04\/28\/protecao-civil-restringe-permanencia-e-trafego-no-porto-de-santorini\/","url":"https:\/\/portaltela.pt\/noticias\/2026\/04\/28\/protecao-civil-restringe-permanencia-e-trafego-no-porto-de-santorini\/","name":"Prote\u00e7\u00e3o civil restringe perman\u00eancia e tr\u00e1fego no porto de Santorini - Portal Tela Portugal","isPartOf":{"@id":"https:\/\/portaltela.pt\/#website"},"primaryImageOfPage":{"@id":"https:\/\/portaltela.pt\/noticias\/2026\/04\/28\/protecao-civil-restringe-permanencia-e-trafego-no-porto-de-santorini\/#primaryimage"},"image":{"@id":"https:\/\/portaltela.pt\/noticias\/2026\/04\/28\/protecao-civil-restringe-permanencia-e-trafego-no-porto-de-santorini\/#primaryimage"},"thumbnailUrl":"https:\/\/portaltela.pt\/s.01k8rhncp4jt1\/2026\/04\/1536x864_cmsv2_786b9e7b-8c7e-516e-b229-030c9bc0ad06-9738627.jpg","datePublished":"2026-04-28T13:03:27+00:00","author":{"@id":"https:\/\/portaltela.pt\/#\/schema\/person\/c4278d4a6028830caff9ee44b42d32ed"},"breadcrumb":{"@id":"https:\/\/portaltela.pt\/noticias\/2026\/04\/28\/protecao-civil-restringe-permanencia-e-trafego-no-porto-de-santorini\/#breadcrumb"},"inLanguage":"pt-PT","potentialAction":[{"@type":"ReadAction","target":["https:\/\/portaltela.pt\/noticias\/2026\/04\/28\/protecao-civil-restringe-permanencia-e-trafego-no-porto-de-santorini\/"]}]},{"@type":"ImageObject","inLanguage":"pt-PT","@id":"https:\/\/portaltela.pt\/noticias\/2026\/04\/28\/protecao-civil-restringe-permanencia-e-trafego-no-porto-de-santorini\/#primaryimage","url":"https:\/\/portaltela.pt\/s.01k8rhncp4jt1\/2026\/04\/1536x864_cmsv2_786b9e7b-8c7e-516e-b229-030c9bc0ad06-9738627.jpg","contentUrl":"https:\/\/portaltela.pt\/s.01k8rhncp4jt1\/2026\/04\/1536x864_cmsv2_786b9e7b-8c7e-516e-b229-030c9bc0ad06-9738627.jpg","width":796,"height":448,"caption":"Foto de ficheiro"},{"@type":"BreadcrumbList","@id":"https:\/\/portaltela.pt\/noticias\/2026\/04\/28\/protecao-civil-restringe-permanencia-e-trafego-no-porto-de-santorini\/#breadcrumb","itemListElement":[{"@type":"ListItem","position":1,"name":"In\u00edcio","item":"https:\/\/portaltela.pt\/"},{"@type":"ListItem","position":2,"name":"Prote\u00e7\u00e3o civil restringe perman\u00eancia e tr\u00e1fego no porto de Santorini"}]},{"@type":"WebSite","@id":"https:\/\/portaltela.pt\/#website","url":"https:\/\/portaltela.pt\/","name":"Portal Tela Portugal","description":"","potentialAction":[{"@type":"SearchAction","target":{"@type":"EntryPoint","urlTemplate":"https:\/\/portaltela.pt\/?s={search_term_string}"},"query-input":{"@type":"PropertyValueSpecification","valueRequired":true,"valueName":"search_term_string"}}],"inLanguage":"pt-PT"},{"@type":"Person","@id":"https:\/\/portaltela.pt\/#\/schema\/person\/c4278d4a6028830caff9ee44b42d32ed","name":"Telinha","image":{"@type":"ImageObject","inLanguage":"pt-PT","@id":"https:\/\/portaltela.pt\/s.01k8rhncp4jt1\/2025\/11\/talking-bot-125x125.png","url":"https:\/\/portaltela.pt\/s.01k8rhncp4jt1\/2025\/11\/talking-bot-125x125.png","contentUrl":"https:\/\/portaltela.pt\/s.01k8rhncp4jt1\/2025\/11\/talking-bot-125x125.png","caption":"Telinha"},"sameAs":["https:\/\/portaltela.pt\/"],"url":"https:\/\/portaltela.pt\/por\/367410592786\/"}]}},"_links":{"self":[{"href":"https:\/\/portaltela.pt\/api\/wp\/v2\/posts\/459732","targetHints":{"allow":["GET"]}}],"collection":[{"href":"https:\/\/portaltela.pt\/api\/wp\/v2\/posts"}],"about":[{"href":"https:\/\/portaltela.pt\/api\/wp\/v2\/types\/post"}],"author":[{"embeddable":true,"href":"https:\/\/portaltela.pt\/api\/wp\/v2\/users\/2"}],"replies":[{"embeddable":true,"href":"https:\/\/portaltela.pt\/api\/wp\/v2\/comments?post=459732"}],"version-history":[{"count":0,"href":"https:\/\/portaltela.pt\/api\/wp\/v2\/posts\/459732\/revisions"}],"wp:featuredmedia":[{"embeddable":true,"href":"https:\/\/portaltela.pt\/api\/wp\/v2\/media\/459742"}],"wp:attachment":[{"href":"https:\/\/portaltela.pt\/api\/wp\/v2\/media?parent=459732"}],"wp:term":[{"taxonomy":"category","embeddable":true,"href":"https:\/\/portaltela.pt\/api\/wp\/v2\/categories?post=459732"},{"taxonomy":"post_tag","embeddable":true,"href":"https:\/\/portaltela.pt\/api\/wp\/v2\/tags?post=459732"}],"curies":[{"name":"wp","href":"https:\/\/api.w.org\/{rel}","templated":true}]}}