{"id":459722,"date":"2026-04-28T10:03:12","date_gmt":"2026-04-28T13:03:12","guid":{"rendered":"https:\/\/portaltela.pt\/noticias\/2026\/04\/28\/zaidu-e-opcao-apto-para-o-jogo-do-titulo\/"},"modified":"2026-04-28T10:03:12","modified_gmt":"2026-04-28T13:03:12","slug":"zaidu-e-opcao-apto-para-o-jogo-do-titulo","status":"publish","type":"post","link":"https:\/\/portaltela.pt\/desporto\/futebol\/2026\/04\/28\/zaidu-e-opcao-apto-para-o-jogo-do-titulo\/","title":{"rendered":"Zaidu \u00e9 op\u00e7\u00e3o apto para o jogo do t\u00edtulo"},"content":{"rendered":"<p>O FC Porto iniciou a prepara\u00e7\u00e3o para o jogo frente ao Alverca, da 32.\u00aa jornada da Liga Portugal Betclic, marcado para s\u00e1bado \u00e0s 20h30 no Est\u00e1dio do Drag\u00e3o. A sess\u00e3o decorreu no Centro de Treinos e Forma\u00e7\u00e3o Desportiva Jorge Costa, no Olival.<\/p>\n<p>Ap\u00f3s um dia de folga ap\u00f3s o triunfo sobre o E. Amadora, os drag\u00f5es voltaram a treinar com foco no duelo que pode aproximar o t\u00edtulo. Zaidu foi considerado apto e pode entrar na sele\u00e7\u00e3o para o encontro decisivo.<\/p>\n<p>No boletim cl\u00ednico mant\u00eam-se Nehu\u00e9n P\u00e9rez (treino condicionado), Andr\u00e9 Miranda (treino condicionado), Luuk de Jong (tratamento\/gin\u00e1sio) e Samu (tratamento\/gin\u00e1sio). Gabriel Br\u00e1s, Tiago Silva e Andr\u00e9 Miranda (B) treinaram com o grupo.<\/p>\n<h3>Prepara\u00e7\u00e3o e lesionados<\/h3>\n<p>O treino de amanh\u00e3 est\u00e1 agendado para a manh\u00e3, no Olival, mantendo-se a sess\u00e3o centrada na log\u00edstica do encontro. O Drag\u00e3o j\u00e1 tem bilhetes esgotados para o duelo, que dever\u00e1 ter casa cheia.<\/p>\n<p>O plantel permanece concentrado na estrat\u00e9gia para o jogo, com a equipa t\u00e9cnica a acompanhar de perto a evolu\u00e7\u00e3o dos jogadores ainda sem ritmo completo. A partida \u00e9 marcada para o fim de semana.<\/p>\n","protected":false},"excerpt":{"rendered":"<ul>\n<li>O FC Porto iniciou, no Olival, a prepara\u00e7\u00e3o para o jogo com o Alverca, da 32.\u00aa jornada da Liga.<\/li>\n<li>Zaidu foi dado como apto e pode ser op\u00e7\u00e3o no encontro de s\u00e1bado, \u00e0s 20h30, no Drag\u00e3o.<\/li>\n<li>No boletim cl\u00ednico, Nehu\u00e9n P\u00e9rez, Andr\u00e9 Miranda, Luuk de Jong e Samu seguem com treino condicionado ou tratamento.<\/li>\n<li>Gabriel Br\u00e1s, Tiago Silva e Andr\u00e9 Miranda, da equipa B, trabalharam com a equipa principal durante a prepara\u00e7\u00e3o.<\/li>\n<li>Os bilhetes para o jogo est\u00e3o esgotados; o treino seguinte est\u00e1 marcado para amanh\u00e3, de manh\u00e3, no Olival.<\/li>\n<\/ul>\n","protected":false},"author":2,"featured_media":459728,"comment_status":"closed","ping_status":"closed","sticky":false,"template":"","format":"standard","meta":{"footnotes":""},"categories":[21,24],"tags":[8124,8603,7755,8096,8088,961],"class_list":["post-459722","post","type-post","status-publish","format-standard","has-post-thumbnail","hentry","category-desporto","category-futebol","tag-_alverca","tag-_craques","tag-_futebol","tag-_liga","tag-_porto","tag-logistica"],"yoast_head":"<!-- This site is optimized with the Yoast SEO plugin v27.2 - https:\/\/yoast.com\/product\/yoast-seo-wordpress\/ -->\n<title>Zaidu \u00e9 op\u00e7\u00e3o apto para o jogo do t\u00edtulo - Portal Tela Portugal<\/title>\n<meta name=\"robots\" content=\"index, follow, max-snippet:-1, max-image-preview:large, max-video-preview:-1\" \/>\n<meta property=\"og:locale\" content=\"pt_PT\" \/>\n<meta property=\"og:type\" content=\"article\" \/>\n<meta property=\"og:title\" content=\"Zaidu \u00e9 op\u00e7\u00e3o apto para o jogo do t\u00edtulo - Portal Tela Portugal\" \/>\n<meta property=\"og:description\" content=\"O FC Porto iniciou, no Olival, a prepara\u00e7\u00e3o para o jogo com o Alverca, da 32.\u00aa jornada da Liga. Zaidu foi dado como apto e pode ser op\u00e7\u00e3o no encontro de s\u00e1bado, \u00e0s 20h30, no Drag\u00e3o. No boletim cl\u00ednico, Nehu\u00e9n P\u00e9rez, Andr\u00e9 Miranda, Luuk de Jong e Samu seguem com treino condicionado ou tratamento. Gabriel Br\u00e1s, Tiago Silva e Andr\u00e9 Miranda, da equipa B, trabalharam com a equipa principal durante a prepara\u00e7\u00e3o. Os bilhetes para o jogo est\u00e3o esgotados; o treino seguinte est\u00e1 marcado para amanh\u00e3, de manh\u00e3, no Olival.\" \/>\n<meta property=\"og:url\" content=\"https:\/\/portaltela.pt\/noticias\/2026\/04\/28\/zaidu-e-opcao-apto-para-o-jogo-do-titulo\/\" \/>\n<meta property=\"og:site_name\" content=\"Portal Tela Portugal\" \/>\n<meta property=\"article:published_time\" content=\"2026-04-28T13:03:12+00:00\" \/>\n<meta name=\"author\" content=\"Telinha\" \/>\n<meta name=\"twitter:card\" content=\"summary_large_image\" \/>\n<meta name=\"twitter:label1\" content=\"Escrito por\" \/>\n\t<meta name=\"twitter:data1\" content=\"Telinha\" \/>\n\t<meta name=\"twitter:label2\" content=\"Tempo estimado de leitura\" \/>\n\t<meta name=\"twitter:data2\" content=\"1 minuto\" \/>\n<script type=\"application\/ld+json\" class=\"yoast-schema-graph\">{\"@context\":\"https:\/\/schema.org\",\"@graph\":[{\"@type\":\"Article\",\"@id\":\"https:\/\/portaltela.pt\/noticias\/2026\/04\/28\/zaidu-e-opcao-apto-para-o-jogo-do-titulo\/#article\",\"isPartOf\":{\"@id\":\"https:\/\/portaltela.pt\/noticias\/2026\/04\/28\/zaidu-e-opcao-apto-para-o-jogo-do-titulo\/\"},\"author\":{\"name\":\"Telinha\",\"@id\":\"https:\/\/portaltela.pt\/#\/schema\/person\/c4278d4a6028830caff9ee44b42d32ed\"},\"headline\":\"Zaidu \u00e9 op\u00e7\u00e3o apto para o jogo do t\u00edtulo\",\"datePublished\":\"2026-04-28T13:03:12+00:00\",\"mainEntityOfPage\":{\"@id\":\"https:\/\/portaltela.pt\/noticias\/2026\/04\/28\/zaidu-e-opcao-apto-para-o-jogo-do-titulo\/\"},\"wordCount\":217,\"image\":{\"@id\":\"https:\/\/portaltela.pt\/noticias\/2026\/04\/28\/zaidu-e-opcao-apto-para-o-jogo-do-titulo\/#primaryimage\"},\"thumbnailUrl\":\"https:\/\/portaltela.pt\/s.01k8rhncp4jt1\/2026\/04\/img_920x518uu2026-03-29-23-57-47-2430052-im-639129807691823042.jpg\",\"keywords\":[\"_Alverca\",\"_craques\",\"_futebol\",\"_Liga\",\"_Porto\",\"Log\u00edstica\"],\"articleSection\":[\"Desporto\",\"Futebol\"],\"inLanguage\":\"pt-PT\"},{\"@type\":\"WebPage\",\"@id\":\"https:\/\/portaltela.pt\/noticias\/2026\/04\/28\/zaidu-e-opcao-apto-para-o-jogo-do-titulo\/\",\"url\":\"https:\/\/portaltela.pt\/noticias\/2026\/04\/28\/zaidu-e-opcao-apto-para-o-jogo-do-titulo\/\",\"name\":\"Zaidu \u00e9 op\u00e7\u00e3o apto para o jogo do t\u00edtulo - Portal Tela Portugal\",\"isPartOf\":{\"@id\":\"https:\/\/portaltela.pt\/#website\"},\"primaryImageOfPage\":{\"@id\":\"https:\/\/portaltela.pt\/noticias\/2026\/04\/28\/zaidu-e-opcao-apto-para-o-jogo-do-titulo\/#primaryimage\"},\"image\":{\"@id\":\"https:\/\/portaltela.pt\/noticias\/2026\/04\/28\/zaidu-e-opcao-apto-para-o-jogo-do-titulo\/#primaryimage\"},\"thumbnailUrl\":\"https:\/\/portaltela.pt\/s.01k8rhncp4jt1\/2026\/04\/img_920x518uu2026-03-29-23-57-47-2430052-im-639129807691823042.jpg\",\"datePublished\":\"2026-04-28T13:03:12+00:00\",\"author\":{\"@id\":\"https:\/\/portaltela.pt\/#\/schema\/person\/c4278d4a6028830caff9ee44b42d32ed\"},\"breadcrumb\":{\"@id\":\"https:\/\/portaltela.pt\/noticias\/2026\/04\/28\/zaidu-e-opcao-apto-para-o-jogo-do-titulo\/#breadcrumb\"},\"inLanguage\":\"pt-PT\",\"potentialAction\":[{\"@type\":\"ReadAction\",\"target\":[\"https:\/\/portaltela.pt\/noticias\/2026\/04\/28\/zaidu-e-opcao-apto-para-o-jogo-do-titulo\/\"]}]},{\"@type\":\"ImageObject\",\"inLanguage\":\"pt-PT\",\"@id\":\"https:\/\/portaltela.pt\/noticias\/2026\/04\/28\/zaidu-e-opcao-apto-para-o-jogo-do-titulo\/#primaryimage\",\"url\":\"https:\/\/portaltela.pt\/s.01k8rhncp4jt1\/2026\/04\/img_920x518uu2026-03-29-23-57-47-2430052-im-639129807691823042.jpg\",\"contentUrl\":\"https:\/\/portaltela.pt\/s.01k8rhncp4jt1\/2026\/04\/img_920x518uu2026-03-29-23-57-47-2430052-im-639129807691823042.jpg\",\"width\":796,\"height\":448,\"caption\":\"Zaidu\"},{\"@type\":\"BreadcrumbList\",\"@id\":\"https:\/\/portaltela.pt\/noticias\/2026\/04\/28\/zaidu-e-opcao-apto-para-o-jogo-do-titulo\/#breadcrumb\",\"itemListElement\":[{\"@type\":\"ListItem\",\"position\":1,\"name\":\"In\u00edcio\",\"item\":\"https:\/\/portaltela.pt\/\"},{\"@type\":\"ListItem\",\"position\":2,\"name\":\"Zaidu \u00e9 op\u00e7\u00e3o apto para o jogo do t\u00edtulo\"}]},{\"@type\":\"WebSite\",\"@id\":\"https:\/\/portaltela.pt\/#website\",\"url\":\"https:\/\/portaltela.pt\/\",\"name\":\"Portal Tela Portugal\",\"description\":\"\",\"potentialAction\":[{\"@type\":\"SearchAction\",\"target\":{\"@type\":\"EntryPoint\",\"urlTemplate\":\"https:\/\/portaltela.pt\/?s={search_term_string}\"},\"query-input\":{\"@type\":\"PropertyValueSpecification\",\"valueRequired\":true,\"valueName\":\"search_term_string\"}}],\"inLanguage\":\"pt-PT\"},{\"@type\":\"Person\",\"@id\":\"https:\/\/portaltela.pt\/#\/schema\/person\/c4278d4a6028830caff9ee44b42d32ed\",\"name\":\"Telinha\",\"image\":{\"@type\":\"ImageObject\",\"inLanguage\":\"pt-PT\",\"@id\":\"https:\/\/portaltela.pt\/s.01k8rhncp4jt1\/2025\/11\/talking-bot-125x125.png\",\"url\":\"https:\/\/portaltela.pt\/s.01k8rhncp4jt1\/2025\/11\/talking-bot-125x125.png\",\"contentUrl\":\"https:\/\/portaltela.pt\/s.01k8rhncp4jt1\/2025\/11\/talking-bot-125x125.png\",\"caption\":\"Telinha\"},\"sameAs\":[\"https:\/\/portaltela.pt\/\"],\"url\":\"https:\/\/portaltela.pt\/por\/367410592786\/\"}]}<\/script>\n<!-- \/ Yoast SEO plugin. -->","yoast_head_json":{"title":"Zaidu \u00e9 op\u00e7\u00e3o apto para o jogo do t\u00edtulo - Portal Tela Portugal","robots":{"index":"index","follow":"follow","max-snippet":"max-snippet:-1","max-image-preview":"max-image-preview:large","max-video-preview":"max-video-preview:-1"},"og_locale":"pt_PT","og_type":"article","og_title":"Zaidu \u00e9 op\u00e7\u00e3o apto para o jogo do t\u00edtulo - Portal Tela Portugal","og_description":"O FC Porto iniciou, no Olival, a prepara\u00e7\u00e3o para o jogo com o Alverca, da 32.\u00aa jornada da Liga. Zaidu foi dado como apto e pode ser op\u00e7\u00e3o no encontro de s\u00e1bado, \u00e0s 20h30, no Drag\u00e3o. No boletim cl\u00ednico, Nehu\u00e9n P\u00e9rez, Andr\u00e9 Miranda, Luuk de Jong e Samu seguem com treino condicionado ou tratamento. Gabriel Br\u00e1s, Tiago Silva e Andr\u00e9 Miranda, da equipa B, trabalharam com a equipa principal durante a prepara\u00e7\u00e3o. Os bilhetes para o jogo est\u00e3o esgotados; o treino seguinte est\u00e1 marcado para amanh\u00e3, de manh\u00e3, no Olival.","og_url":"https:\/\/portaltela.pt\/noticias\/2026\/04\/28\/zaidu-e-opcao-apto-para-o-jogo-do-titulo\/","og_site_name":"Portal Tela Portugal","article_published_time":"2026-04-28T13:03:12+00:00","author":"Telinha","twitter_card":"summary_large_image","twitter_misc":{"Escrito por":"Telinha","Tempo estimado de leitura":"1 minuto"},"schema":{"@context":"https:\/\/schema.org","@graph":[{"@type":"Article","@id":"https:\/\/portaltela.pt\/noticias\/2026\/04\/28\/zaidu-e-opcao-apto-para-o-jogo-do-titulo\/#article","isPartOf":{"@id":"https:\/\/portaltela.pt\/noticias\/2026\/04\/28\/zaidu-e-opcao-apto-para-o-jogo-do-titulo\/"},"author":{"name":"Telinha","@id":"https:\/\/portaltela.pt\/#\/schema\/person\/c4278d4a6028830caff9ee44b42d32ed"},"headline":"Zaidu \u00e9 op\u00e7\u00e3o apto para o jogo do t\u00edtulo","datePublished":"2026-04-28T13:03:12+00:00","mainEntityOfPage":{"@id":"https:\/\/portaltela.pt\/noticias\/2026\/04\/28\/zaidu-e-opcao-apto-para-o-jogo-do-titulo\/"},"wordCount":217,"image":{"@id":"https:\/\/portaltela.pt\/noticias\/2026\/04\/28\/zaidu-e-opcao-apto-para-o-jogo-do-titulo\/#primaryimage"},"thumbnailUrl":"https:\/\/portaltela.pt\/s.01k8rhncp4jt1\/2026\/04\/img_920x518uu2026-03-29-23-57-47-2430052-im-639129807691823042.jpg","keywords":["_Alverca","_craques","_futebol","_Liga","_Porto","Log\u00edstica"],"articleSection":["Desporto","Futebol"],"inLanguage":"pt-PT"},{"@type":"WebPage","@id":"https:\/\/portaltela.pt\/noticias\/2026\/04\/28\/zaidu-e-opcao-apto-para-o-jogo-do-titulo\/","url":"https:\/\/portaltela.pt\/noticias\/2026\/04\/28\/zaidu-e-opcao-apto-para-o-jogo-do-titulo\/","name":"Zaidu \u00e9 op\u00e7\u00e3o apto para o jogo do t\u00edtulo - Portal Tela Portugal","isPartOf":{"@id":"https:\/\/portaltela.pt\/#website"},"primaryImageOfPage":{"@id":"https:\/\/portaltela.pt\/noticias\/2026\/04\/28\/zaidu-e-opcao-apto-para-o-jogo-do-titulo\/#primaryimage"},"image":{"@id":"https:\/\/portaltela.pt\/noticias\/2026\/04\/28\/zaidu-e-opcao-apto-para-o-jogo-do-titulo\/#primaryimage"},"thumbnailUrl":"https:\/\/portaltela.pt\/s.01k8rhncp4jt1\/2026\/04\/img_920x518uu2026-03-29-23-57-47-2430052-im-639129807691823042.jpg","datePublished":"2026-04-28T13:03:12+00:00","author":{"@id":"https:\/\/portaltela.pt\/#\/schema\/person\/c4278d4a6028830caff9ee44b42d32ed"},"breadcrumb":{"@id":"https:\/\/portaltela.pt\/noticias\/2026\/04\/28\/zaidu-e-opcao-apto-para-o-jogo-do-titulo\/#breadcrumb"},"inLanguage":"pt-PT","potentialAction":[{"@type":"ReadAction","target":["https:\/\/portaltela.pt\/noticias\/2026\/04\/28\/zaidu-e-opcao-apto-para-o-jogo-do-titulo\/"]}]},{"@type":"ImageObject","inLanguage":"pt-PT","@id":"https:\/\/portaltela.pt\/noticias\/2026\/04\/28\/zaidu-e-opcao-apto-para-o-jogo-do-titulo\/#primaryimage","url":"https:\/\/portaltela.pt\/s.01k8rhncp4jt1\/2026\/04\/img_920x518uu2026-03-29-23-57-47-2430052-im-639129807691823042.jpg","contentUrl":"https:\/\/portaltela.pt\/s.01k8rhncp4jt1\/2026\/04\/img_920x518uu2026-03-29-23-57-47-2430052-im-639129807691823042.jpg","width":796,"height":448,"caption":"Zaidu"},{"@type":"BreadcrumbList","@id":"https:\/\/portaltela.pt\/noticias\/2026\/04\/28\/zaidu-e-opcao-apto-para-o-jogo-do-titulo\/#breadcrumb","itemListElement":[{"@type":"ListItem","position":1,"name":"In\u00edcio","item":"https:\/\/portaltela.pt\/"},{"@type":"ListItem","position":2,"name":"Zaidu \u00e9 op\u00e7\u00e3o apto para o jogo do t\u00edtulo"}]},{"@type":"WebSite","@id":"https:\/\/portaltela.pt\/#website","url":"https:\/\/portaltela.pt\/","name":"Portal Tela Portugal","description":"","potentialAction":[{"@type":"SearchAction","target":{"@type":"EntryPoint","urlTemplate":"https:\/\/portaltela.pt\/?s={search_term_string}"},"query-input":{"@type":"PropertyValueSpecification","valueRequired":true,"valueName":"search_term_string"}}],"inLanguage":"pt-PT"},{"@type":"Person","@id":"https:\/\/portaltela.pt\/#\/schema\/person\/c4278d4a6028830caff9ee44b42d32ed","name":"Telinha","image":{"@type":"ImageObject","inLanguage":"pt-PT","@id":"https:\/\/portaltela.pt\/s.01k8rhncp4jt1\/2025\/11\/talking-bot-125x125.png","url":"https:\/\/portaltela.pt\/s.01k8rhncp4jt1\/2025\/11\/talking-bot-125x125.png","contentUrl":"https:\/\/portaltela.pt\/s.01k8rhncp4jt1\/2025\/11\/talking-bot-125x125.png","caption":"Telinha"},"sameAs":["https:\/\/portaltela.pt\/"],"url":"https:\/\/portaltela.pt\/por\/367410592786\/"}]}},"_links":{"self":[{"href":"https:\/\/portaltela.pt\/api\/wp\/v2\/posts\/459722","targetHints":{"allow":["GET"]}}],"collection":[{"href":"https:\/\/portaltela.pt\/api\/wp\/v2\/posts"}],"about":[{"href":"https:\/\/portaltela.pt\/api\/wp\/v2\/types\/post"}],"author":[{"embeddable":true,"href":"https:\/\/portaltela.pt\/api\/wp\/v2\/users\/2"}],"replies":[{"embeddable":true,"href":"https:\/\/portaltela.pt\/api\/wp\/v2\/comments?post=459722"}],"version-history":[{"count":0,"href":"https:\/\/portaltela.pt\/api\/wp\/v2\/posts\/459722\/revisions"}],"wp:featuredmedia":[{"embeddable":true,"href":"https:\/\/portaltela.pt\/api\/wp\/v2\/media\/459728"}],"wp:attachment":[{"href":"https:\/\/portaltela.pt\/api\/wp\/v2\/media?parent=459722"}],"wp:term":[{"taxonomy":"category","embeddable":true,"href":"https:\/\/portaltela.pt\/api\/wp\/v2\/categories?post=459722"},{"taxonomy":"post_tag","embeddable":true,"href":"https:\/\/portaltela.pt\/api\/wp\/v2\/tags?post=459722"}],"curies":[{"name":"wp","href":"https:\/\/api.w.org\/{rel}","templated":true}]}}