{"id":459719,"date":"2026-04-28T10:03:09","date_gmt":"2026-04-28T13:03:09","guid":{"rendered":"https:\/\/portaltela.pt\/noticias\/2026\/04\/28\/fifa-pondera-mudar-regras-de-suspensao-por-cartoes-amarelos-no-mundial-2026\/"},"modified":"2026-04-28T10:03:09","modified_gmt":"2026-04-28T13:03:09","slug":"fifa-pondera-mudar-regras-de-suspensao-por-cartoes-amarelos-no-mundial-2026","status":"publish","type":"post","link":"https:\/\/portaltela.pt\/desporto\/futebol\/2026\/04\/28\/fifa-pondera-mudar-regras-de-suspensao-por-cartoes-amarelos-no-mundial-2026\/","title":{"rendered":"FIFA pondera mudar regras de suspens\u00e3o por cart\u00f5es amarelos no Mundial 2026"},"content":{"rendered":"<p>A FIFA vai discutir hoje a introdu\u00e7\u00e3o de uma segunda fase de amnistia para cart\u00f5es amarelos no Mundial de 2026. A reuni\u00e3o decorre nesta ter\u00e7a-feira, com a imprensa a acompanhar o tema que poder\u00e1 alterar o regime de suspens\u00e3o.<\/p>\n<p>Segundo uma fonte da FIFA junto da ag\u00eancia Lusa, a proposta prev\u00ea eliminar todos os cart\u00f5es amarelos no final da fase de grupos e tamb\u00e9m ap\u00f3s os quartos de final. Mant\u00e9m-se o limiar de duas advert\u00eancias para suspens\u00f5es, por\u00e9m com altera\u00e7\u00f5es.<\/p>\n<p>A ideia surge por causa da expans\u00e3o do torneio para 48 sele\u00e7\u00f5es, o que implica mais jogos e, por consequ\u00eancia, maior probabilidade de cart\u00f5es. O alargamento aumenta o n\u00famero de jogos entre as fases a considerar para as suspens\u00f5es.<\/p>\n<h3>Detalhes da proposta<\/h3>\n<ul>\n<li>O regime proposto permitiria apenas duas ocasi\u00f5es de suspens\u00e3o por jogo: quando um jogador receber dois amarelos em dois jogos da fase de grupos, ou dois amarelos em dois jogos entre os 32 avos e os quartos.<\/li>\n<li>A medida visa reduzir impactos de suspens\u00f5es em fases decisivas, mantendo o equil\u00edbrio competitivo sem eliminar completamente as advert\u00eancias.<\/li>\n<li>A decis\u00e3o final depende de consenso entre as federa\u00e7\u00f5es, com poss\u00edveis revis\u00f5es antes do in\u00edcio do Mundial.<\/li>\n<\/ul>\n","protected":false},"excerpt":{"rendered":"<ul>\n<li>A FIFA quer introduzir uma segunda fase de amnistia, eliminando todos os cart\u00f5es amarelos no final da fase de grupos e ap\u00f3s os quartos de final.<\/li>\n<li>As duas advert\u00eancias continuam a ser o limiar de suspens\u00e3o, mas a altera\u00e7\u00e3o reduz o n\u00famero de ocasi\u00f5es em que pode haver uma suspens\u00e3o de um jogo.<\/li>\n<li>Ser\u00e1 poss\u00edvel ficar suspenso apenas se houver dois cart\u00f5es amarelos em dois dos tr\u00eas jogos do grupo, ou dois amarelos em dois jogos entre os 32 avos e os quartos de final.<\/li>\n<li>O alargamento do Mundial para 48 equipas, em vez de 32, implica mais uma ronda e aumenta assim a probabilidade de suspens\u00f5es.<\/li>\n<li>A proposta foi apresentada \u00e0 Lusa pela FIFA, com discuss\u00e3o marcada para esta ter\u00e7a-feira.<\/li>\n<\/ul>\n","protected":false},"author":2,"featured_media":459726,"comment_status":"closed","ping_status":"closed","sticky":false,"template":"","format":"standard","meta":{"footnotes":""},"categories":[21,24],"tags":[6367,5684,32,3338,2057,3212],"class_list":["post-459719","post","type-post","status-publish","format-standard","has-post-thumbnail","hentry","category-desporto","category-futebol","tag-copa2026","tag-cartoes-amarelos","tag-futebol","tag-futebol-internacional","tag-selecao-nacional","tag-selecoes-internacionais"],"yoast_head":"<!-- This site is optimized with the Yoast SEO plugin v27.2 - https:\/\/yoast.com\/product\/yoast-seo-wordpress\/ -->\n<title>FIFA pondera mudar regras de suspens\u00e3o por cart\u00f5es amarelos no Mundial 2026 - Portal Tela Portugal<\/title>\n<meta name=\"robots\" content=\"index, follow, max-snippet:-1, max-image-preview:large, max-video-preview:-1\" \/>\n<meta property=\"og:locale\" content=\"pt_PT\" \/>\n<meta property=\"og:type\" content=\"article\" \/>\n<meta property=\"og:title\" content=\"FIFA pondera mudar regras de suspens\u00e3o por cart\u00f5es amarelos no Mundial 2026 - Portal Tela Portugal\" \/>\n<meta property=\"og:description\" content=\"A FIFA quer introduzir uma segunda fase de amnistia, eliminando todos os cart\u00f5es amarelos no final da fase de grupos e ap\u00f3s os quartos de final. As duas advert\u00eancias continuam a ser o limiar de suspens\u00e3o, mas a altera\u00e7\u00e3o reduz o n\u00famero de ocasi\u00f5es em que pode haver uma suspens\u00e3o de um jogo. Ser\u00e1 poss\u00edvel ficar suspenso apenas se houver dois cart\u00f5es amarelos em dois dos tr\u00eas jogos do grupo, ou dois amarelos em dois jogos entre os 32 avos e os quartos de final. O alargamento do Mundial para 48 equipas, em vez de 32, implica mais uma ronda e aumenta assim a probabilidade de suspens\u00f5es. A proposta foi apresentada \u00e0 Lusa pela FIFA, com discuss\u00e3o marcada para esta ter\u00e7a-feira.\" \/>\n<meta property=\"og:url\" content=\"https:\/\/portaltela.pt\/noticias\/2026\/04\/28\/fifa-pondera-mudar-regras-de-suspensao-por-cartoes-amarelos-no-mundial-2026\/\" \/>\n<meta property=\"og:site_name\" content=\"Portal Tela Portugal\" \/>\n<meta property=\"article:published_time\" content=\"2026-04-28T13:03:09+00:00\" \/>\n<meta name=\"author\" content=\"Telinha\" \/>\n<meta name=\"twitter:card\" content=\"summary_large_image\" \/>\n<meta name=\"twitter:label1\" content=\"Escrito por\" \/>\n\t<meta name=\"twitter:data1\" content=\"Telinha\" \/>\n\t<meta name=\"twitter:label2\" content=\"Tempo estimado de leitura\" \/>\n\t<meta name=\"twitter:data2\" content=\"1 minuto\" \/>\n<script type=\"application\/ld+json\" class=\"yoast-schema-graph\">{\"@context\":\"https:\/\/schema.org\",\"@graph\":[{\"@type\":\"Article\",\"@id\":\"https:\/\/portaltela.pt\/noticias\/2026\/04\/28\/fifa-pondera-mudar-regras-de-suspensao-por-cartoes-amarelos-no-mundial-2026\/#article\",\"isPartOf\":{\"@id\":\"https:\/\/portaltela.pt\/noticias\/2026\/04\/28\/fifa-pondera-mudar-regras-de-suspensao-por-cartoes-amarelos-no-mundial-2026\/\"},\"author\":{\"name\":\"Telinha\",\"@id\":\"https:\/\/portaltela.pt\/#\/schema\/person\/c4278d4a6028830caff9ee44b42d32ed\"},\"headline\":\"FIFA pondera mudar regras de suspens\u00e3o por cart\u00f5es amarelos no Mundial 2026\",\"datePublished\":\"2026-04-28T13:03:09+00:00\",\"mainEntityOfPage\":{\"@id\":\"https:\/\/portaltela.pt\/noticias\/2026\/04\/28\/fifa-pondera-mudar-regras-de-suspensao-por-cartoes-amarelos-no-mundial-2026\/\"},\"wordCount\":235,\"image\":{\"@id\":\"https:\/\/portaltela.pt\/noticias\/2026\/04\/28\/fifa-pondera-mudar-regras-de-suspensao-por-cartoes-amarelos-no-mundial-2026\/#primaryimage\"},\"thumbnailUrl\":\"https:\/\/portaltela.pt\/s.01k8rhncp4jt1\/2026\/04\/img_920x518uu2026-04-28-13-46-33-2435718.jpg\",\"keywords\":[\"#copa2026\",\"Cart\u00f5es amarelos\",\"futebol\",\"futebol internacional\",\"Sele\u00e7\u00e3o Nacional\",\"sele\u00e7\u00f5es internacionais\"],\"articleSection\":[\"Desporto\",\"Futebol\"],\"inLanguage\":\"pt-PT\"},{\"@type\":\"WebPage\",\"@id\":\"https:\/\/portaltela.pt\/noticias\/2026\/04\/28\/fifa-pondera-mudar-regras-de-suspensao-por-cartoes-amarelos-no-mundial-2026\/\",\"url\":\"https:\/\/portaltela.pt\/noticias\/2026\/04\/28\/fifa-pondera-mudar-regras-de-suspensao-por-cartoes-amarelos-no-mundial-2026\/\",\"name\":\"FIFA pondera mudar regras de suspens\u00e3o por cart\u00f5es amarelos no Mundial 2026 - Portal Tela Portugal\",\"isPartOf\":{\"@id\":\"https:\/\/portaltela.pt\/#website\"},\"primaryImageOfPage\":{\"@id\":\"https:\/\/portaltela.pt\/noticias\/2026\/04\/28\/fifa-pondera-mudar-regras-de-suspensao-por-cartoes-amarelos-no-mundial-2026\/#primaryimage\"},\"image\":{\"@id\":\"https:\/\/portaltela.pt\/noticias\/2026\/04\/28\/fifa-pondera-mudar-regras-de-suspensao-por-cartoes-amarelos-no-mundial-2026\/#primaryimage\"},\"thumbnailUrl\":\"https:\/\/portaltela.pt\/s.01k8rhncp4jt1\/2026\/04\/img_920x518uu2026-04-28-13-46-33-2435718.jpg\",\"datePublished\":\"2026-04-28T13:03:09+00:00\",\"author\":{\"@id\":\"https:\/\/portaltela.pt\/#\/schema\/person\/c4278d4a6028830caff9ee44b42d32ed\"},\"breadcrumb\":{\"@id\":\"https:\/\/portaltela.pt\/noticias\/2026\/04\/28\/fifa-pondera-mudar-regras-de-suspensao-por-cartoes-amarelos-no-mundial-2026\/#breadcrumb\"},\"inLanguage\":\"pt-PT\",\"potentialAction\":[{\"@type\":\"ReadAction\",\"target\":[\"https:\/\/portaltela.pt\/noticias\/2026\/04\/28\/fifa-pondera-mudar-regras-de-suspensao-por-cartoes-amarelos-no-mundial-2026\/\"]}]},{\"@type\":\"ImageObject\",\"inLanguage\":\"pt-PT\",\"@id\":\"https:\/\/portaltela.pt\/noticias\/2026\/04\/28\/fifa-pondera-mudar-regras-de-suspensao-por-cartoes-amarelos-no-mundial-2026\/#primaryimage\",\"url\":\"https:\/\/portaltela.pt\/s.01k8rhncp4jt1\/2026\/04\/img_920x518uu2026-04-28-13-46-33-2435718.jpg\",\"contentUrl\":\"https:\/\/portaltela.pt\/s.01k8rhncp4jt1\/2026\/04\/img_920x518uu2026-04-28-13-46-33-2435718.jpg\",\"width\":796,\"height\":448,\"caption\":\"\u00c1rbitro mostra amarelo\"},{\"@type\":\"BreadcrumbList\",\"@id\":\"https:\/\/portaltela.pt\/noticias\/2026\/04\/28\/fifa-pondera-mudar-regras-de-suspensao-por-cartoes-amarelos-no-mundial-2026\/#breadcrumb\",\"itemListElement\":[{\"@type\":\"ListItem\",\"position\":1,\"name\":\"In\u00edcio\",\"item\":\"https:\/\/portaltela.pt\/\"},{\"@type\":\"ListItem\",\"position\":2,\"name\":\"FIFA pondera mudar regras de suspens\u00e3o por cart\u00f5es amarelos no Mundial 2026\"}]},{\"@type\":\"WebSite\",\"@id\":\"https:\/\/portaltela.pt\/#website\",\"url\":\"https:\/\/portaltela.pt\/\",\"name\":\"Portal Tela Portugal\",\"description\":\"\",\"potentialAction\":[{\"@type\":\"SearchAction\",\"target\":{\"@type\":\"EntryPoint\",\"urlTemplate\":\"https:\/\/portaltela.pt\/?s={search_term_string}\"},\"query-input\":{\"@type\":\"PropertyValueSpecification\",\"valueRequired\":true,\"valueName\":\"search_term_string\"}}],\"inLanguage\":\"pt-PT\"},{\"@type\":\"Person\",\"@id\":\"https:\/\/portaltela.pt\/#\/schema\/person\/c4278d4a6028830caff9ee44b42d32ed\",\"name\":\"Telinha\",\"image\":{\"@type\":\"ImageObject\",\"inLanguage\":\"pt-PT\",\"@id\":\"https:\/\/portaltela.pt\/s.01k8rhncp4jt1\/2025\/11\/talking-bot-125x125.png\",\"url\":\"https:\/\/portaltela.pt\/s.01k8rhncp4jt1\/2025\/11\/talking-bot-125x125.png\",\"contentUrl\":\"https:\/\/portaltela.pt\/s.01k8rhncp4jt1\/2025\/11\/talking-bot-125x125.png\",\"caption\":\"Telinha\"},\"sameAs\":[\"https:\/\/portaltela.pt\/\"],\"url\":\"https:\/\/portaltela.pt\/por\/367410592786\/\"}]}<\/script>\n<!-- \/ Yoast SEO plugin. -->","yoast_head_json":{"title":"FIFA pondera mudar regras de suspens\u00e3o por cart\u00f5es amarelos no Mundial 2026 - Portal Tela Portugal","robots":{"index":"index","follow":"follow","max-snippet":"max-snippet:-1","max-image-preview":"max-image-preview:large","max-video-preview":"max-video-preview:-1"},"og_locale":"pt_PT","og_type":"article","og_title":"FIFA pondera mudar regras de suspens\u00e3o por cart\u00f5es amarelos no Mundial 2026 - Portal Tela Portugal","og_description":"A FIFA quer introduzir uma segunda fase de amnistia, eliminando todos os cart\u00f5es amarelos no final da fase de grupos e ap\u00f3s os quartos de final. As duas advert\u00eancias continuam a ser o limiar de suspens\u00e3o, mas a altera\u00e7\u00e3o reduz o n\u00famero de ocasi\u00f5es em que pode haver uma suspens\u00e3o de um jogo. Ser\u00e1 poss\u00edvel ficar suspenso apenas se houver dois cart\u00f5es amarelos em dois dos tr\u00eas jogos do grupo, ou dois amarelos em dois jogos entre os 32 avos e os quartos de final. O alargamento do Mundial para 48 equipas, em vez de 32, implica mais uma ronda e aumenta assim a probabilidade de suspens\u00f5es. A proposta foi apresentada \u00e0 Lusa pela FIFA, com discuss\u00e3o marcada para esta ter\u00e7a-feira.","og_url":"https:\/\/portaltela.pt\/noticias\/2026\/04\/28\/fifa-pondera-mudar-regras-de-suspensao-por-cartoes-amarelos-no-mundial-2026\/","og_site_name":"Portal Tela Portugal","article_published_time":"2026-04-28T13:03:09+00:00","author":"Telinha","twitter_card":"summary_large_image","twitter_misc":{"Escrito por":"Telinha","Tempo estimado de leitura":"1 minuto"},"schema":{"@context":"https:\/\/schema.org","@graph":[{"@type":"Article","@id":"https:\/\/portaltela.pt\/noticias\/2026\/04\/28\/fifa-pondera-mudar-regras-de-suspensao-por-cartoes-amarelos-no-mundial-2026\/#article","isPartOf":{"@id":"https:\/\/portaltela.pt\/noticias\/2026\/04\/28\/fifa-pondera-mudar-regras-de-suspensao-por-cartoes-amarelos-no-mundial-2026\/"},"author":{"name":"Telinha","@id":"https:\/\/portaltela.pt\/#\/schema\/person\/c4278d4a6028830caff9ee44b42d32ed"},"headline":"FIFA pondera mudar regras de suspens\u00e3o por cart\u00f5es amarelos no Mundial 2026","datePublished":"2026-04-28T13:03:09+00:00","mainEntityOfPage":{"@id":"https:\/\/portaltela.pt\/noticias\/2026\/04\/28\/fifa-pondera-mudar-regras-de-suspensao-por-cartoes-amarelos-no-mundial-2026\/"},"wordCount":235,"image":{"@id":"https:\/\/portaltela.pt\/noticias\/2026\/04\/28\/fifa-pondera-mudar-regras-de-suspensao-por-cartoes-amarelos-no-mundial-2026\/#primaryimage"},"thumbnailUrl":"https:\/\/portaltela.pt\/s.01k8rhncp4jt1\/2026\/04\/img_920x518uu2026-04-28-13-46-33-2435718.jpg","keywords":["#copa2026","Cart\u00f5es amarelos","futebol","futebol internacional","Sele\u00e7\u00e3o Nacional","sele\u00e7\u00f5es internacionais"],"articleSection":["Desporto","Futebol"],"inLanguage":"pt-PT"},{"@type":"WebPage","@id":"https:\/\/portaltela.pt\/noticias\/2026\/04\/28\/fifa-pondera-mudar-regras-de-suspensao-por-cartoes-amarelos-no-mundial-2026\/","url":"https:\/\/portaltela.pt\/noticias\/2026\/04\/28\/fifa-pondera-mudar-regras-de-suspensao-por-cartoes-amarelos-no-mundial-2026\/","name":"FIFA pondera mudar regras de suspens\u00e3o por cart\u00f5es amarelos no Mundial 2026 - Portal Tela Portugal","isPartOf":{"@id":"https:\/\/portaltela.pt\/#website"},"primaryImageOfPage":{"@id":"https:\/\/portaltela.pt\/noticias\/2026\/04\/28\/fifa-pondera-mudar-regras-de-suspensao-por-cartoes-amarelos-no-mundial-2026\/#primaryimage"},"image":{"@id":"https:\/\/portaltela.pt\/noticias\/2026\/04\/28\/fifa-pondera-mudar-regras-de-suspensao-por-cartoes-amarelos-no-mundial-2026\/#primaryimage"},"thumbnailUrl":"https:\/\/portaltela.pt\/s.01k8rhncp4jt1\/2026\/04\/img_920x518uu2026-04-28-13-46-33-2435718.jpg","datePublished":"2026-04-28T13:03:09+00:00","author":{"@id":"https:\/\/portaltela.pt\/#\/schema\/person\/c4278d4a6028830caff9ee44b42d32ed"},"breadcrumb":{"@id":"https:\/\/portaltela.pt\/noticias\/2026\/04\/28\/fifa-pondera-mudar-regras-de-suspensao-por-cartoes-amarelos-no-mundial-2026\/#breadcrumb"},"inLanguage":"pt-PT","potentialAction":[{"@type":"ReadAction","target":["https:\/\/portaltela.pt\/noticias\/2026\/04\/28\/fifa-pondera-mudar-regras-de-suspensao-por-cartoes-amarelos-no-mundial-2026\/"]}]},{"@type":"ImageObject","inLanguage":"pt-PT","@id":"https:\/\/portaltela.pt\/noticias\/2026\/04\/28\/fifa-pondera-mudar-regras-de-suspensao-por-cartoes-amarelos-no-mundial-2026\/#primaryimage","url":"https:\/\/portaltela.pt\/s.01k8rhncp4jt1\/2026\/04\/img_920x518uu2026-04-28-13-46-33-2435718.jpg","contentUrl":"https:\/\/portaltela.pt\/s.01k8rhncp4jt1\/2026\/04\/img_920x518uu2026-04-28-13-46-33-2435718.jpg","width":796,"height":448,"caption":"\u00c1rbitro mostra amarelo"},{"@type":"BreadcrumbList","@id":"https:\/\/portaltela.pt\/noticias\/2026\/04\/28\/fifa-pondera-mudar-regras-de-suspensao-por-cartoes-amarelos-no-mundial-2026\/#breadcrumb","itemListElement":[{"@type":"ListItem","position":1,"name":"In\u00edcio","item":"https:\/\/portaltela.pt\/"},{"@type":"ListItem","position":2,"name":"FIFA pondera mudar regras de suspens\u00e3o por cart\u00f5es amarelos no Mundial 2026"}]},{"@type":"WebSite","@id":"https:\/\/portaltela.pt\/#website","url":"https:\/\/portaltela.pt\/","name":"Portal Tela Portugal","description":"","potentialAction":[{"@type":"SearchAction","target":{"@type":"EntryPoint","urlTemplate":"https:\/\/portaltela.pt\/?s={search_term_string}"},"query-input":{"@type":"PropertyValueSpecification","valueRequired":true,"valueName":"search_term_string"}}],"inLanguage":"pt-PT"},{"@type":"Person","@id":"https:\/\/portaltela.pt\/#\/schema\/person\/c4278d4a6028830caff9ee44b42d32ed","name":"Telinha","image":{"@type":"ImageObject","inLanguage":"pt-PT","@id":"https:\/\/portaltela.pt\/s.01k8rhncp4jt1\/2025\/11\/talking-bot-125x125.png","url":"https:\/\/portaltela.pt\/s.01k8rhncp4jt1\/2025\/11\/talking-bot-125x125.png","contentUrl":"https:\/\/portaltela.pt\/s.01k8rhncp4jt1\/2025\/11\/talking-bot-125x125.png","caption":"Telinha"},"sameAs":["https:\/\/portaltela.pt\/"],"url":"https:\/\/portaltela.pt\/por\/367410592786\/"}]}},"_links":{"self":[{"href":"https:\/\/portaltela.pt\/api\/wp\/v2\/posts\/459719","targetHints":{"allow":["GET"]}}],"collection":[{"href":"https:\/\/portaltela.pt\/api\/wp\/v2\/posts"}],"about":[{"href":"https:\/\/portaltela.pt\/api\/wp\/v2\/types\/post"}],"author":[{"embeddable":true,"href":"https:\/\/portaltela.pt\/api\/wp\/v2\/users\/2"}],"replies":[{"embeddable":true,"href":"https:\/\/portaltela.pt\/api\/wp\/v2\/comments?post=459719"}],"version-history":[{"count":0,"href":"https:\/\/portaltela.pt\/api\/wp\/v2\/posts\/459719\/revisions"}],"wp:featuredmedia":[{"embeddable":true,"href":"https:\/\/portaltela.pt\/api\/wp\/v2\/media\/459726"}],"wp:attachment":[{"href":"https:\/\/portaltela.pt\/api\/wp\/v2\/media?parent=459719"}],"wp:term":[{"taxonomy":"category","embeddable":true,"href":"https:\/\/portaltela.pt\/api\/wp\/v2\/categories?post=459719"},{"taxonomy":"post_tag","embeddable":true,"href":"https:\/\/portaltela.pt\/api\/wp\/v2\/tags?post=459719"}],"curies":[{"name":"wp","href":"https:\/\/api.w.org\/{rel}","templated":true}]}}