{"id":459709,"date":"2026-04-28T09:48:22","date_gmt":"2026-04-28T12:48:22","guid":{"rendered":"https:\/\/portaltela.pt\/noticias\/2026\/04\/28\/patroa-acusada-de-homicidio-solicita-pericia-para-comprovar-crime\/"},"modified":"2026-04-28T09:48:22","modified_gmt":"2026-04-28T12:48:22","slug":"patroa-acusada-de-homicidio-solicita-pericia-para-comprovar-crime","status":"publish","type":"post","link":"https:\/\/portaltela.pt\/justica\/2026\/04\/28\/patroa-acusada-de-homicidio-solicita-pericia-para-comprovar-crime\/","title":{"rendered":"Patroa acusada de homic\u00eddio solicita per\u00edcia para comprovar crime"},"content":{"rendered":"<p>Ilderlane, acusada de homic\u00eddio, pediu uma per\u00edcia psiqui\u00e1trica para fundamentar a defesa em sede de tribunal. A defesa aponta a possibilidade de doen\u00e7a mental como factor a considerar. Alega sofrer de s\u00edndrome delirante, visando a tese de inimputabilidade.<\/p>\n<p>Segundo fonte judicial, a avalia\u00e7\u00e3o dever\u00e1 ser efetuada por profissionais da \u00e1rea de psiquiatria. O objetivo \u00e9 determinar se existe incapacidade de entendimento ou de autodetermina\u00e7\u00e3o no momento do crime.<\/p>\n<p>O pedido foi apresentado no \u00e2mbito do processo em curso, com data e comarca n\u00e3o detalhadas publicamente. A defesa sustenta que a per\u00edcia \u00e9 indispens\u00e1vel para a aprecia\u00e7\u00e3o adequada do caso.<\/p>\n","protected":false},"excerpt":{"rendered":"<ul>\n<li>Ilderlane vai ser ouvida por psiquiatras em avalia\u00e7\u00e3o cl\u00ednica para o caso.<\/li>\n<li>A suspeita \u00e9 de que possa sofrer de s\u00edndrome delirante.<\/li>\n<li>O objetivo da per\u00edcia \u00e9 fundamentar a tese de inimputabilidade.<\/li>\n<li>A per\u00edcia. visa determinar se a pessoa tinha capacidade de entendimento e determina\u00e7\u00e3o no momento do crime.<\/li>\n<li>O processo envolve uma acusa\u00e7\u00e3o de homic\u00eddio e segue no sistema jur\u00eddico.<\/li>\n<\/ul>\n","protected":false},"author":2,"featured_media":459715,"comment_status":"closed","ping_status":"closed","sticky":false,"template":"","format":"standard","meta":{"footnotes":""},"categories":[7374,6815],"tags":[8075,803,3813,2249,1404,55],"class_list":["post-459709","post","type-post","status-publish","format-standard","has-post-thumbnail","hentry","category-criminalidade","category-justica","tag-_homicidio","tag-justica","tag-pericias","tag-psicologia","tag-psiquiatria","tag-saude-mental"],"yoast_head":"<!-- This site is optimized with the Yoast SEO plugin v27.2 - https:\/\/yoast.com\/product\/yoast-seo-wordpress\/ -->\n<title>Patroa acusada de homic\u00eddio solicita per\u00edcia para comprovar crime - Portal Tela Portugal<\/title>\n<meta name=\"robots\" content=\"index, follow, max-snippet:-1, max-image-preview:large, max-video-preview:-1\" \/>\n<meta property=\"og:locale\" content=\"pt_PT\" \/>\n<meta property=\"og:type\" content=\"article\" \/>\n<meta property=\"og:title\" content=\"Patroa acusada de homic\u00eddio solicita per\u00edcia para comprovar crime - Portal Tela Portugal\" \/>\n<meta property=\"og:description\" content=\"Ilderlane vai ser ouvida por psiquiatras em avalia\u00e7\u00e3o cl\u00ednica para o caso. A suspeita \u00e9 de que possa sofrer de s\u00edndrome delirante. O objetivo da per\u00edcia \u00e9 fundamentar a tese de inimputabilidade. A per\u00edcia. visa determinar se a pessoa tinha capacidade de entendimento e determina\u00e7\u00e3o no momento do crime. O processo envolve uma acusa\u00e7\u00e3o de homic\u00eddio e segue no sistema jur\u00eddico.\" \/>\n<meta property=\"og:url\" content=\"https:\/\/portaltela.pt\/noticias\/2026\/04\/28\/patroa-acusada-de-homicidio-solicita-pericia-para-comprovar-crime\/\" \/>\n<meta property=\"og:site_name\" content=\"Portal Tela Portugal\" \/>\n<meta property=\"article:published_time\" content=\"2026-04-28T12:48:22+00:00\" \/>\n<meta name=\"author\" content=\"Telinha\" \/>\n<meta name=\"twitter:card\" content=\"summary_large_image\" \/>\n<meta name=\"twitter:label1\" content=\"Escrito por\" \/>\n\t<meta name=\"twitter:data1\" content=\"Telinha\" \/>\n\t<meta name=\"twitter:label2\" content=\"Tempo estimado de leitura\" \/>\n\t<meta name=\"twitter:data2\" content=\"1 minuto\" \/>\n<script type=\"application\/ld+json\" class=\"yoast-schema-graph\">{\"@context\":\"https:\/\/schema.org\",\"@graph\":[{\"@type\":\"Article\",\"@id\":\"https:\/\/portaltela.pt\/noticias\/2026\/04\/28\/patroa-acusada-de-homicidio-solicita-pericia-para-comprovar-crime\/#article\",\"isPartOf\":{\"@id\":\"https:\/\/portaltela.pt\/noticias\/2026\/04\/28\/patroa-acusada-de-homicidio-solicita-pericia-para-comprovar-crime\/\"},\"author\":{\"name\":\"Telinha\",\"@id\":\"https:\/\/portaltela.pt\/#\/schema\/person\/c4278d4a6028830caff9ee44b42d32ed\"},\"headline\":\"Patroa acusada de homic\u00eddio solicita per\u00edcia para comprovar crime\",\"datePublished\":\"2026-04-28T12:48:22+00:00\",\"mainEntityOfPage\":{\"@id\":\"https:\/\/portaltela.pt\/noticias\/2026\/04\/28\/patroa-acusada-de-homicidio-solicita-pericia-para-comprovar-crime\/\"},\"wordCount\":119,\"image\":{\"@id\":\"https:\/\/portaltela.pt\/noticias\/2026\/04\/28\/patroa-acusada-de-homicidio-solicita-pericia-para-comprovar-crime\/#primaryimage\"},\"thumbnailUrl\":\"https:\/\/portaltela.pt\/s.01k8rhncp4jt1\/2026\/04\/img_1280x722uu2026-04-27-19-45-41-2281442.jpg\",\"keywords\":[\"_homic\u00eddio\",\"justi\u00e7a\",\"per\u00edcias\",\"psicologia\",\"Psiquiatria\",\"sa\u00fade mental\"],\"articleSection\":[\"Criminalidade\",\"Justi\u00e7a\"],\"inLanguage\":\"pt-PT\"},{\"@type\":\"WebPage\",\"@id\":\"https:\/\/portaltela.pt\/noticias\/2026\/04\/28\/patroa-acusada-de-homicidio-solicita-pericia-para-comprovar-crime\/\",\"url\":\"https:\/\/portaltela.pt\/noticias\/2026\/04\/28\/patroa-acusada-de-homicidio-solicita-pericia-para-comprovar-crime\/\",\"name\":\"Patroa acusada de homic\u00eddio solicita per\u00edcia para comprovar crime - Portal Tela Portugal\",\"isPartOf\":{\"@id\":\"https:\/\/portaltela.pt\/#website\"},\"primaryImageOfPage\":{\"@id\":\"https:\/\/portaltela.pt\/noticias\/2026\/04\/28\/patroa-acusada-de-homicidio-solicita-pericia-para-comprovar-crime\/#primaryimage\"},\"image\":{\"@id\":\"https:\/\/portaltela.pt\/noticias\/2026\/04\/28\/patroa-acusada-de-homicidio-solicita-pericia-para-comprovar-crime\/#primaryimage\"},\"thumbnailUrl\":\"https:\/\/portaltela.pt\/s.01k8rhncp4jt1\/2026\/04\/img_1280x722uu2026-04-27-19-45-41-2281442.jpg\",\"datePublished\":\"2026-04-28T12:48:22+00:00\",\"author\":{\"@id\":\"https:\/\/portaltela.pt\/#\/schema\/person\/c4278d4a6028830caff9ee44b42d32ed\"},\"breadcrumb\":{\"@id\":\"https:\/\/portaltela.pt\/noticias\/2026\/04\/28\/patroa-acusada-de-homicidio-solicita-pericia-para-comprovar-crime\/#breadcrumb\"},\"inLanguage\":\"pt-PT\",\"potentialAction\":[{\"@type\":\"ReadAction\",\"target\":[\"https:\/\/portaltela.pt\/noticias\/2026\/04\/28\/patroa-acusada-de-homicidio-solicita-pericia-para-comprovar-crime\/\"]}]},{\"@type\":\"ImageObject\",\"inLanguage\":\"pt-PT\",\"@id\":\"https:\/\/portaltela.pt\/noticias\/2026\/04\/28\/patroa-acusada-de-homicidio-solicita-pericia-para-comprovar-crime\/#primaryimage\",\"url\":\"https:\/\/portaltela.pt\/s.01k8rhncp4jt1\/2026\/04\/img_1280x722uu2026-04-27-19-45-41-2281442.jpg\",\"contentUrl\":\"https:\/\/portaltela.pt\/s.01k8rhncp4jt1\/2026\/04\/img_1280x722uu2026-04-27-19-45-41-2281442.jpg\",\"width\":1280,\"height\":722,\"caption\":\"Photo\"},{\"@type\":\"BreadcrumbList\",\"@id\":\"https:\/\/portaltela.pt\/noticias\/2026\/04\/28\/patroa-acusada-de-homicidio-solicita-pericia-para-comprovar-crime\/#breadcrumb\",\"itemListElement\":[{\"@type\":\"ListItem\",\"position\":1,\"name\":\"In\u00edcio\",\"item\":\"https:\/\/portaltela.pt\/\"},{\"@type\":\"ListItem\",\"position\":2,\"name\":\"Patroa acusada de homic\u00eddio solicita per\u00edcia para comprovar crime\"}]},{\"@type\":\"WebSite\",\"@id\":\"https:\/\/portaltela.pt\/#website\",\"url\":\"https:\/\/portaltela.pt\/\",\"name\":\"Portal Tela Portugal\",\"description\":\"\",\"potentialAction\":[{\"@type\":\"SearchAction\",\"target\":{\"@type\":\"EntryPoint\",\"urlTemplate\":\"https:\/\/portaltela.pt\/?s={search_term_string}\"},\"query-input\":{\"@type\":\"PropertyValueSpecification\",\"valueRequired\":true,\"valueName\":\"search_term_string\"}}],\"inLanguage\":\"pt-PT\"},{\"@type\":\"Person\",\"@id\":\"https:\/\/portaltela.pt\/#\/schema\/person\/c4278d4a6028830caff9ee44b42d32ed\",\"name\":\"Telinha\",\"image\":{\"@type\":\"ImageObject\",\"inLanguage\":\"pt-PT\",\"@id\":\"https:\/\/portaltela.pt\/s.01k8rhncp4jt1\/2025\/11\/talking-bot-125x125.png\",\"url\":\"https:\/\/portaltela.pt\/s.01k8rhncp4jt1\/2025\/11\/talking-bot-125x125.png\",\"contentUrl\":\"https:\/\/portaltela.pt\/s.01k8rhncp4jt1\/2025\/11\/talking-bot-125x125.png\",\"caption\":\"Telinha\"},\"sameAs\":[\"https:\/\/portaltela.pt\/\"],\"url\":\"https:\/\/portaltela.pt\/por\/367410592786\/\"}]}<\/script>\n<!-- \/ Yoast SEO plugin. -->","yoast_head_json":{"title":"Patroa acusada de homic\u00eddio solicita per\u00edcia para comprovar crime - Portal Tela Portugal","robots":{"index":"index","follow":"follow","max-snippet":"max-snippet:-1","max-image-preview":"max-image-preview:large","max-video-preview":"max-video-preview:-1"},"og_locale":"pt_PT","og_type":"article","og_title":"Patroa acusada de homic\u00eddio solicita per\u00edcia para comprovar crime - Portal Tela Portugal","og_description":"Ilderlane vai ser ouvida por psiquiatras em avalia\u00e7\u00e3o cl\u00ednica para o caso. A suspeita \u00e9 de que possa sofrer de s\u00edndrome delirante. O objetivo da per\u00edcia \u00e9 fundamentar a tese de inimputabilidade. A per\u00edcia. visa determinar se a pessoa tinha capacidade de entendimento e determina\u00e7\u00e3o no momento do crime. O processo envolve uma acusa\u00e7\u00e3o de homic\u00eddio e segue no sistema jur\u00eddico.","og_url":"https:\/\/portaltela.pt\/noticias\/2026\/04\/28\/patroa-acusada-de-homicidio-solicita-pericia-para-comprovar-crime\/","og_site_name":"Portal Tela Portugal","article_published_time":"2026-04-28T12:48:22+00:00","author":"Telinha","twitter_card":"summary_large_image","twitter_misc":{"Escrito por":"Telinha","Tempo estimado de leitura":"1 minuto"},"schema":{"@context":"https:\/\/schema.org","@graph":[{"@type":"Article","@id":"https:\/\/portaltela.pt\/noticias\/2026\/04\/28\/patroa-acusada-de-homicidio-solicita-pericia-para-comprovar-crime\/#article","isPartOf":{"@id":"https:\/\/portaltela.pt\/noticias\/2026\/04\/28\/patroa-acusada-de-homicidio-solicita-pericia-para-comprovar-crime\/"},"author":{"name":"Telinha","@id":"https:\/\/portaltela.pt\/#\/schema\/person\/c4278d4a6028830caff9ee44b42d32ed"},"headline":"Patroa acusada de homic\u00eddio solicita per\u00edcia para comprovar crime","datePublished":"2026-04-28T12:48:22+00:00","mainEntityOfPage":{"@id":"https:\/\/portaltela.pt\/noticias\/2026\/04\/28\/patroa-acusada-de-homicidio-solicita-pericia-para-comprovar-crime\/"},"wordCount":119,"image":{"@id":"https:\/\/portaltela.pt\/noticias\/2026\/04\/28\/patroa-acusada-de-homicidio-solicita-pericia-para-comprovar-crime\/#primaryimage"},"thumbnailUrl":"https:\/\/portaltela.pt\/s.01k8rhncp4jt1\/2026\/04\/img_1280x722uu2026-04-27-19-45-41-2281442.jpg","keywords":["_homic\u00eddio","justi\u00e7a","per\u00edcias","psicologia","Psiquiatria","sa\u00fade mental"],"articleSection":["Criminalidade","Justi\u00e7a"],"inLanguage":"pt-PT"},{"@type":"WebPage","@id":"https:\/\/portaltela.pt\/noticias\/2026\/04\/28\/patroa-acusada-de-homicidio-solicita-pericia-para-comprovar-crime\/","url":"https:\/\/portaltela.pt\/noticias\/2026\/04\/28\/patroa-acusada-de-homicidio-solicita-pericia-para-comprovar-crime\/","name":"Patroa acusada de homic\u00eddio solicita per\u00edcia para comprovar crime - Portal Tela Portugal","isPartOf":{"@id":"https:\/\/portaltela.pt\/#website"},"primaryImageOfPage":{"@id":"https:\/\/portaltela.pt\/noticias\/2026\/04\/28\/patroa-acusada-de-homicidio-solicita-pericia-para-comprovar-crime\/#primaryimage"},"image":{"@id":"https:\/\/portaltela.pt\/noticias\/2026\/04\/28\/patroa-acusada-de-homicidio-solicita-pericia-para-comprovar-crime\/#primaryimage"},"thumbnailUrl":"https:\/\/portaltela.pt\/s.01k8rhncp4jt1\/2026\/04\/img_1280x722uu2026-04-27-19-45-41-2281442.jpg","datePublished":"2026-04-28T12:48:22+00:00","author":{"@id":"https:\/\/portaltela.pt\/#\/schema\/person\/c4278d4a6028830caff9ee44b42d32ed"},"breadcrumb":{"@id":"https:\/\/portaltela.pt\/noticias\/2026\/04\/28\/patroa-acusada-de-homicidio-solicita-pericia-para-comprovar-crime\/#breadcrumb"},"inLanguage":"pt-PT","potentialAction":[{"@type":"ReadAction","target":["https:\/\/portaltela.pt\/noticias\/2026\/04\/28\/patroa-acusada-de-homicidio-solicita-pericia-para-comprovar-crime\/"]}]},{"@type":"ImageObject","inLanguage":"pt-PT","@id":"https:\/\/portaltela.pt\/noticias\/2026\/04\/28\/patroa-acusada-de-homicidio-solicita-pericia-para-comprovar-crime\/#primaryimage","url":"https:\/\/portaltela.pt\/s.01k8rhncp4jt1\/2026\/04\/img_1280x722uu2026-04-27-19-45-41-2281442.jpg","contentUrl":"https:\/\/portaltela.pt\/s.01k8rhncp4jt1\/2026\/04\/img_1280x722uu2026-04-27-19-45-41-2281442.jpg","width":1280,"height":722,"caption":"Photo"},{"@type":"BreadcrumbList","@id":"https:\/\/portaltela.pt\/noticias\/2026\/04\/28\/patroa-acusada-de-homicidio-solicita-pericia-para-comprovar-crime\/#breadcrumb","itemListElement":[{"@type":"ListItem","position":1,"name":"In\u00edcio","item":"https:\/\/portaltela.pt\/"},{"@type":"ListItem","position":2,"name":"Patroa acusada de homic\u00eddio solicita per\u00edcia para comprovar crime"}]},{"@type":"WebSite","@id":"https:\/\/portaltela.pt\/#website","url":"https:\/\/portaltela.pt\/","name":"Portal Tela Portugal","description":"","potentialAction":[{"@type":"SearchAction","target":{"@type":"EntryPoint","urlTemplate":"https:\/\/portaltela.pt\/?s={search_term_string}"},"query-input":{"@type":"PropertyValueSpecification","valueRequired":true,"valueName":"search_term_string"}}],"inLanguage":"pt-PT"},{"@type":"Person","@id":"https:\/\/portaltela.pt\/#\/schema\/person\/c4278d4a6028830caff9ee44b42d32ed","name":"Telinha","image":{"@type":"ImageObject","inLanguage":"pt-PT","@id":"https:\/\/portaltela.pt\/s.01k8rhncp4jt1\/2025\/11\/talking-bot-125x125.png","url":"https:\/\/portaltela.pt\/s.01k8rhncp4jt1\/2025\/11\/talking-bot-125x125.png","contentUrl":"https:\/\/portaltela.pt\/s.01k8rhncp4jt1\/2025\/11\/talking-bot-125x125.png","caption":"Telinha"},"sameAs":["https:\/\/portaltela.pt\/"],"url":"https:\/\/portaltela.pt\/por\/367410592786\/"}]}},"_links":{"self":[{"href":"https:\/\/portaltela.pt\/api\/wp\/v2\/posts\/459709","targetHints":{"allow":["GET"]}}],"collection":[{"href":"https:\/\/portaltela.pt\/api\/wp\/v2\/posts"}],"about":[{"href":"https:\/\/portaltela.pt\/api\/wp\/v2\/types\/post"}],"author":[{"embeddable":true,"href":"https:\/\/portaltela.pt\/api\/wp\/v2\/users\/2"}],"replies":[{"embeddable":true,"href":"https:\/\/portaltela.pt\/api\/wp\/v2\/comments?post=459709"}],"version-history":[{"count":0,"href":"https:\/\/portaltela.pt\/api\/wp\/v2\/posts\/459709\/revisions"}],"wp:featuredmedia":[{"embeddable":true,"href":"https:\/\/portaltela.pt\/api\/wp\/v2\/media\/459715"}],"wp:attachment":[{"href":"https:\/\/portaltela.pt\/api\/wp\/v2\/media?parent=459709"}],"wp:term":[{"taxonomy":"category","embeddable":true,"href":"https:\/\/portaltela.pt\/api\/wp\/v2\/categories?post=459709"},{"taxonomy":"post_tag","embeddable":true,"href":"https:\/\/portaltela.pt\/api\/wp\/v2\/tags?post=459709"}],"curies":[{"name":"wp","href":"https:\/\/api.w.org\/{rel}","templated":true}]}}