{"id":459704,"date":"2026-04-28T09:48:15","date_gmt":"2026-04-28T12:48:15","guid":{"rendered":"https:\/\/portaltela.pt\/noticias\/2026\/04\/28\/john-stones-junta-se-a-bernardo-silva-e-deixa-o-manchester-city-no-fim-da-epoca\/"},"modified":"2026-04-28T09:48:15","modified_gmt":"2026-04-28T12:48:15","slug":"john-stones-junta-se-a-bernardo-silva-e-deixa-o-manchester-city-no-fim-da-epoca","status":"publish","type":"post","link":"https:\/\/portaltela.pt\/desporto\/futebol\/2026\/04\/28\/john-stones-junta-se-a-bernardo-silva-e-deixa-o-manchester-city-no-fim-da-epoca\/","title":{"rendered":"John Stones junta-se a Bernardo Silva e deixa o Manchester City no fim da \u00e9poca"},"content":{"rendered":"<p>O Manchester City confirmou hoje que John Stones vai deixar o clube no final da presente \u00e9poca. O defesa central junta-se a Bernardo Silva, que j\u00e1 tinha anunciado a sa\u00edda no ver\u00e3o. A confirma\u00e7\u00e3o foi feita pela equipa de Manchester numa comunica\u00e7\u00e3o oficial.<\/p>\n<p>Stones chegou ao City em 2016, proveniente do Everton, por 55,6 milh\u00f5es de euros. Contabiliza 293 epis\u00f3dios pelo clube, com 19 golos e 9 assist\u00eancias, al\u00e9m de ter conquistado 19 trof\u00e9us, entre eles seis t\u00edtulos da Premier League, a Liga dos Campe\u00f5es da UEFA e varias ta\u00e7as nacionais.<\/p>\n<h3>Sa\u00edda de Stones e Bernardo Silva<\/h3>\n<p>O an\u00fancio ocorre numa altura em que Bernardo Silva, outro elemento-chave do plantel, j\u00e1 confirmou a sa\u00edda ao fim da \u00e9poca. O clube n\u00e3o revelou publicamente os motivos destas sa\u00eddas nem detalhes sobre planos para o resto da temporada.<\/p>\n<p>Entre os trof\u00e9us coletados pelo central, destacam-se a Liga dos Campe\u00f5es da UEFA, a Ta\u00e7a de Inglaterra (2x), a Ta\u00e7a da Liga (5x), a Superta\u00e7a de Inglaterra (3x), bem como o Campeonato do Mundo de Clubes da FIFA e a Superta\u00e7a Europeia. As pr\u00f3ximas semanas dever\u00e3o esclarecer o destino de Stones e o impacto no plantel do City.<\/p>\n","protected":false},"excerpt":{"rendered":"<ul>\n<li>John Stones vai deixar o Manchester City no final da \u00e9poca, juntando-se a Bernardo Silva, que j\u00e1 confirmou a sa\u00edda no ver\u00e3o.<\/li>\n<li>O defesa central encontra-se na sua 10.\u00aa temporada pelo clube.<\/li>\n<li>Stones transferiu-se do Everton em 2016 por 55,6 milh\u00f5es de euros, soma 293 apari\u00e7\u00f5es, 19 golos e 9 assist\u00eancias.<\/li>\n<li>No City, tem 19 trof\u00e9us, incluindo seis t\u00edtulos da Premier League, uma Liga dos Campe\u00f5es da UEFA, duas Ta\u00e7as de Inglaterra, cinco Ta\u00e7as da Liga, tr\u00eas Superta\u00e7as de Inglaterra, um Campeonato do Mundo de Clubes da FIFA e uma Superta\u00e7a Europeia.<\/li>\n<li>Bernardo Silva j\u00e1 tinha anunciado que iria abandonar a equipa de Guardiola no ver\u00e3o.<\/li>\n<\/ul>\n","protected":false},"author":2,"featured_media":459707,"comment_status":"closed","ping_status":"closed","sticky":false,"template":"","format":"standard","meta":{"footnotes":""},"categories":[21,24],"tags":[3211,1367,32,3338,3369,2050],"class_list":["post-459704","post","type-post","status-publish","format-standard","has-post-thumbnail","hentry","category-desporto","category-futebol","tag-bernardo-silva","tag-clubes","tag-futebol","tag-futebol-internacional","tag-premier-league","tag-transferencias"],"yoast_head":"<!-- This site is optimized with the Yoast SEO plugin v27.2 - https:\/\/yoast.com\/product\/yoast-seo-wordpress\/ -->\n<title>John Stones junta-se a Bernardo Silva e deixa o Manchester City no fim da \u00e9poca - Portal Tela Portugal<\/title>\n<meta name=\"robots\" content=\"index, follow, max-snippet:-1, max-image-preview:large, max-video-preview:-1\" \/>\n<meta property=\"og:locale\" content=\"pt_PT\" \/>\n<meta property=\"og:type\" content=\"article\" \/>\n<meta property=\"og:title\" content=\"John Stones junta-se a Bernardo Silva e deixa o Manchester City no fim da \u00e9poca - Portal Tela Portugal\" \/>\n<meta property=\"og:description\" content=\"John Stones vai deixar o Manchester City no final da \u00e9poca, juntando-se a Bernardo Silva, que j\u00e1 confirmou a sa\u00edda no ver\u00e3o. O defesa central encontra-se na sua 10.\u00aa temporada pelo clube. Stones transferiu-se do Everton em 2016 por 55,6 milh\u00f5es de euros, soma 293 apari\u00e7\u00f5es, 19 golos e 9 assist\u00eancias. No City, tem 19 trof\u00e9us, incluindo seis t\u00edtulos da Premier League, uma Liga dos Campe\u00f5es da UEFA, duas Ta\u00e7as de Inglaterra, cinco Ta\u00e7as da Liga, tr\u00eas Superta\u00e7as de Inglaterra, um Campeonato do Mundo de Clubes da FIFA e uma Superta\u00e7a Europeia. Bernardo Silva j\u00e1 tinha anunciado que iria abandonar a equipa de Guardiola no ver\u00e3o.\" \/>\n<meta property=\"og:url\" content=\"https:\/\/portaltela.pt\/noticias\/2026\/04\/28\/john-stones-junta-se-a-bernardo-silva-e-deixa-o-manchester-city-no-fim-da-epoca\/\" \/>\n<meta property=\"og:site_name\" content=\"Portal Tela Portugal\" \/>\n<meta property=\"article:published_time\" content=\"2026-04-28T12:48:15+00:00\" \/>\n<meta name=\"author\" content=\"Telinha\" \/>\n<meta name=\"twitter:card\" content=\"summary_large_image\" \/>\n<meta name=\"twitter:label1\" content=\"Escrito por\" \/>\n\t<meta name=\"twitter:data1\" content=\"Telinha\" \/>\n\t<meta name=\"twitter:label2\" content=\"Tempo estimado de leitura\" \/>\n\t<meta name=\"twitter:data2\" content=\"1 minuto\" \/>\n<script type=\"application\/ld+json\" class=\"yoast-schema-graph\">{\"@context\":\"https:\/\/schema.org\",\"@graph\":[{\"@type\":\"Article\",\"@id\":\"https:\/\/portaltela.pt\/noticias\/2026\/04\/28\/john-stones-junta-se-a-bernardo-silva-e-deixa-o-manchester-city-no-fim-da-epoca\/#article\",\"isPartOf\":{\"@id\":\"https:\/\/portaltela.pt\/noticias\/2026\/04\/28\/john-stones-junta-se-a-bernardo-silva-e-deixa-o-manchester-city-no-fim-da-epoca\/\"},\"author\":{\"name\":\"Telinha\",\"@id\":\"https:\/\/portaltela.pt\/#\/schema\/person\/c4278d4a6028830caff9ee44b42d32ed\"},\"headline\":\"John Stones junta-se a Bernardo Silva e deixa o Manchester City no fim da \u00e9poca\",\"datePublished\":\"2026-04-28T12:48:15+00:00\",\"mainEntityOfPage\":{\"@id\":\"https:\/\/portaltela.pt\/noticias\/2026\/04\/28\/john-stones-junta-se-a-bernardo-silva-e-deixa-o-manchester-city-no-fim-da-epoca\/\"},\"wordCount\":228,\"image\":{\"@id\":\"https:\/\/portaltela.pt\/noticias\/2026\/04\/28\/john-stones-junta-se-a-bernardo-silva-e-deixa-o-manchester-city-no-fim-da-epoca\/#primaryimage\"},\"thumbnailUrl\":\"https:\/\/portaltela.pt\/s.01k8rhncp4jt1\/2026\/04\/img_920x518uu2026-04-03-20-29-25-2430968.jpg\",\"keywords\":[\"Bernardo Silva\",\"clubes\",\"futebol\",\"futebol internacional\",\"Premier League\",\"transfer\u00eancias\"],\"articleSection\":[\"Desporto\",\"Futebol\"],\"inLanguage\":\"pt-PT\"},{\"@type\":\"WebPage\",\"@id\":\"https:\/\/portaltela.pt\/noticias\/2026\/04\/28\/john-stones-junta-se-a-bernardo-silva-e-deixa-o-manchester-city-no-fim-da-epoca\/\",\"url\":\"https:\/\/portaltela.pt\/noticias\/2026\/04\/28\/john-stones-junta-se-a-bernardo-silva-e-deixa-o-manchester-city-no-fim-da-epoca\/\",\"name\":\"John Stones junta-se a Bernardo Silva e deixa o Manchester City no fim da \u00e9poca - Portal Tela Portugal\",\"isPartOf\":{\"@id\":\"https:\/\/portaltela.pt\/#website\"},\"primaryImageOfPage\":{\"@id\":\"https:\/\/portaltela.pt\/noticias\/2026\/04\/28\/john-stones-junta-se-a-bernardo-silva-e-deixa-o-manchester-city-no-fim-da-epoca\/#primaryimage\"},\"image\":{\"@id\":\"https:\/\/portaltela.pt\/noticias\/2026\/04\/28\/john-stones-junta-se-a-bernardo-silva-e-deixa-o-manchester-city-no-fim-da-epoca\/#primaryimage\"},\"thumbnailUrl\":\"https:\/\/portaltela.pt\/s.01k8rhncp4jt1\/2026\/04\/img_920x518uu2026-04-03-20-29-25-2430968.jpg\",\"datePublished\":\"2026-04-28T12:48:15+00:00\",\"author\":{\"@id\":\"https:\/\/portaltela.pt\/#\/schema\/person\/c4278d4a6028830caff9ee44b42d32ed\"},\"breadcrumb\":{\"@id\":\"https:\/\/portaltela.pt\/noticias\/2026\/04\/28\/john-stones-junta-se-a-bernardo-silva-e-deixa-o-manchester-city-no-fim-da-epoca\/#breadcrumb\"},\"inLanguage\":\"pt-PT\",\"potentialAction\":[{\"@type\":\"ReadAction\",\"target\":[\"https:\/\/portaltela.pt\/noticias\/2026\/04\/28\/john-stones-junta-se-a-bernardo-silva-e-deixa-o-manchester-city-no-fim-da-epoca\/\"]}]},{\"@type\":\"ImageObject\",\"inLanguage\":\"pt-PT\",\"@id\":\"https:\/\/portaltela.pt\/noticias\/2026\/04\/28\/john-stones-junta-se-a-bernardo-silva-e-deixa-o-manchester-city-no-fim-da-epoca\/#primaryimage\",\"url\":\"https:\/\/portaltela.pt\/s.01k8rhncp4jt1\/2026\/04\/img_920x518uu2026-04-03-20-29-25-2430968.jpg\",\"contentUrl\":\"https:\/\/portaltela.pt\/s.01k8rhncp4jt1\/2026\/04\/img_920x518uu2026-04-03-20-29-25-2430968.jpg\",\"width\":796,\"height\":448,\"caption\":\"John Stones \u00e9 apontado ao Chelsea ap\u00f3s aconselhamento de Gallas\"},{\"@type\":\"BreadcrumbList\",\"@id\":\"https:\/\/portaltela.pt\/noticias\/2026\/04\/28\/john-stones-junta-se-a-bernardo-silva-e-deixa-o-manchester-city-no-fim-da-epoca\/#breadcrumb\",\"itemListElement\":[{\"@type\":\"ListItem\",\"position\":1,\"name\":\"In\u00edcio\",\"item\":\"https:\/\/portaltela.pt\/\"},{\"@type\":\"ListItem\",\"position\":2,\"name\":\"John Stones junta-se a Bernardo Silva e deixa o Manchester City no fim da \u00e9poca\"}]},{\"@type\":\"WebSite\",\"@id\":\"https:\/\/portaltela.pt\/#website\",\"url\":\"https:\/\/portaltela.pt\/\",\"name\":\"Portal Tela Portugal\",\"description\":\"\",\"potentialAction\":[{\"@type\":\"SearchAction\",\"target\":{\"@type\":\"EntryPoint\",\"urlTemplate\":\"https:\/\/portaltela.pt\/?s={search_term_string}\"},\"query-input\":{\"@type\":\"PropertyValueSpecification\",\"valueRequired\":true,\"valueName\":\"search_term_string\"}}],\"inLanguage\":\"pt-PT\"},{\"@type\":\"Person\",\"@id\":\"https:\/\/portaltela.pt\/#\/schema\/person\/c4278d4a6028830caff9ee44b42d32ed\",\"name\":\"Telinha\",\"image\":{\"@type\":\"ImageObject\",\"inLanguage\":\"pt-PT\",\"@id\":\"https:\/\/portaltela.pt\/s.01k8rhncp4jt1\/2025\/11\/talking-bot-125x125.png\",\"url\":\"https:\/\/portaltela.pt\/s.01k8rhncp4jt1\/2025\/11\/talking-bot-125x125.png\",\"contentUrl\":\"https:\/\/portaltela.pt\/s.01k8rhncp4jt1\/2025\/11\/talking-bot-125x125.png\",\"caption\":\"Telinha\"},\"sameAs\":[\"https:\/\/portaltela.pt\/\"],\"url\":\"https:\/\/portaltela.pt\/por\/367410592786\/\"}]}<\/script>\n<!-- \/ Yoast SEO plugin. -->","yoast_head_json":{"title":"John Stones junta-se a Bernardo Silva e deixa o Manchester City no fim da \u00e9poca - Portal Tela Portugal","robots":{"index":"index","follow":"follow","max-snippet":"max-snippet:-1","max-image-preview":"max-image-preview:large","max-video-preview":"max-video-preview:-1"},"og_locale":"pt_PT","og_type":"article","og_title":"John Stones junta-se a Bernardo Silva e deixa o Manchester City no fim da \u00e9poca - Portal Tela Portugal","og_description":"John Stones vai deixar o Manchester City no final da \u00e9poca, juntando-se a Bernardo Silva, que j\u00e1 confirmou a sa\u00edda no ver\u00e3o. O defesa central encontra-se na sua 10.\u00aa temporada pelo clube. Stones transferiu-se do Everton em 2016 por 55,6 milh\u00f5es de euros, soma 293 apari\u00e7\u00f5es, 19 golos e 9 assist\u00eancias. No City, tem 19 trof\u00e9us, incluindo seis t\u00edtulos da Premier League, uma Liga dos Campe\u00f5es da UEFA, duas Ta\u00e7as de Inglaterra, cinco Ta\u00e7as da Liga, tr\u00eas Superta\u00e7as de Inglaterra, um Campeonato do Mundo de Clubes da FIFA e uma Superta\u00e7a Europeia. Bernardo Silva j\u00e1 tinha anunciado que iria abandonar a equipa de Guardiola no ver\u00e3o.","og_url":"https:\/\/portaltela.pt\/noticias\/2026\/04\/28\/john-stones-junta-se-a-bernardo-silva-e-deixa-o-manchester-city-no-fim-da-epoca\/","og_site_name":"Portal Tela Portugal","article_published_time":"2026-04-28T12:48:15+00:00","author":"Telinha","twitter_card":"summary_large_image","twitter_misc":{"Escrito por":"Telinha","Tempo estimado de leitura":"1 minuto"},"schema":{"@context":"https:\/\/schema.org","@graph":[{"@type":"Article","@id":"https:\/\/portaltela.pt\/noticias\/2026\/04\/28\/john-stones-junta-se-a-bernardo-silva-e-deixa-o-manchester-city-no-fim-da-epoca\/#article","isPartOf":{"@id":"https:\/\/portaltela.pt\/noticias\/2026\/04\/28\/john-stones-junta-se-a-bernardo-silva-e-deixa-o-manchester-city-no-fim-da-epoca\/"},"author":{"name":"Telinha","@id":"https:\/\/portaltela.pt\/#\/schema\/person\/c4278d4a6028830caff9ee44b42d32ed"},"headline":"John Stones junta-se a Bernardo Silva e deixa o Manchester City no fim da \u00e9poca","datePublished":"2026-04-28T12:48:15+00:00","mainEntityOfPage":{"@id":"https:\/\/portaltela.pt\/noticias\/2026\/04\/28\/john-stones-junta-se-a-bernardo-silva-e-deixa-o-manchester-city-no-fim-da-epoca\/"},"wordCount":228,"image":{"@id":"https:\/\/portaltela.pt\/noticias\/2026\/04\/28\/john-stones-junta-se-a-bernardo-silva-e-deixa-o-manchester-city-no-fim-da-epoca\/#primaryimage"},"thumbnailUrl":"https:\/\/portaltela.pt\/s.01k8rhncp4jt1\/2026\/04\/img_920x518uu2026-04-03-20-29-25-2430968.jpg","keywords":["Bernardo Silva","clubes","futebol","futebol internacional","Premier League","transfer\u00eancias"],"articleSection":["Desporto","Futebol"],"inLanguage":"pt-PT"},{"@type":"WebPage","@id":"https:\/\/portaltela.pt\/noticias\/2026\/04\/28\/john-stones-junta-se-a-bernardo-silva-e-deixa-o-manchester-city-no-fim-da-epoca\/","url":"https:\/\/portaltela.pt\/noticias\/2026\/04\/28\/john-stones-junta-se-a-bernardo-silva-e-deixa-o-manchester-city-no-fim-da-epoca\/","name":"John Stones junta-se a Bernardo Silva e deixa o Manchester City no fim da \u00e9poca - Portal Tela Portugal","isPartOf":{"@id":"https:\/\/portaltela.pt\/#website"},"primaryImageOfPage":{"@id":"https:\/\/portaltela.pt\/noticias\/2026\/04\/28\/john-stones-junta-se-a-bernardo-silva-e-deixa-o-manchester-city-no-fim-da-epoca\/#primaryimage"},"image":{"@id":"https:\/\/portaltela.pt\/noticias\/2026\/04\/28\/john-stones-junta-se-a-bernardo-silva-e-deixa-o-manchester-city-no-fim-da-epoca\/#primaryimage"},"thumbnailUrl":"https:\/\/portaltela.pt\/s.01k8rhncp4jt1\/2026\/04\/img_920x518uu2026-04-03-20-29-25-2430968.jpg","datePublished":"2026-04-28T12:48:15+00:00","author":{"@id":"https:\/\/portaltela.pt\/#\/schema\/person\/c4278d4a6028830caff9ee44b42d32ed"},"breadcrumb":{"@id":"https:\/\/portaltela.pt\/noticias\/2026\/04\/28\/john-stones-junta-se-a-bernardo-silva-e-deixa-o-manchester-city-no-fim-da-epoca\/#breadcrumb"},"inLanguage":"pt-PT","potentialAction":[{"@type":"ReadAction","target":["https:\/\/portaltela.pt\/noticias\/2026\/04\/28\/john-stones-junta-se-a-bernardo-silva-e-deixa-o-manchester-city-no-fim-da-epoca\/"]}]},{"@type":"ImageObject","inLanguage":"pt-PT","@id":"https:\/\/portaltela.pt\/noticias\/2026\/04\/28\/john-stones-junta-se-a-bernardo-silva-e-deixa-o-manchester-city-no-fim-da-epoca\/#primaryimage","url":"https:\/\/portaltela.pt\/s.01k8rhncp4jt1\/2026\/04\/img_920x518uu2026-04-03-20-29-25-2430968.jpg","contentUrl":"https:\/\/portaltela.pt\/s.01k8rhncp4jt1\/2026\/04\/img_920x518uu2026-04-03-20-29-25-2430968.jpg","width":796,"height":448,"caption":"John Stones \u00e9 apontado ao Chelsea ap\u00f3s aconselhamento de Gallas"},{"@type":"BreadcrumbList","@id":"https:\/\/portaltela.pt\/noticias\/2026\/04\/28\/john-stones-junta-se-a-bernardo-silva-e-deixa-o-manchester-city-no-fim-da-epoca\/#breadcrumb","itemListElement":[{"@type":"ListItem","position":1,"name":"In\u00edcio","item":"https:\/\/portaltela.pt\/"},{"@type":"ListItem","position":2,"name":"John Stones junta-se a Bernardo Silva e deixa o Manchester City no fim da \u00e9poca"}]},{"@type":"WebSite","@id":"https:\/\/portaltela.pt\/#website","url":"https:\/\/portaltela.pt\/","name":"Portal Tela Portugal","description":"","potentialAction":[{"@type":"SearchAction","target":{"@type":"EntryPoint","urlTemplate":"https:\/\/portaltela.pt\/?s={search_term_string}"},"query-input":{"@type":"PropertyValueSpecification","valueRequired":true,"valueName":"search_term_string"}}],"inLanguage":"pt-PT"},{"@type":"Person","@id":"https:\/\/portaltela.pt\/#\/schema\/person\/c4278d4a6028830caff9ee44b42d32ed","name":"Telinha","image":{"@type":"ImageObject","inLanguage":"pt-PT","@id":"https:\/\/portaltela.pt\/s.01k8rhncp4jt1\/2025\/11\/talking-bot-125x125.png","url":"https:\/\/portaltela.pt\/s.01k8rhncp4jt1\/2025\/11\/talking-bot-125x125.png","contentUrl":"https:\/\/portaltela.pt\/s.01k8rhncp4jt1\/2025\/11\/talking-bot-125x125.png","caption":"Telinha"},"sameAs":["https:\/\/portaltela.pt\/"],"url":"https:\/\/portaltela.pt\/por\/367410592786\/"}]}},"_links":{"self":[{"href":"https:\/\/portaltela.pt\/api\/wp\/v2\/posts\/459704","targetHints":{"allow":["GET"]}}],"collection":[{"href":"https:\/\/portaltela.pt\/api\/wp\/v2\/posts"}],"about":[{"href":"https:\/\/portaltela.pt\/api\/wp\/v2\/types\/post"}],"author":[{"embeddable":true,"href":"https:\/\/portaltela.pt\/api\/wp\/v2\/users\/2"}],"replies":[{"embeddable":true,"href":"https:\/\/portaltela.pt\/api\/wp\/v2\/comments?post=459704"}],"version-history":[{"count":0,"href":"https:\/\/portaltela.pt\/api\/wp\/v2\/posts\/459704\/revisions"}],"wp:featuredmedia":[{"embeddable":true,"href":"https:\/\/portaltela.pt\/api\/wp\/v2\/media\/459707"}],"wp:attachment":[{"href":"https:\/\/portaltela.pt\/api\/wp\/v2\/media?parent=459704"}],"wp:term":[{"taxonomy":"category","embeddable":true,"href":"https:\/\/portaltela.pt\/api\/wp\/v2\/categories?post=459704"},{"taxonomy":"post_tag","embeddable":true,"href":"https:\/\/portaltela.pt\/api\/wp\/v2\/tags?post=459704"}],"curies":[{"name":"wp","href":"https:\/\/api.w.org\/{rel}","templated":true}]}}