{"id":459678,"date":"2026-04-28T09:33:35","date_gmt":"2026-04-28T12:33:35","guid":{"rendered":"https:\/\/portaltela.pt\/noticias\/2026\/04\/28\/amanda-carneiro-e-raphael-fonseca-vao-curar-a-bienal-de-sao-paulo-2027\/"},"modified":"2026-04-28T09:33:35","modified_gmt":"2026-04-28T12:33:35","slug":"amanda-carneiro-e-raphael-fonseca-vao-curar-a-bienal-de-sao-paulo-2027","status":"publish","type":"post","link":"https:\/\/portaltela.pt\/noticias\/2026\/04\/28\/amanda-carneiro-e-raphael-fonseca-vao-curar-a-bienal-de-sao-paulo-2027\/","title":{"rendered":"Amanda Carneiro e Raphael Fonseca v\u00e3o curar a Bienal de S\u00e3o Paulo 2027"},"content":{"rendered":"<p>Amanda Carneiro e Raphael Fonseca v\u00e3o conduzir a 37.\u00aa Bienal de S\u00e3o Paulo, o principal evento de artes visuais da Am\u00e9rica Latina, que decorrer\u00e1 em 2027 no Pavilh\u00e3o Ciccillo Matarazzo, no Parque Ibirapuera. A organiza\u00e7\u00e3o destaca que a data ainda n\u00e3o est\u00e1 definida. O objetivo \u00e9 manter a lideran\u00e7a art\u00edstica da bienal com curadoria brasileira.<\/p>\n<p>Carneiro, curadora do MASP desde 2018, j\u00e1 integrou a equipa da Bienal de Veneza, participando na Exposi\u00e7\u00e3o Internacional de 2024. O trabalho deste ano incluiu coordena\u00e7\u00e3o art\u00edstica associada a artistas e projectos de relev\u00e2ncia internacional.<\/p>\n<p>Fonseca transita do Denver Art Museum para a Culturgest, onde \u00e9 o novo programador de artes visuais. Entre 38 anos, \u00e9 tamb\u00e9m curador do Pavilh\u00e3o de Taiwan na Bienal de Veneza e mant\u00e9m liga\u00e7\u00e3o com o Denver Museum.<\/p>\n<h3>Equipa curatorial e contexto<\/h3>\n<p>A Funda\u00e7\u00e3o Bienal de S\u00e3o Paulo sublinha que a dupla assume a lideran\u00e7a em igualdade, numa fase de forte proje\u00e7\u00e3o internacional de curadores brasileiros. Este modelo enfatiza uma gera\u00e7\u00e3o com experi\u00eancia para aprofundar o debate art\u00edstico contempor\u00e2neo.<\/p>\n<p>A nomea\u00e7\u00e3o segue uma hist\u00f3ria de formatos curatoriais variados, com edi\u00e7\u00f5es anteriores a explorar colabora\u00e7\u00f5es entre curadores nacionais e internacionais. Mais detalhes sobre a equipa e o conceito da edi\u00e7\u00e3o ser\u00e3o divulgados nos pr\u00f3ximos meses.<\/p>\n","protected":false},"excerpt":{"rendered":"<ul>\n<li>Amanda Carneiro e Raphael Fonseca v\u00e3o ser os curadores-chefes da 37.\u00aa Bienal de S\u00e3o Paulo, que decorrer\u00e1 no Pavilh\u00e3o Ciccillo Matarazzo, no Parque Ibirapuera, no pr\u00f3ximo ano.<\/li>\n<li>A dupla sucede ao camaron\u00eas Bonaventure Soh Bejeng Ndikung, na dire\u00e7\u00e3o art\u00edstica da maior mostra de artes visuais da Am\u00e9rica Latina.<\/li>\n<li>Carneiro \u00e9 curadora do Museu de Arte de S\u00e3o Paulo (MASP) desde 2018 e j\u00e1 esteve ligada \u00e0 Exposi\u00e7\u00e3o Internacional de Veneza.<\/li>\n<li>Fonseca trocou o Denver Art Museum pelo cargo na Culturgest, inicia as novas fun\u00e7\u00f5es em maio e continua a colaborar com o museu norte-americano; \u00e9 curador do Pavilh\u00e3o de Taiwan na Bienal de Veneza.<\/li>\n<li>A presidente da Funda\u00e7\u00e3o Bienal de S\u00e3o Paulo, Andrea Pinheiro, diz que a nomea\u00e7\u00e3o refor\u00e7a a presen\u00e7a de curadores brasileiros no topo da edi\u00e7\u00e3o, com mais detalhes a serem anunciados nos pr\u00f3ximos meses.<\/li>\n<\/ul>\n","protected":false},"author":2,"featured_media":459686,"comment_status":"closed","ping_status":"closed","sticky":false,"template":"","format":"standard","meta":{"footnotes":""},"categories":[7375,1],"tags":[8435,8633,8170,7756,9830,8110],"class_list":["post-459678","post","type-post","status-publish","format-standard","has-post-thumbnail","hentry","category-cultura","category-noticias","tag-_america","tag-_artes-visuais","tag-_brasil","tag-_cultura","tag-_culturgest","tag-_museus-arquivos"],"yoast_head":"<!-- This site is optimized with the Yoast SEO plugin v27.2 - https:\/\/yoast.com\/product\/yoast-seo-wordpress\/ -->\n<title>Amanda Carneiro e Raphael Fonseca v\u00e3o curar a Bienal de S\u00e3o Paulo 2027 - Portal Tela Portugal<\/title>\n<meta name=\"robots\" content=\"index, follow, max-snippet:-1, max-image-preview:large, max-video-preview:-1\" \/>\n<meta property=\"og:locale\" content=\"pt_PT\" \/>\n<meta property=\"og:type\" content=\"article\" \/>\n<meta property=\"og:title\" content=\"Amanda Carneiro e Raphael Fonseca v\u00e3o curar a Bienal de S\u00e3o Paulo 2027 - Portal Tela Portugal\" \/>\n<meta property=\"og:description\" content=\"Amanda Carneiro e Raphael Fonseca v\u00e3o ser os curadores-chefes da 37.\u00aa Bienal de S\u00e3o Paulo, que decorrer\u00e1 no Pavilh\u00e3o Ciccillo Matarazzo, no Parque Ibirapuera, no pr\u00f3ximo ano. A dupla sucede ao camaron\u00eas Bonaventure Soh Bejeng Ndikung, na dire\u00e7\u00e3o art\u00edstica da maior mostra de artes visuais da Am\u00e9rica Latina. Carneiro \u00e9 curadora do Museu de Arte de S\u00e3o Paulo (MASP) desde 2018 e j\u00e1 esteve ligada \u00e0 Exposi\u00e7\u00e3o Internacional de Veneza. Fonseca trocou o Denver Art Museum pelo cargo na Culturgest, inicia as novas fun\u00e7\u00f5es em maio e continua a colaborar com o museu norte-americano; \u00e9 curador do Pavilh\u00e3o de Taiwan na Bienal de Veneza. A presidente da Funda\u00e7\u00e3o Bienal de S\u00e3o Paulo, Andrea Pinheiro, diz que a nomea\u00e7\u00e3o refor\u00e7a a presen\u00e7a de curadores brasileiros no topo da edi\u00e7\u00e3o, com mais detalhes a serem anunciados nos pr\u00f3ximos meses.\" \/>\n<meta property=\"og:url\" content=\"https:\/\/portaltela.pt\/noticias\/2026\/04\/28\/amanda-carneiro-e-raphael-fonseca-vao-curar-a-bienal-de-sao-paulo-2027\/\" \/>\n<meta property=\"og:site_name\" content=\"Portal Tela Portugal\" \/>\n<meta property=\"article:published_time\" content=\"2026-04-28T12:33:35+00:00\" \/>\n<meta name=\"author\" content=\"Telinha\" \/>\n<meta name=\"twitter:card\" content=\"summary_large_image\" \/>\n<meta name=\"twitter:label1\" content=\"Escrito por\" \/>\n\t<meta name=\"twitter:data1\" content=\"Telinha\" \/>\n\t<meta name=\"twitter:label2\" content=\"Tempo estimado de leitura\" \/>\n\t<meta name=\"twitter:data2\" content=\"1 minuto\" \/>\n<script type=\"application\/ld+json\" class=\"yoast-schema-graph\">{\"@context\":\"https:\/\/schema.org\",\"@graph\":[{\"@type\":\"Article\",\"@id\":\"https:\/\/portaltela.pt\/noticias\/2026\/04\/28\/amanda-carneiro-e-raphael-fonseca-vao-curar-a-bienal-de-sao-paulo-2027\/#article\",\"isPartOf\":{\"@id\":\"https:\/\/portaltela.pt\/noticias\/2026\/04\/28\/amanda-carneiro-e-raphael-fonseca-vao-curar-a-bienal-de-sao-paulo-2027\/\"},\"author\":{\"name\":\"Telinha\",\"@id\":\"https:\/\/portaltela.pt\/#\/schema\/person\/c4278d4a6028830caff9ee44b42d32ed\"},\"headline\":\"Amanda Carneiro e Raphael Fonseca v\u00e3o curar a Bienal de S\u00e3o Paulo 2027\",\"datePublished\":\"2026-04-28T12:33:35+00:00\",\"mainEntityOfPage\":{\"@id\":\"https:\/\/portaltela.pt\/noticias\/2026\/04\/28\/amanda-carneiro-e-raphael-fonseca-vao-curar-a-bienal-de-sao-paulo-2027\/\"},\"wordCount\":241,\"image\":{\"@id\":\"https:\/\/portaltela.pt\/noticias\/2026\/04\/28\/amanda-carneiro-e-raphael-fonseca-vao-curar-a-bienal-de-sao-paulo-2027\/#primaryimage\"},\"thumbnailUrl\":\"https:\/\/portaltela.pt\/s.01k8rhncp4jt1\/2026\/04\/2084538.jpg\",\"keywords\":[\"_Am\u00e9rica\",\"_Artes Visuais\",\"_Brasil\",\"_cultura\",\"_Culturgest\",\"_museus\/arquivos\"],\"articleSection\":[\"Cultura\",\"Not\u00edcias\"],\"inLanguage\":\"pt-PT\"},{\"@type\":\"WebPage\",\"@id\":\"https:\/\/portaltela.pt\/noticias\/2026\/04\/28\/amanda-carneiro-e-raphael-fonseca-vao-curar-a-bienal-de-sao-paulo-2027\/\",\"url\":\"https:\/\/portaltela.pt\/noticias\/2026\/04\/28\/amanda-carneiro-e-raphael-fonseca-vao-curar-a-bienal-de-sao-paulo-2027\/\",\"name\":\"Amanda Carneiro e Raphael Fonseca v\u00e3o curar a Bienal de S\u00e3o Paulo 2027 - Portal Tela Portugal\",\"isPartOf\":{\"@id\":\"https:\/\/portaltela.pt\/#website\"},\"primaryImageOfPage\":{\"@id\":\"https:\/\/portaltela.pt\/noticias\/2026\/04\/28\/amanda-carneiro-e-raphael-fonseca-vao-curar-a-bienal-de-sao-paulo-2027\/#primaryimage\"},\"image\":{\"@id\":\"https:\/\/portaltela.pt\/noticias\/2026\/04\/28\/amanda-carneiro-e-raphael-fonseca-vao-curar-a-bienal-de-sao-paulo-2027\/#primaryimage\"},\"thumbnailUrl\":\"https:\/\/portaltela.pt\/s.01k8rhncp4jt1\/2026\/04\/2084538.jpg\",\"datePublished\":\"2026-04-28T12:33:35+00:00\",\"author\":{\"@id\":\"https:\/\/portaltela.pt\/#\/schema\/person\/c4278d4a6028830caff9ee44b42d32ed\"},\"breadcrumb\":{\"@id\":\"https:\/\/portaltela.pt\/noticias\/2026\/04\/28\/amanda-carneiro-e-raphael-fonseca-vao-curar-a-bienal-de-sao-paulo-2027\/#breadcrumb\"},\"inLanguage\":\"pt-PT\",\"potentialAction\":[{\"@type\":\"ReadAction\",\"target\":[\"https:\/\/portaltela.pt\/noticias\/2026\/04\/28\/amanda-carneiro-e-raphael-fonseca-vao-curar-a-bienal-de-sao-paulo-2027\/\"]}]},{\"@type\":\"ImageObject\",\"inLanguage\":\"pt-PT\",\"@id\":\"https:\/\/portaltela.pt\/noticias\/2026\/04\/28\/amanda-carneiro-e-raphael-fonseca-vao-curar-a-bienal-de-sao-paulo-2027\/#primaryimage\",\"url\":\"https:\/\/portaltela.pt\/s.01k8rhncp4jt1\/2026\/04\/2084538.jpg\",\"contentUrl\":\"https:\/\/portaltela.pt\/s.01k8rhncp4jt1\/2026\/04\/2084538.jpg\",\"width\":796,\"height\":448,\"caption\":\"Amanda Carneiro e Raphael Fonseca\"},{\"@type\":\"BreadcrumbList\",\"@id\":\"https:\/\/portaltela.pt\/noticias\/2026\/04\/28\/amanda-carneiro-e-raphael-fonseca-vao-curar-a-bienal-de-sao-paulo-2027\/#breadcrumb\",\"itemListElement\":[{\"@type\":\"ListItem\",\"position\":1,\"name\":\"In\u00edcio\",\"item\":\"https:\/\/portaltela.pt\/\"},{\"@type\":\"ListItem\",\"position\":2,\"name\":\"Amanda Carneiro e Raphael Fonseca v\u00e3o curar a Bienal de S\u00e3o Paulo 2027\"}]},{\"@type\":\"WebSite\",\"@id\":\"https:\/\/portaltela.pt\/#website\",\"url\":\"https:\/\/portaltela.pt\/\",\"name\":\"Portal Tela Portugal\",\"description\":\"\",\"potentialAction\":[{\"@type\":\"SearchAction\",\"target\":{\"@type\":\"EntryPoint\",\"urlTemplate\":\"https:\/\/portaltela.pt\/?s={search_term_string}\"},\"query-input\":{\"@type\":\"PropertyValueSpecification\",\"valueRequired\":true,\"valueName\":\"search_term_string\"}}],\"inLanguage\":\"pt-PT\"},{\"@type\":\"Person\",\"@id\":\"https:\/\/portaltela.pt\/#\/schema\/person\/c4278d4a6028830caff9ee44b42d32ed\",\"name\":\"Telinha\",\"image\":{\"@type\":\"ImageObject\",\"inLanguage\":\"pt-PT\",\"@id\":\"https:\/\/portaltela.pt\/s.01k8rhncp4jt1\/2025\/11\/talking-bot-125x125.png\",\"url\":\"https:\/\/portaltela.pt\/s.01k8rhncp4jt1\/2025\/11\/talking-bot-125x125.png\",\"contentUrl\":\"https:\/\/portaltela.pt\/s.01k8rhncp4jt1\/2025\/11\/talking-bot-125x125.png\",\"caption\":\"Telinha\"},\"sameAs\":[\"https:\/\/portaltela.pt\/\"],\"url\":\"https:\/\/portaltela.pt\/por\/367410592786\/\"}]}<\/script>\n<!-- \/ Yoast SEO plugin. -->","yoast_head_json":{"title":"Amanda Carneiro e Raphael Fonseca v\u00e3o curar a Bienal de S\u00e3o Paulo 2027 - Portal Tela Portugal","robots":{"index":"index","follow":"follow","max-snippet":"max-snippet:-1","max-image-preview":"max-image-preview:large","max-video-preview":"max-video-preview:-1"},"og_locale":"pt_PT","og_type":"article","og_title":"Amanda Carneiro e Raphael Fonseca v\u00e3o curar a Bienal de S\u00e3o Paulo 2027 - Portal Tela Portugal","og_description":"Amanda Carneiro e Raphael Fonseca v\u00e3o ser os curadores-chefes da 37.\u00aa Bienal de S\u00e3o Paulo, que decorrer\u00e1 no Pavilh\u00e3o Ciccillo Matarazzo, no Parque Ibirapuera, no pr\u00f3ximo ano. A dupla sucede ao camaron\u00eas Bonaventure Soh Bejeng Ndikung, na dire\u00e7\u00e3o art\u00edstica da maior mostra de artes visuais da Am\u00e9rica Latina. Carneiro \u00e9 curadora do Museu de Arte de S\u00e3o Paulo (MASP) desde 2018 e j\u00e1 esteve ligada \u00e0 Exposi\u00e7\u00e3o Internacional de Veneza. Fonseca trocou o Denver Art Museum pelo cargo na Culturgest, inicia as novas fun\u00e7\u00f5es em maio e continua a colaborar com o museu norte-americano; \u00e9 curador do Pavilh\u00e3o de Taiwan na Bienal de Veneza. A presidente da Funda\u00e7\u00e3o Bienal de S\u00e3o Paulo, Andrea Pinheiro, diz que a nomea\u00e7\u00e3o refor\u00e7a a presen\u00e7a de curadores brasileiros no topo da edi\u00e7\u00e3o, com mais detalhes a serem anunciados nos pr\u00f3ximos meses.","og_url":"https:\/\/portaltela.pt\/noticias\/2026\/04\/28\/amanda-carneiro-e-raphael-fonseca-vao-curar-a-bienal-de-sao-paulo-2027\/","og_site_name":"Portal Tela Portugal","article_published_time":"2026-04-28T12:33:35+00:00","author":"Telinha","twitter_card":"summary_large_image","twitter_misc":{"Escrito por":"Telinha","Tempo estimado de leitura":"1 minuto"},"schema":{"@context":"https:\/\/schema.org","@graph":[{"@type":"Article","@id":"https:\/\/portaltela.pt\/noticias\/2026\/04\/28\/amanda-carneiro-e-raphael-fonseca-vao-curar-a-bienal-de-sao-paulo-2027\/#article","isPartOf":{"@id":"https:\/\/portaltela.pt\/noticias\/2026\/04\/28\/amanda-carneiro-e-raphael-fonseca-vao-curar-a-bienal-de-sao-paulo-2027\/"},"author":{"name":"Telinha","@id":"https:\/\/portaltela.pt\/#\/schema\/person\/c4278d4a6028830caff9ee44b42d32ed"},"headline":"Amanda Carneiro e Raphael Fonseca v\u00e3o curar a Bienal de S\u00e3o Paulo 2027","datePublished":"2026-04-28T12:33:35+00:00","mainEntityOfPage":{"@id":"https:\/\/portaltela.pt\/noticias\/2026\/04\/28\/amanda-carneiro-e-raphael-fonseca-vao-curar-a-bienal-de-sao-paulo-2027\/"},"wordCount":241,"image":{"@id":"https:\/\/portaltela.pt\/noticias\/2026\/04\/28\/amanda-carneiro-e-raphael-fonseca-vao-curar-a-bienal-de-sao-paulo-2027\/#primaryimage"},"thumbnailUrl":"https:\/\/portaltela.pt\/s.01k8rhncp4jt1\/2026\/04\/2084538.jpg","keywords":["_Am\u00e9rica","_Artes Visuais","_Brasil","_cultura","_Culturgest","_museus\/arquivos"],"articleSection":["Cultura","Not\u00edcias"],"inLanguage":"pt-PT"},{"@type":"WebPage","@id":"https:\/\/portaltela.pt\/noticias\/2026\/04\/28\/amanda-carneiro-e-raphael-fonseca-vao-curar-a-bienal-de-sao-paulo-2027\/","url":"https:\/\/portaltela.pt\/noticias\/2026\/04\/28\/amanda-carneiro-e-raphael-fonseca-vao-curar-a-bienal-de-sao-paulo-2027\/","name":"Amanda Carneiro e Raphael Fonseca v\u00e3o curar a Bienal de S\u00e3o Paulo 2027 - Portal Tela Portugal","isPartOf":{"@id":"https:\/\/portaltela.pt\/#website"},"primaryImageOfPage":{"@id":"https:\/\/portaltela.pt\/noticias\/2026\/04\/28\/amanda-carneiro-e-raphael-fonseca-vao-curar-a-bienal-de-sao-paulo-2027\/#primaryimage"},"image":{"@id":"https:\/\/portaltela.pt\/noticias\/2026\/04\/28\/amanda-carneiro-e-raphael-fonseca-vao-curar-a-bienal-de-sao-paulo-2027\/#primaryimage"},"thumbnailUrl":"https:\/\/portaltela.pt\/s.01k8rhncp4jt1\/2026\/04\/2084538.jpg","datePublished":"2026-04-28T12:33:35+00:00","author":{"@id":"https:\/\/portaltela.pt\/#\/schema\/person\/c4278d4a6028830caff9ee44b42d32ed"},"breadcrumb":{"@id":"https:\/\/portaltela.pt\/noticias\/2026\/04\/28\/amanda-carneiro-e-raphael-fonseca-vao-curar-a-bienal-de-sao-paulo-2027\/#breadcrumb"},"inLanguage":"pt-PT","potentialAction":[{"@type":"ReadAction","target":["https:\/\/portaltela.pt\/noticias\/2026\/04\/28\/amanda-carneiro-e-raphael-fonseca-vao-curar-a-bienal-de-sao-paulo-2027\/"]}]},{"@type":"ImageObject","inLanguage":"pt-PT","@id":"https:\/\/portaltela.pt\/noticias\/2026\/04\/28\/amanda-carneiro-e-raphael-fonseca-vao-curar-a-bienal-de-sao-paulo-2027\/#primaryimage","url":"https:\/\/portaltela.pt\/s.01k8rhncp4jt1\/2026\/04\/2084538.jpg","contentUrl":"https:\/\/portaltela.pt\/s.01k8rhncp4jt1\/2026\/04\/2084538.jpg","width":796,"height":448,"caption":"Amanda Carneiro e Raphael Fonseca"},{"@type":"BreadcrumbList","@id":"https:\/\/portaltela.pt\/noticias\/2026\/04\/28\/amanda-carneiro-e-raphael-fonseca-vao-curar-a-bienal-de-sao-paulo-2027\/#breadcrumb","itemListElement":[{"@type":"ListItem","position":1,"name":"In\u00edcio","item":"https:\/\/portaltela.pt\/"},{"@type":"ListItem","position":2,"name":"Amanda Carneiro e Raphael Fonseca v\u00e3o curar a Bienal de S\u00e3o Paulo 2027"}]},{"@type":"WebSite","@id":"https:\/\/portaltela.pt\/#website","url":"https:\/\/portaltela.pt\/","name":"Portal Tela Portugal","description":"","potentialAction":[{"@type":"SearchAction","target":{"@type":"EntryPoint","urlTemplate":"https:\/\/portaltela.pt\/?s={search_term_string}"},"query-input":{"@type":"PropertyValueSpecification","valueRequired":true,"valueName":"search_term_string"}}],"inLanguage":"pt-PT"},{"@type":"Person","@id":"https:\/\/portaltela.pt\/#\/schema\/person\/c4278d4a6028830caff9ee44b42d32ed","name":"Telinha","image":{"@type":"ImageObject","inLanguage":"pt-PT","@id":"https:\/\/portaltela.pt\/s.01k8rhncp4jt1\/2025\/11\/talking-bot-125x125.png","url":"https:\/\/portaltela.pt\/s.01k8rhncp4jt1\/2025\/11\/talking-bot-125x125.png","contentUrl":"https:\/\/portaltela.pt\/s.01k8rhncp4jt1\/2025\/11\/talking-bot-125x125.png","caption":"Telinha"},"sameAs":["https:\/\/portaltela.pt\/"],"url":"https:\/\/portaltela.pt\/por\/367410592786\/"}]}},"_links":{"self":[{"href":"https:\/\/portaltela.pt\/api\/wp\/v2\/posts\/459678","targetHints":{"allow":["GET"]}}],"collection":[{"href":"https:\/\/portaltela.pt\/api\/wp\/v2\/posts"}],"about":[{"href":"https:\/\/portaltela.pt\/api\/wp\/v2\/types\/post"}],"author":[{"embeddable":true,"href":"https:\/\/portaltela.pt\/api\/wp\/v2\/users\/2"}],"replies":[{"embeddable":true,"href":"https:\/\/portaltela.pt\/api\/wp\/v2\/comments?post=459678"}],"version-history":[{"count":0,"href":"https:\/\/portaltela.pt\/api\/wp\/v2\/posts\/459678\/revisions"}],"wp:featuredmedia":[{"embeddable":true,"href":"https:\/\/portaltela.pt\/api\/wp\/v2\/media\/459686"}],"wp:attachment":[{"href":"https:\/\/portaltela.pt\/api\/wp\/v2\/media?parent=459678"}],"wp:term":[{"taxonomy":"category","embeddable":true,"href":"https:\/\/portaltela.pt\/api\/wp\/v2\/categories?post=459678"},{"taxonomy":"post_tag","embeddable":true,"href":"https:\/\/portaltela.pt\/api\/wp\/v2\/tags?post=459678"}],"curies":[{"name":"wp","href":"https:\/\/api.w.org\/{rel}","templated":true}]}}