{"id":459675,"date":"2026-04-28T09:33:28","date_gmt":"2026-04-28T12:33:28","guid":{"rendered":"https:\/\/portaltela.pt\/noticias\/2026\/04\/28\/gesto-de-braganca-conquista-rui-borges-em-apenas-5-segundos\/"},"modified":"2026-04-28T09:33:28","modified_gmt":"2026-04-28T12:33:28","slug":"gesto-de-braganca-conquista-rui-borges-em-apenas-5-segundos","status":"publish","type":"post","link":"https:\/\/portaltela.pt\/desporto\/futebol\/2026\/04\/28\/gesto-de-braganca-conquista-rui-borges-em-apenas-5-segundos\/","title":{"rendered":"Gesto de Bragan\u00e7a conquista Rui Borges em apenas 5 segundos"},"content":{"rendered":"<p>Rui Borges, treinador do Sporting, falou na confer\u00eancia de antevis\u00e3o \u00e0 rece\u00e7\u00e3o ao Tondela sobre a gest\u00e3o de les\u00f5es no plantel. O t\u00e9cnico explicou m\u00e9todos para proteger jogadores lesionados, citando um caso concreto que envolve Daniel Bragan\u00e7a.<\/p>\n<p>O treinador explicou que Bragan\u00e7a s\u00f3 participou na segunda m\u00e3o da meia-final da Ta\u00e7a de Portugal frente ao FC Porto, por pedido do pr\u00f3prio jogador, tendo em conta o seu estado f\u00edsico. A participa\u00e7\u00e3o ocorreu apenas nessa eliminat\u00f3ria.<\/p>\n<p>Borges destacou ainda que a estrat\u00e9gia de gest\u00e3o de les\u00f5es visa manter o plantel dispon\u00edvel para o campeonato e para as finais, mantendo os atletas aptos de forma gradual conforme a evolu\u00e7\u00e3o cl\u00ednica e o planeamento t\u00e9cnico.<\/p>\n","protected":false},"excerpt":{"rendered":"<ul>\n<li>Rui Borges falou na antevis\u00e3o \u00e0 rece\u00e7\u00e3o ao Tondela.<\/li>\n<li>O treinador do Sporting destacou a gest\u00e3o de lesionados.<\/li>\n<li>Daniel Bragan\u00e7a s\u00f3 jogou na segunda m\u00e3o da meia-final da Ta\u00e7a de Portugal contra o FC Porto.<\/li>\n<li>O motivo foi o pr\u00f3prio pedido do jogador, alegando que n\u00e3o estava em condi\u00e7\u00f5es.<\/li>\n<li>O epis\u00f3dio mostra a responsabilidade na prote\u00e7\u00e3o de jogadores e na tomada de decis\u00e3o do clube.<\/li>\n<\/ul>\n","protected":false},"author":2,"featured_media":459680,"comment_status":"closed","ping_status":"closed","sticky":false,"template":"","format":"standard","meta":{"footnotes":""},"categories":[21,24],"tags":[906,3284,32,2538,1652,1266],"class_list":["post-459675","post","type-post","status-publish","format-standard","has-post-thumbnail","hentry","category-desporto","category-futebol","tag-braganca","tag-daniel-braganca","tag-futebol","tag-lesoes","tag-sporting","tag-taca-de-portugal"],"yoast_head":"<!-- This site is optimized with the Yoast SEO plugin v27.2 - https:\/\/yoast.com\/product\/yoast-seo-wordpress\/ -->\n<title>Gesto de Bragan\u00e7a conquista Rui Borges em apenas 5 segundos - Portal Tela Portugal<\/title>\n<meta name=\"robots\" content=\"index, follow, max-snippet:-1, max-image-preview:large, max-video-preview:-1\" \/>\n<meta property=\"og:locale\" content=\"pt_PT\" \/>\n<meta property=\"og:type\" content=\"article\" \/>\n<meta property=\"og:title\" content=\"Gesto de Bragan\u00e7a conquista Rui Borges em apenas 5 segundos - Portal Tela Portugal\" \/>\n<meta property=\"og:description\" content=\"Rui Borges falou na antevis\u00e3o \u00e0 rece\u00e7\u00e3o ao Tondela. O treinador do Sporting destacou a gest\u00e3o de lesionados. Daniel Bragan\u00e7a s\u00f3 jogou na segunda m\u00e3o da meia-final da Ta\u00e7a de Portugal contra o FC Porto. O motivo foi o pr\u00f3prio pedido do jogador, alegando que n\u00e3o estava em condi\u00e7\u00f5es. O epis\u00f3dio mostra a responsabilidade na prote\u00e7\u00e3o de jogadores e na tomada de decis\u00e3o do clube.\" \/>\n<meta property=\"og:url\" content=\"https:\/\/portaltela.pt\/noticias\/2026\/04\/28\/gesto-de-braganca-conquista-rui-borges-em-apenas-5-segundos\/\" \/>\n<meta property=\"og:site_name\" content=\"Portal Tela Portugal\" \/>\n<meta property=\"article:published_time\" content=\"2026-04-28T12:33:28+00:00\" \/>\n<meta name=\"author\" content=\"Telinha\" \/>\n<meta name=\"twitter:card\" content=\"summary_large_image\" \/>\n<meta name=\"twitter:label1\" content=\"Escrito por\" \/>\n\t<meta name=\"twitter:data1\" content=\"Telinha\" \/>\n\t<meta name=\"twitter:label2\" content=\"Tempo estimado de leitura\" \/>\n\t<meta name=\"twitter:data2\" content=\"1 minuto\" \/>\n<script type=\"application\/ld+json\" class=\"yoast-schema-graph\">{\"@context\":\"https:\/\/schema.org\",\"@graph\":[{\"@type\":\"Article\",\"@id\":\"https:\/\/portaltela.pt\/noticias\/2026\/04\/28\/gesto-de-braganca-conquista-rui-borges-em-apenas-5-segundos\/#article\",\"isPartOf\":{\"@id\":\"https:\/\/portaltela.pt\/noticias\/2026\/04\/28\/gesto-de-braganca-conquista-rui-borges-em-apenas-5-segundos\/\"},\"author\":{\"name\":\"Telinha\",\"@id\":\"https:\/\/portaltela.pt\/#\/schema\/person\/c4278d4a6028830caff9ee44b42d32ed\"},\"headline\":\"Gesto de Bragan\u00e7a conquista Rui Borges em apenas 5 segundos\",\"datePublished\":\"2026-04-28T12:33:28+00:00\",\"mainEntityOfPage\":{\"@id\":\"https:\/\/portaltela.pt\/noticias\/2026\/04\/28\/gesto-de-braganca-conquista-rui-borges-em-apenas-5-segundos\/\"},\"wordCount\":143,\"image\":{\"@id\":\"https:\/\/portaltela.pt\/noticias\/2026\/04\/28\/gesto-de-braganca-conquista-rui-borges-em-apenas-5-segundos\/#primaryimage\"},\"thumbnailUrl\":\"https:\/\/portaltela.pt\/s.01k8rhncp4jt1\/2026\/04\/img_1200x721uu2026-04-28-13-16-36-2435711.jpg\",\"keywords\":[\"Bragan\u00e7a\",\"Daniel Bragan\u00e7a\",\"futebol\",\"les\u00f5es\",\"Sporting\",\"Ta\u00e7a de Portugal\"],\"articleSection\":[\"Desporto\",\"Futebol\"],\"inLanguage\":\"pt-PT\"},{\"@type\":\"WebPage\",\"@id\":\"https:\/\/portaltela.pt\/noticias\/2026\/04\/28\/gesto-de-braganca-conquista-rui-borges-em-apenas-5-segundos\/\",\"url\":\"https:\/\/portaltela.pt\/noticias\/2026\/04\/28\/gesto-de-braganca-conquista-rui-borges-em-apenas-5-segundos\/\",\"name\":\"Gesto de Bragan\u00e7a conquista Rui Borges em apenas 5 segundos - Portal Tela Portugal\",\"isPartOf\":{\"@id\":\"https:\/\/portaltela.pt\/#website\"},\"primaryImageOfPage\":{\"@id\":\"https:\/\/portaltela.pt\/noticias\/2026\/04\/28\/gesto-de-braganca-conquista-rui-borges-em-apenas-5-segundos\/#primaryimage\"},\"image\":{\"@id\":\"https:\/\/portaltela.pt\/noticias\/2026\/04\/28\/gesto-de-braganca-conquista-rui-borges-em-apenas-5-segundos\/#primaryimage\"},\"thumbnailUrl\":\"https:\/\/portaltela.pt\/s.01k8rhncp4jt1\/2026\/04\/img_1200x721uu2026-04-28-13-16-36-2435711.jpg\",\"datePublished\":\"2026-04-28T12:33:28+00:00\",\"author\":{\"@id\":\"https:\/\/portaltela.pt\/#\/schema\/person\/c4278d4a6028830caff9ee44b42d32ed\"},\"breadcrumb\":{\"@id\":\"https:\/\/portaltela.pt\/noticias\/2026\/04\/28\/gesto-de-braganca-conquista-rui-borges-em-apenas-5-segundos\/#breadcrumb\"},\"inLanguage\":\"pt-PT\",\"potentialAction\":[{\"@type\":\"ReadAction\",\"target\":[\"https:\/\/portaltela.pt\/noticias\/2026\/04\/28\/gesto-de-braganca-conquista-rui-borges-em-apenas-5-segundos\/\"]}]},{\"@type\":\"ImageObject\",\"inLanguage\":\"pt-PT\",\"@id\":\"https:\/\/portaltela.pt\/noticias\/2026\/04\/28\/gesto-de-braganca-conquista-rui-borges-em-apenas-5-segundos\/#primaryimage\",\"url\":\"https:\/\/portaltela.pt\/s.01k8rhncp4jt1\/2026\/04\/img_1200x721uu2026-04-28-13-16-36-2435711.jpg\",\"contentUrl\":\"https:\/\/portaltela.pt\/s.01k8rhncp4jt1\/2026\/04\/img_1200x721uu2026-04-28-13-16-36-2435711.jpg\",\"width\":796,\"height\":448,\"caption\":\"O gesto de Bragan\u00e7a que conquistou Rui Borges em 5 segundos: \u00abN\u00e3o devia ter jogado no Drag\u00e3o\u00bb\"},{\"@type\":\"BreadcrumbList\",\"@id\":\"https:\/\/portaltela.pt\/noticias\/2026\/04\/28\/gesto-de-braganca-conquista-rui-borges-em-apenas-5-segundos\/#breadcrumb\",\"itemListElement\":[{\"@type\":\"ListItem\",\"position\":1,\"name\":\"In\u00edcio\",\"item\":\"https:\/\/portaltela.pt\/\"},{\"@type\":\"ListItem\",\"position\":2,\"name\":\"Gesto de Bragan\u00e7a conquista Rui Borges em apenas 5 segundos\"}]},{\"@type\":\"WebSite\",\"@id\":\"https:\/\/portaltela.pt\/#website\",\"url\":\"https:\/\/portaltela.pt\/\",\"name\":\"Portal Tela Portugal\",\"description\":\"\",\"potentialAction\":[{\"@type\":\"SearchAction\",\"target\":{\"@type\":\"EntryPoint\",\"urlTemplate\":\"https:\/\/portaltela.pt\/?s={search_term_string}\"},\"query-input\":{\"@type\":\"PropertyValueSpecification\",\"valueRequired\":true,\"valueName\":\"search_term_string\"}}],\"inLanguage\":\"pt-PT\"},{\"@type\":\"Person\",\"@id\":\"https:\/\/portaltela.pt\/#\/schema\/person\/c4278d4a6028830caff9ee44b42d32ed\",\"name\":\"Telinha\",\"image\":{\"@type\":\"ImageObject\",\"inLanguage\":\"pt-PT\",\"@id\":\"https:\/\/portaltela.pt\/s.01k8rhncp4jt1\/2025\/11\/talking-bot-125x125.png\",\"url\":\"https:\/\/portaltela.pt\/s.01k8rhncp4jt1\/2025\/11\/talking-bot-125x125.png\",\"contentUrl\":\"https:\/\/portaltela.pt\/s.01k8rhncp4jt1\/2025\/11\/talking-bot-125x125.png\",\"caption\":\"Telinha\"},\"sameAs\":[\"https:\/\/portaltela.pt\/\"],\"url\":\"https:\/\/portaltela.pt\/por\/367410592786\/\"}]}<\/script>\n<!-- \/ Yoast SEO plugin. -->","yoast_head_json":{"title":"Gesto de Bragan\u00e7a conquista Rui Borges em apenas 5 segundos - Portal Tela Portugal","robots":{"index":"index","follow":"follow","max-snippet":"max-snippet:-1","max-image-preview":"max-image-preview:large","max-video-preview":"max-video-preview:-1"},"og_locale":"pt_PT","og_type":"article","og_title":"Gesto de Bragan\u00e7a conquista Rui Borges em apenas 5 segundos - Portal Tela Portugal","og_description":"Rui Borges falou na antevis\u00e3o \u00e0 rece\u00e7\u00e3o ao Tondela. O treinador do Sporting destacou a gest\u00e3o de lesionados. Daniel Bragan\u00e7a s\u00f3 jogou na segunda m\u00e3o da meia-final da Ta\u00e7a de Portugal contra o FC Porto. O motivo foi o pr\u00f3prio pedido do jogador, alegando que n\u00e3o estava em condi\u00e7\u00f5es. O epis\u00f3dio mostra a responsabilidade na prote\u00e7\u00e3o de jogadores e na tomada de decis\u00e3o do clube.","og_url":"https:\/\/portaltela.pt\/noticias\/2026\/04\/28\/gesto-de-braganca-conquista-rui-borges-em-apenas-5-segundos\/","og_site_name":"Portal Tela Portugal","article_published_time":"2026-04-28T12:33:28+00:00","author":"Telinha","twitter_card":"summary_large_image","twitter_misc":{"Escrito por":"Telinha","Tempo estimado de leitura":"1 minuto"},"schema":{"@context":"https:\/\/schema.org","@graph":[{"@type":"Article","@id":"https:\/\/portaltela.pt\/noticias\/2026\/04\/28\/gesto-de-braganca-conquista-rui-borges-em-apenas-5-segundos\/#article","isPartOf":{"@id":"https:\/\/portaltela.pt\/noticias\/2026\/04\/28\/gesto-de-braganca-conquista-rui-borges-em-apenas-5-segundos\/"},"author":{"name":"Telinha","@id":"https:\/\/portaltela.pt\/#\/schema\/person\/c4278d4a6028830caff9ee44b42d32ed"},"headline":"Gesto de Bragan\u00e7a conquista Rui Borges em apenas 5 segundos","datePublished":"2026-04-28T12:33:28+00:00","mainEntityOfPage":{"@id":"https:\/\/portaltela.pt\/noticias\/2026\/04\/28\/gesto-de-braganca-conquista-rui-borges-em-apenas-5-segundos\/"},"wordCount":143,"image":{"@id":"https:\/\/portaltela.pt\/noticias\/2026\/04\/28\/gesto-de-braganca-conquista-rui-borges-em-apenas-5-segundos\/#primaryimage"},"thumbnailUrl":"https:\/\/portaltela.pt\/s.01k8rhncp4jt1\/2026\/04\/img_1200x721uu2026-04-28-13-16-36-2435711.jpg","keywords":["Bragan\u00e7a","Daniel Bragan\u00e7a","futebol","les\u00f5es","Sporting","Ta\u00e7a de Portugal"],"articleSection":["Desporto","Futebol"],"inLanguage":"pt-PT"},{"@type":"WebPage","@id":"https:\/\/portaltela.pt\/noticias\/2026\/04\/28\/gesto-de-braganca-conquista-rui-borges-em-apenas-5-segundos\/","url":"https:\/\/portaltela.pt\/noticias\/2026\/04\/28\/gesto-de-braganca-conquista-rui-borges-em-apenas-5-segundos\/","name":"Gesto de Bragan\u00e7a conquista Rui Borges em apenas 5 segundos - Portal Tela Portugal","isPartOf":{"@id":"https:\/\/portaltela.pt\/#website"},"primaryImageOfPage":{"@id":"https:\/\/portaltela.pt\/noticias\/2026\/04\/28\/gesto-de-braganca-conquista-rui-borges-em-apenas-5-segundos\/#primaryimage"},"image":{"@id":"https:\/\/portaltela.pt\/noticias\/2026\/04\/28\/gesto-de-braganca-conquista-rui-borges-em-apenas-5-segundos\/#primaryimage"},"thumbnailUrl":"https:\/\/portaltela.pt\/s.01k8rhncp4jt1\/2026\/04\/img_1200x721uu2026-04-28-13-16-36-2435711.jpg","datePublished":"2026-04-28T12:33:28+00:00","author":{"@id":"https:\/\/portaltela.pt\/#\/schema\/person\/c4278d4a6028830caff9ee44b42d32ed"},"breadcrumb":{"@id":"https:\/\/portaltela.pt\/noticias\/2026\/04\/28\/gesto-de-braganca-conquista-rui-borges-em-apenas-5-segundos\/#breadcrumb"},"inLanguage":"pt-PT","potentialAction":[{"@type":"ReadAction","target":["https:\/\/portaltela.pt\/noticias\/2026\/04\/28\/gesto-de-braganca-conquista-rui-borges-em-apenas-5-segundos\/"]}]},{"@type":"ImageObject","inLanguage":"pt-PT","@id":"https:\/\/portaltela.pt\/noticias\/2026\/04\/28\/gesto-de-braganca-conquista-rui-borges-em-apenas-5-segundos\/#primaryimage","url":"https:\/\/portaltela.pt\/s.01k8rhncp4jt1\/2026\/04\/img_1200x721uu2026-04-28-13-16-36-2435711.jpg","contentUrl":"https:\/\/portaltela.pt\/s.01k8rhncp4jt1\/2026\/04\/img_1200x721uu2026-04-28-13-16-36-2435711.jpg","width":796,"height":448,"caption":"O gesto de Bragan\u00e7a que conquistou Rui Borges em 5 segundos: \u00abN\u00e3o devia ter jogado no Drag\u00e3o\u00bb"},{"@type":"BreadcrumbList","@id":"https:\/\/portaltela.pt\/noticias\/2026\/04\/28\/gesto-de-braganca-conquista-rui-borges-em-apenas-5-segundos\/#breadcrumb","itemListElement":[{"@type":"ListItem","position":1,"name":"In\u00edcio","item":"https:\/\/portaltela.pt\/"},{"@type":"ListItem","position":2,"name":"Gesto de Bragan\u00e7a conquista Rui Borges em apenas 5 segundos"}]},{"@type":"WebSite","@id":"https:\/\/portaltela.pt\/#website","url":"https:\/\/portaltela.pt\/","name":"Portal Tela Portugal","description":"","potentialAction":[{"@type":"SearchAction","target":{"@type":"EntryPoint","urlTemplate":"https:\/\/portaltela.pt\/?s={search_term_string}"},"query-input":{"@type":"PropertyValueSpecification","valueRequired":true,"valueName":"search_term_string"}}],"inLanguage":"pt-PT"},{"@type":"Person","@id":"https:\/\/portaltela.pt\/#\/schema\/person\/c4278d4a6028830caff9ee44b42d32ed","name":"Telinha","image":{"@type":"ImageObject","inLanguage":"pt-PT","@id":"https:\/\/portaltela.pt\/s.01k8rhncp4jt1\/2025\/11\/talking-bot-125x125.png","url":"https:\/\/portaltela.pt\/s.01k8rhncp4jt1\/2025\/11\/talking-bot-125x125.png","contentUrl":"https:\/\/portaltela.pt\/s.01k8rhncp4jt1\/2025\/11\/talking-bot-125x125.png","caption":"Telinha"},"sameAs":["https:\/\/portaltela.pt\/"],"url":"https:\/\/portaltela.pt\/por\/367410592786\/"}]}},"_links":{"self":[{"href":"https:\/\/portaltela.pt\/api\/wp\/v2\/posts\/459675","targetHints":{"allow":["GET"]}}],"collection":[{"href":"https:\/\/portaltela.pt\/api\/wp\/v2\/posts"}],"about":[{"href":"https:\/\/portaltela.pt\/api\/wp\/v2\/types\/post"}],"author":[{"embeddable":true,"href":"https:\/\/portaltela.pt\/api\/wp\/v2\/users\/2"}],"replies":[{"embeddable":true,"href":"https:\/\/portaltela.pt\/api\/wp\/v2\/comments?post=459675"}],"version-history":[{"count":0,"href":"https:\/\/portaltela.pt\/api\/wp\/v2\/posts\/459675\/revisions"}],"wp:featuredmedia":[{"embeddable":true,"href":"https:\/\/portaltela.pt\/api\/wp\/v2\/media\/459680"}],"wp:attachment":[{"href":"https:\/\/portaltela.pt\/api\/wp\/v2\/media?parent=459675"}],"wp:term":[{"taxonomy":"category","embeddable":true,"href":"https:\/\/portaltela.pt\/api\/wp\/v2\/categories?post=459675"},{"taxonomy":"post_tag","embeddable":true,"href":"https:\/\/portaltela.pt\/api\/wp\/v2\/tags?post=459675"}],"curies":[{"name":"wp","href":"https:\/\/api.w.org\/{rel}","templated":true}]}}