{"id":459671,"date":"2026-04-28T09:33:18","date_gmt":"2026-04-28T12:33:18","guid":{"rendered":"https:\/\/portaltela.pt\/noticias\/2026\/04\/28\/derbi-sela-a-consagracao-do-benfica-como-hexacampeao-feminino\/"},"modified":"2026-04-28T09:33:18","modified_gmt":"2026-04-28T12:33:18","slug":"derbi-sela-a-consagracao-do-benfica-como-hexacampeao-feminino","status":"publish","type":"post","link":"https:\/\/portaltela.pt\/desporto\/futebol\/2026\/04\/28\/derbi-sela-a-consagracao-do-benfica-como-hexacampeao-feminino\/","title":{"rendered":"D\u00e9rbi sela a consagra\u00e7\u00e3o do Benfica como hexacampe\u00e3o feminino"},"content":{"rendered":"<p>O d\u00e9rbi entre o Benfica e o advers\u00e1rio tradicional, disputado na presente temporada, \u00e9 descrito como o momento de consagra\u00e7\u00e3o do clube no campeonato feminino. A vit\u00f3ria permite ao Benfica confirmar o t\u00edtulo de hexacampe\u00e3o nacional.<\/p>\n<p>Quem esteve envolvido envolve a equipa principal feminina do Benfica e o seu concorrente direto pelo trof\u00e9u, com treinadores e jogadoras-chave a influenciar o desfecho ao longo da \u00e9poca. O fen\u00f3meno \u00e9 apresentado como resultado da regularidade ao longo do campeonato.<\/p>\n<p>O evento ocorreu no \u00e2mbito do campeonato nacional de futebol feminino, com a confirma\u00e7\u00e3o do t\u00edtulo atrav\u00e9s dos pontos somados ao longo da temporada. A vit\u00f3ria \u00e9 apresentada como reflexo da consist\u00eancia da equipa ao longo de v\u00e1rias jornadas.<\/p>\n<p>O conte\u00fado completo da not\u00edcia encontra-se dispon\u00edvel apenas para subscritores.<\/p>\n","protected":false},"excerpt":{"rendered":"<ul>\n<li>O D\u00e9rbi \u00e9 descrito como o momento de consagra\u00e7\u00e3o do Benfica no futebol feminino, que conquista o t\u00edtulo hexacampe\u00e3o.<\/li>\n<li>Benfica \u00e9 hexacampe\u00e3o feminino de futebol.<\/li>\n<li>O D\u00e9rbi fica marcado como marco de celebra\u00e7\u00e3o para a equipa.<\/li>\n<li>O conte\u00fado completo da not\u00edcia est\u00e1 dispon\u00edvel apenas para subscritores.<\/li>\n<li>Fonte: Lusa.<\/li>\n<\/ul>\n","protected":false},"author":2,"featured_media":459673,"comment_status":"closed","ping_status":"closed","sticky":false,"template":"","format":"standard","meta":{"footnotes":""},"categories":[21,24],"tags":[1946,227,32,1030,1786],"class_list":["post-459671","post","type-post","status-publish","format-standard","has-post-thumbnail","hentry","category-desporto","category-futebol","tag-benfica","tag-campeonato","tag-futebol","tag-futebol-feminino","tag-liga"],"yoast_head":"<!-- This site is optimized with the Yoast SEO plugin v27.2 - https:\/\/yoast.com\/product\/yoast-seo-wordpress\/ -->\n<title>D\u00e9rbi sela a consagra\u00e7\u00e3o do Benfica como hexacampe\u00e3o feminino - Portal Tela Portugal<\/title>\n<meta name=\"robots\" content=\"index, follow, max-snippet:-1, max-image-preview:large, max-video-preview:-1\" \/>\n<meta property=\"og:locale\" content=\"pt_PT\" \/>\n<meta property=\"og:type\" content=\"article\" \/>\n<meta property=\"og:title\" content=\"D\u00e9rbi sela a consagra\u00e7\u00e3o do Benfica como hexacampe\u00e3o feminino - Portal Tela Portugal\" \/>\n<meta property=\"og:description\" content=\"O D\u00e9rbi \u00e9 descrito como o momento de consagra\u00e7\u00e3o do Benfica no futebol feminino, que conquista o t\u00edtulo hexacampe\u00e3o. Benfica \u00e9 hexacampe\u00e3o feminino de futebol. O D\u00e9rbi fica marcado como marco de celebra\u00e7\u00e3o para a equipa. O conte\u00fado completo da not\u00edcia est\u00e1 dispon\u00edvel apenas para subscritores. Fonte: Lusa.\" \/>\n<meta property=\"og:url\" content=\"https:\/\/portaltela.pt\/noticias\/2026\/04\/28\/derbi-sela-a-consagracao-do-benfica-como-hexacampeao-feminino\/\" \/>\n<meta property=\"og:site_name\" content=\"Portal Tela Portugal\" \/>\n<meta property=\"article:published_time\" content=\"2026-04-28T12:33:18+00:00\" \/>\n<meta name=\"author\" content=\"Telinha\" \/>\n<meta name=\"twitter:card\" content=\"summary_large_image\" \/>\n<meta name=\"twitter:label1\" content=\"Escrito por\" \/>\n\t<meta name=\"twitter:data1\" content=\"Telinha\" \/>\n\t<meta name=\"twitter:label2\" content=\"Tempo estimado de leitura\" \/>\n\t<meta name=\"twitter:data2\" content=\"1 minuto\" \/>\n<script type=\"application\/ld+json\" class=\"yoast-schema-graph\">{\"@context\":\"https:\/\/schema.org\",\"@graph\":[{\"@type\":\"Article\",\"@id\":\"https:\/\/portaltela.pt\/noticias\/2026\/04\/28\/derbi-sela-a-consagracao-do-benfica-como-hexacampeao-feminino\/#article\",\"isPartOf\":{\"@id\":\"https:\/\/portaltela.pt\/noticias\/2026\/04\/28\/derbi-sela-a-consagracao-do-benfica-como-hexacampeao-feminino\/\"},\"author\":{\"name\":\"Telinha\",\"@id\":\"https:\/\/portaltela.pt\/#\/schema\/person\/c4278d4a6028830caff9ee44b42d32ed\"},\"headline\":\"D\u00e9rbi sela a consagra\u00e7\u00e3o do Benfica como hexacampe\u00e3o feminino\",\"datePublished\":\"2026-04-28T12:33:18+00:00\",\"mainEntityOfPage\":{\"@id\":\"https:\/\/portaltela.pt\/noticias\/2026\/04\/28\/derbi-sela-a-consagracao-do-benfica-como-hexacampeao-feminino\/\"},\"wordCount\":152,\"image\":{\"@id\":\"https:\/\/portaltela.pt\/noticias\/2026\/04\/28\/derbi-sela-a-consagracao-do-benfica-como-hexacampeao-feminino\/#primaryimage\"},\"thumbnailUrl\":\"https:\/\/portaltela.pt\/s.01k8rhncp4jt1\/2026\/04\/CACHE_780X1200_ANALOG_WATERMARKED_47007468_5905788_28042026011422.jpg\",\"keywords\":[\"Benfica\",\"campeonato\",\"futebol\",\"futebol feminino\",\"Liga\"],\"articleSection\":[\"Desporto\",\"Futebol\"],\"inLanguage\":\"pt-PT\"},{\"@type\":\"WebPage\",\"@id\":\"https:\/\/portaltela.pt\/noticias\/2026\/04\/28\/derbi-sela-a-consagracao-do-benfica-como-hexacampeao-feminino\/\",\"url\":\"https:\/\/portaltela.pt\/noticias\/2026\/04\/28\/derbi-sela-a-consagracao-do-benfica-como-hexacampeao-feminino\/\",\"name\":\"D\u00e9rbi sela a consagra\u00e7\u00e3o do Benfica como hexacampe\u00e3o feminino - Portal Tela Portugal\",\"isPartOf\":{\"@id\":\"https:\/\/portaltela.pt\/#website\"},\"primaryImageOfPage\":{\"@id\":\"https:\/\/portaltela.pt\/noticias\/2026\/04\/28\/derbi-sela-a-consagracao-do-benfica-como-hexacampeao-feminino\/#primaryimage\"},\"image\":{\"@id\":\"https:\/\/portaltela.pt\/noticias\/2026\/04\/28\/derbi-sela-a-consagracao-do-benfica-como-hexacampeao-feminino\/#primaryimage\"},\"thumbnailUrl\":\"https:\/\/portaltela.pt\/s.01k8rhncp4jt1\/2026\/04\/CACHE_780X1200_ANALOG_WATERMARKED_47007468_5905788_28042026011422.jpg\",\"datePublished\":\"2026-04-28T12:33:18+00:00\",\"author\":{\"@id\":\"https:\/\/portaltela.pt\/#\/schema\/person\/c4278d4a6028830caff9ee44b42d32ed\"},\"breadcrumb\":{\"@id\":\"https:\/\/portaltela.pt\/noticias\/2026\/04\/28\/derbi-sela-a-consagracao-do-benfica-como-hexacampeao-feminino\/#breadcrumb\"},\"inLanguage\":\"pt-PT\",\"potentialAction\":[{\"@type\":\"ReadAction\",\"target\":[\"https:\/\/portaltela.pt\/noticias\/2026\/04\/28\/derbi-sela-a-consagracao-do-benfica-como-hexacampeao-feminino\/\"]}]},{\"@type\":\"ImageObject\",\"inLanguage\":\"pt-PT\",\"@id\":\"https:\/\/portaltela.pt\/noticias\/2026\/04\/28\/derbi-sela-a-consagracao-do-benfica-como-hexacampeao-feminino\/#primaryimage\",\"url\":\"https:\/\/portaltela.pt\/s.01k8rhncp4jt1\/2026\/04\/CACHE_780X1200_ANALOG_WATERMARKED_47007468_5905788_28042026011422.jpg\",\"contentUrl\":\"https:\/\/portaltela.pt\/s.01k8rhncp4jt1\/2026\/04\/CACHE_780X1200_ANALOG_WATERMARKED_47007468_5905788_28042026011422.jpg\",\"width\":796,\"height\":448,\"caption\":\"D\u00e9rbi \u00e9 momento de consagra\u00e7\u00e3o para Benfica hexacampe\u00e3o feminino de futebol\"},{\"@type\":\"BreadcrumbList\",\"@id\":\"https:\/\/portaltela.pt\/noticias\/2026\/04\/28\/derbi-sela-a-consagracao-do-benfica-como-hexacampeao-feminino\/#breadcrumb\",\"itemListElement\":[{\"@type\":\"ListItem\",\"position\":1,\"name\":\"In\u00edcio\",\"item\":\"https:\/\/portaltela.pt\/\"},{\"@type\":\"ListItem\",\"position\":2,\"name\":\"D\u00e9rbi sela a consagra\u00e7\u00e3o do Benfica como hexacampe\u00e3o feminino\"}]},{\"@type\":\"WebSite\",\"@id\":\"https:\/\/portaltela.pt\/#website\",\"url\":\"https:\/\/portaltela.pt\/\",\"name\":\"Portal Tela Portugal\",\"description\":\"\",\"potentialAction\":[{\"@type\":\"SearchAction\",\"target\":{\"@type\":\"EntryPoint\",\"urlTemplate\":\"https:\/\/portaltela.pt\/?s={search_term_string}\"},\"query-input\":{\"@type\":\"PropertyValueSpecification\",\"valueRequired\":true,\"valueName\":\"search_term_string\"}}],\"inLanguage\":\"pt-PT\"},{\"@type\":\"Person\",\"@id\":\"https:\/\/portaltela.pt\/#\/schema\/person\/c4278d4a6028830caff9ee44b42d32ed\",\"name\":\"Telinha\",\"image\":{\"@type\":\"ImageObject\",\"inLanguage\":\"pt-PT\",\"@id\":\"https:\/\/portaltela.pt\/s.01k8rhncp4jt1\/2025\/11\/talking-bot-125x125.png\",\"url\":\"https:\/\/portaltela.pt\/s.01k8rhncp4jt1\/2025\/11\/talking-bot-125x125.png\",\"contentUrl\":\"https:\/\/portaltela.pt\/s.01k8rhncp4jt1\/2025\/11\/talking-bot-125x125.png\",\"caption\":\"Telinha\"},\"sameAs\":[\"https:\/\/portaltela.pt\/\"],\"url\":\"https:\/\/portaltela.pt\/por\/367410592786\/\"}]}<\/script>\n<!-- \/ Yoast SEO plugin. -->","yoast_head_json":{"title":"D\u00e9rbi sela a consagra\u00e7\u00e3o do Benfica como hexacampe\u00e3o feminino - Portal Tela Portugal","robots":{"index":"index","follow":"follow","max-snippet":"max-snippet:-1","max-image-preview":"max-image-preview:large","max-video-preview":"max-video-preview:-1"},"og_locale":"pt_PT","og_type":"article","og_title":"D\u00e9rbi sela a consagra\u00e7\u00e3o do Benfica como hexacampe\u00e3o feminino - Portal Tela Portugal","og_description":"O D\u00e9rbi \u00e9 descrito como o momento de consagra\u00e7\u00e3o do Benfica no futebol feminino, que conquista o t\u00edtulo hexacampe\u00e3o. Benfica \u00e9 hexacampe\u00e3o feminino de futebol. O D\u00e9rbi fica marcado como marco de celebra\u00e7\u00e3o para a equipa. O conte\u00fado completo da not\u00edcia est\u00e1 dispon\u00edvel apenas para subscritores. Fonte: Lusa.","og_url":"https:\/\/portaltela.pt\/noticias\/2026\/04\/28\/derbi-sela-a-consagracao-do-benfica-como-hexacampeao-feminino\/","og_site_name":"Portal Tela Portugal","article_published_time":"2026-04-28T12:33:18+00:00","author":"Telinha","twitter_card":"summary_large_image","twitter_misc":{"Escrito por":"Telinha","Tempo estimado de leitura":"1 minuto"},"schema":{"@context":"https:\/\/schema.org","@graph":[{"@type":"Article","@id":"https:\/\/portaltela.pt\/noticias\/2026\/04\/28\/derbi-sela-a-consagracao-do-benfica-como-hexacampeao-feminino\/#article","isPartOf":{"@id":"https:\/\/portaltela.pt\/noticias\/2026\/04\/28\/derbi-sela-a-consagracao-do-benfica-como-hexacampeao-feminino\/"},"author":{"name":"Telinha","@id":"https:\/\/portaltela.pt\/#\/schema\/person\/c4278d4a6028830caff9ee44b42d32ed"},"headline":"D\u00e9rbi sela a consagra\u00e7\u00e3o do Benfica como hexacampe\u00e3o feminino","datePublished":"2026-04-28T12:33:18+00:00","mainEntityOfPage":{"@id":"https:\/\/portaltela.pt\/noticias\/2026\/04\/28\/derbi-sela-a-consagracao-do-benfica-como-hexacampeao-feminino\/"},"wordCount":152,"image":{"@id":"https:\/\/portaltela.pt\/noticias\/2026\/04\/28\/derbi-sela-a-consagracao-do-benfica-como-hexacampeao-feminino\/#primaryimage"},"thumbnailUrl":"https:\/\/portaltela.pt\/s.01k8rhncp4jt1\/2026\/04\/CACHE_780X1200_ANALOG_WATERMARKED_47007468_5905788_28042026011422.jpg","keywords":["Benfica","campeonato","futebol","futebol feminino","Liga"],"articleSection":["Desporto","Futebol"],"inLanguage":"pt-PT"},{"@type":"WebPage","@id":"https:\/\/portaltela.pt\/noticias\/2026\/04\/28\/derbi-sela-a-consagracao-do-benfica-como-hexacampeao-feminino\/","url":"https:\/\/portaltela.pt\/noticias\/2026\/04\/28\/derbi-sela-a-consagracao-do-benfica-como-hexacampeao-feminino\/","name":"D\u00e9rbi sela a consagra\u00e7\u00e3o do Benfica como hexacampe\u00e3o feminino - Portal Tela Portugal","isPartOf":{"@id":"https:\/\/portaltela.pt\/#website"},"primaryImageOfPage":{"@id":"https:\/\/portaltela.pt\/noticias\/2026\/04\/28\/derbi-sela-a-consagracao-do-benfica-como-hexacampeao-feminino\/#primaryimage"},"image":{"@id":"https:\/\/portaltela.pt\/noticias\/2026\/04\/28\/derbi-sela-a-consagracao-do-benfica-como-hexacampeao-feminino\/#primaryimage"},"thumbnailUrl":"https:\/\/portaltela.pt\/s.01k8rhncp4jt1\/2026\/04\/CACHE_780X1200_ANALOG_WATERMARKED_47007468_5905788_28042026011422.jpg","datePublished":"2026-04-28T12:33:18+00:00","author":{"@id":"https:\/\/portaltela.pt\/#\/schema\/person\/c4278d4a6028830caff9ee44b42d32ed"},"breadcrumb":{"@id":"https:\/\/portaltela.pt\/noticias\/2026\/04\/28\/derbi-sela-a-consagracao-do-benfica-como-hexacampeao-feminino\/#breadcrumb"},"inLanguage":"pt-PT","potentialAction":[{"@type":"ReadAction","target":["https:\/\/portaltela.pt\/noticias\/2026\/04\/28\/derbi-sela-a-consagracao-do-benfica-como-hexacampeao-feminino\/"]}]},{"@type":"ImageObject","inLanguage":"pt-PT","@id":"https:\/\/portaltela.pt\/noticias\/2026\/04\/28\/derbi-sela-a-consagracao-do-benfica-como-hexacampeao-feminino\/#primaryimage","url":"https:\/\/portaltela.pt\/s.01k8rhncp4jt1\/2026\/04\/CACHE_780X1200_ANALOG_WATERMARKED_47007468_5905788_28042026011422.jpg","contentUrl":"https:\/\/portaltela.pt\/s.01k8rhncp4jt1\/2026\/04\/CACHE_780X1200_ANALOG_WATERMARKED_47007468_5905788_28042026011422.jpg","width":796,"height":448,"caption":"D\u00e9rbi \u00e9 momento de consagra\u00e7\u00e3o para Benfica hexacampe\u00e3o feminino de futebol"},{"@type":"BreadcrumbList","@id":"https:\/\/portaltela.pt\/noticias\/2026\/04\/28\/derbi-sela-a-consagracao-do-benfica-como-hexacampeao-feminino\/#breadcrumb","itemListElement":[{"@type":"ListItem","position":1,"name":"In\u00edcio","item":"https:\/\/portaltela.pt\/"},{"@type":"ListItem","position":2,"name":"D\u00e9rbi sela a consagra\u00e7\u00e3o do Benfica como hexacampe\u00e3o feminino"}]},{"@type":"WebSite","@id":"https:\/\/portaltela.pt\/#website","url":"https:\/\/portaltela.pt\/","name":"Portal Tela Portugal","description":"","potentialAction":[{"@type":"SearchAction","target":{"@type":"EntryPoint","urlTemplate":"https:\/\/portaltela.pt\/?s={search_term_string}"},"query-input":{"@type":"PropertyValueSpecification","valueRequired":true,"valueName":"search_term_string"}}],"inLanguage":"pt-PT"},{"@type":"Person","@id":"https:\/\/portaltela.pt\/#\/schema\/person\/c4278d4a6028830caff9ee44b42d32ed","name":"Telinha","image":{"@type":"ImageObject","inLanguage":"pt-PT","@id":"https:\/\/portaltela.pt\/s.01k8rhncp4jt1\/2025\/11\/talking-bot-125x125.png","url":"https:\/\/portaltela.pt\/s.01k8rhncp4jt1\/2025\/11\/talking-bot-125x125.png","contentUrl":"https:\/\/portaltela.pt\/s.01k8rhncp4jt1\/2025\/11\/talking-bot-125x125.png","caption":"Telinha"},"sameAs":["https:\/\/portaltela.pt\/"],"url":"https:\/\/portaltela.pt\/por\/367410592786\/"}]}},"_links":{"self":[{"href":"https:\/\/portaltela.pt\/api\/wp\/v2\/posts\/459671","targetHints":{"allow":["GET"]}}],"collection":[{"href":"https:\/\/portaltela.pt\/api\/wp\/v2\/posts"}],"about":[{"href":"https:\/\/portaltela.pt\/api\/wp\/v2\/types\/post"}],"author":[{"embeddable":true,"href":"https:\/\/portaltela.pt\/api\/wp\/v2\/users\/2"}],"replies":[{"embeddable":true,"href":"https:\/\/portaltela.pt\/api\/wp\/v2\/comments?post=459671"}],"version-history":[{"count":0,"href":"https:\/\/portaltela.pt\/api\/wp\/v2\/posts\/459671\/revisions"}],"wp:featuredmedia":[{"embeddable":true,"href":"https:\/\/portaltela.pt\/api\/wp\/v2\/media\/459673"}],"wp:attachment":[{"href":"https:\/\/portaltela.pt\/api\/wp\/v2\/media?parent=459671"}],"wp:term":[{"taxonomy":"category","embeddable":true,"href":"https:\/\/portaltela.pt\/api\/wp\/v2\/categories?post=459671"},{"taxonomy":"post_tag","embeddable":true,"href":"https:\/\/portaltela.pt\/api\/wp\/v2\/tags?post=459671"}],"curies":[{"name":"wp","href":"https:\/\/api.w.org\/{rel}","templated":true}]}}