{"id":459669,"date":"2026-04-28T09:30:00","date_gmt":"2026-04-28T12:30:00","guid":{"rendered":"https:\/\/portaltela.pt\/noticias\/2026\/04\/28\/parlamento-europeu-aprova-200-mil-milhoes-no-orcamento-da-ue-ate-2034-2\/"},"modified":"2026-04-28T09:30:00","modified_gmt":"2026-04-28T12:30:00","slug":"parlamento-europeu-aprova-200-mil-milhoes-no-orcamento-da-ue-ate-2034-2","status":"publish","type":"post","link":"https:\/\/portaltela.pt\/noticias\/economia\/2026\/04\/28\/parlamento-europeu-aprova-200-mil-milhoes-no-orcamento-da-ue-ate-2034-2\/","title":{"rendered":"Parlamento Europeu aprova 200 mil milh\u00f5es no or\u00e7amento da UE at\u00e9 2034"},"content":{"rendered":"<p>O Parlamento Europeu aprovou uma exig\u00eancia de mais 200 mil milh\u00f5es de euros para o or\u00e7amento da UE at\u00e9 2034. A medida representa um refor\u00e7o do financiamento para o per\u00edodo descrito.<\/p>\n<p>Participam nesta decis\u00e3o os membros do Parlamento Europeu e representantes das institui\u00e7\u00f5es da UE, que seguiram a proposta de amplia\u00e7\u00e3o or\u00e7amental apresentada.<\/p>\n<p>Detalhes adicionais, como data exata da vota\u00e7\u00e3o, local da sess\u00e3o e motiva\u00e7\u00f5es espec\u00edficas, n\u00e3o est\u00e3o dispon\u00edveis no conte\u00fado fornecido. As informa\u00e7\u00f5es atuais limitam-se ao valor e ao prazo definidos.<\/p>\n","protected":false},"excerpt":{"rendered":"<ul>\n<li>O Parlamento Europeu aprovou uma exig\u00eancia de aumento de 200 mil ME no or\u00e7amento da Uni\u00e3o Europeia at\u00e9 2034.<\/li>\n<li>A medida pretende ampliar a dota\u00e7\u00e3o or\u00e7amental para o per\u00edodo indicado.<\/li>\n<li>O conte\u00fado completo est\u00e1 dispon\u00edvel apenas para subscritores.<\/li>\n<li>N\u00e3o foram detalhadas, nesta nota, as fontes ou a reparti\u00e7\u00e3o espec\u00edfica dos fundos.<\/li>\n<\/ul>\n","protected":false},"author":2,"featured_media":459670,"comment_status":"closed","ping_status":"closed","sticky":false,"template":"","format":"standard","meta":{"footnotes":""},"categories":[2,7383],"tags":[28,2417,316,6000,7153,2055],"class_list":["post-459669","post","type-post","status-publish","format-standard","has-post-thumbnail","hentry","category-economia","category-orcamento","tag-economia","tag-financiamento","tag-investimento","tag-orcamento","tag-parlamento-europeu","tag-uniao-europeia"],"yoast_head":"<!-- This site is optimized with the Yoast SEO plugin v27.2 - https:\/\/yoast.com\/product\/yoast-seo-wordpress\/ -->\n<title>Parlamento Europeu aprova 200 mil milh\u00f5es no or\u00e7amento da UE at\u00e9 2034 - Portal Tela Portugal<\/title>\n<meta name=\"robots\" content=\"index, follow, max-snippet:-1, max-image-preview:large, max-video-preview:-1\" \/>\n<meta property=\"og:locale\" content=\"pt_PT\" \/>\n<meta property=\"og:type\" content=\"article\" \/>\n<meta property=\"og:title\" content=\"Parlamento Europeu aprova 200 mil milh\u00f5es no or\u00e7amento da UE at\u00e9 2034 - Portal Tela Portugal\" \/>\n<meta property=\"og:description\" content=\"O Parlamento Europeu aprovou uma exig\u00eancia de aumento de 200 mil ME no or\u00e7amento da Uni\u00e3o Europeia at\u00e9 2034. A medida pretende ampliar a dota\u00e7\u00e3o or\u00e7amental para o per\u00edodo indicado. O conte\u00fado completo est\u00e1 dispon\u00edvel apenas para subscritores. N\u00e3o foram detalhadas, nesta nota, as fontes ou a reparti\u00e7\u00e3o espec\u00edfica dos fundos.\" \/>\n<meta property=\"og:url\" content=\"https:\/\/portaltela.pt\/noticias\/2026\/04\/28\/parlamento-europeu-aprova-200-mil-milhoes-no-orcamento-da-ue-ate-2034-2\/\" \/>\n<meta property=\"og:site_name\" content=\"Portal Tela Portugal\" \/>\n<meta property=\"article:published_time\" content=\"2026-04-28T12:30:00+00:00\" \/>\n<meta name=\"author\" content=\"Telinha\" \/>\n<meta name=\"twitter:card\" content=\"summary_large_image\" \/>\n<meta name=\"twitter:label1\" content=\"Escrito por\" \/>\n\t<meta name=\"twitter:data1\" content=\"Telinha\" \/>\n<script type=\"application\/ld+json\" class=\"yoast-schema-graph\">{\"@context\":\"https:\/\/schema.org\",\"@graph\":[{\"@type\":\"Article\",\"@id\":\"https:\/\/portaltela.pt\/noticias\/2026\/04\/28\/parlamento-europeu-aprova-200-mil-milhoes-no-orcamento-da-ue-ate-2034-2\/#article\",\"isPartOf\":{\"@id\":\"https:\/\/portaltela.pt\/noticias\/2026\/04\/28\/parlamento-europeu-aprova-200-mil-milhoes-no-orcamento-da-ue-ate-2034-2\/\"},\"author\":{\"name\":\"Telinha\",\"@id\":\"https:\/\/portaltela.pt\/#\/schema\/person\/c4278d4a6028830caff9ee44b42d32ed\"},\"headline\":\"Parlamento Europeu aprova 200 mil milh\u00f5es no or\u00e7amento da UE at\u00e9 2034\",\"datePublished\":\"2026-04-28T12:30:00+00:00\",\"mainEntityOfPage\":{\"@id\":\"https:\/\/portaltela.pt\/noticias\/2026\/04\/28\/parlamento-europeu-aprova-200-mil-milhoes-no-orcamento-da-ue-ate-2034-2\/\"},\"wordCount\":110,\"image\":{\"@id\":\"https:\/\/portaltela.pt\/noticias\/2026\/04\/28\/parlamento-europeu-aprova-200-mil-milhoes-no-orcamento-da-ue-ate-2034-2\/#primaryimage\"},\"thumbnailUrl\":\"https:\/\/portaltela.pt\/s.01k8rhncp4jt1\/2026\/04\/CACHE_780X1200_ANALOG_WATERMARKED_47007868_456172916465889.jpg\",\"keywords\":[\"economia\",\"financiamento\",\"investimento\",\"or\u00e7amento\",\"Parlamento Europeu\",\"Uni\u00e3o Europeia\"],\"articleSection\":[\"Economia\",\"Or\u00e7amento\"],\"inLanguage\":\"pt-PT\"},{\"@type\":\"WebPage\",\"@id\":\"https:\/\/portaltela.pt\/noticias\/2026\/04\/28\/parlamento-europeu-aprova-200-mil-milhoes-no-orcamento-da-ue-ate-2034-2\/\",\"url\":\"https:\/\/portaltela.pt\/noticias\/2026\/04\/28\/parlamento-europeu-aprova-200-mil-milhoes-no-orcamento-da-ue-ate-2034-2\/\",\"name\":\"Parlamento Europeu aprova 200 mil milh\u00f5es no or\u00e7amento da UE at\u00e9 2034 - Portal Tela Portugal\",\"isPartOf\":{\"@id\":\"https:\/\/portaltela.pt\/#website\"},\"primaryImageOfPage\":{\"@id\":\"https:\/\/portaltela.pt\/noticias\/2026\/04\/28\/parlamento-europeu-aprova-200-mil-milhoes-no-orcamento-da-ue-ate-2034-2\/#primaryimage\"},\"image\":{\"@id\":\"https:\/\/portaltela.pt\/noticias\/2026\/04\/28\/parlamento-europeu-aprova-200-mil-milhoes-no-orcamento-da-ue-ate-2034-2\/#primaryimage\"},\"thumbnailUrl\":\"https:\/\/portaltela.pt\/s.01k8rhncp4jt1\/2026\/04\/CACHE_780X1200_ANALOG_WATERMARKED_47007868_456172916465889.jpg\",\"datePublished\":\"2026-04-28T12:30:00+00:00\",\"author\":{\"@id\":\"https:\/\/portaltela.pt\/#\/schema\/person\/c4278d4a6028830caff9ee44b42d32ed\"},\"breadcrumb\":{\"@id\":\"https:\/\/portaltela.pt\/noticias\/2026\/04\/28\/parlamento-europeu-aprova-200-mil-milhoes-no-orcamento-da-ue-ate-2034-2\/#breadcrumb\"},\"inLanguage\":\"pt-PT\",\"potentialAction\":[{\"@type\":\"ReadAction\",\"target\":[\"https:\/\/portaltela.pt\/noticias\/2026\/04\/28\/parlamento-europeu-aprova-200-mil-milhoes-no-orcamento-da-ue-ate-2034-2\/\"]}]},{\"@type\":\"ImageObject\",\"inLanguage\":\"pt-PT\",\"@id\":\"https:\/\/portaltela.pt\/noticias\/2026\/04\/28\/parlamento-europeu-aprova-200-mil-milhoes-no-orcamento-da-ue-ate-2034-2\/#primaryimage\",\"url\":\"https:\/\/portaltela.pt\/s.01k8rhncp4jt1\/2026\/04\/CACHE_780X1200_ANALOG_WATERMARKED_47007868_456172916465889.jpg\",\"contentUrl\":\"https:\/\/portaltela.pt\/s.01k8rhncp4jt1\/2026\/04\/CACHE_780X1200_ANALOG_WATERMARKED_47007868_456172916465889.jpg\",\"width\":768,\"height\":465,\"caption\":\"Parlamento Europeu aprova exig\u00eancia de mais 200 mil ME em or\u00e7amento da UE at\u00e9 2034\"},{\"@type\":\"BreadcrumbList\",\"@id\":\"https:\/\/portaltela.pt\/noticias\/2026\/04\/28\/parlamento-europeu-aprova-200-mil-milhoes-no-orcamento-da-ue-ate-2034-2\/#breadcrumb\",\"itemListElement\":[{\"@type\":\"ListItem\",\"position\":1,\"name\":\"In\u00edcio\",\"item\":\"https:\/\/portaltela.pt\/\"},{\"@type\":\"ListItem\",\"position\":2,\"name\":\"Parlamento Europeu aprova 200 mil milh\u00f5es no or\u00e7amento da UE at\u00e9 2034\"}]},{\"@type\":\"WebSite\",\"@id\":\"https:\/\/portaltela.pt\/#website\",\"url\":\"https:\/\/portaltela.pt\/\",\"name\":\"Portal Tela Portugal\",\"description\":\"\",\"potentialAction\":[{\"@type\":\"SearchAction\",\"target\":{\"@type\":\"EntryPoint\",\"urlTemplate\":\"https:\/\/portaltela.pt\/?s={search_term_string}\"},\"query-input\":{\"@type\":\"PropertyValueSpecification\",\"valueRequired\":true,\"valueName\":\"search_term_string\"}}],\"inLanguage\":\"pt-PT\"},{\"@type\":\"Person\",\"@id\":\"https:\/\/portaltela.pt\/#\/schema\/person\/c4278d4a6028830caff9ee44b42d32ed\",\"name\":\"Telinha\",\"image\":{\"@type\":\"ImageObject\",\"inLanguage\":\"pt-PT\",\"@id\":\"https:\/\/portaltela.pt\/s.01k8rhncp4jt1\/2025\/11\/talking-bot-125x125.png\",\"url\":\"https:\/\/portaltela.pt\/s.01k8rhncp4jt1\/2025\/11\/talking-bot-125x125.png\",\"contentUrl\":\"https:\/\/portaltela.pt\/s.01k8rhncp4jt1\/2025\/11\/talking-bot-125x125.png\",\"caption\":\"Telinha\"},\"sameAs\":[\"https:\/\/portaltela.pt\/\"],\"url\":\"https:\/\/portaltela.pt\/por\/367410592786\/\"}]}<\/script>\n<!-- \/ Yoast SEO plugin. -->","yoast_head_json":{"title":"Parlamento Europeu aprova 200 mil milh\u00f5es no or\u00e7amento da UE at\u00e9 2034 - Portal Tela Portugal","robots":{"index":"index","follow":"follow","max-snippet":"max-snippet:-1","max-image-preview":"max-image-preview:large","max-video-preview":"max-video-preview:-1"},"og_locale":"pt_PT","og_type":"article","og_title":"Parlamento Europeu aprova 200 mil milh\u00f5es no or\u00e7amento da UE at\u00e9 2034 - Portal Tela Portugal","og_description":"O Parlamento Europeu aprovou uma exig\u00eancia de aumento de 200 mil ME no or\u00e7amento da Uni\u00e3o Europeia at\u00e9 2034. A medida pretende ampliar a dota\u00e7\u00e3o or\u00e7amental para o per\u00edodo indicado. O conte\u00fado completo est\u00e1 dispon\u00edvel apenas para subscritores. N\u00e3o foram detalhadas, nesta nota, as fontes ou a reparti\u00e7\u00e3o espec\u00edfica dos fundos.","og_url":"https:\/\/portaltela.pt\/noticias\/2026\/04\/28\/parlamento-europeu-aprova-200-mil-milhoes-no-orcamento-da-ue-ate-2034-2\/","og_site_name":"Portal Tela Portugal","article_published_time":"2026-04-28T12:30:00+00:00","author":"Telinha","twitter_card":"summary_large_image","twitter_misc":{"Escrito por":"Telinha"},"schema":{"@context":"https:\/\/schema.org","@graph":[{"@type":"Article","@id":"https:\/\/portaltela.pt\/noticias\/2026\/04\/28\/parlamento-europeu-aprova-200-mil-milhoes-no-orcamento-da-ue-ate-2034-2\/#article","isPartOf":{"@id":"https:\/\/portaltela.pt\/noticias\/2026\/04\/28\/parlamento-europeu-aprova-200-mil-milhoes-no-orcamento-da-ue-ate-2034-2\/"},"author":{"name":"Telinha","@id":"https:\/\/portaltela.pt\/#\/schema\/person\/c4278d4a6028830caff9ee44b42d32ed"},"headline":"Parlamento Europeu aprova 200 mil milh\u00f5es no or\u00e7amento da UE at\u00e9 2034","datePublished":"2026-04-28T12:30:00+00:00","mainEntityOfPage":{"@id":"https:\/\/portaltela.pt\/noticias\/2026\/04\/28\/parlamento-europeu-aprova-200-mil-milhoes-no-orcamento-da-ue-ate-2034-2\/"},"wordCount":110,"image":{"@id":"https:\/\/portaltela.pt\/noticias\/2026\/04\/28\/parlamento-europeu-aprova-200-mil-milhoes-no-orcamento-da-ue-ate-2034-2\/#primaryimage"},"thumbnailUrl":"https:\/\/portaltela.pt\/s.01k8rhncp4jt1\/2026\/04\/CACHE_780X1200_ANALOG_WATERMARKED_47007868_456172916465889.jpg","keywords":["economia","financiamento","investimento","or\u00e7amento","Parlamento Europeu","Uni\u00e3o Europeia"],"articleSection":["Economia","Or\u00e7amento"],"inLanguage":"pt-PT"},{"@type":"WebPage","@id":"https:\/\/portaltela.pt\/noticias\/2026\/04\/28\/parlamento-europeu-aprova-200-mil-milhoes-no-orcamento-da-ue-ate-2034-2\/","url":"https:\/\/portaltela.pt\/noticias\/2026\/04\/28\/parlamento-europeu-aprova-200-mil-milhoes-no-orcamento-da-ue-ate-2034-2\/","name":"Parlamento Europeu aprova 200 mil milh\u00f5es no or\u00e7amento da UE at\u00e9 2034 - Portal Tela Portugal","isPartOf":{"@id":"https:\/\/portaltela.pt\/#website"},"primaryImageOfPage":{"@id":"https:\/\/portaltela.pt\/noticias\/2026\/04\/28\/parlamento-europeu-aprova-200-mil-milhoes-no-orcamento-da-ue-ate-2034-2\/#primaryimage"},"image":{"@id":"https:\/\/portaltela.pt\/noticias\/2026\/04\/28\/parlamento-europeu-aprova-200-mil-milhoes-no-orcamento-da-ue-ate-2034-2\/#primaryimage"},"thumbnailUrl":"https:\/\/portaltela.pt\/s.01k8rhncp4jt1\/2026\/04\/CACHE_780X1200_ANALOG_WATERMARKED_47007868_456172916465889.jpg","datePublished":"2026-04-28T12:30:00+00:00","author":{"@id":"https:\/\/portaltela.pt\/#\/schema\/person\/c4278d4a6028830caff9ee44b42d32ed"},"breadcrumb":{"@id":"https:\/\/portaltela.pt\/noticias\/2026\/04\/28\/parlamento-europeu-aprova-200-mil-milhoes-no-orcamento-da-ue-ate-2034-2\/#breadcrumb"},"inLanguage":"pt-PT","potentialAction":[{"@type":"ReadAction","target":["https:\/\/portaltela.pt\/noticias\/2026\/04\/28\/parlamento-europeu-aprova-200-mil-milhoes-no-orcamento-da-ue-ate-2034-2\/"]}]},{"@type":"ImageObject","inLanguage":"pt-PT","@id":"https:\/\/portaltela.pt\/noticias\/2026\/04\/28\/parlamento-europeu-aprova-200-mil-milhoes-no-orcamento-da-ue-ate-2034-2\/#primaryimage","url":"https:\/\/portaltela.pt\/s.01k8rhncp4jt1\/2026\/04\/CACHE_780X1200_ANALOG_WATERMARKED_47007868_456172916465889.jpg","contentUrl":"https:\/\/portaltela.pt\/s.01k8rhncp4jt1\/2026\/04\/CACHE_780X1200_ANALOG_WATERMARKED_47007868_456172916465889.jpg","width":768,"height":465,"caption":"Parlamento Europeu aprova exig\u00eancia de mais 200 mil ME em or\u00e7amento da UE at\u00e9 2034"},{"@type":"BreadcrumbList","@id":"https:\/\/portaltela.pt\/noticias\/2026\/04\/28\/parlamento-europeu-aprova-200-mil-milhoes-no-orcamento-da-ue-ate-2034-2\/#breadcrumb","itemListElement":[{"@type":"ListItem","position":1,"name":"In\u00edcio","item":"https:\/\/portaltela.pt\/"},{"@type":"ListItem","position":2,"name":"Parlamento Europeu aprova 200 mil milh\u00f5es no or\u00e7amento da UE at\u00e9 2034"}]},{"@type":"WebSite","@id":"https:\/\/portaltela.pt\/#website","url":"https:\/\/portaltela.pt\/","name":"Portal Tela Portugal","description":"","potentialAction":[{"@type":"SearchAction","target":{"@type":"EntryPoint","urlTemplate":"https:\/\/portaltela.pt\/?s={search_term_string}"},"query-input":{"@type":"PropertyValueSpecification","valueRequired":true,"valueName":"search_term_string"}}],"inLanguage":"pt-PT"},{"@type":"Person","@id":"https:\/\/portaltela.pt\/#\/schema\/person\/c4278d4a6028830caff9ee44b42d32ed","name":"Telinha","image":{"@type":"ImageObject","inLanguage":"pt-PT","@id":"https:\/\/portaltela.pt\/s.01k8rhncp4jt1\/2025\/11\/talking-bot-125x125.png","url":"https:\/\/portaltela.pt\/s.01k8rhncp4jt1\/2025\/11\/talking-bot-125x125.png","contentUrl":"https:\/\/portaltela.pt\/s.01k8rhncp4jt1\/2025\/11\/talking-bot-125x125.png","caption":"Telinha"},"sameAs":["https:\/\/portaltela.pt\/"],"url":"https:\/\/portaltela.pt\/por\/367410592786\/"}]}},"_links":{"self":[{"href":"https:\/\/portaltela.pt\/api\/wp\/v2\/posts\/459669","targetHints":{"allow":["GET"]}}],"collection":[{"href":"https:\/\/portaltela.pt\/api\/wp\/v2\/posts"}],"about":[{"href":"https:\/\/portaltela.pt\/api\/wp\/v2\/types\/post"}],"author":[{"embeddable":true,"href":"https:\/\/portaltela.pt\/api\/wp\/v2\/users\/2"}],"replies":[{"embeddable":true,"href":"https:\/\/portaltela.pt\/api\/wp\/v2\/comments?post=459669"}],"version-history":[{"count":0,"href":"https:\/\/portaltela.pt\/api\/wp\/v2\/posts\/459669\/revisions"}],"wp:featuredmedia":[{"embeddable":true,"href":"https:\/\/portaltela.pt\/api\/wp\/v2\/media\/459670"}],"wp:attachment":[{"href":"https:\/\/portaltela.pt\/api\/wp\/v2\/media?parent=459669"}],"wp:term":[{"taxonomy":"category","embeddable":true,"href":"https:\/\/portaltela.pt\/api\/wp\/v2\/categories?post=459669"},{"taxonomy":"post_tag","embeddable":true,"href":"https:\/\/portaltela.pt\/api\/wp\/v2\/tags?post=459669"}],"curies":[{"name":"wp","href":"https:\/\/api.w.org\/{rel}","templated":true}]}}