{"id":459651,"date":"2026-04-28T09:18:08","date_gmt":"2026-04-28T12:18:08","guid":{"rendered":"https:\/\/portaltela.pt\/noticias\/2026\/04\/28\/rui-borges-comenta-lesoes-nao-vou-dizer-que-nao-fomos-condicionados\/"},"modified":"2026-04-28T09:18:08","modified_gmt":"2026-04-28T12:18:08","slug":"rui-borges-comenta-lesoes-nao-vou-dizer-que-nao-fomos-condicionados","status":"publish","type":"post","link":"https:\/\/portaltela.pt\/desporto\/futebol\/2026\/04\/28\/rui-borges-comenta-lesoes-nao-vou-dizer-que-nao-fomos-condicionados\/","title":{"rendered":"Rui Borges comenta les\u00f5es: n\u00e3o vou dizer que n\u00e3o fomos condicionados"},"content":{"rendered":"<p>Rui Borges falou ontem, em confer\u00eancia de imprensa, sobre as les\u00f5es no plantel do Sporting, a menos de 24 horas da rece\u00e7\u00e3o ao Tondela, jogo em atraso da 26.\u00aa jornada. O encontro decorre em Alvalade e visa esclarecer como as aus\u00eancias afetam a equipa e as op\u00e7\u00f5es para o encontro.<\/p>\n<p>O treinador enfatizou que a situa\u00e7\u00e3o est\u00e1 a ocupar grande parte das aten\u00e7\u00f5es no clube, sem deixar de reconhecer o impacto das les\u00f5es no planeamento. Reiterou a necessidade de lidar com as limita\u00e7\u00f5es atuais e de manter o foco nos pr\u00f3ximos passos da temporada.<\/p>\n<p>Borges abordou ainda a perce\u00e7\u00e3o externa sobre as condi\u00e7\u00f5es da equipa, recorrendo a uma imagem de um adepto em casa, com uma cerveja e uma sandes mista na m\u00e3o, para ilustrar a forma como o p\u00fablico acompanha e reage \u00e0 evolu\u00e7\u00e3o das les\u00f5es e das escolhas t\u00e9cnicas.<\/p>\n<p>At\u00e9 ao momento, n\u00e3o foram divulgadas altera\u00e7\u00f5es espec\u00edficas \u00e0 convocat\u00f3ria nem detalhes sobre o estado cl\u00ednico de cada jogador. O Sporting pretende manter o rumo competitivo, assegurando uma resposta eficaz diante do atraso da jornada.<\/p>\n","protected":false},"excerpt":{"rendered":"<ul>\n<li>Na v\u00e9spera de receber o Tondela, em jogo em atraso da 26.\u00aa jornada, Rui Borges falou sobre as les\u00f5es no Sporting numa confer\u00eancia de imprensa.<\/li>\n<li>Disse que n\u00e3o vai \u201cestar aqui a ser maluquinho\u201d a dizer que as les\u00f5es n\u00e3o condicionam a equipa, nem que \u00e9 o maior.<\/li>\n<li>O t\u00e9cnico abordou ainda o tema das escolhas dos adeptos, descrevendo o p\u00fablico como aquilo que \u00e9: o adepto \u00e9 o adepto, em casa, com uma cervejinha e uma sandes mista na m\u00e3o.<\/li>\n<li>O foco manteve-se na prepara\u00e7\u00e3o para o jogo frente ao Tondela, sem explana\u00e7\u00f5es sobre casos individuais ou hip\u00f3teses para o onze inicial.<\/li>\n<\/ul>\n","protected":false},"author":2,"featured_media":459660,"comment_status":"closed","ping_status":"closed","sticky":false,"template":"","format":"standard","meta":{"footnotes":""},"categories":[21,24],"tags":[4143,1650,32,2538,1652,2477],"class_list":["post-459651","post","type-post","status-publish","format-standard","has-post-thumbnail","hentry","category-desporto","category-futebol","tag-1-liga","tag-conferencia","tag-futebol","tag-lesoes","tag-sporting","tag-treinadores"],"yoast_head":"<!-- This site is optimized with the Yoast SEO plugin v27.2 - https:\/\/yoast.com\/product\/yoast-seo-wordpress\/ -->\n<title>Rui Borges comenta les\u00f5es: n\u00e3o vou dizer que n\u00e3o fomos condicionados - Portal Tela Portugal<\/title>\n<meta name=\"robots\" content=\"index, follow, max-snippet:-1, max-image-preview:large, max-video-preview:-1\" \/>\n<meta property=\"og:locale\" content=\"pt_PT\" \/>\n<meta property=\"og:type\" content=\"article\" \/>\n<meta property=\"og:title\" content=\"Rui Borges comenta les\u00f5es: n\u00e3o vou dizer que n\u00e3o fomos condicionados - Portal Tela Portugal\" \/>\n<meta property=\"og:description\" content=\"Na v\u00e9spera de receber o Tondela, em jogo em atraso da 26.\u00aa jornada, Rui Borges falou sobre as les\u00f5es no Sporting numa confer\u00eancia de imprensa. Disse que n\u00e3o vai \u201cestar aqui a ser maluquinho\u201d a dizer que as les\u00f5es n\u00e3o condicionam a equipa, nem que \u00e9 o maior. O t\u00e9cnico abordou ainda o tema das escolhas dos adeptos, descrevendo o p\u00fablico como aquilo que \u00e9: o adepto \u00e9 o adepto, em casa, com uma cervejinha e uma sandes mista na m\u00e3o. O foco manteve-se na prepara\u00e7\u00e3o para o jogo frente ao Tondela, sem explana\u00e7\u00f5es sobre casos individuais ou hip\u00f3teses para o onze inicial.\" \/>\n<meta property=\"og:url\" content=\"https:\/\/portaltela.pt\/noticias\/2026\/04\/28\/rui-borges-comenta-lesoes-nao-vou-dizer-que-nao-fomos-condicionados\/\" \/>\n<meta property=\"og:site_name\" content=\"Portal Tela Portugal\" \/>\n<meta property=\"article:published_time\" content=\"2026-04-28T12:18:08+00:00\" \/>\n<meta name=\"author\" content=\"Telinha\" \/>\n<meta name=\"twitter:card\" content=\"summary_large_image\" \/>\n<meta name=\"twitter:label1\" content=\"Escrito por\" \/>\n\t<meta name=\"twitter:data1\" content=\"Telinha\" \/>\n\t<meta name=\"twitter:label2\" content=\"Tempo estimado de leitura\" \/>\n\t<meta name=\"twitter:data2\" content=\"1 minuto\" \/>\n<script type=\"application\/ld+json\" class=\"yoast-schema-graph\">{\"@context\":\"https:\/\/schema.org\",\"@graph\":[{\"@type\":\"Article\",\"@id\":\"https:\/\/portaltela.pt\/noticias\/2026\/04\/28\/rui-borges-comenta-lesoes-nao-vou-dizer-que-nao-fomos-condicionados\/#article\",\"isPartOf\":{\"@id\":\"https:\/\/portaltela.pt\/noticias\/2026\/04\/28\/rui-borges-comenta-lesoes-nao-vou-dizer-que-nao-fomos-condicionados\/\"},\"author\":{\"name\":\"Telinha\",\"@id\":\"https:\/\/portaltela.pt\/#\/schema\/person\/c4278d4a6028830caff9ee44b42d32ed\"},\"headline\":\"Rui Borges comenta les\u00f5es: n\u00e3o vou dizer que n\u00e3o fomos condicionados\",\"datePublished\":\"2026-04-28T12:18:08+00:00\",\"mainEntityOfPage\":{\"@id\":\"https:\/\/portaltela.pt\/noticias\/2026\/04\/28\/rui-borges-comenta-lesoes-nao-vou-dizer-que-nao-fomos-condicionados\/\"},\"wordCount\":208,\"image\":{\"@id\":\"https:\/\/portaltela.pt\/noticias\/2026\/04\/28\/rui-borges-comenta-lesoes-nao-vou-dizer-que-nao-fomos-condicionados\/#primaryimage\"},\"thumbnailUrl\":\"https:\/\/portaltela.pt\/s.01k8rhncp4jt1\/2026\/04\/img_1200x721uu2026-04-28-13-08-28-2435710.jpg\",\"keywords\":[\"1. Liga\",\"confer\u00eancia\",\"futebol\",\"les\u00f5es\",\"Sporting\",\"treinadores\"],\"articleSection\":[\"Desporto\",\"Futebol\"],\"inLanguage\":\"pt-PT\"},{\"@type\":\"WebPage\",\"@id\":\"https:\/\/portaltela.pt\/noticias\/2026\/04\/28\/rui-borges-comenta-lesoes-nao-vou-dizer-que-nao-fomos-condicionados\/\",\"url\":\"https:\/\/portaltela.pt\/noticias\/2026\/04\/28\/rui-borges-comenta-lesoes-nao-vou-dizer-que-nao-fomos-condicionados\/\",\"name\":\"Rui Borges comenta les\u00f5es: n\u00e3o vou dizer que n\u00e3o fomos condicionados - Portal Tela Portugal\",\"isPartOf\":{\"@id\":\"https:\/\/portaltela.pt\/#website\"},\"primaryImageOfPage\":{\"@id\":\"https:\/\/portaltela.pt\/noticias\/2026\/04\/28\/rui-borges-comenta-lesoes-nao-vou-dizer-que-nao-fomos-condicionados\/#primaryimage\"},\"image\":{\"@id\":\"https:\/\/portaltela.pt\/noticias\/2026\/04\/28\/rui-borges-comenta-lesoes-nao-vou-dizer-que-nao-fomos-condicionados\/#primaryimage\"},\"thumbnailUrl\":\"https:\/\/portaltela.pt\/s.01k8rhncp4jt1\/2026\/04\/img_1200x721uu2026-04-28-13-08-28-2435710.jpg\",\"datePublished\":\"2026-04-28T12:18:08+00:00\",\"author\":{\"@id\":\"https:\/\/portaltela.pt\/#\/schema\/person\/c4278d4a6028830caff9ee44b42d32ed\"},\"breadcrumb\":{\"@id\":\"https:\/\/portaltela.pt\/noticias\/2026\/04\/28\/rui-borges-comenta-lesoes-nao-vou-dizer-que-nao-fomos-condicionados\/#breadcrumb\"},\"inLanguage\":\"pt-PT\",\"potentialAction\":[{\"@type\":\"ReadAction\",\"target\":[\"https:\/\/portaltela.pt\/noticias\/2026\/04\/28\/rui-borges-comenta-lesoes-nao-vou-dizer-que-nao-fomos-condicionados\/\"]}]},{\"@type\":\"ImageObject\",\"inLanguage\":\"pt-PT\",\"@id\":\"https:\/\/portaltela.pt\/noticias\/2026\/04\/28\/rui-borges-comenta-lesoes-nao-vou-dizer-que-nao-fomos-condicionados\/#primaryimage\",\"url\":\"https:\/\/portaltela.pt\/s.01k8rhncp4jt1\/2026\/04\/img_1200x721uu2026-04-28-13-08-28-2435710.jpg\",\"contentUrl\":\"https:\/\/portaltela.pt\/s.01k8rhncp4jt1\/2026\/04\/img_1200x721uu2026-04-28-13-08-28-2435710.jpg\",\"width\":1200,\"height\":721,\"caption\":\"Rui Borges e as les\u00f5es: \u00abN\u00e3o vou estar aqui a ser maluquinho e a dizer que n\u00e3o nos condicionaram, que sou o maior...\u00bb\"},{\"@type\":\"BreadcrumbList\",\"@id\":\"https:\/\/portaltela.pt\/noticias\/2026\/04\/28\/rui-borges-comenta-lesoes-nao-vou-dizer-que-nao-fomos-condicionados\/#breadcrumb\",\"itemListElement\":[{\"@type\":\"ListItem\",\"position\":1,\"name\":\"In\u00edcio\",\"item\":\"https:\/\/portaltela.pt\/\"},{\"@type\":\"ListItem\",\"position\":2,\"name\":\"Rui Borges comenta les\u00f5es: n\u00e3o vou dizer que n\u00e3o fomos condicionados\"}]},{\"@type\":\"WebSite\",\"@id\":\"https:\/\/portaltela.pt\/#website\",\"url\":\"https:\/\/portaltela.pt\/\",\"name\":\"Portal Tela Portugal\",\"description\":\"\",\"potentialAction\":[{\"@type\":\"SearchAction\",\"target\":{\"@type\":\"EntryPoint\",\"urlTemplate\":\"https:\/\/portaltela.pt\/?s={search_term_string}\"},\"query-input\":{\"@type\":\"PropertyValueSpecification\",\"valueRequired\":true,\"valueName\":\"search_term_string\"}}],\"inLanguage\":\"pt-PT\"},{\"@type\":\"Person\",\"@id\":\"https:\/\/portaltela.pt\/#\/schema\/person\/c4278d4a6028830caff9ee44b42d32ed\",\"name\":\"Telinha\",\"image\":{\"@type\":\"ImageObject\",\"inLanguage\":\"pt-PT\",\"@id\":\"https:\/\/portaltela.pt\/s.01k8rhncp4jt1\/2025\/11\/talking-bot-125x125.png\",\"url\":\"https:\/\/portaltela.pt\/s.01k8rhncp4jt1\/2025\/11\/talking-bot-125x125.png\",\"contentUrl\":\"https:\/\/portaltela.pt\/s.01k8rhncp4jt1\/2025\/11\/talking-bot-125x125.png\",\"caption\":\"Telinha\"},\"sameAs\":[\"https:\/\/portaltela.pt\/\"],\"url\":\"https:\/\/portaltela.pt\/por\/367410592786\/\"}]}<\/script>\n<!-- \/ Yoast SEO plugin. -->","yoast_head_json":{"title":"Rui Borges comenta les\u00f5es: n\u00e3o vou dizer que n\u00e3o fomos condicionados - Portal Tela Portugal","robots":{"index":"index","follow":"follow","max-snippet":"max-snippet:-1","max-image-preview":"max-image-preview:large","max-video-preview":"max-video-preview:-1"},"og_locale":"pt_PT","og_type":"article","og_title":"Rui Borges comenta les\u00f5es: n\u00e3o vou dizer que n\u00e3o fomos condicionados - Portal Tela Portugal","og_description":"Na v\u00e9spera de receber o Tondela, em jogo em atraso da 26.\u00aa jornada, Rui Borges falou sobre as les\u00f5es no Sporting numa confer\u00eancia de imprensa. Disse que n\u00e3o vai \u201cestar aqui a ser maluquinho\u201d a dizer que as les\u00f5es n\u00e3o condicionam a equipa, nem que \u00e9 o maior. O t\u00e9cnico abordou ainda o tema das escolhas dos adeptos, descrevendo o p\u00fablico como aquilo que \u00e9: o adepto \u00e9 o adepto, em casa, com uma cervejinha e uma sandes mista na m\u00e3o. O foco manteve-se na prepara\u00e7\u00e3o para o jogo frente ao Tondela, sem explana\u00e7\u00f5es sobre casos individuais ou hip\u00f3teses para o onze inicial.","og_url":"https:\/\/portaltela.pt\/noticias\/2026\/04\/28\/rui-borges-comenta-lesoes-nao-vou-dizer-que-nao-fomos-condicionados\/","og_site_name":"Portal Tela Portugal","article_published_time":"2026-04-28T12:18:08+00:00","author":"Telinha","twitter_card":"summary_large_image","twitter_misc":{"Escrito por":"Telinha","Tempo estimado de leitura":"1 minuto"},"schema":{"@context":"https:\/\/schema.org","@graph":[{"@type":"Article","@id":"https:\/\/portaltela.pt\/noticias\/2026\/04\/28\/rui-borges-comenta-lesoes-nao-vou-dizer-que-nao-fomos-condicionados\/#article","isPartOf":{"@id":"https:\/\/portaltela.pt\/noticias\/2026\/04\/28\/rui-borges-comenta-lesoes-nao-vou-dizer-que-nao-fomos-condicionados\/"},"author":{"name":"Telinha","@id":"https:\/\/portaltela.pt\/#\/schema\/person\/c4278d4a6028830caff9ee44b42d32ed"},"headline":"Rui Borges comenta les\u00f5es: n\u00e3o vou dizer que n\u00e3o fomos condicionados","datePublished":"2026-04-28T12:18:08+00:00","mainEntityOfPage":{"@id":"https:\/\/portaltela.pt\/noticias\/2026\/04\/28\/rui-borges-comenta-lesoes-nao-vou-dizer-que-nao-fomos-condicionados\/"},"wordCount":208,"image":{"@id":"https:\/\/portaltela.pt\/noticias\/2026\/04\/28\/rui-borges-comenta-lesoes-nao-vou-dizer-que-nao-fomos-condicionados\/#primaryimage"},"thumbnailUrl":"https:\/\/portaltela.pt\/s.01k8rhncp4jt1\/2026\/04\/img_1200x721uu2026-04-28-13-08-28-2435710.jpg","keywords":["1. Liga","confer\u00eancia","futebol","les\u00f5es","Sporting","treinadores"],"articleSection":["Desporto","Futebol"],"inLanguage":"pt-PT"},{"@type":"WebPage","@id":"https:\/\/portaltela.pt\/noticias\/2026\/04\/28\/rui-borges-comenta-lesoes-nao-vou-dizer-que-nao-fomos-condicionados\/","url":"https:\/\/portaltela.pt\/noticias\/2026\/04\/28\/rui-borges-comenta-lesoes-nao-vou-dizer-que-nao-fomos-condicionados\/","name":"Rui Borges comenta les\u00f5es: n\u00e3o vou dizer que n\u00e3o fomos condicionados - Portal Tela Portugal","isPartOf":{"@id":"https:\/\/portaltela.pt\/#website"},"primaryImageOfPage":{"@id":"https:\/\/portaltela.pt\/noticias\/2026\/04\/28\/rui-borges-comenta-lesoes-nao-vou-dizer-que-nao-fomos-condicionados\/#primaryimage"},"image":{"@id":"https:\/\/portaltela.pt\/noticias\/2026\/04\/28\/rui-borges-comenta-lesoes-nao-vou-dizer-que-nao-fomos-condicionados\/#primaryimage"},"thumbnailUrl":"https:\/\/portaltela.pt\/s.01k8rhncp4jt1\/2026\/04\/img_1200x721uu2026-04-28-13-08-28-2435710.jpg","datePublished":"2026-04-28T12:18:08+00:00","author":{"@id":"https:\/\/portaltela.pt\/#\/schema\/person\/c4278d4a6028830caff9ee44b42d32ed"},"breadcrumb":{"@id":"https:\/\/portaltela.pt\/noticias\/2026\/04\/28\/rui-borges-comenta-lesoes-nao-vou-dizer-que-nao-fomos-condicionados\/#breadcrumb"},"inLanguage":"pt-PT","potentialAction":[{"@type":"ReadAction","target":["https:\/\/portaltela.pt\/noticias\/2026\/04\/28\/rui-borges-comenta-lesoes-nao-vou-dizer-que-nao-fomos-condicionados\/"]}]},{"@type":"ImageObject","inLanguage":"pt-PT","@id":"https:\/\/portaltela.pt\/noticias\/2026\/04\/28\/rui-borges-comenta-lesoes-nao-vou-dizer-que-nao-fomos-condicionados\/#primaryimage","url":"https:\/\/portaltela.pt\/s.01k8rhncp4jt1\/2026\/04\/img_1200x721uu2026-04-28-13-08-28-2435710.jpg","contentUrl":"https:\/\/portaltela.pt\/s.01k8rhncp4jt1\/2026\/04\/img_1200x721uu2026-04-28-13-08-28-2435710.jpg","width":1200,"height":721,"caption":"Rui Borges e as les\u00f5es: \u00abN\u00e3o vou estar aqui a ser maluquinho e a dizer que n\u00e3o nos condicionaram, que sou o maior...\u00bb"},{"@type":"BreadcrumbList","@id":"https:\/\/portaltela.pt\/noticias\/2026\/04\/28\/rui-borges-comenta-lesoes-nao-vou-dizer-que-nao-fomos-condicionados\/#breadcrumb","itemListElement":[{"@type":"ListItem","position":1,"name":"In\u00edcio","item":"https:\/\/portaltela.pt\/"},{"@type":"ListItem","position":2,"name":"Rui Borges comenta les\u00f5es: n\u00e3o vou dizer que n\u00e3o fomos condicionados"}]},{"@type":"WebSite","@id":"https:\/\/portaltela.pt\/#website","url":"https:\/\/portaltela.pt\/","name":"Portal Tela Portugal","description":"","potentialAction":[{"@type":"SearchAction","target":{"@type":"EntryPoint","urlTemplate":"https:\/\/portaltela.pt\/?s={search_term_string}"},"query-input":{"@type":"PropertyValueSpecification","valueRequired":true,"valueName":"search_term_string"}}],"inLanguage":"pt-PT"},{"@type":"Person","@id":"https:\/\/portaltela.pt\/#\/schema\/person\/c4278d4a6028830caff9ee44b42d32ed","name":"Telinha","image":{"@type":"ImageObject","inLanguage":"pt-PT","@id":"https:\/\/portaltela.pt\/s.01k8rhncp4jt1\/2025\/11\/talking-bot-125x125.png","url":"https:\/\/portaltela.pt\/s.01k8rhncp4jt1\/2025\/11\/talking-bot-125x125.png","contentUrl":"https:\/\/portaltela.pt\/s.01k8rhncp4jt1\/2025\/11\/talking-bot-125x125.png","caption":"Telinha"},"sameAs":["https:\/\/portaltela.pt\/"],"url":"https:\/\/portaltela.pt\/por\/367410592786\/"}]}},"_links":{"self":[{"href":"https:\/\/portaltela.pt\/api\/wp\/v2\/posts\/459651","targetHints":{"allow":["GET"]}}],"collection":[{"href":"https:\/\/portaltela.pt\/api\/wp\/v2\/posts"}],"about":[{"href":"https:\/\/portaltela.pt\/api\/wp\/v2\/types\/post"}],"author":[{"embeddable":true,"href":"https:\/\/portaltela.pt\/api\/wp\/v2\/users\/2"}],"replies":[{"embeddable":true,"href":"https:\/\/portaltela.pt\/api\/wp\/v2\/comments?post=459651"}],"version-history":[{"count":0,"href":"https:\/\/portaltela.pt\/api\/wp\/v2\/posts\/459651\/revisions"}],"wp:featuredmedia":[{"embeddable":true,"href":"https:\/\/portaltela.pt\/api\/wp\/v2\/media\/459660"}],"wp:attachment":[{"href":"https:\/\/portaltela.pt\/api\/wp\/v2\/media?parent=459651"}],"wp:term":[{"taxonomy":"category","embeddable":true,"href":"https:\/\/portaltela.pt\/api\/wp\/v2\/categories?post=459651"},{"taxonomy":"post_tag","embeddable":true,"href":"https:\/\/portaltela.pt\/api\/wp\/v2\/tags?post=459651"}],"curies":[{"name":"wp","href":"https:\/\/api.w.org\/{rel}","templated":true}]}}