{"id":459649,"date":"2026-04-28T07:58:00","date_gmt":"2026-04-28T10:58:00","guid":{"rendered":"https:\/\/portaltela.pt\/noticias\/2026\/04\/28\/familias-da-zona-euro-e-da-ue-pouparam-menos-e-investiram-mais-no-4o-trimestre-de-2025\/"},"modified":"2026-04-28T07:58:00","modified_gmt":"2026-04-28T10:58:00","slug":"familias-da-zona-euro-e-da-ue-pouparam-menos-e-investiram-mais-no-4o-trimestre-de-2025","status":"publish","type":"post","link":"https:\/\/portaltela.pt\/noticias\/economia\/2026\/04\/28\/familias-da-zona-euro-e-da-ue-pouparam-menos-e-investiram-mais-no-4o-trimestre-de-2025\/","title":{"rendered":"Fam\u00edlias da zona euro e da UE pouparam menos e investiram mais no 4\u00ba trimestre de 2025"},"content":{"rendered":"<p>No 4.\u00ba trimestre de 2025, fam\u00edlias da zona euro e da UE pouparam menos e investiram mais, segundo um relat\u00f3rio preliminar de conjuntura. A tend\u00eancia aponta para uma maior atividade de investimento no per\u00edodo.<\/p>\n<p>O mesmo relat\u00f3rio indica que o consumo familiar aumentou e a poupan\u00e7a reduziu face ao trimestre anterior, com varia\u00e7\u00f5es entre os Estados-membros. N\u00e3o h\u00e1, no resumo divulgado, detalhes sobre a magnitude das altera\u00e7\u00f5es.<\/p>\n<p>Entre os principais agentes, destacam-se as fam\u00edlias da zona euro e da UE, com diferen\u00e7as relevantes entre pa\u00edses. A leitura privilegia o comportamento agregado, sem diss\u00eddios significativos entre grupos.<\/p>\n<p>Data e \u00e2mbito: 4.\u00ba trimestre de 2025, na zona euro e na UE. As raz\u00f5es exatas para a mudan\u00e7a n\u00e3o constam no resumo dispon\u00edvel, que se mant\u00e9m limitado a tend\u00eancias gerais de poupan\u00e7a e investimento.<\/p>\n","protected":false},"excerpt":{"rendered":"<ul>\n<li>No quarto trimestre de 2025, as fam\u00edlias da zona euro pouparam menos.<\/li>\n<li>No mesmo per\u00edodo, as fam\u00edlias da Uni\u00e3o Europeia pouparam menos.<\/li>\n<li>As fam\u00edlias da zona euro investiram mais no quarto trimestre de 2025.<\/li>\n<li>As fam\u00edlias da Uni\u00e3o Europeia investiram mais no quarto trimestre de 2025.<\/li>\n<\/ul>\n","protected":false},"author":2,"featured_media":459659,"comment_status":"closed","ping_status":"closed","sticky":false,"template":"","format":"standard","meta":{"footnotes":""},"categories":[2,6850],"tags":[9828,4991,28,2487,316,1733],"class_list":["post-459649","post","type-post","status-publish","format-standard","has-post-thumbnail","hentry","category-economia","category-financas","tag-_zona-europeia","tag-consumo","tag-economia","tag-europa","tag-investimento","tag-poupanca"],"yoast_head":"<!-- This site is optimized with the Yoast SEO plugin v27.2 - https:\/\/yoast.com\/product\/yoast-seo-wordpress\/ -->\n<title>Fam\u00edlias da zona euro e da UE pouparam menos e investiram mais no 4\u00ba trimestre de 2025 - Portal Tela Portugal<\/title>\n<meta name=\"robots\" content=\"index, follow, max-snippet:-1, max-image-preview:large, max-video-preview:-1\" \/>\n<meta property=\"og:locale\" content=\"pt_PT\" \/>\n<meta property=\"og:type\" content=\"article\" \/>\n<meta property=\"og:title\" content=\"Fam\u00edlias da zona euro e da UE pouparam menos e investiram mais no 4\u00ba trimestre de 2025 - Portal Tela Portugal\" \/>\n<meta property=\"og:description\" content=\"No quarto trimestre de 2025, as fam\u00edlias da zona euro pouparam menos. No mesmo per\u00edodo, as fam\u00edlias da Uni\u00e3o Europeia pouparam menos. As fam\u00edlias da zona euro investiram mais no quarto trimestre de 2025. As fam\u00edlias da Uni\u00e3o Europeia investiram mais no quarto trimestre de 2025.\" \/>\n<meta property=\"og:url\" content=\"https:\/\/portaltela.pt\/noticias\/2026\/04\/28\/familias-da-zona-euro-e-da-ue-pouparam-menos-e-investiram-mais-no-4o-trimestre-de-2025\/\" \/>\n<meta property=\"og:site_name\" content=\"Portal Tela Portugal\" \/>\n<meta property=\"article:published_time\" content=\"2026-04-28T10:58:00+00:00\" \/>\n<meta name=\"author\" content=\"Telinha\" \/>\n<meta name=\"twitter:card\" content=\"summary_large_image\" \/>\n<meta name=\"twitter:label1\" content=\"Escrito por\" \/>\n\t<meta name=\"twitter:data1\" content=\"Telinha\" \/>\n\t<meta name=\"twitter:label2\" content=\"Tempo estimado de leitura\" \/>\n\t<meta name=\"twitter:data2\" content=\"1 minuto\" \/>\n<script type=\"application\/ld+json\" class=\"yoast-schema-graph\">{\"@context\":\"https:\/\/schema.org\",\"@graph\":[{\"@type\":\"Article\",\"@id\":\"https:\/\/portaltela.pt\/noticias\/2026\/04\/28\/familias-da-zona-euro-e-da-ue-pouparam-menos-e-investiram-mais-no-4o-trimestre-de-2025\/#article\",\"isPartOf\":{\"@id\":\"https:\/\/portaltela.pt\/noticias\/2026\/04\/28\/familias-da-zona-euro-e-da-ue-pouparam-menos-e-investiram-mais-no-4o-trimestre-de-2025\/\"},\"author\":{\"name\":\"Telinha\",\"@id\":\"https:\/\/portaltela.pt\/#\/schema\/person\/c4278d4a6028830caff9ee44b42d32ed\"},\"headline\":\"Fam\u00edlias da zona euro e da UE pouparam menos e investiram mais no 4\u00ba trimestre de 2025\",\"datePublished\":\"2026-04-28T10:58:00+00:00\",\"mainEntityOfPage\":{\"@id\":\"https:\/\/portaltela.pt\/noticias\/2026\/04\/28\/familias-da-zona-euro-e-da-ue-pouparam-menos-e-investiram-mais-no-4o-trimestre-de-2025\/\"},\"wordCount\":163,\"image\":{\"@id\":\"https:\/\/portaltela.pt\/noticias\/2026\/04\/28\/familias-da-zona-euro-e-da-ue-pouparam-menos-e-investiram-mais-no-4o-trimestre-de-2025\/#primaryimage\"},\"thumbnailUrl\":\"https:\/\/portaltela.pt\/s.01k8rhncp4jt1\/2026\/04\/CACHE_780X1200_ANALOG_WATERMARKED_26290014_668149019961933.jpg\",\"keywords\":[\"_Zona Europeia\",\"consumo\",\"economia\",\"Europa\",\"investimento\",\"poupan\u00e7a\"],\"articleSection\":[\"Economia\",\"Finan\u00e7as\"],\"inLanguage\":\"pt-PT\"},{\"@type\":\"WebPage\",\"@id\":\"https:\/\/portaltela.pt\/noticias\/2026\/04\/28\/familias-da-zona-euro-e-da-ue-pouparam-menos-e-investiram-mais-no-4o-trimestre-de-2025\/\",\"url\":\"https:\/\/portaltela.pt\/noticias\/2026\/04\/28\/familias-da-zona-euro-e-da-ue-pouparam-menos-e-investiram-mais-no-4o-trimestre-de-2025\/\",\"name\":\"Fam\u00edlias da zona euro e da UE pouparam menos e investiram mais no 4\u00ba trimestre de 2025 - Portal Tela Portugal\",\"isPartOf\":{\"@id\":\"https:\/\/portaltela.pt\/#website\"},\"primaryImageOfPage\":{\"@id\":\"https:\/\/portaltela.pt\/noticias\/2026\/04\/28\/familias-da-zona-euro-e-da-ue-pouparam-menos-e-investiram-mais-no-4o-trimestre-de-2025\/#primaryimage\"},\"image\":{\"@id\":\"https:\/\/portaltela.pt\/noticias\/2026\/04\/28\/familias-da-zona-euro-e-da-ue-pouparam-menos-e-investiram-mais-no-4o-trimestre-de-2025\/#primaryimage\"},\"thumbnailUrl\":\"https:\/\/portaltela.pt\/s.01k8rhncp4jt1\/2026\/04\/CACHE_780X1200_ANALOG_WATERMARKED_26290014_668149019961933.jpg\",\"datePublished\":\"2026-04-28T10:58:00+00:00\",\"author\":{\"@id\":\"https:\/\/portaltela.pt\/#\/schema\/person\/c4278d4a6028830caff9ee44b42d32ed\"},\"breadcrumb\":{\"@id\":\"https:\/\/portaltela.pt\/noticias\/2026\/04\/28\/familias-da-zona-euro-e-da-ue-pouparam-menos-e-investiram-mais-no-4o-trimestre-de-2025\/#breadcrumb\"},\"inLanguage\":\"pt-PT\",\"potentialAction\":[{\"@type\":\"ReadAction\",\"target\":[\"https:\/\/portaltela.pt\/noticias\/2026\/04\/28\/familias-da-zona-euro-e-da-ue-pouparam-menos-e-investiram-mais-no-4o-trimestre-de-2025\/\"]}]},{\"@type\":\"ImageObject\",\"inLanguage\":\"pt-PT\",\"@id\":\"https:\/\/portaltela.pt\/noticias\/2026\/04\/28\/familias-da-zona-euro-e-da-ue-pouparam-menos-e-investiram-mais-no-4o-trimestre-de-2025\/#primaryimage\",\"url\":\"https:\/\/portaltela.pt\/s.01k8rhncp4jt1\/2026\/04\/CACHE_780X1200_ANALOG_WATERMARKED_26290014_668149019961933.jpg\",\"contentUrl\":\"https:\/\/portaltela.pt\/s.01k8rhncp4jt1\/2026\/04\/CACHE_780X1200_ANALOG_WATERMARKED_26290014_668149019961933.jpg\",\"width\":796,\"height\":448,\"caption\":\"Fam\u00edlias da zona euro e UE pouparam menos e investiram mais no 4.\u00ba trimestre de 2025\"},{\"@type\":\"BreadcrumbList\",\"@id\":\"https:\/\/portaltela.pt\/noticias\/2026\/04\/28\/familias-da-zona-euro-e-da-ue-pouparam-menos-e-investiram-mais-no-4o-trimestre-de-2025\/#breadcrumb\",\"itemListElement\":[{\"@type\":\"ListItem\",\"position\":1,\"name\":\"In\u00edcio\",\"item\":\"https:\/\/portaltela.pt\/\"},{\"@type\":\"ListItem\",\"position\":2,\"name\":\"Fam\u00edlias da zona euro e da UE pouparam menos e investiram mais no 4\u00ba trimestre de 2025\"}]},{\"@type\":\"WebSite\",\"@id\":\"https:\/\/portaltela.pt\/#website\",\"url\":\"https:\/\/portaltela.pt\/\",\"name\":\"Portal Tela Portugal\",\"description\":\"\",\"potentialAction\":[{\"@type\":\"SearchAction\",\"target\":{\"@type\":\"EntryPoint\",\"urlTemplate\":\"https:\/\/portaltela.pt\/?s={search_term_string}\"},\"query-input\":{\"@type\":\"PropertyValueSpecification\",\"valueRequired\":true,\"valueName\":\"search_term_string\"}}],\"inLanguage\":\"pt-PT\"},{\"@type\":\"Person\",\"@id\":\"https:\/\/portaltela.pt\/#\/schema\/person\/c4278d4a6028830caff9ee44b42d32ed\",\"name\":\"Telinha\",\"image\":{\"@type\":\"ImageObject\",\"inLanguage\":\"pt-PT\",\"@id\":\"https:\/\/portaltela.pt\/s.01k8rhncp4jt1\/2025\/11\/talking-bot-125x125.png\",\"url\":\"https:\/\/portaltela.pt\/s.01k8rhncp4jt1\/2025\/11\/talking-bot-125x125.png\",\"contentUrl\":\"https:\/\/portaltela.pt\/s.01k8rhncp4jt1\/2025\/11\/talking-bot-125x125.png\",\"caption\":\"Telinha\"},\"sameAs\":[\"https:\/\/portaltela.pt\/\"],\"url\":\"https:\/\/portaltela.pt\/por\/367410592786\/\"}]}<\/script>\n<!-- \/ Yoast SEO plugin. -->","yoast_head_json":{"title":"Fam\u00edlias da zona euro e da UE pouparam menos e investiram mais no 4\u00ba trimestre de 2025 - Portal Tela Portugal","robots":{"index":"index","follow":"follow","max-snippet":"max-snippet:-1","max-image-preview":"max-image-preview:large","max-video-preview":"max-video-preview:-1"},"og_locale":"pt_PT","og_type":"article","og_title":"Fam\u00edlias da zona euro e da UE pouparam menos e investiram mais no 4\u00ba trimestre de 2025 - Portal Tela Portugal","og_description":"No quarto trimestre de 2025, as fam\u00edlias da zona euro pouparam menos. No mesmo per\u00edodo, as fam\u00edlias da Uni\u00e3o Europeia pouparam menos. As fam\u00edlias da zona euro investiram mais no quarto trimestre de 2025. As fam\u00edlias da Uni\u00e3o Europeia investiram mais no quarto trimestre de 2025.","og_url":"https:\/\/portaltela.pt\/noticias\/2026\/04\/28\/familias-da-zona-euro-e-da-ue-pouparam-menos-e-investiram-mais-no-4o-trimestre-de-2025\/","og_site_name":"Portal Tela Portugal","article_published_time":"2026-04-28T10:58:00+00:00","author":"Telinha","twitter_card":"summary_large_image","twitter_misc":{"Escrito por":"Telinha","Tempo estimado de leitura":"1 minuto"},"schema":{"@context":"https:\/\/schema.org","@graph":[{"@type":"Article","@id":"https:\/\/portaltela.pt\/noticias\/2026\/04\/28\/familias-da-zona-euro-e-da-ue-pouparam-menos-e-investiram-mais-no-4o-trimestre-de-2025\/#article","isPartOf":{"@id":"https:\/\/portaltela.pt\/noticias\/2026\/04\/28\/familias-da-zona-euro-e-da-ue-pouparam-menos-e-investiram-mais-no-4o-trimestre-de-2025\/"},"author":{"name":"Telinha","@id":"https:\/\/portaltela.pt\/#\/schema\/person\/c4278d4a6028830caff9ee44b42d32ed"},"headline":"Fam\u00edlias da zona euro e da UE pouparam menos e investiram mais no 4\u00ba trimestre de 2025","datePublished":"2026-04-28T10:58:00+00:00","mainEntityOfPage":{"@id":"https:\/\/portaltela.pt\/noticias\/2026\/04\/28\/familias-da-zona-euro-e-da-ue-pouparam-menos-e-investiram-mais-no-4o-trimestre-de-2025\/"},"wordCount":163,"image":{"@id":"https:\/\/portaltela.pt\/noticias\/2026\/04\/28\/familias-da-zona-euro-e-da-ue-pouparam-menos-e-investiram-mais-no-4o-trimestre-de-2025\/#primaryimage"},"thumbnailUrl":"https:\/\/portaltela.pt\/s.01k8rhncp4jt1\/2026\/04\/CACHE_780X1200_ANALOG_WATERMARKED_26290014_668149019961933.jpg","keywords":["_Zona Europeia","consumo","economia","Europa","investimento","poupan\u00e7a"],"articleSection":["Economia","Finan\u00e7as"],"inLanguage":"pt-PT"},{"@type":"WebPage","@id":"https:\/\/portaltela.pt\/noticias\/2026\/04\/28\/familias-da-zona-euro-e-da-ue-pouparam-menos-e-investiram-mais-no-4o-trimestre-de-2025\/","url":"https:\/\/portaltela.pt\/noticias\/2026\/04\/28\/familias-da-zona-euro-e-da-ue-pouparam-menos-e-investiram-mais-no-4o-trimestre-de-2025\/","name":"Fam\u00edlias da zona euro e da UE pouparam menos e investiram mais no 4\u00ba trimestre de 2025 - Portal Tela Portugal","isPartOf":{"@id":"https:\/\/portaltela.pt\/#website"},"primaryImageOfPage":{"@id":"https:\/\/portaltela.pt\/noticias\/2026\/04\/28\/familias-da-zona-euro-e-da-ue-pouparam-menos-e-investiram-mais-no-4o-trimestre-de-2025\/#primaryimage"},"image":{"@id":"https:\/\/portaltela.pt\/noticias\/2026\/04\/28\/familias-da-zona-euro-e-da-ue-pouparam-menos-e-investiram-mais-no-4o-trimestre-de-2025\/#primaryimage"},"thumbnailUrl":"https:\/\/portaltela.pt\/s.01k8rhncp4jt1\/2026\/04\/CACHE_780X1200_ANALOG_WATERMARKED_26290014_668149019961933.jpg","datePublished":"2026-04-28T10:58:00+00:00","author":{"@id":"https:\/\/portaltela.pt\/#\/schema\/person\/c4278d4a6028830caff9ee44b42d32ed"},"breadcrumb":{"@id":"https:\/\/portaltela.pt\/noticias\/2026\/04\/28\/familias-da-zona-euro-e-da-ue-pouparam-menos-e-investiram-mais-no-4o-trimestre-de-2025\/#breadcrumb"},"inLanguage":"pt-PT","potentialAction":[{"@type":"ReadAction","target":["https:\/\/portaltela.pt\/noticias\/2026\/04\/28\/familias-da-zona-euro-e-da-ue-pouparam-menos-e-investiram-mais-no-4o-trimestre-de-2025\/"]}]},{"@type":"ImageObject","inLanguage":"pt-PT","@id":"https:\/\/portaltela.pt\/noticias\/2026\/04\/28\/familias-da-zona-euro-e-da-ue-pouparam-menos-e-investiram-mais-no-4o-trimestre-de-2025\/#primaryimage","url":"https:\/\/portaltela.pt\/s.01k8rhncp4jt1\/2026\/04\/CACHE_780X1200_ANALOG_WATERMARKED_26290014_668149019961933.jpg","contentUrl":"https:\/\/portaltela.pt\/s.01k8rhncp4jt1\/2026\/04\/CACHE_780X1200_ANALOG_WATERMARKED_26290014_668149019961933.jpg","width":796,"height":448,"caption":"Fam\u00edlias da zona euro e UE pouparam menos e investiram mais no 4.\u00ba trimestre de 2025"},{"@type":"BreadcrumbList","@id":"https:\/\/portaltela.pt\/noticias\/2026\/04\/28\/familias-da-zona-euro-e-da-ue-pouparam-menos-e-investiram-mais-no-4o-trimestre-de-2025\/#breadcrumb","itemListElement":[{"@type":"ListItem","position":1,"name":"In\u00edcio","item":"https:\/\/portaltela.pt\/"},{"@type":"ListItem","position":2,"name":"Fam\u00edlias da zona euro e da UE pouparam menos e investiram mais no 4\u00ba trimestre de 2025"}]},{"@type":"WebSite","@id":"https:\/\/portaltela.pt\/#website","url":"https:\/\/portaltela.pt\/","name":"Portal Tela Portugal","description":"","potentialAction":[{"@type":"SearchAction","target":{"@type":"EntryPoint","urlTemplate":"https:\/\/portaltela.pt\/?s={search_term_string}"},"query-input":{"@type":"PropertyValueSpecification","valueRequired":true,"valueName":"search_term_string"}}],"inLanguage":"pt-PT"},{"@type":"Person","@id":"https:\/\/portaltela.pt\/#\/schema\/person\/c4278d4a6028830caff9ee44b42d32ed","name":"Telinha","image":{"@type":"ImageObject","inLanguage":"pt-PT","@id":"https:\/\/portaltela.pt\/s.01k8rhncp4jt1\/2025\/11\/talking-bot-125x125.png","url":"https:\/\/portaltela.pt\/s.01k8rhncp4jt1\/2025\/11\/talking-bot-125x125.png","contentUrl":"https:\/\/portaltela.pt\/s.01k8rhncp4jt1\/2025\/11\/talking-bot-125x125.png","caption":"Telinha"},"sameAs":["https:\/\/portaltela.pt\/"],"url":"https:\/\/portaltela.pt\/por\/367410592786\/"}]}},"_links":{"self":[{"href":"https:\/\/portaltela.pt\/api\/wp\/v2\/posts\/459649","targetHints":{"allow":["GET"]}}],"collection":[{"href":"https:\/\/portaltela.pt\/api\/wp\/v2\/posts"}],"about":[{"href":"https:\/\/portaltela.pt\/api\/wp\/v2\/types\/post"}],"author":[{"embeddable":true,"href":"https:\/\/portaltela.pt\/api\/wp\/v2\/users\/2"}],"replies":[{"embeddable":true,"href":"https:\/\/portaltela.pt\/api\/wp\/v2\/comments?post=459649"}],"version-history":[{"count":0,"href":"https:\/\/portaltela.pt\/api\/wp\/v2\/posts\/459649\/revisions"}],"wp:featuredmedia":[{"embeddable":true,"href":"https:\/\/portaltela.pt\/api\/wp\/v2\/media\/459659"}],"wp:attachment":[{"href":"https:\/\/portaltela.pt\/api\/wp\/v2\/media?parent=459649"}],"wp:term":[{"taxonomy":"category","embeddable":true,"href":"https:\/\/portaltela.pt\/api\/wp\/v2\/categories?post=459649"},{"taxonomy":"post_tag","embeddable":true,"href":"https:\/\/portaltela.pt\/api\/wp\/v2\/tags?post=459649"}],"curies":[{"name":"wp","href":"https:\/\/api.w.org\/{rel}","templated":true}]}}