{"id":459630,"date":"2026-04-28T09:04:04","date_gmt":"2026-04-28T12:04:04","guid":{"rendered":"https:\/\/portaltela.pt\/noticias\/2026\/04\/28\/o-que-sabemos-sobre-alegacoes-virais-de-execucoes-de-manifestantes-iranianas\/"},"modified":"2026-04-28T09:04:04","modified_gmt":"2026-04-28T12:04:04","slug":"o-que-sabemos-sobre-alegacoes-virais-de-execucoes-de-manifestantes-iranianas","status":"publish","type":"post","link":"https:\/\/portaltela.pt\/noticias\/politica\/2026\/04\/28\/o-que-sabemos-sobre-alegacoes-virais-de-execucoes-de-manifestantes-iranianas\/","title":{"rendered":"O que sabemos sobre alega\u00e7\u00f5es virais de execu\u00e7\u00f5es de manifestantes iranianas"},"content":{"rendered":"<p>Uma imagem partilhada por Donald Trump gerou controv\u00e9rsia ao alegar que oito mulheres iranianas estavam condenadas \u00e0 morte. O ex-presidente dos EUA publicou a montagem e pediu a liberta\u00e7\u00e3o das demonstrantes.<\/p>\n<p>No dia seguinte, Trump afirmou na sua plataforma Social Truth que as mulheres tinham sido perdoadas: quatro libertadas de imediato e quatro condenadas a um m\u00eas de pris\u00e3o. As declara\u00e7\u00f5es foram contestadas pelo Ir\u00e3o.<\/p>\n<p>A ag\u00eancia Mizan, ligada ao poder judicial iraniano, qualificou a publica\u00e7\u00e3o de Trump como inventada. Garantiu que nenhuma das mulheres retratadas foi condenada \u00e0 pena de morte.<\/p>\n<p>De acordo com a Mizan, algumas das mulheres teriam sido libertadas, enquanto outras enfrentariam acusa\u00e7\u00f5es que, se comprovadas, resultariam em penas de pris\u00e3o. As informa\u00e7\u00f5es n\u00e3o s\u00e3o totalmente verific\u00e1veis.<\/p>\n<p>Contas associadas ao Ir\u00e3o sugeriram que a publica\u00e7\u00e3o poderia ter sido gerada por intelig\u00eancia artificial, lan\u00e7ando d\u00favidas sobre a autenticidade da imagem. O rumor ganhou tra\u00e7\u00e3o nas redes sociais.<\/p>\n<p>Duas organiza\u00e7\u00f5es independentes de direitos humanos disseram ter d\u00favidas sobre as alega\u00e7\u00f5es. A Iran Human Rights (R\u00fassia) e a Human Rights Activists in Iran (EUA) apresentaram dados que contestam o teor de afirma\u00e7\u00e3o de pena de morte para as oito mulheres.<\/p>\n<h2>Estado atual dos casos e falta de confirma\u00e7\u00e3o<\/h2>\n<p>A Iran Human Rights afirmou que apenas Bita Hemmati estaria condenada \u00e0 morte, com a senten\u00e7a ainda sujeita a recurso, segundo a organiza\u00e7\u00e3o. Hemmati foi detida no in\u00edcio de janeiro, juntamente com familiares, e acusada de agress\u00f5es contra membros da Guarda Revolucion\u00e1ria.<\/p>\n<p>A HRA disse n\u00e3o ter confirma\u00e7\u00e3o sobre a gravidade das acusa\u00e7\u00f5es contra outras detidas na imagem. Para v\u00e1rias, n\u00e3o existiam informa\u00e7\u00f5es cred\u00edveis de condena\u00e7\u00e3o ou deten\u00e7\u00e3o continuada.<\/p>\n<p>Entre as restantes mulheres, as informa\u00e7\u00f5es variam: algumas teriam estado na pris\u00e3o de Vakilabad, outras teriam recebido fian\u00e7a ou n\u00e3o teriam senten\u00e7a confirmada. Os relatos divergem entre fontes independentes, com pouca confirma\u00e7\u00e3o adicional.<\/p>\n<p>O panorama geral permanece obscuro, dada a dificuldade de acesso \u00e0 informa\u00e7\u00e3o no Ir\u00e3o. O pa\u00eds atravessa tens\u00f5es entre pot\u00eancias e enfrenta cortes de internet que dificultam verifica\u00e7\u00f5es.<\/p>\n<p>Relativamente ao Maci\u00e7o contexto de 2025, organiza\u00e7\u00f5es internacionais apontam para um recorde de execu\u00e7\u00f5es no Ir\u00e3o, impulsionado por casos ligados a protestos. A Uni\u00e3o Europeia tem acompanhado criticamente a aplica\u00e7\u00e3o da pena de morte.<\/p>\n","protected":false},"excerpt":{"rendered":"<ul>\n<li>No fim de semana passado, o presidente dos EUA, Donald Trump, partilhou uma imagem de oito mulheres iranianas que alegou terem sido condenadas \u00e0 morte, pedindo liberta\u00e7\u00e3o.<\/li>\n<li>A ag\u00eancia Mizan, pr\u00f3xima do poder judicial do Ir\u00e3o, afirmou que nenhuma das mulheres foi condenada \u00e0 morte e que algumas tinham sido libertadas, enquanto outras enfrentavam acusa\u00e7\u00f5es que poderiam resultar em pris\u00e3o.<\/li>\n<li>Segundo Iran Human Rights (organiza\u00e7\u00e3o independente), apenas uma das mulheres retratadas foi condenada \u00e0 morte: Bita Hemmati, processada por ataques contra membros do Corpo de Guards Revolucion\u00e1rios Iranianos e por a\u00e7\u00f5es protestantes; a acusa\u00e7\u00e3o baseia-se em confiss\u00f5es for\u00e7adas, conforme a HRA.<\/li>\n<li>Para as sete restantes, as informa\u00e7\u00f5es s\u00e3o limitadas; algumas passaram pela pris\u00e3o com fian\u00e7a, outras n\u00e3o t\u00eam confirma\u00e7\u00e3o sobre senten\u00e7as de morte ou gravidade das acusa\u00e7\u00f5es.<\/li>\n<li>A verifica\u00e7\u00e3o de casos no Ir\u00e3o \u00e9 dif\u00edcil devido ao acesso limitado \u00e0 informa\u00e7\u00e3o; em 2025 foram registadas pelo menos 1.639 execu\u00e7\u00f5es, o n\u00edvel mais alto em d\u00e9cadas, com cr\u00edticas internacionais \u00e0 pena de morte em contextos de protestos.<\/li>\n<\/ul>\n","protected":false},"author":2,"featured_media":459633,"comment_status":"closed","ping_status":"closed","sticky":false,"template":"","format":"standard","meta":{"footnotes":""},"categories":[6912,5],"tags":[2633,8121,3153,2023,2857,5043],"class_list":["post-459630","post","type-post","status-publish","format-standard","has-post-thumbnail","hentry","category-internacionais","category-politica","tag-direitos-humanos","tag-execucoes","tag-ira","tag-organizacoes-internacionais","tag-protestos","tag-tensoes-internacionais"],"yoast_head":"<!-- This site is optimized with the Yoast SEO plugin v27.2 - https:\/\/yoast.com\/product\/yoast-seo-wordpress\/ -->\n<title>O que sabemos sobre alega\u00e7\u00f5es virais de execu\u00e7\u00f5es de manifestantes iranianas - Portal Tela Portugal<\/title>\n<meta name=\"robots\" content=\"index, follow, max-snippet:-1, max-image-preview:large, max-video-preview:-1\" \/>\n<meta property=\"og:locale\" content=\"pt_PT\" \/>\n<meta property=\"og:type\" content=\"article\" \/>\n<meta property=\"og:title\" content=\"O que sabemos sobre alega\u00e7\u00f5es virais de execu\u00e7\u00f5es de manifestantes iranianas - Portal Tela Portugal\" \/>\n<meta property=\"og:description\" content=\"No fim de semana passado, o presidente dos EUA, Donald Trump, partilhou uma imagem de oito mulheres iranianas que alegou terem sido condenadas \u00e0 morte, pedindo liberta\u00e7\u00e3o. A ag\u00eancia Mizan, pr\u00f3xima do poder judicial do Ir\u00e3o, afirmou que nenhuma das mulheres foi condenada \u00e0 morte e que algumas tinham sido libertadas, enquanto outras enfrentavam acusa\u00e7\u00f5es que poderiam resultar em pris\u00e3o. Segundo Iran Human Rights (organiza\u00e7\u00e3o independente), apenas uma das mulheres retratadas foi condenada \u00e0 morte: Bita Hemmati, processada por ataques contra membros do Corpo de Guards Revolucion\u00e1rios Iranianos e por a\u00e7\u00f5es protestantes; a acusa\u00e7\u00e3o baseia-se em confiss\u00f5es for\u00e7adas, conforme a HRA. Para as sete restantes, as informa\u00e7\u00f5es s\u00e3o limitadas; algumas passaram pela pris\u00e3o com fian\u00e7a, outras n\u00e3o t\u00eam confirma\u00e7\u00e3o sobre senten\u00e7as de morte ou gravidade das acusa\u00e7\u00f5es. A verifica\u00e7\u00e3o de casos no Ir\u00e3o \u00e9 dif\u00edcil devido ao acesso limitado \u00e0 informa\u00e7\u00e3o; em 2025 foram registadas pelo menos 1.639 execu\u00e7\u00f5es, o n\u00edvel mais alto em d\u00e9cadas, com cr\u00edticas internacionais \u00e0 pena de morte em contextos de protestos.\" \/>\n<meta property=\"og:url\" content=\"https:\/\/portaltela.pt\/noticias\/2026\/04\/28\/o-que-sabemos-sobre-alegacoes-virais-de-execucoes-de-manifestantes-iranianas\/\" \/>\n<meta property=\"og:site_name\" content=\"Portal Tela Portugal\" \/>\n<meta property=\"article:published_time\" content=\"2026-04-28T12:04:04+00:00\" \/>\n<meta name=\"author\" content=\"Telinha\" \/>\n<meta name=\"twitter:card\" content=\"summary_large_image\" \/>\n<meta name=\"twitter:label1\" content=\"Escrito por\" \/>\n\t<meta name=\"twitter:data1\" content=\"Telinha\" \/>\n\t<meta name=\"twitter:label2\" content=\"Tempo estimado de leitura\" \/>\n\t<meta name=\"twitter:data2\" content=\"2 minutos\" \/>\n<script type=\"application\/ld+json\" class=\"yoast-schema-graph\">{\"@context\":\"https:\/\/schema.org\",\"@graph\":[{\"@type\":\"Article\",\"@id\":\"https:\/\/portaltela.pt\/noticias\/2026\/04\/28\/o-que-sabemos-sobre-alegacoes-virais-de-execucoes-de-manifestantes-iranianas\/#article\",\"isPartOf\":{\"@id\":\"https:\/\/portaltela.pt\/noticias\/2026\/04\/28\/o-que-sabemos-sobre-alegacoes-virais-de-execucoes-de-manifestantes-iranianas\/\"},\"author\":{\"name\":\"Telinha\",\"@id\":\"https:\/\/portaltela.pt\/#\/schema\/person\/c4278d4a6028830caff9ee44b42d32ed\"},\"headline\":\"O que sabemos sobre alega\u00e7\u00f5es virais de execu\u00e7\u00f5es de manifestantes iranianas\",\"datePublished\":\"2026-04-28T12:04:04+00:00\",\"mainEntityOfPage\":{\"@id\":\"https:\/\/portaltela.pt\/noticias\/2026\/04\/28\/o-que-sabemos-sobre-alegacoes-virais-de-execucoes-de-manifestantes-iranianas\/\"},\"wordCount\":429,\"image\":{\"@id\":\"https:\/\/portaltela.pt\/noticias\/2026\/04\/28\/o-que-sabemos-sobre-alegacoes-virais-de-execucoes-de-manifestantes-iranianas\/#primaryimage\"},\"thumbnailUrl\":\"https:\/\/portaltela.pt\/s.01k8rhncp4jt1\/2026\/04\/1536x864_cmsv2_376de7a8-5abd-5092-8f62-32933d61f910-9737310.jpg\",\"keywords\":[\"direitos humanos\",\"execu\u00e7\u00f5es\",\"Ir\u00e3\",\"organiza\u00e7\u00f5es internacionais\",\"protestos\",\"tens\u00f5es internacionais\"],\"articleSection\":[\"Internacionais\",\"Pol\u00edtica\"],\"inLanguage\":\"pt-PT\"},{\"@type\":\"WebPage\",\"@id\":\"https:\/\/portaltela.pt\/noticias\/2026\/04\/28\/o-que-sabemos-sobre-alegacoes-virais-de-execucoes-de-manifestantes-iranianas\/\",\"url\":\"https:\/\/portaltela.pt\/noticias\/2026\/04\/28\/o-que-sabemos-sobre-alegacoes-virais-de-execucoes-de-manifestantes-iranianas\/\",\"name\":\"O que sabemos sobre alega\u00e7\u00f5es virais de execu\u00e7\u00f5es de manifestantes iranianas - Portal Tela Portugal\",\"isPartOf\":{\"@id\":\"https:\/\/portaltela.pt\/#website\"},\"primaryImageOfPage\":{\"@id\":\"https:\/\/portaltela.pt\/noticias\/2026\/04\/28\/o-que-sabemos-sobre-alegacoes-virais-de-execucoes-de-manifestantes-iranianas\/#primaryimage\"},\"image\":{\"@id\":\"https:\/\/portaltela.pt\/noticias\/2026\/04\/28\/o-que-sabemos-sobre-alegacoes-virais-de-execucoes-de-manifestantes-iranianas\/#primaryimage\"},\"thumbnailUrl\":\"https:\/\/portaltela.pt\/s.01k8rhncp4jt1\/2026\/04\/1536x864_cmsv2_376de7a8-5abd-5092-8f62-32933d61f910-9737310.jpg\",\"datePublished\":\"2026-04-28T12:04:04+00:00\",\"author\":{\"@id\":\"https:\/\/portaltela.pt\/#\/schema\/person\/c4278d4a6028830caff9ee44b42d32ed\"},\"breadcrumb\":{\"@id\":\"https:\/\/portaltela.pt\/noticias\/2026\/04\/28\/o-que-sabemos-sobre-alegacoes-virais-de-execucoes-de-manifestantes-iranianas\/#breadcrumb\"},\"inLanguage\":\"pt-PT\",\"potentialAction\":[{\"@type\":\"ReadAction\",\"target\":[\"https:\/\/portaltela.pt\/noticias\/2026\/04\/28\/o-que-sabemos-sobre-alegacoes-virais-de-execucoes-de-manifestantes-iranianas\/\"]}]},{\"@type\":\"ImageObject\",\"inLanguage\":\"pt-PT\",\"@id\":\"https:\/\/portaltela.pt\/noticias\/2026\/04\/28\/o-que-sabemos-sobre-alegacoes-virais-de-execucoes-de-manifestantes-iranianas\/#primaryimage\",\"url\":\"https:\/\/portaltela.pt\/s.01k8rhncp4jt1\/2026\/04\/1536x864_cmsv2_376de7a8-5abd-5092-8f62-32933d61f910-9737310.jpg\",\"contentUrl\":\"https:\/\/portaltela.pt\/s.01k8rhncp4jt1\/2026\/04\/1536x864_cmsv2_376de7a8-5abd-5092-8f62-32933d61f910-9737310.jpg\",\"width\":1536,\"height\":864,\"caption\":\"Uma mulher atravessa uma rua em Teer\u00e3o, no Ir\u00e3o, quinta-feira, 26 de fevereiro de 2026. (AP Photo\/Vahid Salemi)\"},{\"@type\":\"BreadcrumbList\",\"@id\":\"https:\/\/portaltela.pt\/noticias\/2026\/04\/28\/o-que-sabemos-sobre-alegacoes-virais-de-execucoes-de-manifestantes-iranianas\/#breadcrumb\",\"itemListElement\":[{\"@type\":\"ListItem\",\"position\":1,\"name\":\"In\u00edcio\",\"item\":\"https:\/\/portaltela.pt\/\"},{\"@type\":\"ListItem\",\"position\":2,\"name\":\"O que sabemos sobre alega\u00e7\u00f5es virais de execu\u00e7\u00f5es de manifestantes iranianas\"}]},{\"@type\":\"WebSite\",\"@id\":\"https:\/\/portaltela.pt\/#website\",\"url\":\"https:\/\/portaltela.pt\/\",\"name\":\"Portal Tela Portugal\",\"description\":\"\",\"potentialAction\":[{\"@type\":\"SearchAction\",\"target\":{\"@type\":\"EntryPoint\",\"urlTemplate\":\"https:\/\/portaltela.pt\/?s={search_term_string}\"},\"query-input\":{\"@type\":\"PropertyValueSpecification\",\"valueRequired\":true,\"valueName\":\"search_term_string\"}}],\"inLanguage\":\"pt-PT\"},{\"@type\":\"Person\",\"@id\":\"https:\/\/portaltela.pt\/#\/schema\/person\/c4278d4a6028830caff9ee44b42d32ed\",\"name\":\"Telinha\",\"image\":{\"@type\":\"ImageObject\",\"inLanguage\":\"pt-PT\",\"@id\":\"https:\/\/portaltela.pt\/s.01k8rhncp4jt1\/2025\/11\/talking-bot-125x125.png\",\"url\":\"https:\/\/portaltela.pt\/s.01k8rhncp4jt1\/2025\/11\/talking-bot-125x125.png\",\"contentUrl\":\"https:\/\/portaltela.pt\/s.01k8rhncp4jt1\/2025\/11\/talking-bot-125x125.png\",\"caption\":\"Telinha\"},\"sameAs\":[\"https:\/\/portaltela.pt\/\"],\"url\":\"https:\/\/portaltela.pt\/por\/367410592786\/\"}]}<\/script>\n<!-- \/ Yoast SEO plugin. -->","yoast_head_json":{"title":"O que sabemos sobre alega\u00e7\u00f5es virais de execu\u00e7\u00f5es de manifestantes iranianas - Portal Tela Portugal","robots":{"index":"index","follow":"follow","max-snippet":"max-snippet:-1","max-image-preview":"max-image-preview:large","max-video-preview":"max-video-preview:-1"},"og_locale":"pt_PT","og_type":"article","og_title":"O que sabemos sobre alega\u00e7\u00f5es virais de execu\u00e7\u00f5es de manifestantes iranianas - Portal Tela Portugal","og_description":"No fim de semana passado, o presidente dos EUA, Donald Trump, partilhou uma imagem de oito mulheres iranianas que alegou terem sido condenadas \u00e0 morte, pedindo liberta\u00e7\u00e3o. A ag\u00eancia Mizan, pr\u00f3xima do poder judicial do Ir\u00e3o, afirmou que nenhuma das mulheres foi condenada \u00e0 morte e que algumas tinham sido libertadas, enquanto outras enfrentavam acusa\u00e7\u00f5es que poderiam resultar em pris\u00e3o. Segundo Iran Human Rights (organiza\u00e7\u00e3o independente), apenas uma das mulheres retratadas foi condenada \u00e0 morte: Bita Hemmati, processada por ataques contra membros do Corpo de Guards Revolucion\u00e1rios Iranianos e por a\u00e7\u00f5es protestantes; a acusa\u00e7\u00e3o baseia-se em confiss\u00f5es for\u00e7adas, conforme a HRA. Para as sete restantes, as informa\u00e7\u00f5es s\u00e3o limitadas; algumas passaram pela pris\u00e3o com fian\u00e7a, outras n\u00e3o t\u00eam confirma\u00e7\u00e3o sobre senten\u00e7as de morte ou gravidade das acusa\u00e7\u00f5es. A verifica\u00e7\u00e3o de casos no Ir\u00e3o \u00e9 dif\u00edcil devido ao acesso limitado \u00e0 informa\u00e7\u00e3o; em 2025 foram registadas pelo menos 1.639 execu\u00e7\u00f5es, o n\u00edvel mais alto em d\u00e9cadas, com cr\u00edticas internacionais \u00e0 pena de morte em contextos de protestos.","og_url":"https:\/\/portaltela.pt\/noticias\/2026\/04\/28\/o-que-sabemos-sobre-alegacoes-virais-de-execucoes-de-manifestantes-iranianas\/","og_site_name":"Portal Tela Portugal","article_published_time":"2026-04-28T12:04:04+00:00","author":"Telinha","twitter_card":"summary_large_image","twitter_misc":{"Escrito por":"Telinha","Tempo estimado de leitura":"2 minutos"},"schema":{"@context":"https:\/\/schema.org","@graph":[{"@type":"Article","@id":"https:\/\/portaltela.pt\/noticias\/2026\/04\/28\/o-que-sabemos-sobre-alegacoes-virais-de-execucoes-de-manifestantes-iranianas\/#article","isPartOf":{"@id":"https:\/\/portaltela.pt\/noticias\/2026\/04\/28\/o-que-sabemos-sobre-alegacoes-virais-de-execucoes-de-manifestantes-iranianas\/"},"author":{"name":"Telinha","@id":"https:\/\/portaltela.pt\/#\/schema\/person\/c4278d4a6028830caff9ee44b42d32ed"},"headline":"O que sabemos sobre alega\u00e7\u00f5es virais de execu\u00e7\u00f5es de manifestantes iranianas","datePublished":"2026-04-28T12:04:04+00:00","mainEntityOfPage":{"@id":"https:\/\/portaltela.pt\/noticias\/2026\/04\/28\/o-que-sabemos-sobre-alegacoes-virais-de-execucoes-de-manifestantes-iranianas\/"},"wordCount":429,"image":{"@id":"https:\/\/portaltela.pt\/noticias\/2026\/04\/28\/o-que-sabemos-sobre-alegacoes-virais-de-execucoes-de-manifestantes-iranianas\/#primaryimage"},"thumbnailUrl":"https:\/\/portaltela.pt\/s.01k8rhncp4jt1\/2026\/04\/1536x864_cmsv2_376de7a8-5abd-5092-8f62-32933d61f910-9737310.jpg","keywords":["direitos humanos","execu\u00e7\u00f5es","Ir\u00e3","organiza\u00e7\u00f5es internacionais","protestos","tens\u00f5es internacionais"],"articleSection":["Internacionais","Pol\u00edtica"],"inLanguage":"pt-PT"},{"@type":"WebPage","@id":"https:\/\/portaltela.pt\/noticias\/2026\/04\/28\/o-que-sabemos-sobre-alegacoes-virais-de-execucoes-de-manifestantes-iranianas\/","url":"https:\/\/portaltela.pt\/noticias\/2026\/04\/28\/o-que-sabemos-sobre-alegacoes-virais-de-execucoes-de-manifestantes-iranianas\/","name":"O que sabemos sobre alega\u00e7\u00f5es virais de execu\u00e7\u00f5es de manifestantes iranianas - Portal Tela Portugal","isPartOf":{"@id":"https:\/\/portaltela.pt\/#website"},"primaryImageOfPage":{"@id":"https:\/\/portaltela.pt\/noticias\/2026\/04\/28\/o-que-sabemos-sobre-alegacoes-virais-de-execucoes-de-manifestantes-iranianas\/#primaryimage"},"image":{"@id":"https:\/\/portaltela.pt\/noticias\/2026\/04\/28\/o-que-sabemos-sobre-alegacoes-virais-de-execucoes-de-manifestantes-iranianas\/#primaryimage"},"thumbnailUrl":"https:\/\/portaltela.pt\/s.01k8rhncp4jt1\/2026\/04\/1536x864_cmsv2_376de7a8-5abd-5092-8f62-32933d61f910-9737310.jpg","datePublished":"2026-04-28T12:04:04+00:00","author":{"@id":"https:\/\/portaltela.pt\/#\/schema\/person\/c4278d4a6028830caff9ee44b42d32ed"},"breadcrumb":{"@id":"https:\/\/portaltela.pt\/noticias\/2026\/04\/28\/o-que-sabemos-sobre-alegacoes-virais-de-execucoes-de-manifestantes-iranianas\/#breadcrumb"},"inLanguage":"pt-PT","potentialAction":[{"@type":"ReadAction","target":["https:\/\/portaltela.pt\/noticias\/2026\/04\/28\/o-que-sabemos-sobre-alegacoes-virais-de-execucoes-de-manifestantes-iranianas\/"]}]},{"@type":"ImageObject","inLanguage":"pt-PT","@id":"https:\/\/portaltela.pt\/noticias\/2026\/04\/28\/o-que-sabemos-sobre-alegacoes-virais-de-execucoes-de-manifestantes-iranianas\/#primaryimage","url":"https:\/\/portaltela.pt\/s.01k8rhncp4jt1\/2026\/04\/1536x864_cmsv2_376de7a8-5abd-5092-8f62-32933d61f910-9737310.jpg","contentUrl":"https:\/\/portaltela.pt\/s.01k8rhncp4jt1\/2026\/04\/1536x864_cmsv2_376de7a8-5abd-5092-8f62-32933d61f910-9737310.jpg","width":1536,"height":864,"caption":"Uma mulher atravessa uma rua em Teer\u00e3o, no Ir\u00e3o, quinta-feira, 26 de fevereiro de 2026. (AP Photo\/Vahid Salemi)"},{"@type":"BreadcrumbList","@id":"https:\/\/portaltela.pt\/noticias\/2026\/04\/28\/o-que-sabemos-sobre-alegacoes-virais-de-execucoes-de-manifestantes-iranianas\/#breadcrumb","itemListElement":[{"@type":"ListItem","position":1,"name":"In\u00edcio","item":"https:\/\/portaltela.pt\/"},{"@type":"ListItem","position":2,"name":"O que sabemos sobre alega\u00e7\u00f5es virais de execu\u00e7\u00f5es de manifestantes iranianas"}]},{"@type":"WebSite","@id":"https:\/\/portaltela.pt\/#website","url":"https:\/\/portaltela.pt\/","name":"Portal Tela Portugal","description":"","potentialAction":[{"@type":"SearchAction","target":{"@type":"EntryPoint","urlTemplate":"https:\/\/portaltela.pt\/?s={search_term_string}"},"query-input":{"@type":"PropertyValueSpecification","valueRequired":true,"valueName":"search_term_string"}}],"inLanguage":"pt-PT"},{"@type":"Person","@id":"https:\/\/portaltela.pt\/#\/schema\/person\/c4278d4a6028830caff9ee44b42d32ed","name":"Telinha","image":{"@type":"ImageObject","inLanguage":"pt-PT","@id":"https:\/\/portaltela.pt\/s.01k8rhncp4jt1\/2025\/11\/talking-bot-125x125.png","url":"https:\/\/portaltela.pt\/s.01k8rhncp4jt1\/2025\/11\/talking-bot-125x125.png","contentUrl":"https:\/\/portaltela.pt\/s.01k8rhncp4jt1\/2025\/11\/talking-bot-125x125.png","caption":"Telinha"},"sameAs":["https:\/\/portaltela.pt\/"],"url":"https:\/\/portaltela.pt\/por\/367410592786\/"}]}},"_links":{"self":[{"href":"https:\/\/portaltela.pt\/api\/wp\/v2\/posts\/459630","targetHints":{"allow":["GET"]}}],"collection":[{"href":"https:\/\/portaltela.pt\/api\/wp\/v2\/posts"}],"about":[{"href":"https:\/\/portaltela.pt\/api\/wp\/v2\/types\/post"}],"author":[{"embeddable":true,"href":"https:\/\/portaltela.pt\/api\/wp\/v2\/users\/2"}],"replies":[{"embeddable":true,"href":"https:\/\/portaltela.pt\/api\/wp\/v2\/comments?post=459630"}],"version-history":[{"count":0,"href":"https:\/\/portaltela.pt\/api\/wp\/v2\/posts\/459630\/revisions"}],"wp:featuredmedia":[{"embeddable":true,"href":"https:\/\/portaltela.pt\/api\/wp\/v2\/media\/459633"}],"wp:attachment":[{"href":"https:\/\/portaltela.pt\/api\/wp\/v2\/media?parent=459630"}],"wp:term":[{"taxonomy":"category","embeddable":true,"href":"https:\/\/portaltela.pt\/api\/wp\/v2\/categories?post=459630"},{"taxonomy":"post_tag","embeddable":true,"href":"https:\/\/portaltela.pt\/api\/wp\/v2\/tags?post=459630"}],"curies":[{"name":"wp","href":"https:\/\/api.w.org\/{rel}","templated":true}]}}