{"id":459601,"date":"2026-04-28T08:48:04","date_gmt":"2026-04-28T11:48:04","guid":{"rendered":"https:\/\/portaltela.pt\/noticias\/2026\/04\/28\/antonio-raminhos-revela-piadas-agressivas-criadas-em-tempo-de-tensao\/"},"modified":"2026-04-28T08:48:04","modified_gmt":"2026-04-28T11:48:04","slug":"antonio-raminhos-revela-piadas-agressivas-criadas-em-tempo-de-tensao","status":"publish","type":"post","link":"https:\/\/portaltela.pt\/entretenimento\/2026\/04\/28\/antonio-raminhos-revela-piadas-agressivas-criadas-em-tempo-de-tensao\/","title":{"rendered":"Ant\u00f3nio Raminhos revela piadas agressivas criadas em tempo de tens\u00e3o"},"content":{"rendered":"<p>Ant\u00f3nio Raminhos, humorista portugu\u00eas, participa como 14.\u00ba convidado do programa A Vida N\u00e3o \u00c9 o Que Aparece. A entrevista aborda o papel do humor numa altura de tens\u00e3o e a forma como o comediante encara os seus pr\u00f3prios fantasmas de sa\u00fade mental.<\/p>\n<p>Raminhos recorda que come\u00e7ou a carreira em jornalismo desportivo na A Capital, mas seguiu o stand-up em 2006. Tornou-se conhecido pelo p\u00fablico atrav\u00e9s de conte\u00fados de parentalidade e de performances em televis\u00e3o e palco, incluindo o programa 5 para a Meia-Noite, da RTP, e espet\u00e1culos como As Marias e Volto J\u00e1.<\/p>\n<h3>O humor como defesa e ferramenta educativa<\/h3>\n<p>Para o humorista, as piadas agressivas nasceram em tempos de tens\u00e3o, servindo para lidar com o absurdo do mundo. Mant\u00e9m ainda um olhar cr\u00edtico sobre o impacto das redes sociais, especialmente na rela\u00e7\u00e3o entre pais e filhos, e utiliza a com\u00e9dia para partilhar mensagens sobre sa\u00fade mental.<\/p>\n<p>Raminhos n\u00e3o bloqueia coment\u00e1rios nas redes, mesmo com mensagens de \u00f3dio di\u00e1rias e refer\u00eancias a perturba\u00e7\u00e3o obsessivo-compulsiva que enfrenta. Explica que a express\u00e3o do sofrimento pode ter fun\u00e7\u00e3o educativa, ajudando os jovens a distinguir entre agressividade digital e conversas \u00fateis.<\/p>\n<h3>Parentalidade e redes sociais<\/h3>\n<p>Apesar de reduzir a exposi\u00e7\u00e3o p\u00fablica da vida familiar, o humor continua a ser uma ferramenta de parentalidade. O humorista diz que mostra \u00e0s filhas as mensagens agressivas recebidas para refor\u00e7ar a import\u00e2ncia de rela\u00e7\u00f5es reais em detrimento do mundo virtual.<\/p>\n","protected":false},"excerpt":{"rendered":"<ul>\n<li>Ant\u00f3nio Raminhos, humorista e antigo jornalista desporto, \u00e9 o 14.\u00ba convidado do podcast A Vida N\u00e3o \u00c9 o Que Aparece.<\/li>\n<li>Afirma que o humor nasceu em tempo de tens\u00e3o e serve para lidar com o absurdo do mundo e com os seus pr\u00f3prios fantasmas de sa\u00fade mental.<\/li>\n<li>J\u00e1 foi rosto da televis\u00e3o na RTP, esteve no programa 5 para a Meia-Noite e apresenta espet\u00e1culos como As Marias e Volto J\u00e1; \u00e9 autor do podcast Somos Todos Malucos e tem mais de um milh\u00e3o de seguidores no Instagram.<\/li>\n<li>O humor aproxima-se da parentalidade: \u00e9 uma forma de relativizar momentos dif\u00edceis e ensinar as filhas a lidar com os perigos das redes sociais, mostrando mensagens agressivas para as entenderem.<\/li>\n<li>N\u00e3o bloqueia ningu\u00e9m no Instagram, encara coment\u00e1rios de \u00f3dio di\u00e1rios e aborda a sa\u00fade mental nos seus conte\u00fados; defende que o humor depende mais de quem o recebe do que de quem o faz.<\/li>\n<\/ul>\n","protected":false},"author":2,"featured_media":459607,"comment_status":"closed","ping_status":"closed","sticky":false,"template":"","format":"standard","meta":{"footnotes":""},"categories":[6675,12],"tags":[6529,1140,2249,88,172,55],"class_list":["post-459601","post","type-post","status-publish","format-standard","has-post-thumbnail","hentry","category-celebridades","category-entretenimento","tag-humoristas","tag-parentalidade","tag-psicologia","tag-redes-sociais","tag-saude","tag-saude-mental"],"yoast_head":"<!-- This site is optimized with the Yoast SEO plugin v27.2 - https:\/\/yoast.com\/product\/yoast-seo-wordpress\/ -->\n<title>Ant\u00f3nio Raminhos revela piadas agressivas criadas em tempo de tens\u00e3o - Portal Tela Portugal<\/title>\n<meta name=\"robots\" content=\"index, follow, max-snippet:-1, max-image-preview:large, max-video-preview:-1\" \/>\n<meta property=\"og:locale\" content=\"pt_PT\" \/>\n<meta property=\"og:type\" content=\"article\" \/>\n<meta property=\"og:title\" content=\"Ant\u00f3nio Raminhos revela piadas agressivas criadas em tempo de tens\u00e3o - Portal Tela Portugal\" \/>\n<meta property=\"og:description\" content=\"Ant\u00f3nio Raminhos, humorista e antigo jornalista desporto, \u00e9 o 14.\u00ba convidado do podcast A Vida N\u00e3o \u00c9 o Que Aparece. Afirma que o humor nasceu em tempo de tens\u00e3o e serve para lidar com o absurdo do mundo e com os seus pr\u00f3prios fantasmas de sa\u00fade mental. J\u00e1 foi rosto da televis\u00e3o na RTP, esteve no programa 5 para a Meia-Noite e apresenta espet\u00e1culos como As Marias e Volto J\u00e1; \u00e9 autor do podcast Somos Todos Malucos e tem mais de um milh\u00e3o de seguidores no Instagram. O humor aproxima-se da parentalidade: \u00e9 uma forma de relativizar momentos dif\u00edceis e ensinar as filhas a lidar com os perigos das redes sociais, mostrando mensagens agressivas para as entenderem. N\u00e3o bloqueia ningu\u00e9m no Instagram, encara coment\u00e1rios de \u00f3dio di\u00e1rios e aborda a sa\u00fade mental nos seus conte\u00fados; defende que o humor depende mais de quem o recebe do que de quem o faz.\" \/>\n<meta property=\"og:url\" content=\"https:\/\/portaltela.pt\/noticias\/2026\/04\/28\/antonio-raminhos-revela-piadas-agressivas-criadas-em-tempo-de-tensao\/\" \/>\n<meta property=\"og:site_name\" content=\"Portal Tela Portugal\" \/>\n<meta property=\"article:published_time\" content=\"2026-04-28T11:48:04+00:00\" \/>\n<meta name=\"author\" content=\"Telinha\" \/>\n<meta name=\"twitter:card\" content=\"summary_large_image\" \/>\n<meta name=\"twitter:label1\" content=\"Escrito por\" \/>\n\t<meta name=\"twitter:data1\" content=\"Telinha\" \/>\n\t<meta name=\"twitter:label2\" content=\"Tempo estimado de leitura\" \/>\n\t<meta name=\"twitter:data2\" content=\"1 minuto\" \/>\n<script type=\"application\/ld+json\" class=\"yoast-schema-graph\">{\"@context\":\"https:\/\/schema.org\",\"@graph\":[{\"@type\":\"Article\",\"@id\":\"https:\/\/portaltela.pt\/noticias\/2026\/04\/28\/antonio-raminhos-revela-piadas-agressivas-criadas-em-tempo-de-tensao\/#article\",\"isPartOf\":{\"@id\":\"https:\/\/portaltela.pt\/noticias\/2026\/04\/28\/antonio-raminhos-revela-piadas-agressivas-criadas-em-tempo-de-tensao\/\"},\"author\":{\"name\":\"Telinha\",\"@id\":\"https:\/\/portaltela.pt\/#\/schema\/person\/c4278d4a6028830caff9ee44b42d32ed\"},\"headline\":\"Ant\u00f3nio Raminhos revela piadas agressivas criadas em tempo de tens\u00e3o\",\"datePublished\":\"2026-04-28T11:48:04+00:00\",\"mainEntityOfPage\":{\"@id\":\"https:\/\/portaltela.pt\/noticias\/2026\/04\/28\/antonio-raminhos-revela-piadas-agressivas-criadas-em-tempo-de-tensao\/\"},\"wordCount\":270,\"image\":{\"@id\":\"https:\/\/portaltela.pt\/noticias\/2026\/04\/28\/antonio-raminhos-revela-piadas-agressivas-criadas-em-tempo-de-tensao\/#primaryimage\"},\"thumbnailUrl\":\"https:\/\/portaltela.pt\/s.01k8rhncp4jt1\/2026\/04\/2084505.jpg\",\"keywords\":[\"humoristas\",\"parentalidade\",\"psicologia\",\"redes sociais\",\"sa\u00fade\",\"sa\u00fade mental\"],\"articleSection\":[\"Celebridades\",\"Entretenimento\"],\"inLanguage\":\"pt-PT\"},{\"@type\":\"WebPage\",\"@id\":\"https:\/\/portaltela.pt\/noticias\/2026\/04\/28\/antonio-raminhos-revela-piadas-agressivas-criadas-em-tempo-de-tensao\/\",\"url\":\"https:\/\/portaltela.pt\/noticias\/2026\/04\/28\/antonio-raminhos-revela-piadas-agressivas-criadas-em-tempo-de-tensao\/\",\"name\":\"Ant\u00f3nio Raminhos revela piadas agressivas criadas em tempo de tens\u00e3o - Portal Tela Portugal\",\"isPartOf\":{\"@id\":\"https:\/\/portaltela.pt\/#website\"},\"primaryImageOfPage\":{\"@id\":\"https:\/\/portaltela.pt\/noticias\/2026\/04\/28\/antonio-raminhos-revela-piadas-agressivas-criadas-em-tempo-de-tensao\/#primaryimage\"},\"image\":{\"@id\":\"https:\/\/portaltela.pt\/noticias\/2026\/04\/28\/antonio-raminhos-revela-piadas-agressivas-criadas-em-tempo-de-tensao\/#primaryimage\"},\"thumbnailUrl\":\"https:\/\/portaltela.pt\/s.01k8rhncp4jt1\/2026\/04\/2084505.jpg\",\"datePublished\":\"2026-04-28T11:48:04+00:00\",\"author\":{\"@id\":\"https:\/\/portaltela.pt\/#\/schema\/person\/c4278d4a6028830caff9ee44b42d32ed\"},\"breadcrumb\":{\"@id\":\"https:\/\/portaltela.pt\/noticias\/2026\/04\/28\/antonio-raminhos-revela-piadas-agressivas-criadas-em-tempo-de-tensao\/#breadcrumb\"},\"inLanguage\":\"pt-PT\",\"potentialAction\":[{\"@type\":\"ReadAction\",\"target\":[\"https:\/\/portaltela.pt\/noticias\/2026\/04\/28\/antonio-raminhos-revela-piadas-agressivas-criadas-em-tempo-de-tensao\/\"]}]},{\"@type\":\"ImageObject\",\"inLanguage\":\"pt-PT\",\"@id\":\"https:\/\/portaltela.pt\/noticias\/2026\/04\/28\/antonio-raminhos-revela-piadas-agressivas-criadas-em-tempo-de-tensao\/#primaryimage\",\"url\":\"https:\/\/portaltela.pt\/s.01k8rhncp4jt1\/2026\/04\/2084505.jpg\",\"contentUrl\":\"https:\/\/portaltela.pt\/s.01k8rhncp4jt1\/2026\/04\/2084505.jpg\",\"width\":796,\"height\":448,\"caption\":\"Photo\"},{\"@type\":\"BreadcrumbList\",\"@id\":\"https:\/\/portaltela.pt\/noticias\/2026\/04\/28\/antonio-raminhos-revela-piadas-agressivas-criadas-em-tempo-de-tensao\/#breadcrumb\",\"itemListElement\":[{\"@type\":\"ListItem\",\"position\":1,\"name\":\"In\u00edcio\",\"item\":\"https:\/\/portaltela.pt\/\"},{\"@type\":\"ListItem\",\"position\":2,\"name\":\"Ant\u00f3nio Raminhos revela piadas agressivas criadas em tempo de tens\u00e3o\"}]},{\"@type\":\"WebSite\",\"@id\":\"https:\/\/portaltela.pt\/#website\",\"url\":\"https:\/\/portaltela.pt\/\",\"name\":\"Portal Tela Portugal\",\"description\":\"\",\"potentialAction\":[{\"@type\":\"SearchAction\",\"target\":{\"@type\":\"EntryPoint\",\"urlTemplate\":\"https:\/\/portaltela.pt\/?s={search_term_string}\"},\"query-input\":{\"@type\":\"PropertyValueSpecification\",\"valueRequired\":true,\"valueName\":\"search_term_string\"}}],\"inLanguage\":\"pt-PT\"},{\"@type\":\"Person\",\"@id\":\"https:\/\/portaltela.pt\/#\/schema\/person\/c4278d4a6028830caff9ee44b42d32ed\",\"name\":\"Telinha\",\"image\":{\"@type\":\"ImageObject\",\"inLanguage\":\"pt-PT\",\"@id\":\"https:\/\/portaltela.pt\/s.01k8rhncp4jt1\/2025\/11\/talking-bot-125x125.png\",\"url\":\"https:\/\/portaltela.pt\/s.01k8rhncp4jt1\/2025\/11\/talking-bot-125x125.png\",\"contentUrl\":\"https:\/\/portaltela.pt\/s.01k8rhncp4jt1\/2025\/11\/talking-bot-125x125.png\",\"caption\":\"Telinha\"},\"sameAs\":[\"https:\/\/portaltela.pt\/\"],\"url\":\"https:\/\/portaltela.pt\/por\/367410592786\/\"}]}<\/script>\n<!-- \/ Yoast SEO plugin. -->","yoast_head_json":{"title":"Ant\u00f3nio Raminhos revela piadas agressivas criadas em tempo de tens\u00e3o - Portal Tela Portugal","robots":{"index":"index","follow":"follow","max-snippet":"max-snippet:-1","max-image-preview":"max-image-preview:large","max-video-preview":"max-video-preview:-1"},"og_locale":"pt_PT","og_type":"article","og_title":"Ant\u00f3nio Raminhos revela piadas agressivas criadas em tempo de tens\u00e3o - Portal Tela Portugal","og_description":"Ant\u00f3nio Raminhos, humorista e antigo jornalista desporto, \u00e9 o 14.\u00ba convidado do podcast A Vida N\u00e3o \u00c9 o Que Aparece. Afirma que o humor nasceu em tempo de tens\u00e3o e serve para lidar com o absurdo do mundo e com os seus pr\u00f3prios fantasmas de sa\u00fade mental. J\u00e1 foi rosto da televis\u00e3o na RTP, esteve no programa 5 para a Meia-Noite e apresenta espet\u00e1culos como As Marias e Volto J\u00e1; \u00e9 autor do podcast Somos Todos Malucos e tem mais de um milh\u00e3o de seguidores no Instagram. O humor aproxima-se da parentalidade: \u00e9 uma forma de relativizar momentos dif\u00edceis e ensinar as filhas a lidar com os perigos das redes sociais, mostrando mensagens agressivas para as entenderem. N\u00e3o bloqueia ningu\u00e9m no Instagram, encara coment\u00e1rios de \u00f3dio di\u00e1rios e aborda a sa\u00fade mental nos seus conte\u00fados; defende que o humor depende mais de quem o recebe do que de quem o faz.","og_url":"https:\/\/portaltela.pt\/noticias\/2026\/04\/28\/antonio-raminhos-revela-piadas-agressivas-criadas-em-tempo-de-tensao\/","og_site_name":"Portal Tela Portugal","article_published_time":"2026-04-28T11:48:04+00:00","author":"Telinha","twitter_card":"summary_large_image","twitter_misc":{"Escrito por":"Telinha","Tempo estimado de leitura":"1 minuto"},"schema":{"@context":"https:\/\/schema.org","@graph":[{"@type":"Article","@id":"https:\/\/portaltela.pt\/noticias\/2026\/04\/28\/antonio-raminhos-revela-piadas-agressivas-criadas-em-tempo-de-tensao\/#article","isPartOf":{"@id":"https:\/\/portaltela.pt\/noticias\/2026\/04\/28\/antonio-raminhos-revela-piadas-agressivas-criadas-em-tempo-de-tensao\/"},"author":{"name":"Telinha","@id":"https:\/\/portaltela.pt\/#\/schema\/person\/c4278d4a6028830caff9ee44b42d32ed"},"headline":"Ant\u00f3nio Raminhos revela piadas agressivas criadas em tempo de tens\u00e3o","datePublished":"2026-04-28T11:48:04+00:00","mainEntityOfPage":{"@id":"https:\/\/portaltela.pt\/noticias\/2026\/04\/28\/antonio-raminhos-revela-piadas-agressivas-criadas-em-tempo-de-tensao\/"},"wordCount":270,"image":{"@id":"https:\/\/portaltela.pt\/noticias\/2026\/04\/28\/antonio-raminhos-revela-piadas-agressivas-criadas-em-tempo-de-tensao\/#primaryimage"},"thumbnailUrl":"https:\/\/portaltela.pt\/s.01k8rhncp4jt1\/2026\/04\/2084505.jpg","keywords":["humoristas","parentalidade","psicologia","redes sociais","sa\u00fade","sa\u00fade mental"],"articleSection":["Celebridades","Entretenimento"],"inLanguage":"pt-PT"},{"@type":"WebPage","@id":"https:\/\/portaltela.pt\/noticias\/2026\/04\/28\/antonio-raminhos-revela-piadas-agressivas-criadas-em-tempo-de-tensao\/","url":"https:\/\/portaltela.pt\/noticias\/2026\/04\/28\/antonio-raminhos-revela-piadas-agressivas-criadas-em-tempo-de-tensao\/","name":"Ant\u00f3nio Raminhos revela piadas agressivas criadas em tempo de tens\u00e3o - Portal Tela Portugal","isPartOf":{"@id":"https:\/\/portaltela.pt\/#website"},"primaryImageOfPage":{"@id":"https:\/\/portaltela.pt\/noticias\/2026\/04\/28\/antonio-raminhos-revela-piadas-agressivas-criadas-em-tempo-de-tensao\/#primaryimage"},"image":{"@id":"https:\/\/portaltela.pt\/noticias\/2026\/04\/28\/antonio-raminhos-revela-piadas-agressivas-criadas-em-tempo-de-tensao\/#primaryimage"},"thumbnailUrl":"https:\/\/portaltela.pt\/s.01k8rhncp4jt1\/2026\/04\/2084505.jpg","datePublished":"2026-04-28T11:48:04+00:00","author":{"@id":"https:\/\/portaltela.pt\/#\/schema\/person\/c4278d4a6028830caff9ee44b42d32ed"},"breadcrumb":{"@id":"https:\/\/portaltela.pt\/noticias\/2026\/04\/28\/antonio-raminhos-revela-piadas-agressivas-criadas-em-tempo-de-tensao\/#breadcrumb"},"inLanguage":"pt-PT","potentialAction":[{"@type":"ReadAction","target":["https:\/\/portaltela.pt\/noticias\/2026\/04\/28\/antonio-raminhos-revela-piadas-agressivas-criadas-em-tempo-de-tensao\/"]}]},{"@type":"ImageObject","inLanguage":"pt-PT","@id":"https:\/\/portaltela.pt\/noticias\/2026\/04\/28\/antonio-raminhos-revela-piadas-agressivas-criadas-em-tempo-de-tensao\/#primaryimage","url":"https:\/\/portaltela.pt\/s.01k8rhncp4jt1\/2026\/04\/2084505.jpg","contentUrl":"https:\/\/portaltela.pt\/s.01k8rhncp4jt1\/2026\/04\/2084505.jpg","width":796,"height":448,"caption":"Photo"},{"@type":"BreadcrumbList","@id":"https:\/\/portaltela.pt\/noticias\/2026\/04\/28\/antonio-raminhos-revela-piadas-agressivas-criadas-em-tempo-de-tensao\/#breadcrumb","itemListElement":[{"@type":"ListItem","position":1,"name":"In\u00edcio","item":"https:\/\/portaltela.pt\/"},{"@type":"ListItem","position":2,"name":"Ant\u00f3nio Raminhos revela piadas agressivas criadas em tempo de tens\u00e3o"}]},{"@type":"WebSite","@id":"https:\/\/portaltela.pt\/#website","url":"https:\/\/portaltela.pt\/","name":"Portal Tela Portugal","description":"","potentialAction":[{"@type":"SearchAction","target":{"@type":"EntryPoint","urlTemplate":"https:\/\/portaltela.pt\/?s={search_term_string}"},"query-input":{"@type":"PropertyValueSpecification","valueRequired":true,"valueName":"search_term_string"}}],"inLanguage":"pt-PT"},{"@type":"Person","@id":"https:\/\/portaltela.pt\/#\/schema\/person\/c4278d4a6028830caff9ee44b42d32ed","name":"Telinha","image":{"@type":"ImageObject","inLanguage":"pt-PT","@id":"https:\/\/portaltela.pt\/s.01k8rhncp4jt1\/2025\/11\/talking-bot-125x125.png","url":"https:\/\/portaltela.pt\/s.01k8rhncp4jt1\/2025\/11\/talking-bot-125x125.png","contentUrl":"https:\/\/portaltela.pt\/s.01k8rhncp4jt1\/2025\/11\/talking-bot-125x125.png","caption":"Telinha"},"sameAs":["https:\/\/portaltela.pt\/"],"url":"https:\/\/portaltela.pt\/por\/367410592786\/"}]}},"_links":{"self":[{"href":"https:\/\/portaltela.pt\/api\/wp\/v2\/posts\/459601","targetHints":{"allow":["GET"]}}],"collection":[{"href":"https:\/\/portaltela.pt\/api\/wp\/v2\/posts"}],"about":[{"href":"https:\/\/portaltela.pt\/api\/wp\/v2\/types\/post"}],"author":[{"embeddable":true,"href":"https:\/\/portaltela.pt\/api\/wp\/v2\/users\/2"}],"replies":[{"embeddable":true,"href":"https:\/\/portaltela.pt\/api\/wp\/v2\/comments?post=459601"}],"version-history":[{"count":0,"href":"https:\/\/portaltela.pt\/api\/wp\/v2\/posts\/459601\/revisions"}],"wp:featuredmedia":[{"embeddable":true,"href":"https:\/\/portaltela.pt\/api\/wp\/v2\/media\/459607"}],"wp:attachment":[{"href":"https:\/\/portaltela.pt\/api\/wp\/v2\/media?parent=459601"}],"wp:term":[{"taxonomy":"category","embeddable":true,"href":"https:\/\/portaltela.pt\/api\/wp\/v2\/categories?post=459601"},{"taxonomy":"post_tag","embeddable":true,"href":"https:\/\/portaltela.pt\/api\/wp\/v2\/tags?post=459601"}],"curies":[{"name":"wp","href":"https:\/\/api.w.org\/{rel}","templated":true}]}}