{"id":459600,"date":"2026-04-28T08:47:59","date_gmt":"2026-04-28T11:47:59","guid":{"rendered":"https:\/\/portaltela.pt\/noticias\/2026\/04\/28\/pj-detem-em-vila-real-homem-procurado-em-franca\/"},"modified":"2026-04-28T08:47:59","modified_gmt":"2026-04-28T11:47:59","slug":"pj-detem-em-vila-real-homem-procurado-em-franca","status":"publish","type":"post","link":"https:\/\/portaltela.pt\/criminalidade\/2026\/04\/28\/pj-detem-em-vila-real-homem-procurado-em-franca\/","title":{"rendered":"PJ det\u00e9m em Vila Real homem procurado em Fran\u00e7a"},"content":{"rendered":"<p>O Comando Territorial de Vila Real da Guarda Nacional Republicana (GNR) deteve, na quarta-feira, um jovem de 22 anos procurado em Fran\u00e7a por tr\u00e1fico de droga. A deten\u00e7\u00e3o ocorreu na cidade de Vila Real, no \u00e2mbito de um mandado europeu de deten\u00e7\u00e3o emitido pelas autoridades francesas.<\/p>\n<p>A a\u00e7\u00e3o insere-se numa investiga\u00e7\u00e3o que visava localizar e deter indiv\u00edduos procurados pela Fran\u00e7a por tr\u00e1fico de droga. O suspeito \u00e9 acusado de ter participado em atividades relacionadas com o tr\u00e1fico de droga no territ\u00f3rio franc\u00eas.<\/p>\n<h3>Coopera\u00e7\u00e3o internacional e pr\u00f3ximos passos<\/h3>\n<p>A GNR sublinha que a deten\u00e7\u00e3o decorreu no \u00e2mbito da coopera\u00e7\u00e3o internacional, nomeadamente atrav\u00e9s do Sistema de Coopera\u00e7\u00e3o Policial Europeia EUROPOL. O jovem foi entregue \u00e0s autoridades francesas, que ir\u00e3o dar seguimento ao processo de extradi\u00e7\u00e3o.<\/p>\n","protected":false},"excerpt":{"rendered":"<ul>\n<li>Um jovem de 22 anos foi detido na cidade de Vila Real, no distrito, no \u00e2mbito de um mandado europeu de deten\u00e7\u00e3o emitido pelas autoridades francesas.<\/li>\n<li>A deten\u00e7\u00e3o ocorreu na quarta-feira, no \u00e2mbito de uma investiga\u00e7\u00e3o para localizar indiv\u00edduos procurados pela Fran\u00e7a por tr\u00e1fico de droga.<\/li>\n<li>O suspeito \u00e9 apontado pela Fran\u00e7a como envolvido em atividades relacionadas com o tr\u00e1fico de droga.<\/li>\n<li>A opera\u00e7\u00e3o decorreu no \u00e2mbito da coopera\u00e7\u00e3o internacional, nomeadamente atrav\u00e9s do Sistema de Coopera\u00e7\u00e3o Policial Europeia (EUROPOL).<\/li>\n<li>O detido foi entregue \u00e0s autoridades francesas, que prosseguir\u00e3o o processo de extradi\u00e7\u00e3o.<\/li>\n<\/ul>\n","protected":false},"author":2,"featured_media":459605,"comment_status":"closed","ping_status":"closed","sticky":false,"template":"","format":"standard","meta":{"footnotes":""},"categories":[6907,7374],"tags":[256,2608,5833,1856,96,1665],"class_list":["post-459600","post","type-post","status-publish","format-standard","has-post-thumbnail","hentry","category-crime","category-criminalidade","tag-cooperacao-internacional","tag-europol","tag-extradicoes","tag-franca","tag-trafico-de-droga","tag-vila-real"],"yoast_head":"<!-- This site is optimized with the Yoast SEO plugin v27.2 - https:\/\/yoast.com\/product\/yoast-seo-wordpress\/ -->\n<title>PJ det\u00e9m em Vila Real homem procurado em Fran\u00e7a - Portal Tela Portugal<\/title>\n<meta name=\"robots\" content=\"index, follow, max-snippet:-1, max-image-preview:large, max-video-preview:-1\" \/>\n<meta property=\"og:locale\" content=\"pt_PT\" \/>\n<meta property=\"og:type\" content=\"article\" \/>\n<meta property=\"og:title\" content=\"PJ det\u00e9m em Vila Real homem procurado em Fran\u00e7a - Portal Tela Portugal\" \/>\n<meta property=\"og:description\" content=\"Um jovem de 22 anos foi detido na cidade de Vila Real, no distrito, no \u00e2mbito de um mandado europeu de deten\u00e7\u00e3o emitido pelas autoridades francesas. A deten\u00e7\u00e3o ocorreu na quarta-feira, no \u00e2mbito de uma investiga\u00e7\u00e3o para localizar indiv\u00edduos procurados pela Fran\u00e7a por tr\u00e1fico de droga. O suspeito \u00e9 apontado pela Fran\u00e7a como envolvido em atividades relacionadas com o tr\u00e1fico de droga. A opera\u00e7\u00e3o decorreu no \u00e2mbito da coopera\u00e7\u00e3o internacional, nomeadamente atrav\u00e9s do Sistema de Coopera\u00e7\u00e3o Policial Europeia (EUROPOL). O detido foi entregue \u00e0s autoridades francesas, que prosseguir\u00e3o o processo de extradi\u00e7\u00e3o.\" \/>\n<meta property=\"og:url\" content=\"https:\/\/portaltela.pt\/noticias\/2026\/04\/28\/pj-detem-em-vila-real-homem-procurado-em-franca\/\" \/>\n<meta property=\"og:site_name\" content=\"Portal Tela Portugal\" \/>\n<meta property=\"article:published_time\" content=\"2026-04-28T11:47:59+00:00\" \/>\n<meta name=\"author\" content=\"Telinha\" \/>\n<meta name=\"twitter:card\" content=\"summary_large_image\" \/>\n<meta name=\"twitter:label1\" content=\"Escrito por\" \/>\n\t<meta name=\"twitter:data1\" content=\"Telinha\" \/>\n\t<meta name=\"twitter:label2\" content=\"Tempo estimado de leitura\" \/>\n\t<meta name=\"twitter:data2\" content=\"1 minuto\" \/>\n<script type=\"application\/ld+json\" class=\"yoast-schema-graph\">{\"@context\":\"https:\/\/schema.org\",\"@graph\":[{\"@type\":\"Article\",\"@id\":\"https:\/\/portaltela.pt\/noticias\/2026\/04\/28\/pj-detem-em-vila-real-homem-procurado-em-franca\/#article\",\"isPartOf\":{\"@id\":\"https:\/\/portaltela.pt\/noticias\/2026\/04\/28\/pj-detem-em-vila-real-homem-procurado-em-franca\/\"},\"author\":{\"name\":\"Telinha\",\"@id\":\"https:\/\/portaltela.pt\/#\/schema\/person\/c4278d4a6028830caff9ee44b42d32ed\"},\"headline\":\"PJ det\u00e9m em Vila Real homem procurado em Fran\u00e7a\",\"datePublished\":\"2026-04-28T11:47:59+00:00\",\"mainEntityOfPage\":{\"@id\":\"https:\/\/portaltela.pt\/noticias\/2026\/04\/28\/pj-detem-em-vila-real-homem-procurado-em-franca\/\"},\"wordCount\":152,\"image\":{\"@id\":\"https:\/\/portaltela.pt\/noticias\/2026\/04\/28\/pj-detem-em-vila-real-homem-procurado-em-franca\/#primaryimage\"},\"thumbnailUrl\":\"https:\/\/portaltela.pt\/s.01k8rhncp4jt1\/2026\/04\/img_1280x722uu2025-10-26-23-37-11-2243857-im-638987232363881282.jpg\",\"keywords\":[\"coopera\u00e7\u00e3o internacional\",\"Europol\",\"extradi\u00e7\u00f5es\",\"Fran\u00e7a\",\"tr\u00e1fico de droga\",\"Vila Real\"],\"articleSection\":[\"Crime\",\"Criminalidade\"],\"inLanguage\":\"pt-PT\"},{\"@type\":\"WebPage\",\"@id\":\"https:\/\/portaltela.pt\/noticias\/2026\/04\/28\/pj-detem-em-vila-real-homem-procurado-em-franca\/\",\"url\":\"https:\/\/portaltela.pt\/noticias\/2026\/04\/28\/pj-detem-em-vila-real-homem-procurado-em-franca\/\",\"name\":\"PJ det\u00e9m em Vila Real homem procurado em Fran\u00e7a - Portal Tela Portugal\",\"isPartOf\":{\"@id\":\"https:\/\/portaltela.pt\/#website\"},\"primaryImageOfPage\":{\"@id\":\"https:\/\/portaltela.pt\/noticias\/2026\/04\/28\/pj-detem-em-vila-real-homem-procurado-em-franca\/#primaryimage\"},\"image\":{\"@id\":\"https:\/\/portaltela.pt\/noticias\/2026\/04\/28\/pj-detem-em-vila-real-homem-procurado-em-franca\/#primaryimage\"},\"thumbnailUrl\":\"https:\/\/portaltela.pt\/s.01k8rhncp4jt1\/2026\/04\/img_1280x722uu2025-10-26-23-37-11-2243857-im-638987232363881282.jpg\",\"datePublished\":\"2026-04-28T11:47:59+00:00\",\"author\":{\"@id\":\"https:\/\/portaltela.pt\/#\/schema\/person\/c4278d4a6028830caff9ee44b42d32ed\"},\"breadcrumb\":{\"@id\":\"https:\/\/portaltela.pt\/noticias\/2026\/04\/28\/pj-detem-em-vila-real-homem-procurado-em-franca\/#breadcrumb\"},\"inLanguage\":\"pt-PT\",\"potentialAction\":[{\"@type\":\"ReadAction\",\"target\":[\"https:\/\/portaltela.pt\/noticias\/2026\/04\/28\/pj-detem-em-vila-real-homem-procurado-em-franca\/\"]}]},{\"@type\":\"ImageObject\",\"inLanguage\":\"pt-PT\",\"@id\":\"https:\/\/portaltela.pt\/noticias\/2026\/04\/28\/pj-detem-em-vila-real-homem-procurado-em-franca\/#primaryimage\",\"url\":\"https:\/\/portaltela.pt\/s.01k8rhncp4jt1\/2026\/04\/img_1280x722uu2025-10-26-23-37-11-2243857-im-638987232363881282.jpg\",\"contentUrl\":\"https:\/\/portaltela.pt\/s.01k8rhncp4jt1\/2026\/04\/img_1280x722uu2025-10-26-23-37-11-2243857-im-638987232363881282.jpg\",\"width\":796,\"height\":448,\"caption\":\"PJ deteve no distrito de Vila Real homem procurado em Fran\u00e7a\"},{\"@type\":\"BreadcrumbList\",\"@id\":\"https:\/\/portaltela.pt\/noticias\/2026\/04\/28\/pj-detem-em-vila-real-homem-procurado-em-franca\/#breadcrumb\",\"itemListElement\":[{\"@type\":\"ListItem\",\"position\":1,\"name\":\"In\u00edcio\",\"item\":\"https:\/\/portaltela.pt\/\"},{\"@type\":\"ListItem\",\"position\":2,\"name\":\"PJ det\u00e9m em Vila Real homem procurado em Fran\u00e7a\"}]},{\"@type\":\"WebSite\",\"@id\":\"https:\/\/portaltela.pt\/#website\",\"url\":\"https:\/\/portaltela.pt\/\",\"name\":\"Portal Tela Portugal\",\"description\":\"\",\"potentialAction\":[{\"@type\":\"SearchAction\",\"target\":{\"@type\":\"EntryPoint\",\"urlTemplate\":\"https:\/\/portaltela.pt\/?s={search_term_string}\"},\"query-input\":{\"@type\":\"PropertyValueSpecification\",\"valueRequired\":true,\"valueName\":\"search_term_string\"}}],\"inLanguage\":\"pt-PT\"},{\"@type\":\"Person\",\"@id\":\"https:\/\/portaltela.pt\/#\/schema\/person\/c4278d4a6028830caff9ee44b42d32ed\",\"name\":\"Telinha\",\"image\":{\"@type\":\"ImageObject\",\"inLanguage\":\"pt-PT\",\"@id\":\"https:\/\/portaltela.pt\/s.01k8rhncp4jt1\/2025\/11\/talking-bot-125x125.png\",\"url\":\"https:\/\/portaltela.pt\/s.01k8rhncp4jt1\/2025\/11\/talking-bot-125x125.png\",\"contentUrl\":\"https:\/\/portaltela.pt\/s.01k8rhncp4jt1\/2025\/11\/talking-bot-125x125.png\",\"caption\":\"Telinha\"},\"sameAs\":[\"https:\/\/portaltela.pt\/\"],\"url\":\"https:\/\/portaltela.pt\/por\/367410592786\/\"}]}<\/script>\n<!-- \/ Yoast SEO plugin. -->","yoast_head_json":{"title":"PJ det\u00e9m em Vila Real homem procurado em Fran\u00e7a - Portal Tela Portugal","robots":{"index":"index","follow":"follow","max-snippet":"max-snippet:-1","max-image-preview":"max-image-preview:large","max-video-preview":"max-video-preview:-1"},"og_locale":"pt_PT","og_type":"article","og_title":"PJ det\u00e9m em Vila Real homem procurado em Fran\u00e7a - Portal Tela Portugal","og_description":"Um jovem de 22 anos foi detido na cidade de Vila Real, no distrito, no \u00e2mbito de um mandado europeu de deten\u00e7\u00e3o emitido pelas autoridades francesas. A deten\u00e7\u00e3o ocorreu na quarta-feira, no \u00e2mbito de uma investiga\u00e7\u00e3o para localizar indiv\u00edduos procurados pela Fran\u00e7a por tr\u00e1fico de droga. O suspeito \u00e9 apontado pela Fran\u00e7a como envolvido em atividades relacionadas com o tr\u00e1fico de droga. A opera\u00e7\u00e3o decorreu no \u00e2mbito da coopera\u00e7\u00e3o internacional, nomeadamente atrav\u00e9s do Sistema de Coopera\u00e7\u00e3o Policial Europeia (EUROPOL). O detido foi entregue \u00e0s autoridades francesas, que prosseguir\u00e3o o processo de extradi\u00e7\u00e3o.","og_url":"https:\/\/portaltela.pt\/noticias\/2026\/04\/28\/pj-detem-em-vila-real-homem-procurado-em-franca\/","og_site_name":"Portal Tela Portugal","article_published_time":"2026-04-28T11:47:59+00:00","author":"Telinha","twitter_card":"summary_large_image","twitter_misc":{"Escrito por":"Telinha","Tempo estimado de leitura":"1 minuto"},"schema":{"@context":"https:\/\/schema.org","@graph":[{"@type":"Article","@id":"https:\/\/portaltela.pt\/noticias\/2026\/04\/28\/pj-detem-em-vila-real-homem-procurado-em-franca\/#article","isPartOf":{"@id":"https:\/\/portaltela.pt\/noticias\/2026\/04\/28\/pj-detem-em-vila-real-homem-procurado-em-franca\/"},"author":{"name":"Telinha","@id":"https:\/\/portaltela.pt\/#\/schema\/person\/c4278d4a6028830caff9ee44b42d32ed"},"headline":"PJ det\u00e9m em Vila Real homem procurado em Fran\u00e7a","datePublished":"2026-04-28T11:47:59+00:00","mainEntityOfPage":{"@id":"https:\/\/portaltela.pt\/noticias\/2026\/04\/28\/pj-detem-em-vila-real-homem-procurado-em-franca\/"},"wordCount":152,"image":{"@id":"https:\/\/portaltela.pt\/noticias\/2026\/04\/28\/pj-detem-em-vila-real-homem-procurado-em-franca\/#primaryimage"},"thumbnailUrl":"https:\/\/portaltela.pt\/s.01k8rhncp4jt1\/2026\/04\/img_1280x722uu2025-10-26-23-37-11-2243857-im-638987232363881282.jpg","keywords":["coopera\u00e7\u00e3o internacional","Europol","extradi\u00e7\u00f5es","Fran\u00e7a","tr\u00e1fico de droga","Vila Real"],"articleSection":["Crime","Criminalidade"],"inLanguage":"pt-PT"},{"@type":"WebPage","@id":"https:\/\/portaltela.pt\/noticias\/2026\/04\/28\/pj-detem-em-vila-real-homem-procurado-em-franca\/","url":"https:\/\/portaltela.pt\/noticias\/2026\/04\/28\/pj-detem-em-vila-real-homem-procurado-em-franca\/","name":"PJ det\u00e9m em Vila Real homem procurado em Fran\u00e7a - Portal Tela Portugal","isPartOf":{"@id":"https:\/\/portaltela.pt\/#website"},"primaryImageOfPage":{"@id":"https:\/\/portaltela.pt\/noticias\/2026\/04\/28\/pj-detem-em-vila-real-homem-procurado-em-franca\/#primaryimage"},"image":{"@id":"https:\/\/portaltela.pt\/noticias\/2026\/04\/28\/pj-detem-em-vila-real-homem-procurado-em-franca\/#primaryimage"},"thumbnailUrl":"https:\/\/portaltela.pt\/s.01k8rhncp4jt1\/2026\/04\/img_1280x722uu2025-10-26-23-37-11-2243857-im-638987232363881282.jpg","datePublished":"2026-04-28T11:47:59+00:00","author":{"@id":"https:\/\/portaltela.pt\/#\/schema\/person\/c4278d4a6028830caff9ee44b42d32ed"},"breadcrumb":{"@id":"https:\/\/portaltela.pt\/noticias\/2026\/04\/28\/pj-detem-em-vila-real-homem-procurado-em-franca\/#breadcrumb"},"inLanguage":"pt-PT","potentialAction":[{"@type":"ReadAction","target":["https:\/\/portaltela.pt\/noticias\/2026\/04\/28\/pj-detem-em-vila-real-homem-procurado-em-franca\/"]}]},{"@type":"ImageObject","inLanguage":"pt-PT","@id":"https:\/\/portaltela.pt\/noticias\/2026\/04\/28\/pj-detem-em-vila-real-homem-procurado-em-franca\/#primaryimage","url":"https:\/\/portaltela.pt\/s.01k8rhncp4jt1\/2026\/04\/img_1280x722uu2025-10-26-23-37-11-2243857-im-638987232363881282.jpg","contentUrl":"https:\/\/portaltela.pt\/s.01k8rhncp4jt1\/2026\/04\/img_1280x722uu2025-10-26-23-37-11-2243857-im-638987232363881282.jpg","width":796,"height":448,"caption":"PJ deteve no distrito de Vila Real homem procurado em Fran\u00e7a"},{"@type":"BreadcrumbList","@id":"https:\/\/portaltela.pt\/noticias\/2026\/04\/28\/pj-detem-em-vila-real-homem-procurado-em-franca\/#breadcrumb","itemListElement":[{"@type":"ListItem","position":1,"name":"In\u00edcio","item":"https:\/\/portaltela.pt\/"},{"@type":"ListItem","position":2,"name":"PJ det\u00e9m em Vila Real homem procurado em Fran\u00e7a"}]},{"@type":"WebSite","@id":"https:\/\/portaltela.pt\/#website","url":"https:\/\/portaltela.pt\/","name":"Portal Tela Portugal","description":"","potentialAction":[{"@type":"SearchAction","target":{"@type":"EntryPoint","urlTemplate":"https:\/\/portaltela.pt\/?s={search_term_string}"},"query-input":{"@type":"PropertyValueSpecification","valueRequired":true,"valueName":"search_term_string"}}],"inLanguage":"pt-PT"},{"@type":"Person","@id":"https:\/\/portaltela.pt\/#\/schema\/person\/c4278d4a6028830caff9ee44b42d32ed","name":"Telinha","image":{"@type":"ImageObject","inLanguage":"pt-PT","@id":"https:\/\/portaltela.pt\/s.01k8rhncp4jt1\/2025\/11\/talking-bot-125x125.png","url":"https:\/\/portaltela.pt\/s.01k8rhncp4jt1\/2025\/11\/talking-bot-125x125.png","contentUrl":"https:\/\/portaltela.pt\/s.01k8rhncp4jt1\/2025\/11\/talking-bot-125x125.png","caption":"Telinha"},"sameAs":["https:\/\/portaltela.pt\/"],"url":"https:\/\/portaltela.pt\/por\/367410592786\/"}]}},"_links":{"self":[{"href":"https:\/\/portaltela.pt\/api\/wp\/v2\/posts\/459600","targetHints":{"allow":["GET"]}}],"collection":[{"href":"https:\/\/portaltela.pt\/api\/wp\/v2\/posts"}],"about":[{"href":"https:\/\/portaltela.pt\/api\/wp\/v2\/types\/post"}],"author":[{"embeddable":true,"href":"https:\/\/portaltela.pt\/api\/wp\/v2\/users\/2"}],"replies":[{"embeddable":true,"href":"https:\/\/portaltela.pt\/api\/wp\/v2\/comments?post=459600"}],"version-history":[{"count":0,"href":"https:\/\/portaltela.pt\/api\/wp\/v2\/posts\/459600\/revisions"}],"wp:featuredmedia":[{"embeddable":true,"href":"https:\/\/portaltela.pt\/api\/wp\/v2\/media\/459605"}],"wp:attachment":[{"href":"https:\/\/portaltela.pt\/api\/wp\/v2\/media?parent=459600"}],"wp:term":[{"taxonomy":"category","embeddable":true,"href":"https:\/\/portaltela.pt\/api\/wp\/v2\/categories?post=459600"},{"taxonomy":"post_tag","embeddable":true,"href":"https:\/\/portaltela.pt\/api\/wp\/v2\/tags?post=459600"}],"curies":[{"name":"wp","href":"https:\/\/api.w.org\/{rel}","templated":true}]}}