{"id":459599,"date":"2026-04-28T08:48:02","date_gmt":"2026-04-28T11:48:02","guid":{"rendered":"https:\/\/portaltela.pt\/noticias\/2026\/04\/28\/apcvd-encaminha-caso-de-pancadaria-no-jogo-carneiro-fc-ad-fridao-ao-mp\/"},"modified":"2026-04-28T08:48:02","modified_gmt":"2026-04-28T11:48:02","slug":"apcvd-encaminha-caso-de-pancadaria-no-jogo-carneiro-fc-ad-fridao-ao-mp","status":"publish","type":"post","link":"https:\/\/portaltela.pt\/desporto\/futebol\/2026\/04\/28\/apcvd-encaminha-caso-de-pancadaria-no-jogo-carneiro-fc-ad-fridao-ao-mp\/","title":{"rendered":"APCVD encaminha caso de pancadaria no jogo Carneiro FC-AD Frid\u00e3o ao MP"},"content":{"rendered":"<p>A APCVD vai enviar ao Minist\u00e9rio P\u00fablico o epis\u00f3dio de viol\u00eancia ocorrido no jogo entre Carneiro FC e AD Frid\u00e3o, da 2.\u00aa Liga da Associa\u00e7\u00e3o Futebol Popular de Amarante, realizado no \u00faltimo fim-de-semana. A entidade entende que o caso envolve il\u00edcito criminal de natureza p\u00fablica.<\/p>\n<p>Numa comunica\u00e7\u00e3o, a APCVD sublinha a dimens\u00e3o p\u00fablica das agress\u00f5es entre jogadores e adeptos e afirma que encaminhar\u00e1 ao MP toda a informa\u00e7\u00e3o compilada que possa ser \u00fatil \u00e0 investiga\u00e7\u00e3o, observando as compet\u00eancias das autoridades judici\u00e1rias.<\/p>\n<p>O incidente envolve adeptos, jogadores e staff presentes no encontro, disputado em Amarante. A APCVD justifica o envio por tratar-se de uma mat\u00e9ria de natureza p\u00fablica e da necessidade de contribuir para a persecu\u00e7\u00e3o da justi\u00e7a.<\/p>\n<h3>Enquadramento da investiga\u00e7\u00e3o<\/h3>\n<p>O organismo ressalva que a transfer\u00eancia de informa\u00e7\u00f5es decorre do interesse p\u00fablico e da gravidade das situa\u00e7\u00f5es registadas. O MP dever\u00e1 avaliar eventuais ilicitudes criminais associadas aos acontecimentos do encontro.<\/p>\n","protected":false},"excerpt":{"rendered":"<ul>\n<li>A APCVD vai encaminhar ao Minist\u00e9rio P\u00fablico o epis\u00f3dio de viol\u00eancia no jogo entre Carneiro FC e AD Frid\u00e3o, da 2.\u00aa Liga da Associa\u00e7\u00e3o Futebol Popular de Amarante.<\/li>\n<li>O incidente ocorreu no fim de semana e envolveu agress\u00f5es entre adeptos, jogadores e staff.<\/li>\n<li>A APCVD entende que ocorreu um il\u00edcito criminal de natureza p\u00fablica e, por isso, vai divulgar a informa\u00e7\u00e3o compilada \u00e0s autoridades judici\u00e1rias.<\/li>\n<li>O objetivo \u00e9 fornecer dados \u00fateis para a prossecu\u00e7\u00e3o da justi\u00e7a, segundo a comunica\u00e7\u00e3o do organismo.<\/li>\n<\/ul>\n","protected":false},"author":2,"featured_media":459603,"comment_status":"closed","ping_status":"closed","sticky":false,"template":"","format":"standard","meta":{"footnotes":""},"categories":[21,24],"tags":[9137,2079,147,152,32,939],"class_list":["post-459599","post","type-post","status-publish","format-standard","has-post-thumbnail","hentry","category-desporto","category-futebol","tag-_amarante","tag-agressoes","tag-crime","tag-desporto","tag-futebol","tag-violencia"],"yoast_head":"<!-- This site is optimized with the Yoast SEO plugin v27.2 - https:\/\/yoast.com\/product\/yoast-seo-wordpress\/ -->\n<title>APCVD encaminha caso de pancadaria no jogo Carneiro FC-AD Frid\u00e3o ao MP - Portal Tela Portugal<\/title>\n<meta name=\"robots\" content=\"index, follow, max-snippet:-1, max-image-preview:large, max-video-preview:-1\" \/>\n<meta property=\"og:locale\" content=\"pt_PT\" \/>\n<meta property=\"og:type\" content=\"article\" \/>\n<meta property=\"og:title\" content=\"APCVD encaminha caso de pancadaria no jogo Carneiro FC-AD Frid\u00e3o ao MP - Portal Tela Portugal\" \/>\n<meta property=\"og:description\" content=\"A APCVD vai encaminhar ao Minist\u00e9rio P\u00fablico o epis\u00f3dio de viol\u00eancia no jogo entre Carneiro FC e AD Frid\u00e3o, da 2.\u00aa Liga da Associa\u00e7\u00e3o Futebol Popular de Amarante. O incidente ocorreu no fim de semana e envolveu agress\u00f5es entre adeptos, jogadores e staff. A APCVD entende que ocorreu um il\u00edcito criminal de natureza p\u00fablica e, por isso, vai divulgar a informa\u00e7\u00e3o compilada \u00e0s autoridades judici\u00e1rias. O objetivo \u00e9 fornecer dados \u00fateis para a prossecu\u00e7\u00e3o da justi\u00e7a, segundo a comunica\u00e7\u00e3o do organismo.\" \/>\n<meta property=\"og:url\" content=\"https:\/\/portaltela.pt\/noticias\/2026\/04\/28\/apcvd-encaminha-caso-de-pancadaria-no-jogo-carneiro-fc-ad-fridao-ao-mp\/\" \/>\n<meta property=\"og:site_name\" content=\"Portal Tela Portugal\" \/>\n<meta property=\"article:published_time\" content=\"2026-04-28T11:48:02+00:00\" \/>\n<meta name=\"author\" content=\"Telinha\" \/>\n<meta name=\"twitter:card\" content=\"summary_large_image\" \/>\n<meta name=\"twitter:label1\" content=\"Escrito por\" \/>\n\t<meta name=\"twitter:data1\" content=\"Telinha\" \/>\n\t<meta name=\"twitter:label2\" content=\"Tempo estimado de leitura\" \/>\n\t<meta name=\"twitter:data2\" content=\"1 minuto\" \/>\n<script type=\"application\/ld+json\" class=\"yoast-schema-graph\">{\"@context\":\"https:\/\/schema.org\",\"@graph\":[{\"@type\":\"Article\",\"@id\":\"https:\/\/portaltela.pt\/noticias\/2026\/04\/28\/apcvd-encaminha-caso-de-pancadaria-no-jogo-carneiro-fc-ad-fridao-ao-mp\/#article\",\"isPartOf\":{\"@id\":\"https:\/\/portaltela.pt\/noticias\/2026\/04\/28\/apcvd-encaminha-caso-de-pancadaria-no-jogo-carneiro-fc-ad-fridao-ao-mp\/\"},\"author\":{\"name\":\"Telinha\",\"@id\":\"https:\/\/portaltela.pt\/#\/schema\/person\/c4278d4a6028830caff9ee44b42d32ed\"},\"headline\":\"APCVD encaminha caso de pancadaria no jogo Carneiro FC-AD Frid\u00e3o ao MP\",\"datePublished\":\"2026-04-28T11:48:02+00:00\",\"mainEntityOfPage\":{\"@id\":\"https:\/\/portaltela.pt\/noticias\/2026\/04\/28\/apcvd-encaminha-caso-de-pancadaria-no-jogo-carneiro-fc-ad-fridao-ao-mp\/\"},\"wordCount\":186,\"image\":{\"@id\":\"https:\/\/portaltela.pt\/noticias\/2026\/04\/28\/apcvd-encaminha-caso-de-pancadaria-no-jogo-carneiro-fc-ad-fridao-ao-mp\/#primaryimage\"},\"thumbnailUrl\":\"https:\/\/portaltela.pt\/s.01k8rhncp4jt1\/2026\/04\/img_293x165uu2026-04-27-11-54-15-2435555.jpg\",\"keywords\":[\"_Amarante\",\"agress\u00f5es\",\"crime\",\"desporto\",\"futebol\",\"viol\u00eancia\"],\"articleSection\":[\"Desporto\",\"Futebol\"],\"inLanguage\":\"pt-PT\"},{\"@type\":\"WebPage\",\"@id\":\"https:\/\/portaltela.pt\/noticias\/2026\/04\/28\/apcvd-encaminha-caso-de-pancadaria-no-jogo-carneiro-fc-ad-fridao-ao-mp\/\",\"url\":\"https:\/\/portaltela.pt\/noticias\/2026\/04\/28\/apcvd-encaminha-caso-de-pancadaria-no-jogo-carneiro-fc-ad-fridao-ao-mp\/\",\"name\":\"APCVD encaminha caso de pancadaria no jogo Carneiro FC-AD Frid\u00e3o ao MP - Portal Tela Portugal\",\"isPartOf\":{\"@id\":\"https:\/\/portaltela.pt\/#website\"},\"primaryImageOfPage\":{\"@id\":\"https:\/\/portaltela.pt\/noticias\/2026\/04\/28\/apcvd-encaminha-caso-de-pancadaria-no-jogo-carneiro-fc-ad-fridao-ao-mp\/#primaryimage\"},\"image\":{\"@id\":\"https:\/\/portaltela.pt\/noticias\/2026\/04\/28\/apcvd-encaminha-caso-de-pancadaria-no-jogo-carneiro-fc-ad-fridao-ao-mp\/#primaryimage\"},\"thumbnailUrl\":\"https:\/\/portaltela.pt\/s.01k8rhncp4jt1\/2026\/04\/img_293x165uu2026-04-27-11-54-15-2435555.jpg\",\"datePublished\":\"2026-04-28T11:48:02+00:00\",\"author\":{\"@id\":\"https:\/\/portaltela.pt\/#\/schema\/person\/c4278d4a6028830caff9ee44b42d32ed\"},\"breadcrumb\":{\"@id\":\"https:\/\/portaltela.pt\/noticias\/2026\/04\/28\/apcvd-encaminha-caso-de-pancadaria-no-jogo-carneiro-fc-ad-fridao-ao-mp\/#breadcrumb\"},\"inLanguage\":\"pt-PT\",\"potentialAction\":[{\"@type\":\"ReadAction\",\"target\":[\"https:\/\/portaltela.pt\/noticias\/2026\/04\/28\/apcvd-encaminha-caso-de-pancadaria-no-jogo-carneiro-fc-ad-fridao-ao-mp\/\"]}]},{\"@type\":\"ImageObject\",\"inLanguage\":\"pt-PT\",\"@id\":\"https:\/\/portaltela.pt\/noticias\/2026\/04\/28\/apcvd-encaminha-caso-de-pancadaria-no-jogo-carneiro-fc-ad-fridao-ao-mp\/#primaryimage\",\"url\":\"https:\/\/portaltela.pt\/s.01k8rhncp4jt1\/2026\/04\/img_293x165uu2026-04-27-11-54-15-2435555.jpg\",\"contentUrl\":\"https:\/\/portaltela.pt\/s.01k8rhncp4jt1\/2026\/04\/img_293x165uu2026-04-27-11-54-15-2435555.jpg\",\"width\":796,\"height\":448,\"caption\":\"APCVD envia epis\u00f3dio de pancadaria no jogo Carneiro FC-AD Frid\u00e3o para o Minist\u00e9rio P\u00fablico\"},{\"@type\":\"BreadcrumbList\",\"@id\":\"https:\/\/portaltela.pt\/noticias\/2026\/04\/28\/apcvd-encaminha-caso-de-pancadaria-no-jogo-carneiro-fc-ad-fridao-ao-mp\/#breadcrumb\",\"itemListElement\":[{\"@type\":\"ListItem\",\"position\":1,\"name\":\"In\u00edcio\",\"item\":\"https:\/\/portaltela.pt\/\"},{\"@type\":\"ListItem\",\"position\":2,\"name\":\"APCVD encaminha caso de pancadaria no jogo Carneiro FC-AD Frid\u00e3o ao MP\"}]},{\"@type\":\"WebSite\",\"@id\":\"https:\/\/portaltela.pt\/#website\",\"url\":\"https:\/\/portaltela.pt\/\",\"name\":\"Portal Tela Portugal\",\"description\":\"\",\"potentialAction\":[{\"@type\":\"SearchAction\",\"target\":{\"@type\":\"EntryPoint\",\"urlTemplate\":\"https:\/\/portaltela.pt\/?s={search_term_string}\"},\"query-input\":{\"@type\":\"PropertyValueSpecification\",\"valueRequired\":true,\"valueName\":\"search_term_string\"}}],\"inLanguage\":\"pt-PT\"},{\"@type\":\"Person\",\"@id\":\"https:\/\/portaltela.pt\/#\/schema\/person\/c4278d4a6028830caff9ee44b42d32ed\",\"name\":\"Telinha\",\"image\":{\"@type\":\"ImageObject\",\"inLanguage\":\"pt-PT\",\"@id\":\"https:\/\/portaltela.pt\/s.01k8rhncp4jt1\/2025\/11\/talking-bot-125x125.png\",\"url\":\"https:\/\/portaltela.pt\/s.01k8rhncp4jt1\/2025\/11\/talking-bot-125x125.png\",\"contentUrl\":\"https:\/\/portaltela.pt\/s.01k8rhncp4jt1\/2025\/11\/talking-bot-125x125.png\",\"caption\":\"Telinha\"},\"sameAs\":[\"https:\/\/portaltela.pt\/\"],\"url\":\"https:\/\/portaltela.pt\/por\/367410592786\/\"}]}<\/script>\n<!-- \/ Yoast SEO plugin. -->","yoast_head_json":{"title":"APCVD encaminha caso de pancadaria no jogo Carneiro FC-AD Frid\u00e3o ao MP - Portal Tela Portugal","robots":{"index":"index","follow":"follow","max-snippet":"max-snippet:-1","max-image-preview":"max-image-preview:large","max-video-preview":"max-video-preview:-1"},"og_locale":"pt_PT","og_type":"article","og_title":"APCVD encaminha caso de pancadaria no jogo Carneiro FC-AD Frid\u00e3o ao MP - Portal Tela Portugal","og_description":"A APCVD vai encaminhar ao Minist\u00e9rio P\u00fablico o epis\u00f3dio de viol\u00eancia no jogo entre Carneiro FC e AD Frid\u00e3o, da 2.\u00aa Liga da Associa\u00e7\u00e3o Futebol Popular de Amarante. O incidente ocorreu no fim de semana e envolveu agress\u00f5es entre adeptos, jogadores e staff. A APCVD entende que ocorreu um il\u00edcito criminal de natureza p\u00fablica e, por isso, vai divulgar a informa\u00e7\u00e3o compilada \u00e0s autoridades judici\u00e1rias. O objetivo \u00e9 fornecer dados \u00fateis para a prossecu\u00e7\u00e3o da justi\u00e7a, segundo a comunica\u00e7\u00e3o do organismo.","og_url":"https:\/\/portaltela.pt\/noticias\/2026\/04\/28\/apcvd-encaminha-caso-de-pancadaria-no-jogo-carneiro-fc-ad-fridao-ao-mp\/","og_site_name":"Portal Tela Portugal","article_published_time":"2026-04-28T11:48:02+00:00","author":"Telinha","twitter_card":"summary_large_image","twitter_misc":{"Escrito por":"Telinha","Tempo estimado de leitura":"1 minuto"},"schema":{"@context":"https:\/\/schema.org","@graph":[{"@type":"Article","@id":"https:\/\/portaltela.pt\/noticias\/2026\/04\/28\/apcvd-encaminha-caso-de-pancadaria-no-jogo-carneiro-fc-ad-fridao-ao-mp\/#article","isPartOf":{"@id":"https:\/\/portaltela.pt\/noticias\/2026\/04\/28\/apcvd-encaminha-caso-de-pancadaria-no-jogo-carneiro-fc-ad-fridao-ao-mp\/"},"author":{"name":"Telinha","@id":"https:\/\/portaltela.pt\/#\/schema\/person\/c4278d4a6028830caff9ee44b42d32ed"},"headline":"APCVD encaminha caso de pancadaria no jogo Carneiro FC-AD Frid\u00e3o ao MP","datePublished":"2026-04-28T11:48:02+00:00","mainEntityOfPage":{"@id":"https:\/\/portaltela.pt\/noticias\/2026\/04\/28\/apcvd-encaminha-caso-de-pancadaria-no-jogo-carneiro-fc-ad-fridao-ao-mp\/"},"wordCount":186,"image":{"@id":"https:\/\/portaltela.pt\/noticias\/2026\/04\/28\/apcvd-encaminha-caso-de-pancadaria-no-jogo-carneiro-fc-ad-fridao-ao-mp\/#primaryimage"},"thumbnailUrl":"https:\/\/portaltela.pt\/s.01k8rhncp4jt1\/2026\/04\/img_293x165uu2026-04-27-11-54-15-2435555.jpg","keywords":["_Amarante","agress\u00f5es","crime","desporto","futebol","viol\u00eancia"],"articleSection":["Desporto","Futebol"],"inLanguage":"pt-PT"},{"@type":"WebPage","@id":"https:\/\/portaltela.pt\/noticias\/2026\/04\/28\/apcvd-encaminha-caso-de-pancadaria-no-jogo-carneiro-fc-ad-fridao-ao-mp\/","url":"https:\/\/portaltela.pt\/noticias\/2026\/04\/28\/apcvd-encaminha-caso-de-pancadaria-no-jogo-carneiro-fc-ad-fridao-ao-mp\/","name":"APCVD encaminha caso de pancadaria no jogo Carneiro FC-AD Frid\u00e3o ao MP - Portal Tela Portugal","isPartOf":{"@id":"https:\/\/portaltela.pt\/#website"},"primaryImageOfPage":{"@id":"https:\/\/portaltela.pt\/noticias\/2026\/04\/28\/apcvd-encaminha-caso-de-pancadaria-no-jogo-carneiro-fc-ad-fridao-ao-mp\/#primaryimage"},"image":{"@id":"https:\/\/portaltela.pt\/noticias\/2026\/04\/28\/apcvd-encaminha-caso-de-pancadaria-no-jogo-carneiro-fc-ad-fridao-ao-mp\/#primaryimage"},"thumbnailUrl":"https:\/\/portaltela.pt\/s.01k8rhncp4jt1\/2026\/04\/img_293x165uu2026-04-27-11-54-15-2435555.jpg","datePublished":"2026-04-28T11:48:02+00:00","author":{"@id":"https:\/\/portaltela.pt\/#\/schema\/person\/c4278d4a6028830caff9ee44b42d32ed"},"breadcrumb":{"@id":"https:\/\/portaltela.pt\/noticias\/2026\/04\/28\/apcvd-encaminha-caso-de-pancadaria-no-jogo-carneiro-fc-ad-fridao-ao-mp\/#breadcrumb"},"inLanguage":"pt-PT","potentialAction":[{"@type":"ReadAction","target":["https:\/\/portaltela.pt\/noticias\/2026\/04\/28\/apcvd-encaminha-caso-de-pancadaria-no-jogo-carneiro-fc-ad-fridao-ao-mp\/"]}]},{"@type":"ImageObject","inLanguage":"pt-PT","@id":"https:\/\/portaltela.pt\/noticias\/2026\/04\/28\/apcvd-encaminha-caso-de-pancadaria-no-jogo-carneiro-fc-ad-fridao-ao-mp\/#primaryimage","url":"https:\/\/portaltela.pt\/s.01k8rhncp4jt1\/2026\/04\/img_293x165uu2026-04-27-11-54-15-2435555.jpg","contentUrl":"https:\/\/portaltela.pt\/s.01k8rhncp4jt1\/2026\/04\/img_293x165uu2026-04-27-11-54-15-2435555.jpg","width":796,"height":448,"caption":"APCVD envia epis\u00f3dio de pancadaria no jogo Carneiro FC-AD Frid\u00e3o para o Minist\u00e9rio P\u00fablico"},{"@type":"BreadcrumbList","@id":"https:\/\/portaltela.pt\/noticias\/2026\/04\/28\/apcvd-encaminha-caso-de-pancadaria-no-jogo-carneiro-fc-ad-fridao-ao-mp\/#breadcrumb","itemListElement":[{"@type":"ListItem","position":1,"name":"In\u00edcio","item":"https:\/\/portaltela.pt\/"},{"@type":"ListItem","position":2,"name":"APCVD encaminha caso de pancadaria no jogo Carneiro FC-AD Frid\u00e3o ao MP"}]},{"@type":"WebSite","@id":"https:\/\/portaltela.pt\/#website","url":"https:\/\/portaltela.pt\/","name":"Portal Tela Portugal","description":"","potentialAction":[{"@type":"SearchAction","target":{"@type":"EntryPoint","urlTemplate":"https:\/\/portaltela.pt\/?s={search_term_string}"},"query-input":{"@type":"PropertyValueSpecification","valueRequired":true,"valueName":"search_term_string"}}],"inLanguage":"pt-PT"},{"@type":"Person","@id":"https:\/\/portaltela.pt\/#\/schema\/person\/c4278d4a6028830caff9ee44b42d32ed","name":"Telinha","image":{"@type":"ImageObject","inLanguage":"pt-PT","@id":"https:\/\/portaltela.pt\/s.01k8rhncp4jt1\/2025\/11\/talking-bot-125x125.png","url":"https:\/\/portaltela.pt\/s.01k8rhncp4jt1\/2025\/11\/talking-bot-125x125.png","contentUrl":"https:\/\/portaltela.pt\/s.01k8rhncp4jt1\/2025\/11\/talking-bot-125x125.png","caption":"Telinha"},"sameAs":["https:\/\/portaltela.pt\/"],"url":"https:\/\/portaltela.pt\/por\/367410592786\/"}]}},"_links":{"self":[{"href":"https:\/\/portaltela.pt\/api\/wp\/v2\/posts\/459599","targetHints":{"allow":["GET"]}}],"collection":[{"href":"https:\/\/portaltela.pt\/api\/wp\/v2\/posts"}],"about":[{"href":"https:\/\/portaltela.pt\/api\/wp\/v2\/types\/post"}],"author":[{"embeddable":true,"href":"https:\/\/portaltela.pt\/api\/wp\/v2\/users\/2"}],"replies":[{"embeddable":true,"href":"https:\/\/portaltela.pt\/api\/wp\/v2\/comments?post=459599"}],"version-history":[{"count":0,"href":"https:\/\/portaltela.pt\/api\/wp\/v2\/posts\/459599\/revisions"}],"wp:featuredmedia":[{"embeddable":true,"href":"https:\/\/portaltela.pt\/api\/wp\/v2\/media\/459603"}],"wp:attachment":[{"href":"https:\/\/portaltela.pt\/api\/wp\/v2\/media?parent=459599"}],"wp:term":[{"taxonomy":"category","embeddable":true,"href":"https:\/\/portaltela.pt\/api\/wp\/v2\/categories?post=459599"},{"taxonomy":"post_tag","embeddable":true,"href":"https:\/\/portaltela.pt\/api\/wp\/v2\/tags?post=459599"}],"curies":[{"name":"wp","href":"https:\/\/api.w.org\/{rel}","templated":true}]}}