{"id":459580,"date":"2026-04-28T08:32:52","date_gmt":"2026-04-28T11:32:52","guid":{"rendered":"https:\/\/portaltela.pt\/noticias\/2026\/04\/28\/comboio-expresso-para-o-aeroporto-de-paris-tem-data-de-estreia\/"},"modified":"2026-04-28T08:32:52","modified_gmt":"2026-04-28T11:32:52","slug":"comboio-expresso-para-o-aeroporto-de-paris-tem-data-de-estreia","status":"publish","type":"post","link":"https:\/\/portaltela.pt\/noticias\/internacional\/2026\/04\/28\/comboio-expresso-para-o-aeroporto-de-paris-tem-data-de-estreia\/","title":{"rendered":"Comboio expresso para o aeroporto de Paris tem data de estreia"},"content":{"rendered":"<p>O novo comboio expresso CDG Express j\u00e1 tem data de estreia: liga o aeroporto Charles de Gaulle \u00e0 Gare de l\u2019Est, em Paris, em 20 minutos. A opera\u00e7\u00e3o come\u00e7a a receber passageiros a 28 de mar\u00e7o de 2027, com partidas a cada 15 minutos das 5h00 \u00e0 meia-noite, todos os dias.<\/p>\n<p>A tarifa ainda n\u00e3o foi definida. Crian\u00e7as com menos de 16 anos viajam gratuitamente quando acompanhadas, e residentes da \u00cele-de-France com passe Navigo poder\u00e3o beneficiar de descontos entre 30% e 40%.<\/p>\n<p>Actualmente, quem viaja para a cidade usa o RER B, inaugurado em 1977, com uma viagem de 34 minutos at\u00e9 \u00e0 Gare du Nord. O pre\u00e7o de uma viagem simples entre o centro e o aeroporto \u00e9 de 11,80 euros.<\/p>\n<h3>Mudan\u00e7as nos transportes em Paris<\/h3>\n<p>A \u00cele-de-France Mobilit\u00e9s est\u00e1 a construir um t\u00fanel pedonal entre a Gare du Nord e a Gare de l\u2019Est, com conclus\u00e3o prevista para a primavera de 2027, em simult\u00e2neo com a inaugura\u00e7\u00e3o do CDG Express. Ambos os projetos visam melhorar a liga\u00e7\u00e3o entre estas duas esta\u00e7\u00f5es.<\/p>\n<p>Paris prepara-se ainda para abrir a linha 17 do metropolitano, que liga Saint-Denis a Mesnil-Amelot, passando pelo aeroporto Charles de Gaulle. O primeiro tro\u00e7o, Saint-Denis ao aeroporto, fica pronto em meados de 2027.<\/p>\n<p>A sec\u00e7\u00e3o entre o aeroporto e o Parc des Expositions seguir\u00e1 em 2028, com a linha completa prevista para ficar conclu\u00edda em 2030. Estas mudan\u00e7as ampliam a rede de mobilidade na regi\u00e3o.<\/p>\n","protected":false},"excerpt":{"rendered":"<ul>\n<li>O CDG Express \u00e9 o comboio expresso que liga o aeroporto Charles de Gaulle \u00e0 Gare de l\u2019Est e come\u00e7a a receber passageiros a 28 de mar\u00e7o de 2027, levando apenas vinte minutos at\u00e9 ao centro de Paris.<\/li>\n<li>As partidas ocorrem a cada quinze minutos e o servi\u00e7o funciona das cinco da manh\u00e3 \u00e0 meia-noite, todos os dias.<\/li>\n<li>O pre\u00e7o ainda n\u00e3o foi definido; crian\u00e7as com menos de dezasseis anos viajam gratuitamente e h\u00e1 descontos entre trinta e quarenta por cento para residentes da \u00cele-de-France com o passe Navigo.<\/li>\n<li>Atualmente, quem viaja de comboio para a cidade utiliza a linha RER B, que demora cerca de trinta e quatro minutos at\u00e9 a Gare du Nord, com o bilhete simples a 11,80 euros.<\/li>\n<li>Al\u00e9m do CDG Express, h\u00e1 obras para um t\u00fanel pedonal entre a Gare du Nord e a Gare de l\u2019Est, com conclus\u00e3o prevista para a primavera de 2027, coincidindo com a estreia da nova linha; est\u00e1 tamb\u00e9m prevista a abertura da linha 17 do metro, entre Saint-Denis e o aeroporto, com in\u00edcio em meados de 2027 e conclus\u00e3o em 2030.<\/li>\n<\/ul>\n","protected":false},"author":2,"featured_media":459584,"comment_status":"closed","ping_status":"closed","sticky":false,"template":"","format":"standard","meta":{"footnotes":""},"categories":[4,1],"tags":[7890,8319,9064,1856],"class_list":["post-459580","post","type-post","status-publish","format-standard","has-post-thumbnail","hentry","category-internacional","category-noticias","tag-_aeroportos","tag-_mobilidade-urbana","tag-_transporte-publico","tag-franca"],"yoast_head":"<!-- This site is optimized with the Yoast SEO plugin v27.2 - https:\/\/yoast.com\/product\/yoast-seo-wordpress\/ -->\n<title>Comboio expresso para o aeroporto de Paris tem data de estreia - Portal Tela Portugal<\/title>\n<meta name=\"robots\" content=\"index, follow, max-snippet:-1, max-image-preview:large, max-video-preview:-1\" \/>\n<meta property=\"og:locale\" content=\"pt_PT\" \/>\n<meta property=\"og:type\" content=\"article\" \/>\n<meta property=\"og:title\" content=\"Comboio expresso para o aeroporto de Paris tem data de estreia - Portal Tela Portugal\" \/>\n<meta property=\"og:description\" content=\"O CDG Express \u00e9 o comboio expresso que liga o aeroporto Charles de Gaulle \u00e0 Gare de l\u2019Est e come\u00e7a a receber passageiros a 28 de mar\u00e7o de 2027, levando apenas vinte minutos at\u00e9 ao centro de Paris. As partidas ocorrem a cada quinze minutos e o servi\u00e7o funciona das cinco da manh\u00e3 \u00e0 meia-noite, todos os dias. O pre\u00e7o ainda n\u00e3o foi definido; crian\u00e7as com menos de dezasseis anos viajam gratuitamente e h\u00e1 descontos entre trinta e quarenta por cento para residentes da \u00cele-de-France com o passe Navigo. Atualmente, quem viaja de comboio para a cidade utiliza a linha RER B, que demora cerca de trinta e quatro minutos at\u00e9 a Gare du Nord, com o bilhete simples a 11,80 euros. Al\u00e9m do CDG Express, h\u00e1 obras para um t\u00fanel pedonal entre a Gare du Nord e a Gare de l\u2019Est, com conclus\u00e3o prevista para a primavera de 2027, coincidindo com a estreia da nova linha; est\u00e1 tamb\u00e9m prevista a abertura da linha 17 do metro, entre Saint-Denis e o aeroporto, com in\u00edcio em meados de 2027 e conclus\u00e3o em 2030.\" \/>\n<meta property=\"og:url\" content=\"https:\/\/portaltela.pt\/noticias\/2026\/04\/28\/comboio-expresso-para-o-aeroporto-de-paris-tem-data-de-estreia\/\" \/>\n<meta property=\"og:site_name\" content=\"Portal Tela Portugal\" \/>\n<meta property=\"article:published_time\" content=\"2026-04-28T11:32:52+00:00\" \/>\n<meta name=\"author\" content=\"Telinha\" \/>\n<meta name=\"twitter:card\" content=\"summary_large_image\" \/>\n<meta name=\"twitter:label1\" content=\"Escrito por\" \/>\n\t<meta name=\"twitter:data1\" content=\"Telinha\" \/>\n\t<meta name=\"twitter:label2\" content=\"Tempo estimado de leitura\" \/>\n\t<meta name=\"twitter:data2\" content=\"1 minuto\" \/>\n<script type=\"application\/ld+json\" class=\"yoast-schema-graph\">{\"@context\":\"https:\/\/schema.org\",\"@graph\":[{\"@type\":\"Article\",\"@id\":\"https:\/\/portaltela.pt\/noticias\/2026\/04\/28\/comboio-expresso-para-o-aeroporto-de-paris-tem-data-de-estreia\/#article\",\"isPartOf\":{\"@id\":\"https:\/\/portaltela.pt\/noticias\/2026\/04\/28\/comboio-expresso-para-o-aeroporto-de-paris-tem-data-de-estreia\/\"},\"author\":{\"name\":\"Telinha\",\"@id\":\"https:\/\/portaltela.pt\/#\/schema\/person\/c4278d4a6028830caff9ee44b42d32ed\"},\"headline\":\"Comboio expresso para o aeroporto de Paris tem data de estreia\",\"datePublished\":\"2026-04-28T11:32:52+00:00\",\"mainEntityOfPage\":{\"@id\":\"https:\/\/portaltela.pt\/noticias\/2026\/04\/28\/comboio-expresso-para-o-aeroporto-de-paris-tem-data-de-estreia\/\"},\"wordCount\":252,\"image\":{\"@id\":\"https:\/\/portaltela.pt\/noticias\/2026\/04\/28\/comboio-expresso-para-o-aeroporto-de-paris-tem-data-de-estreia\/#primaryimage\"},\"thumbnailUrl\":\"https:\/\/portaltela.pt\/s.01k8rhncp4jt1\/2026\/04\/1536x864_cmsv2_ab7d7120-6787-54a4-b275-d810d4210191-9738918.jpg\",\"keywords\":[\"_aeroportos\",\"_mobilidade urbana\",\"_transporte p\u00fablico\",\"Fran\u00e7a\"],\"articleSection\":[\"Internacional\",\"Not\u00edcias\"],\"inLanguage\":\"pt-PT\"},{\"@type\":\"WebPage\",\"@id\":\"https:\/\/portaltela.pt\/noticias\/2026\/04\/28\/comboio-expresso-para-o-aeroporto-de-paris-tem-data-de-estreia\/\",\"url\":\"https:\/\/portaltela.pt\/noticias\/2026\/04\/28\/comboio-expresso-para-o-aeroporto-de-paris-tem-data-de-estreia\/\",\"name\":\"Comboio expresso para o aeroporto de Paris tem data de estreia - Portal Tela Portugal\",\"isPartOf\":{\"@id\":\"https:\/\/portaltela.pt\/#website\"},\"primaryImageOfPage\":{\"@id\":\"https:\/\/portaltela.pt\/noticias\/2026\/04\/28\/comboio-expresso-para-o-aeroporto-de-paris-tem-data-de-estreia\/#primaryimage\"},\"image\":{\"@id\":\"https:\/\/portaltela.pt\/noticias\/2026\/04\/28\/comboio-expresso-para-o-aeroporto-de-paris-tem-data-de-estreia\/#primaryimage\"},\"thumbnailUrl\":\"https:\/\/portaltela.pt\/s.01k8rhncp4jt1\/2026\/04\/1536x864_cmsv2_ab7d7120-6787-54a4-b275-d810d4210191-9738918.jpg\",\"datePublished\":\"2026-04-28T11:32:52+00:00\",\"author\":{\"@id\":\"https:\/\/portaltela.pt\/#\/schema\/person\/c4278d4a6028830caff9ee44b42d32ed\"},\"breadcrumb\":{\"@id\":\"https:\/\/portaltela.pt\/noticias\/2026\/04\/28\/comboio-expresso-para-o-aeroporto-de-paris-tem-data-de-estreia\/#breadcrumb\"},\"inLanguage\":\"pt-PT\",\"potentialAction\":[{\"@type\":\"ReadAction\",\"target\":[\"https:\/\/portaltela.pt\/noticias\/2026\/04\/28\/comboio-expresso-para-o-aeroporto-de-paris-tem-data-de-estreia\/\"]}]},{\"@type\":\"ImageObject\",\"inLanguage\":\"pt-PT\",\"@id\":\"https:\/\/portaltela.pt\/noticias\/2026\/04\/28\/comboio-expresso-para-o-aeroporto-de-paris-tem-data-de-estreia\/#primaryimage\",\"url\":\"https:\/\/portaltela.pt\/s.01k8rhncp4jt1\/2026\/04\/1536x864_cmsv2_ab7d7120-6787-54a4-b275-d810d4210191-9738918.jpg\",\"contentUrl\":\"https:\/\/portaltela.pt\/s.01k8rhncp4jt1\/2026\/04\/1536x864_cmsv2_ab7d7120-6787-54a4-b275-d810d4210191-9738918.jpg\",\"width\":796,\"height\":448,\"caption\":\"Nascer do sol sobre o aeroporto Paris-Charles de Gaulle\"},{\"@type\":\"BreadcrumbList\",\"@id\":\"https:\/\/portaltela.pt\/noticias\/2026\/04\/28\/comboio-expresso-para-o-aeroporto-de-paris-tem-data-de-estreia\/#breadcrumb\",\"itemListElement\":[{\"@type\":\"ListItem\",\"position\":1,\"name\":\"In\u00edcio\",\"item\":\"https:\/\/portaltela.pt\/\"},{\"@type\":\"ListItem\",\"position\":2,\"name\":\"Comboio expresso para o aeroporto de Paris tem data de estreia\"}]},{\"@type\":\"WebSite\",\"@id\":\"https:\/\/portaltela.pt\/#website\",\"url\":\"https:\/\/portaltela.pt\/\",\"name\":\"Portal Tela Portugal\",\"description\":\"\",\"potentialAction\":[{\"@type\":\"SearchAction\",\"target\":{\"@type\":\"EntryPoint\",\"urlTemplate\":\"https:\/\/portaltela.pt\/?s={search_term_string}\"},\"query-input\":{\"@type\":\"PropertyValueSpecification\",\"valueRequired\":true,\"valueName\":\"search_term_string\"}}],\"inLanguage\":\"pt-PT\"},{\"@type\":\"Person\",\"@id\":\"https:\/\/portaltela.pt\/#\/schema\/person\/c4278d4a6028830caff9ee44b42d32ed\",\"name\":\"Telinha\",\"image\":{\"@type\":\"ImageObject\",\"inLanguage\":\"pt-PT\",\"@id\":\"https:\/\/portaltela.pt\/s.01k8rhncp4jt1\/2025\/11\/talking-bot-125x125.png\",\"url\":\"https:\/\/portaltela.pt\/s.01k8rhncp4jt1\/2025\/11\/talking-bot-125x125.png\",\"contentUrl\":\"https:\/\/portaltela.pt\/s.01k8rhncp4jt1\/2025\/11\/talking-bot-125x125.png\",\"caption\":\"Telinha\"},\"sameAs\":[\"https:\/\/portaltela.pt\/\"],\"url\":\"https:\/\/portaltela.pt\/por\/367410592786\/\"}]}<\/script>\n<!-- \/ Yoast SEO plugin. -->","yoast_head_json":{"title":"Comboio expresso para o aeroporto de Paris tem data de estreia - Portal Tela Portugal","robots":{"index":"index","follow":"follow","max-snippet":"max-snippet:-1","max-image-preview":"max-image-preview:large","max-video-preview":"max-video-preview:-1"},"og_locale":"pt_PT","og_type":"article","og_title":"Comboio expresso para o aeroporto de Paris tem data de estreia - Portal Tela Portugal","og_description":"O CDG Express \u00e9 o comboio expresso que liga o aeroporto Charles de Gaulle \u00e0 Gare de l\u2019Est e come\u00e7a a receber passageiros a 28 de mar\u00e7o de 2027, levando apenas vinte minutos at\u00e9 ao centro de Paris. As partidas ocorrem a cada quinze minutos e o servi\u00e7o funciona das cinco da manh\u00e3 \u00e0 meia-noite, todos os dias. O pre\u00e7o ainda n\u00e3o foi definido; crian\u00e7as com menos de dezasseis anos viajam gratuitamente e h\u00e1 descontos entre trinta e quarenta por cento para residentes da \u00cele-de-France com o passe Navigo. Atualmente, quem viaja de comboio para a cidade utiliza a linha RER B, que demora cerca de trinta e quatro minutos at\u00e9 a Gare du Nord, com o bilhete simples a 11,80 euros. Al\u00e9m do CDG Express, h\u00e1 obras para um t\u00fanel pedonal entre a Gare du Nord e a Gare de l\u2019Est, com conclus\u00e3o prevista para a primavera de 2027, coincidindo com a estreia da nova linha; est\u00e1 tamb\u00e9m prevista a abertura da linha 17 do metro, entre Saint-Denis e o aeroporto, com in\u00edcio em meados de 2027 e conclus\u00e3o em 2030.","og_url":"https:\/\/portaltela.pt\/noticias\/2026\/04\/28\/comboio-expresso-para-o-aeroporto-de-paris-tem-data-de-estreia\/","og_site_name":"Portal Tela Portugal","article_published_time":"2026-04-28T11:32:52+00:00","author":"Telinha","twitter_card":"summary_large_image","twitter_misc":{"Escrito por":"Telinha","Tempo estimado de leitura":"1 minuto"},"schema":{"@context":"https:\/\/schema.org","@graph":[{"@type":"Article","@id":"https:\/\/portaltela.pt\/noticias\/2026\/04\/28\/comboio-expresso-para-o-aeroporto-de-paris-tem-data-de-estreia\/#article","isPartOf":{"@id":"https:\/\/portaltela.pt\/noticias\/2026\/04\/28\/comboio-expresso-para-o-aeroporto-de-paris-tem-data-de-estreia\/"},"author":{"name":"Telinha","@id":"https:\/\/portaltela.pt\/#\/schema\/person\/c4278d4a6028830caff9ee44b42d32ed"},"headline":"Comboio expresso para o aeroporto de Paris tem data de estreia","datePublished":"2026-04-28T11:32:52+00:00","mainEntityOfPage":{"@id":"https:\/\/portaltela.pt\/noticias\/2026\/04\/28\/comboio-expresso-para-o-aeroporto-de-paris-tem-data-de-estreia\/"},"wordCount":252,"image":{"@id":"https:\/\/portaltela.pt\/noticias\/2026\/04\/28\/comboio-expresso-para-o-aeroporto-de-paris-tem-data-de-estreia\/#primaryimage"},"thumbnailUrl":"https:\/\/portaltela.pt\/s.01k8rhncp4jt1\/2026\/04\/1536x864_cmsv2_ab7d7120-6787-54a4-b275-d810d4210191-9738918.jpg","keywords":["_aeroportos","_mobilidade urbana","_transporte p\u00fablico","Fran\u00e7a"],"articleSection":["Internacional","Not\u00edcias"],"inLanguage":"pt-PT"},{"@type":"WebPage","@id":"https:\/\/portaltela.pt\/noticias\/2026\/04\/28\/comboio-expresso-para-o-aeroporto-de-paris-tem-data-de-estreia\/","url":"https:\/\/portaltela.pt\/noticias\/2026\/04\/28\/comboio-expresso-para-o-aeroporto-de-paris-tem-data-de-estreia\/","name":"Comboio expresso para o aeroporto de Paris tem data de estreia - Portal Tela Portugal","isPartOf":{"@id":"https:\/\/portaltela.pt\/#website"},"primaryImageOfPage":{"@id":"https:\/\/portaltela.pt\/noticias\/2026\/04\/28\/comboio-expresso-para-o-aeroporto-de-paris-tem-data-de-estreia\/#primaryimage"},"image":{"@id":"https:\/\/portaltela.pt\/noticias\/2026\/04\/28\/comboio-expresso-para-o-aeroporto-de-paris-tem-data-de-estreia\/#primaryimage"},"thumbnailUrl":"https:\/\/portaltela.pt\/s.01k8rhncp4jt1\/2026\/04\/1536x864_cmsv2_ab7d7120-6787-54a4-b275-d810d4210191-9738918.jpg","datePublished":"2026-04-28T11:32:52+00:00","author":{"@id":"https:\/\/portaltela.pt\/#\/schema\/person\/c4278d4a6028830caff9ee44b42d32ed"},"breadcrumb":{"@id":"https:\/\/portaltela.pt\/noticias\/2026\/04\/28\/comboio-expresso-para-o-aeroporto-de-paris-tem-data-de-estreia\/#breadcrumb"},"inLanguage":"pt-PT","potentialAction":[{"@type":"ReadAction","target":["https:\/\/portaltela.pt\/noticias\/2026\/04\/28\/comboio-expresso-para-o-aeroporto-de-paris-tem-data-de-estreia\/"]}]},{"@type":"ImageObject","inLanguage":"pt-PT","@id":"https:\/\/portaltela.pt\/noticias\/2026\/04\/28\/comboio-expresso-para-o-aeroporto-de-paris-tem-data-de-estreia\/#primaryimage","url":"https:\/\/portaltela.pt\/s.01k8rhncp4jt1\/2026\/04\/1536x864_cmsv2_ab7d7120-6787-54a4-b275-d810d4210191-9738918.jpg","contentUrl":"https:\/\/portaltela.pt\/s.01k8rhncp4jt1\/2026\/04\/1536x864_cmsv2_ab7d7120-6787-54a4-b275-d810d4210191-9738918.jpg","width":796,"height":448,"caption":"Nascer do sol sobre o aeroporto Paris-Charles de Gaulle"},{"@type":"BreadcrumbList","@id":"https:\/\/portaltela.pt\/noticias\/2026\/04\/28\/comboio-expresso-para-o-aeroporto-de-paris-tem-data-de-estreia\/#breadcrumb","itemListElement":[{"@type":"ListItem","position":1,"name":"In\u00edcio","item":"https:\/\/portaltela.pt\/"},{"@type":"ListItem","position":2,"name":"Comboio expresso para o aeroporto de Paris tem data de estreia"}]},{"@type":"WebSite","@id":"https:\/\/portaltela.pt\/#website","url":"https:\/\/portaltela.pt\/","name":"Portal Tela Portugal","description":"","potentialAction":[{"@type":"SearchAction","target":{"@type":"EntryPoint","urlTemplate":"https:\/\/portaltela.pt\/?s={search_term_string}"},"query-input":{"@type":"PropertyValueSpecification","valueRequired":true,"valueName":"search_term_string"}}],"inLanguage":"pt-PT"},{"@type":"Person","@id":"https:\/\/portaltela.pt\/#\/schema\/person\/c4278d4a6028830caff9ee44b42d32ed","name":"Telinha","image":{"@type":"ImageObject","inLanguage":"pt-PT","@id":"https:\/\/portaltela.pt\/s.01k8rhncp4jt1\/2025\/11\/talking-bot-125x125.png","url":"https:\/\/portaltela.pt\/s.01k8rhncp4jt1\/2025\/11\/talking-bot-125x125.png","contentUrl":"https:\/\/portaltela.pt\/s.01k8rhncp4jt1\/2025\/11\/talking-bot-125x125.png","caption":"Telinha"},"sameAs":["https:\/\/portaltela.pt\/"],"url":"https:\/\/portaltela.pt\/por\/367410592786\/"}]}},"_links":{"self":[{"href":"https:\/\/portaltela.pt\/api\/wp\/v2\/posts\/459580","targetHints":{"allow":["GET"]}}],"collection":[{"href":"https:\/\/portaltela.pt\/api\/wp\/v2\/posts"}],"about":[{"href":"https:\/\/portaltela.pt\/api\/wp\/v2\/types\/post"}],"author":[{"embeddable":true,"href":"https:\/\/portaltela.pt\/api\/wp\/v2\/users\/2"}],"replies":[{"embeddable":true,"href":"https:\/\/portaltela.pt\/api\/wp\/v2\/comments?post=459580"}],"version-history":[{"count":0,"href":"https:\/\/portaltela.pt\/api\/wp\/v2\/posts\/459580\/revisions"}],"wp:featuredmedia":[{"embeddable":true,"href":"https:\/\/portaltela.pt\/api\/wp\/v2\/media\/459584"}],"wp:attachment":[{"href":"https:\/\/portaltela.pt\/api\/wp\/v2\/media?parent=459580"}],"wp:term":[{"taxonomy":"category","embeddable":true,"href":"https:\/\/portaltela.pt\/api\/wp\/v2\/categories?post=459580"},{"taxonomy":"post_tag","embeddable":true,"href":"https:\/\/portaltela.pt\/api\/wp\/v2\/tags?post=459580"}],"curies":[{"name":"wp","href":"https:\/\/api.w.org\/{rel}","templated":true}]}}