{"id":459554,"date":"2026-04-28T08:17:58","date_gmt":"2026-04-28T11:17:58","guid":{"rendered":"https:\/\/portaltela.pt\/noticias\/2026\/04\/28\/helena-sacadura-cabral-recorda-morte-do-filho-e-o-longo-luto\/"},"modified":"2026-04-28T08:17:58","modified_gmt":"2026-04-28T11:17:58","slug":"helena-sacadura-cabral-recorda-morte-do-filho-e-o-longo-luto","status":"publish","type":"post","link":"https:\/\/portaltela.pt\/sociedade\/2026\/04\/28\/helena-sacadura-cabral-recorda-morte-do-filho-e-o-longo-luto\/","title":{"rendered":"Helena Sacadura Cabral recorda morte do filho e o longo luto"},"content":{"rendered":"<p>Helena Sacadura Cabral recorda o que considera o pior dia da sua vida: 24 de abril de 2012, quando o filho Miguel Portas morreu nos seus bra\u00e7os ap\u00f3s uma luta contra o cancro do pulm\u00e3o. A lembran\u00e7a persiste como uma marca permanente na sua hist\u00f3ria familiar.<\/p>\n<p>A escritora diz que Miguel Portas dedicou grande parte da vida \u00e0 pol\u00edtica, com estudos a ficarem em segundo plano em fun\u00e7\u00e3o das responsabilidades c\u00edvicas que assumiu ao longo dos anos. A refer\u00eancia \u00e9 feita numa partilha no Instagram.<\/p>\n<p>Ao longo dos anos seguintes, Sacadura Cabral admite que foi imposs\u00edvel apagar a m\u00e1goa causada pela exposi\u00e7\u00e3o medi\u00e1tica em torno da morte do filho, que imp\u00f4s uma aproxima\u00e7\u00e3o p\u00fablica \u00e0 privacidade da fam\u00edlia.<\/p>\n<p>Miguel Portas, na altura do falecimento, encontrava-se a cumprir o seu segundo mandato como eurodeputado, eleito pelo Bloco de Esquerda, dando continuidade ao legado pol\u00edtico que o conduziu durante a vida p\u00fablica.<\/p>\n","protected":false},"excerpt":{"rendered":"<ul>\n<li>Helena Sacadura Cabral recorda o pior dia da sua vida: 24 de abril de 2012, quando Miguel Portas morreu de cancro do pulm\u00e3o, nos seus bra\u00e7os.<\/li>\n<li>Miguel Portas tinha 54 anos e era eurodeputado eleito pelo Bloco de Esquerda no momento da morte.<\/li>\n<li>A escritora diz ter dedicado anos \u00e0 pol\u00edtica e que o luto foi marcado pela falta de privacidade associada ao desaparecimento do filho.<\/li>\n<li>O \u00faltimo pedido dele foi para n\u00e3o se tornar uma m\u00e3e chorosa, e ela seguiu em frente com a vida.<\/li>\n<li>Apesar da dor, garante ter sido feliz por ter vivido a vida que quis, com o cora\u00e7\u00e3o apaziguado pela felicidade dele.<\/li>\n<\/ul>\n","protected":false},"author":2,"featured_media":459569,"comment_status":"closed","ping_status":"closed","sticky":false,"template":"","format":"standard","meta":{"footnotes":""},"categories":[7384,6871],"tags":[3371,5811,64,6421,2832,3562],"class_list":["post-459554","post","type-post","status-publish","format-standard","has-post-thumbnail","hentry","category-curiosidades","category-sociedade","tag-bloco-de-esquerda","tag-cancro","tag-familia","tag-mortos","tag-politica","tag-privacidade"],"yoast_head":"<!-- This site is optimized with the Yoast SEO plugin v27.2 - https:\/\/yoast.com\/product\/yoast-seo-wordpress\/ -->\n<title>Helena Sacadura Cabral recorda morte do filho e o longo luto - Portal Tela Portugal<\/title>\n<meta name=\"robots\" content=\"index, follow, max-snippet:-1, max-image-preview:large, max-video-preview:-1\" \/>\n<meta property=\"og:locale\" content=\"pt_PT\" \/>\n<meta property=\"og:type\" content=\"article\" \/>\n<meta property=\"og:title\" content=\"Helena Sacadura Cabral recorda morte do filho e o longo luto - Portal Tela Portugal\" \/>\n<meta property=\"og:description\" content=\"Helena Sacadura Cabral recorda o pior dia da sua vida: 24 de abril de 2012, quando Miguel Portas morreu de cancro do pulm\u00e3o, nos seus bra\u00e7os. Miguel Portas tinha 54 anos e era eurodeputado eleito pelo Bloco de Esquerda no momento da morte. A escritora diz ter dedicado anos \u00e0 pol\u00edtica e que o luto foi marcado pela falta de privacidade associada ao desaparecimento do filho. O \u00faltimo pedido dele foi para n\u00e3o se tornar uma m\u00e3e chorosa, e ela seguiu em frente com a vida. Apesar da dor, garante ter sido feliz por ter vivido a vida que quis, com o cora\u00e7\u00e3o apaziguado pela felicidade dele.\" \/>\n<meta property=\"og:url\" content=\"https:\/\/portaltela.pt\/noticias\/2026\/04\/28\/helena-sacadura-cabral-recorda-morte-do-filho-e-o-longo-luto\/\" \/>\n<meta property=\"og:site_name\" content=\"Portal Tela Portugal\" \/>\n<meta property=\"article:published_time\" content=\"2026-04-28T11:17:58+00:00\" \/>\n<meta name=\"author\" content=\"Telinha\" \/>\n<meta name=\"twitter:card\" content=\"summary_large_image\" \/>\n<meta name=\"twitter:label1\" content=\"Escrito por\" \/>\n\t<meta name=\"twitter:data1\" content=\"Telinha\" \/>\n\t<meta name=\"twitter:label2\" content=\"Tempo estimado de leitura\" \/>\n\t<meta name=\"twitter:data2\" content=\"1 minuto\" \/>\n<script type=\"application\/ld+json\" class=\"yoast-schema-graph\">{\"@context\":\"https:\/\/schema.org\",\"@graph\":[{\"@type\":\"Article\",\"@id\":\"https:\/\/portaltela.pt\/noticias\/2026\/04\/28\/helena-sacadura-cabral-recorda-morte-do-filho-e-o-longo-luto\/#article\",\"isPartOf\":{\"@id\":\"https:\/\/portaltela.pt\/noticias\/2026\/04\/28\/helena-sacadura-cabral-recorda-morte-do-filho-e-o-longo-luto\/\"},\"author\":{\"name\":\"Telinha\",\"@id\":\"https:\/\/portaltela.pt\/#\/schema\/person\/c4278d4a6028830caff9ee44b42d32ed\"},\"headline\":\"Helena Sacadura Cabral recorda morte do filho e o longo luto\",\"datePublished\":\"2026-04-28T11:17:58+00:00\",\"mainEntityOfPage\":{\"@id\":\"https:\/\/portaltela.pt\/noticias\/2026\/04\/28\/helena-sacadura-cabral-recorda-morte-do-filho-e-o-longo-luto\/\"},\"wordCount\":175,\"image\":{\"@id\":\"https:\/\/portaltela.pt\/noticias\/2026\/04\/28\/helena-sacadura-cabral-recorda-morte-do-filho-e-o-longo-luto\/#primaryimage\"},\"thumbnailUrl\":\"https:\/\/portaltela.pt\/s.01k8rhncp4jt1\/2026\/04\/img_1280x718uu2026-04-28-12-08-48-2281554-im-639129749492234919.jpg\",\"keywords\":[\"Bloco de Esquerda\",\"Cancro\",\"fam\u00edlia\",\"mortos\",\"pol\u00edtica\",\"privacidade\"],\"articleSection\":[\"Curiosidades\",\"Sociedade\"],\"inLanguage\":\"pt-PT\"},{\"@type\":\"WebPage\",\"@id\":\"https:\/\/portaltela.pt\/noticias\/2026\/04\/28\/helena-sacadura-cabral-recorda-morte-do-filho-e-o-longo-luto\/\",\"url\":\"https:\/\/portaltela.pt\/noticias\/2026\/04\/28\/helena-sacadura-cabral-recorda-morte-do-filho-e-o-longo-luto\/\",\"name\":\"Helena Sacadura Cabral recorda morte do filho e o longo luto - Portal Tela Portugal\",\"isPartOf\":{\"@id\":\"https:\/\/portaltela.pt\/#website\"},\"primaryImageOfPage\":{\"@id\":\"https:\/\/portaltela.pt\/noticias\/2026\/04\/28\/helena-sacadura-cabral-recorda-morte-do-filho-e-o-longo-luto\/#primaryimage\"},\"image\":{\"@id\":\"https:\/\/portaltela.pt\/noticias\/2026\/04\/28\/helena-sacadura-cabral-recorda-morte-do-filho-e-o-longo-luto\/#primaryimage\"},\"thumbnailUrl\":\"https:\/\/portaltela.pt\/s.01k8rhncp4jt1\/2026\/04\/img_1280x718uu2026-04-28-12-08-48-2281554-im-639129749492234919.jpg\",\"datePublished\":\"2026-04-28T11:17:58+00:00\",\"author\":{\"@id\":\"https:\/\/portaltela.pt\/#\/schema\/person\/c4278d4a6028830caff9ee44b42d32ed\"},\"breadcrumb\":{\"@id\":\"https:\/\/portaltela.pt\/noticias\/2026\/04\/28\/helena-sacadura-cabral-recorda-morte-do-filho-e-o-longo-luto\/#breadcrumb\"},\"inLanguage\":\"pt-PT\",\"potentialAction\":[{\"@type\":\"ReadAction\",\"target\":[\"https:\/\/portaltela.pt\/noticias\/2026\/04\/28\/helena-sacadura-cabral-recorda-morte-do-filho-e-o-longo-luto\/\"]}]},{\"@type\":\"ImageObject\",\"inLanguage\":\"pt-PT\",\"@id\":\"https:\/\/portaltela.pt\/noticias\/2026\/04\/28\/helena-sacadura-cabral-recorda-morte-do-filho-e-o-longo-luto\/#primaryimage\",\"url\":\"https:\/\/portaltela.pt\/s.01k8rhncp4jt1\/2026\/04\/img_1280x718uu2026-04-28-12-08-48-2281554-im-639129749492234919.jpg\",\"contentUrl\":\"https:\/\/portaltela.pt\/s.01k8rhncp4jt1\/2026\/04\/img_1280x718uu2026-04-28-12-08-48-2281554-im-639129749492234919.jpg\",\"width\":796,\"height\":448,\"caption\":\"Helena Sacadura Cabral recorda o filho Miguel Portas, que morreu de cancro\"},{\"@type\":\"BreadcrumbList\",\"@id\":\"https:\/\/portaltela.pt\/noticias\/2026\/04\/28\/helena-sacadura-cabral-recorda-morte-do-filho-e-o-longo-luto\/#breadcrumb\",\"itemListElement\":[{\"@type\":\"ListItem\",\"position\":1,\"name\":\"In\u00edcio\",\"item\":\"https:\/\/portaltela.pt\/\"},{\"@type\":\"ListItem\",\"position\":2,\"name\":\"Helena Sacadura Cabral recorda morte do filho e o longo luto\"}]},{\"@type\":\"WebSite\",\"@id\":\"https:\/\/portaltela.pt\/#website\",\"url\":\"https:\/\/portaltela.pt\/\",\"name\":\"Portal Tela Portugal\",\"description\":\"\",\"potentialAction\":[{\"@type\":\"SearchAction\",\"target\":{\"@type\":\"EntryPoint\",\"urlTemplate\":\"https:\/\/portaltela.pt\/?s={search_term_string}\"},\"query-input\":{\"@type\":\"PropertyValueSpecification\",\"valueRequired\":true,\"valueName\":\"search_term_string\"}}],\"inLanguage\":\"pt-PT\"},{\"@type\":\"Person\",\"@id\":\"https:\/\/portaltela.pt\/#\/schema\/person\/c4278d4a6028830caff9ee44b42d32ed\",\"name\":\"Telinha\",\"image\":{\"@type\":\"ImageObject\",\"inLanguage\":\"pt-PT\",\"@id\":\"https:\/\/portaltela.pt\/s.01k8rhncp4jt1\/2025\/11\/talking-bot-125x125.png\",\"url\":\"https:\/\/portaltela.pt\/s.01k8rhncp4jt1\/2025\/11\/talking-bot-125x125.png\",\"contentUrl\":\"https:\/\/portaltela.pt\/s.01k8rhncp4jt1\/2025\/11\/talking-bot-125x125.png\",\"caption\":\"Telinha\"},\"sameAs\":[\"https:\/\/portaltela.pt\/\"],\"url\":\"https:\/\/portaltela.pt\/por\/367410592786\/\"}]}<\/script>\n<!-- \/ Yoast SEO plugin. -->","yoast_head_json":{"title":"Helena Sacadura Cabral recorda morte do filho e o longo luto - Portal Tela Portugal","robots":{"index":"index","follow":"follow","max-snippet":"max-snippet:-1","max-image-preview":"max-image-preview:large","max-video-preview":"max-video-preview:-1"},"og_locale":"pt_PT","og_type":"article","og_title":"Helena Sacadura Cabral recorda morte do filho e o longo luto - Portal Tela Portugal","og_description":"Helena Sacadura Cabral recorda o pior dia da sua vida: 24 de abril de 2012, quando Miguel Portas morreu de cancro do pulm\u00e3o, nos seus bra\u00e7os. Miguel Portas tinha 54 anos e era eurodeputado eleito pelo Bloco de Esquerda no momento da morte. A escritora diz ter dedicado anos \u00e0 pol\u00edtica e que o luto foi marcado pela falta de privacidade associada ao desaparecimento do filho. O \u00faltimo pedido dele foi para n\u00e3o se tornar uma m\u00e3e chorosa, e ela seguiu em frente com a vida. Apesar da dor, garante ter sido feliz por ter vivido a vida que quis, com o cora\u00e7\u00e3o apaziguado pela felicidade dele.","og_url":"https:\/\/portaltela.pt\/noticias\/2026\/04\/28\/helena-sacadura-cabral-recorda-morte-do-filho-e-o-longo-luto\/","og_site_name":"Portal Tela Portugal","article_published_time":"2026-04-28T11:17:58+00:00","author":"Telinha","twitter_card":"summary_large_image","twitter_misc":{"Escrito por":"Telinha","Tempo estimado de leitura":"1 minuto"},"schema":{"@context":"https:\/\/schema.org","@graph":[{"@type":"Article","@id":"https:\/\/portaltela.pt\/noticias\/2026\/04\/28\/helena-sacadura-cabral-recorda-morte-do-filho-e-o-longo-luto\/#article","isPartOf":{"@id":"https:\/\/portaltela.pt\/noticias\/2026\/04\/28\/helena-sacadura-cabral-recorda-morte-do-filho-e-o-longo-luto\/"},"author":{"name":"Telinha","@id":"https:\/\/portaltela.pt\/#\/schema\/person\/c4278d4a6028830caff9ee44b42d32ed"},"headline":"Helena Sacadura Cabral recorda morte do filho e o longo luto","datePublished":"2026-04-28T11:17:58+00:00","mainEntityOfPage":{"@id":"https:\/\/portaltela.pt\/noticias\/2026\/04\/28\/helena-sacadura-cabral-recorda-morte-do-filho-e-o-longo-luto\/"},"wordCount":175,"image":{"@id":"https:\/\/portaltela.pt\/noticias\/2026\/04\/28\/helena-sacadura-cabral-recorda-morte-do-filho-e-o-longo-luto\/#primaryimage"},"thumbnailUrl":"https:\/\/portaltela.pt\/s.01k8rhncp4jt1\/2026\/04\/img_1280x718uu2026-04-28-12-08-48-2281554-im-639129749492234919.jpg","keywords":["Bloco de Esquerda","Cancro","fam\u00edlia","mortos","pol\u00edtica","privacidade"],"articleSection":["Curiosidades","Sociedade"],"inLanguage":"pt-PT"},{"@type":"WebPage","@id":"https:\/\/portaltela.pt\/noticias\/2026\/04\/28\/helena-sacadura-cabral-recorda-morte-do-filho-e-o-longo-luto\/","url":"https:\/\/portaltela.pt\/noticias\/2026\/04\/28\/helena-sacadura-cabral-recorda-morte-do-filho-e-o-longo-luto\/","name":"Helena Sacadura Cabral recorda morte do filho e o longo luto - Portal Tela Portugal","isPartOf":{"@id":"https:\/\/portaltela.pt\/#website"},"primaryImageOfPage":{"@id":"https:\/\/portaltela.pt\/noticias\/2026\/04\/28\/helena-sacadura-cabral-recorda-morte-do-filho-e-o-longo-luto\/#primaryimage"},"image":{"@id":"https:\/\/portaltela.pt\/noticias\/2026\/04\/28\/helena-sacadura-cabral-recorda-morte-do-filho-e-o-longo-luto\/#primaryimage"},"thumbnailUrl":"https:\/\/portaltela.pt\/s.01k8rhncp4jt1\/2026\/04\/img_1280x718uu2026-04-28-12-08-48-2281554-im-639129749492234919.jpg","datePublished":"2026-04-28T11:17:58+00:00","author":{"@id":"https:\/\/portaltela.pt\/#\/schema\/person\/c4278d4a6028830caff9ee44b42d32ed"},"breadcrumb":{"@id":"https:\/\/portaltela.pt\/noticias\/2026\/04\/28\/helena-sacadura-cabral-recorda-morte-do-filho-e-o-longo-luto\/#breadcrumb"},"inLanguage":"pt-PT","potentialAction":[{"@type":"ReadAction","target":["https:\/\/portaltela.pt\/noticias\/2026\/04\/28\/helena-sacadura-cabral-recorda-morte-do-filho-e-o-longo-luto\/"]}]},{"@type":"ImageObject","inLanguage":"pt-PT","@id":"https:\/\/portaltela.pt\/noticias\/2026\/04\/28\/helena-sacadura-cabral-recorda-morte-do-filho-e-o-longo-luto\/#primaryimage","url":"https:\/\/portaltela.pt\/s.01k8rhncp4jt1\/2026\/04\/img_1280x718uu2026-04-28-12-08-48-2281554-im-639129749492234919.jpg","contentUrl":"https:\/\/portaltela.pt\/s.01k8rhncp4jt1\/2026\/04\/img_1280x718uu2026-04-28-12-08-48-2281554-im-639129749492234919.jpg","width":796,"height":448,"caption":"Helena Sacadura Cabral recorda o filho Miguel Portas, que morreu de cancro"},{"@type":"BreadcrumbList","@id":"https:\/\/portaltela.pt\/noticias\/2026\/04\/28\/helena-sacadura-cabral-recorda-morte-do-filho-e-o-longo-luto\/#breadcrumb","itemListElement":[{"@type":"ListItem","position":1,"name":"In\u00edcio","item":"https:\/\/portaltela.pt\/"},{"@type":"ListItem","position":2,"name":"Helena Sacadura Cabral recorda morte do filho e o longo luto"}]},{"@type":"WebSite","@id":"https:\/\/portaltela.pt\/#website","url":"https:\/\/portaltela.pt\/","name":"Portal Tela Portugal","description":"","potentialAction":[{"@type":"SearchAction","target":{"@type":"EntryPoint","urlTemplate":"https:\/\/portaltela.pt\/?s={search_term_string}"},"query-input":{"@type":"PropertyValueSpecification","valueRequired":true,"valueName":"search_term_string"}}],"inLanguage":"pt-PT"},{"@type":"Person","@id":"https:\/\/portaltela.pt\/#\/schema\/person\/c4278d4a6028830caff9ee44b42d32ed","name":"Telinha","image":{"@type":"ImageObject","inLanguage":"pt-PT","@id":"https:\/\/portaltela.pt\/s.01k8rhncp4jt1\/2025\/11\/talking-bot-125x125.png","url":"https:\/\/portaltela.pt\/s.01k8rhncp4jt1\/2025\/11\/talking-bot-125x125.png","contentUrl":"https:\/\/portaltela.pt\/s.01k8rhncp4jt1\/2025\/11\/talking-bot-125x125.png","caption":"Telinha"},"sameAs":["https:\/\/portaltela.pt\/"],"url":"https:\/\/portaltela.pt\/por\/367410592786\/"}]}},"_links":{"self":[{"href":"https:\/\/portaltela.pt\/api\/wp\/v2\/posts\/459554","targetHints":{"allow":["GET"]}}],"collection":[{"href":"https:\/\/portaltela.pt\/api\/wp\/v2\/posts"}],"about":[{"href":"https:\/\/portaltela.pt\/api\/wp\/v2\/types\/post"}],"author":[{"embeddable":true,"href":"https:\/\/portaltela.pt\/api\/wp\/v2\/users\/2"}],"replies":[{"embeddable":true,"href":"https:\/\/portaltela.pt\/api\/wp\/v2\/comments?post=459554"}],"version-history":[{"count":0,"href":"https:\/\/portaltela.pt\/api\/wp\/v2\/posts\/459554\/revisions"}],"wp:featuredmedia":[{"embeddable":true,"href":"https:\/\/portaltela.pt\/api\/wp\/v2\/media\/459569"}],"wp:attachment":[{"href":"https:\/\/portaltela.pt\/api\/wp\/v2\/media?parent=459554"}],"wp:term":[{"taxonomy":"category","embeddable":true,"href":"https:\/\/portaltela.pt\/api\/wp\/v2\/categories?post=459554"},{"taxonomy":"post_tag","embeddable":true,"href":"https:\/\/portaltela.pt\/api\/wp\/v2\/tags?post=459554"}],"curies":[{"name":"wp","href":"https:\/\/api.w.org\/{rel}","templated":true}]}}