{"id":459553,"date":"2026-04-28T08:17:56","date_gmt":"2026-04-28T11:17:56","guid":{"rendered":"https:\/\/portaltela.pt\/noticias\/2026\/04\/28\/financas-alteram-o-modelo-das-cartas-enviadas-aos-contribuintes\/"},"modified":"2026-04-28T08:17:56","modified_gmt":"2026-04-28T11:17:56","slug":"financas-alteram-o-modelo-das-cartas-enviadas-aos-contribuintes","status":"publish","type":"post","link":"https:\/\/portaltela.pt\/noticias\/economia\/2026\/04\/28\/financas-alteram-o-modelo-das-cartas-enviadas-aos-contribuintes\/","title":{"rendered":"Finan\u00e7as alteram o modelo das cartas enviadas aos contribuintes"},"content":{"rendered":"<p>A Autoridade Tribut\u00e1ria Aduaneira (AT) informou nesta segunda-feira uma mudan\u00e7a no modelo das cartas enviadas aos contribuintes, no \u00e2mbito da cobran\u00e7a do IMI. As notas n\u00e3o ser\u00e3o mais remetidas em carta-envelope.<\/p>\n<p>O novo formato envolve um modelo de impress\u00e3o e expedi\u00e7\u00e3o atualizado, integrado no processo de moderniza\u00e7\u00e3o dos servi\u00e7os da AT. As notas de cobran\u00e7a do IMI ser\u00e3o emitidas em breve segundo este formato.<\/p>\n<p>A AT destacou que as notas emitidas no novo formato mant\u00eam plena validade legal e operacional, assegurando a continuidade e a seguran\u00e7a dos procedimentos de cobran\u00e7a. A mudan\u00e7a visa melhorar a efici\u00eancia administrativa.<\/p>\n<h3>Mudan\u00e7a no formato das comunica\u00e7\u00f5es<\/h3>\n<p>As comunica\u00e7\u00f5es passam a seguir o novo layout, com previs\u00f5es de implementa\u00e7\u00e3o para com os pr\u00f3ximos envios. A AT n\u00e3o indicou prazos precisos para todas as notifica\u00e7\u00f5es, mas garantiu que o processo permanece dentro do enquadramento legal.<\/p>\n","protected":false},"excerpt":{"rendered":"<ul>\n<li>A Autoridade Tribut\u00e1ria Aduaneira (AT) alterou o modelo das cartas enviadas aos contribuintes.<\/li>\n<li>As notas de cobran\u00e7a do Imposto Municipal sobre Im\u00f3veis (IMI) j\u00e1 n\u00e3o ser\u00e3o enviadas em carta-envelope.<\/li>\n<li>A AT anunciou a ado\u00e7\u00e3o de um novo modelo de impress\u00e3o e expedi\u00e7\u00e3o de comunica\u00e7\u00f5es, no \u00e2mbito da moderniza\u00e7\u00e3o dos servi\u00e7os.<\/li>\n<li>O novo formato ser\u00e1 utilizado nas notas de cobran\u00e7a do IMI, que ser\u00e3o emitidas brevemente.<\/li>\n<li>A AT garantiu que as notas emitidas no novo formato mant\u00eam plena validade legal e operacional, assegurando a continuidade e seguran\u00e7a dos procedimentos.<\/li>\n<\/ul>\n","protected":false},"author":2,"featured_media":459571,"comment_status":"closed","ping_status":"closed","sticky":false,"template":"","format":"standard","meta":{"footnotes":""},"categories":[2,6850],"tags":[168,5334,1208,3613,8682,5563],"class_list":["post-459553","post","type-post","status-publish","format-standard","has-post-thumbnail","hentry","category-economia","category-financas","tag-administracao-publica","tag-gestao-publica","tag-imi","tag-impostos","tag-informacao-institucional","tag-informacao-publica"],"yoast_head":"<!-- This site is optimized with the Yoast SEO plugin v27.2 - https:\/\/yoast.com\/product\/yoast-seo-wordpress\/ -->\n<title>Finan\u00e7as alteram o modelo das cartas enviadas aos contribuintes - Portal Tela Portugal<\/title>\n<meta name=\"robots\" content=\"index, follow, max-snippet:-1, max-image-preview:large, max-video-preview:-1\" \/>\n<meta property=\"og:locale\" content=\"pt_PT\" \/>\n<meta property=\"og:type\" content=\"article\" \/>\n<meta property=\"og:title\" content=\"Finan\u00e7as alteram o modelo das cartas enviadas aos contribuintes - Portal Tela Portugal\" \/>\n<meta property=\"og:description\" content=\"A Autoridade Tribut\u00e1ria Aduaneira (AT) alterou o modelo das cartas enviadas aos contribuintes. As notas de cobran\u00e7a do Imposto Municipal sobre Im\u00f3veis (IMI) j\u00e1 n\u00e3o ser\u00e3o enviadas em carta-envelope. A AT anunciou a ado\u00e7\u00e3o de um novo modelo de impress\u00e3o e expedi\u00e7\u00e3o de comunica\u00e7\u00f5es, no \u00e2mbito da moderniza\u00e7\u00e3o dos servi\u00e7os. O novo formato ser\u00e1 utilizado nas notas de cobran\u00e7a do IMI, que ser\u00e3o emitidas brevemente. A AT garantiu que as notas emitidas no novo formato mant\u00eam plena validade legal e operacional, assegurando a continuidade e seguran\u00e7a dos procedimentos.\" \/>\n<meta property=\"og:url\" content=\"https:\/\/portaltela.pt\/noticias\/2026\/04\/28\/financas-alteram-o-modelo-das-cartas-enviadas-aos-contribuintes\/\" \/>\n<meta property=\"og:site_name\" content=\"Portal Tela Portugal\" \/>\n<meta property=\"article:published_time\" content=\"2026-04-28T11:17:56+00:00\" \/>\n<meta name=\"author\" content=\"Telinha\" \/>\n<meta name=\"twitter:card\" content=\"summary_large_image\" \/>\n<meta name=\"twitter:label1\" content=\"Escrito por\" \/>\n\t<meta name=\"twitter:data1\" content=\"Telinha\" \/>\n\t<meta name=\"twitter:label2\" content=\"Tempo estimado de leitura\" \/>\n\t<meta name=\"twitter:data2\" content=\"1 minuto\" \/>\n<script type=\"application\/ld+json\" class=\"yoast-schema-graph\">{\"@context\":\"https:\/\/schema.org\",\"@graph\":[{\"@type\":\"Article\",\"@id\":\"https:\/\/portaltela.pt\/noticias\/2026\/04\/28\/financas-alteram-o-modelo-das-cartas-enviadas-aos-contribuintes\/#article\",\"isPartOf\":{\"@id\":\"https:\/\/portaltela.pt\/noticias\/2026\/04\/28\/financas-alteram-o-modelo-das-cartas-enviadas-aos-contribuintes\/\"},\"author\":{\"name\":\"Telinha\",\"@id\":\"https:\/\/portaltela.pt\/#\/schema\/person\/c4278d4a6028830caff9ee44b42d32ed\"},\"headline\":\"Finan\u00e7as alteram o modelo das cartas enviadas aos contribuintes\",\"datePublished\":\"2026-04-28T11:17:56+00:00\",\"mainEntityOfPage\":{\"@id\":\"https:\/\/portaltela.pt\/noticias\/2026\/04\/28\/financas-alteram-o-modelo-das-cartas-enviadas-aos-contribuintes\/\"},\"wordCount\":173,\"image\":{\"@id\":\"https:\/\/portaltela.pt\/noticias\/2026\/04\/28\/financas-alteram-o-modelo-das-cartas-enviadas-aos-contribuintes\/#primaryimage\"},\"thumbnailUrl\":\"https:\/\/portaltela.pt\/s.01k8rhncp4jt1\/2026\/04\/image-1586.jpg\",\"keywords\":[\"administra\u00e7\u00e3o p\u00fablica\",\"gest\u00e3o p\u00fablica\",\"IMI\",\"impostos\",\"informa\u00e7\u00e3o institucional\",\"informa\u00e7\u00e3o p\u00fablica\"],\"articleSection\":[\"Economia\",\"Finan\u00e7as\"],\"inLanguage\":\"pt-PT\"},{\"@type\":\"WebPage\",\"@id\":\"https:\/\/portaltela.pt\/noticias\/2026\/04\/28\/financas-alteram-o-modelo-das-cartas-enviadas-aos-contribuintes\/\",\"url\":\"https:\/\/portaltela.pt\/noticias\/2026\/04\/28\/financas-alteram-o-modelo-das-cartas-enviadas-aos-contribuintes\/\",\"name\":\"Finan\u00e7as alteram o modelo das cartas enviadas aos contribuintes - Portal Tela Portugal\",\"isPartOf\":{\"@id\":\"https:\/\/portaltela.pt\/#website\"},\"primaryImageOfPage\":{\"@id\":\"https:\/\/portaltela.pt\/noticias\/2026\/04\/28\/financas-alteram-o-modelo-das-cartas-enviadas-aos-contribuintes\/#primaryimage\"},\"image\":{\"@id\":\"https:\/\/portaltela.pt\/noticias\/2026\/04\/28\/financas-alteram-o-modelo-das-cartas-enviadas-aos-contribuintes\/#primaryimage\"},\"thumbnailUrl\":\"https:\/\/portaltela.pt\/s.01k8rhncp4jt1\/2026\/04\/image-1586.jpg\",\"datePublished\":\"2026-04-28T11:17:56+00:00\",\"author\":{\"@id\":\"https:\/\/portaltela.pt\/#\/schema\/person\/c4278d4a6028830caff9ee44b42d32ed\"},\"breadcrumb\":{\"@id\":\"https:\/\/portaltela.pt\/noticias\/2026\/04\/28\/financas-alteram-o-modelo-das-cartas-enviadas-aos-contribuintes\/#breadcrumb\"},\"inLanguage\":\"pt-PT\",\"potentialAction\":[{\"@type\":\"ReadAction\",\"target\":[\"https:\/\/portaltela.pt\/noticias\/2026\/04\/28\/financas-alteram-o-modelo-das-cartas-enviadas-aos-contribuintes\/\"]}]},{\"@type\":\"ImageObject\",\"inLanguage\":\"pt-PT\",\"@id\":\"https:\/\/portaltela.pt\/noticias\/2026\/04\/28\/financas-alteram-o-modelo-das-cartas-enviadas-aos-contribuintes\/#primaryimage\",\"url\":\"https:\/\/portaltela.pt\/s.01k8rhncp4jt1\/2026\/04\/image-1586.jpg\",\"contentUrl\":\"https:\/\/portaltela.pt\/s.01k8rhncp4jt1\/2026\/04\/image-1586.jpg\",\"width\":796,\"height\":448,\"caption\":\"Imagem de contexto do artigo Finan\u00e7as alteram modelo das cartas enviadas aos contribuintes\"},{\"@type\":\"BreadcrumbList\",\"@id\":\"https:\/\/portaltela.pt\/noticias\/2026\/04\/28\/financas-alteram-o-modelo-das-cartas-enviadas-aos-contribuintes\/#breadcrumb\",\"itemListElement\":[{\"@type\":\"ListItem\",\"position\":1,\"name\":\"In\u00edcio\",\"item\":\"https:\/\/portaltela.pt\/\"},{\"@type\":\"ListItem\",\"position\":2,\"name\":\"Finan\u00e7as alteram o modelo das cartas enviadas aos contribuintes\"}]},{\"@type\":\"WebSite\",\"@id\":\"https:\/\/portaltela.pt\/#website\",\"url\":\"https:\/\/portaltela.pt\/\",\"name\":\"Portal Tela Portugal\",\"description\":\"\",\"potentialAction\":[{\"@type\":\"SearchAction\",\"target\":{\"@type\":\"EntryPoint\",\"urlTemplate\":\"https:\/\/portaltela.pt\/?s={search_term_string}\"},\"query-input\":{\"@type\":\"PropertyValueSpecification\",\"valueRequired\":true,\"valueName\":\"search_term_string\"}}],\"inLanguage\":\"pt-PT\"},{\"@type\":\"Person\",\"@id\":\"https:\/\/portaltela.pt\/#\/schema\/person\/c4278d4a6028830caff9ee44b42d32ed\",\"name\":\"Telinha\",\"image\":{\"@type\":\"ImageObject\",\"inLanguage\":\"pt-PT\",\"@id\":\"https:\/\/portaltela.pt\/s.01k8rhncp4jt1\/2025\/11\/talking-bot-125x125.png\",\"url\":\"https:\/\/portaltela.pt\/s.01k8rhncp4jt1\/2025\/11\/talking-bot-125x125.png\",\"contentUrl\":\"https:\/\/portaltela.pt\/s.01k8rhncp4jt1\/2025\/11\/talking-bot-125x125.png\",\"caption\":\"Telinha\"},\"sameAs\":[\"https:\/\/portaltela.pt\/\"],\"url\":\"https:\/\/portaltela.pt\/por\/367410592786\/\"}]}<\/script>\n<!-- \/ Yoast SEO plugin. -->","yoast_head_json":{"title":"Finan\u00e7as alteram o modelo das cartas enviadas aos contribuintes - Portal Tela Portugal","robots":{"index":"index","follow":"follow","max-snippet":"max-snippet:-1","max-image-preview":"max-image-preview:large","max-video-preview":"max-video-preview:-1"},"og_locale":"pt_PT","og_type":"article","og_title":"Finan\u00e7as alteram o modelo das cartas enviadas aos contribuintes - Portal Tela Portugal","og_description":"A Autoridade Tribut\u00e1ria Aduaneira (AT) alterou o modelo das cartas enviadas aos contribuintes. As notas de cobran\u00e7a do Imposto Municipal sobre Im\u00f3veis (IMI) j\u00e1 n\u00e3o ser\u00e3o enviadas em carta-envelope. A AT anunciou a ado\u00e7\u00e3o de um novo modelo de impress\u00e3o e expedi\u00e7\u00e3o de comunica\u00e7\u00f5es, no \u00e2mbito da moderniza\u00e7\u00e3o dos servi\u00e7os. O novo formato ser\u00e1 utilizado nas notas de cobran\u00e7a do IMI, que ser\u00e3o emitidas brevemente. A AT garantiu que as notas emitidas no novo formato mant\u00eam plena validade legal e operacional, assegurando a continuidade e seguran\u00e7a dos procedimentos.","og_url":"https:\/\/portaltela.pt\/noticias\/2026\/04\/28\/financas-alteram-o-modelo-das-cartas-enviadas-aos-contribuintes\/","og_site_name":"Portal Tela Portugal","article_published_time":"2026-04-28T11:17:56+00:00","author":"Telinha","twitter_card":"summary_large_image","twitter_misc":{"Escrito por":"Telinha","Tempo estimado de leitura":"1 minuto"},"schema":{"@context":"https:\/\/schema.org","@graph":[{"@type":"Article","@id":"https:\/\/portaltela.pt\/noticias\/2026\/04\/28\/financas-alteram-o-modelo-das-cartas-enviadas-aos-contribuintes\/#article","isPartOf":{"@id":"https:\/\/portaltela.pt\/noticias\/2026\/04\/28\/financas-alteram-o-modelo-das-cartas-enviadas-aos-contribuintes\/"},"author":{"name":"Telinha","@id":"https:\/\/portaltela.pt\/#\/schema\/person\/c4278d4a6028830caff9ee44b42d32ed"},"headline":"Finan\u00e7as alteram o modelo das cartas enviadas aos contribuintes","datePublished":"2026-04-28T11:17:56+00:00","mainEntityOfPage":{"@id":"https:\/\/portaltela.pt\/noticias\/2026\/04\/28\/financas-alteram-o-modelo-das-cartas-enviadas-aos-contribuintes\/"},"wordCount":173,"image":{"@id":"https:\/\/portaltela.pt\/noticias\/2026\/04\/28\/financas-alteram-o-modelo-das-cartas-enviadas-aos-contribuintes\/#primaryimage"},"thumbnailUrl":"https:\/\/portaltela.pt\/s.01k8rhncp4jt1\/2026\/04\/image-1586.jpg","keywords":["administra\u00e7\u00e3o p\u00fablica","gest\u00e3o p\u00fablica","IMI","impostos","informa\u00e7\u00e3o institucional","informa\u00e7\u00e3o p\u00fablica"],"articleSection":["Economia","Finan\u00e7as"],"inLanguage":"pt-PT"},{"@type":"WebPage","@id":"https:\/\/portaltela.pt\/noticias\/2026\/04\/28\/financas-alteram-o-modelo-das-cartas-enviadas-aos-contribuintes\/","url":"https:\/\/portaltela.pt\/noticias\/2026\/04\/28\/financas-alteram-o-modelo-das-cartas-enviadas-aos-contribuintes\/","name":"Finan\u00e7as alteram o modelo das cartas enviadas aos contribuintes - Portal Tela Portugal","isPartOf":{"@id":"https:\/\/portaltela.pt\/#website"},"primaryImageOfPage":{"@id":"https:\/\/portaltela.pt\/noticias\/2026\/04\/28\/financas-alteram-o-modelo-das-cartas-enviadas-aos-contribuintes\/#primaryimage"},"image":{"@id":"https:\/\/portaltela.pt\/noticias\/2026\/04\/28\/financas-alteram-o-modelo-das-cartas-enviadas-aos-contribuintes\/#primaryimage"},"thumbnailUrl":"https:\/\/portaltela.pt\/s.01k8rhncp4jt1\/2026\/04\/image-1586.jpg","datePublished":"2026-04-28T11:17:56+00:00","author":{"@id":"https:\/\/portaltela.pt\/#\/schema\/person\/c4278d4a6028830caff9ee44b42d32ed"},"breadcrumb":{"@id":"https:\/\/portaltela.pt\/noticias\/2026\/04\/28\/financas-alteram-o-modelo-das-cartas-enviadas-aos-contribuintes\/#breadcrumb"},"inLanguage":"pt-PT","potentialAction":[{"@type":"ReadAction","target":["https:\/\/portaltela.pt\/noticias\/2026\/04\/28\/financas-alteram-o-modelo-das-cartas-enviadas-aos-contribuintes\/"]}]},{"@type":"ImageObject","inLanguage":"pt-PT","@id":"https:\/\/portaltela.pt\/noticias\/2026\/04\/28\/financas-alteram-o-modelo-das-cartas-enviadas-aos-contribuintes\/#primaryimage","url":"https:\/\/portaltela.pt\/s.01k8rhncp4jt1\/2026\/04\/image-1586.jpg","contentUrl":"https:\/\/portaltela.pt\/s.01k8rhncp4jt1\/2026\/04\/image-1586.jpg","width":796,"height":448,"caption":"Imagem de contexto do artigo Finan\u00e7as alteram modelo das cartas enviadas aos contribuintes"},{"@type":"BreadcrumbList","@id":"https:\/\/portaltela.pt\/noticias\/2026\/04\/28\/financas-alteram-o-modelo-das-cartas-enviadas-aos-contribuintes\/#breadcrumb","itemListElement":[{"@type":"ListItem","position":1,"name":"In\u00edcio","item":"https:\/\/portaltela.pt\/"},{"@type":"ListItem","position":2,"name":"Finan\u00e7as alteram o modelo das cartas enviadas aos contribuintes"}]},{"@type":"WebSite","@id":"https:\/\/portaltela.pt\/#website","url":"https:\/\/portaltela.pt\/","name":"Portal Tela Portugal","description":"","potentialAction":[{"@type":"SearchAction","target":{"@type":"EntryPoint","urlTemplate":"https:\/\/portaltela.pt\/?s={search_term_string}"},"query-input":{"@type":"PropertyValueSpecification","valueRequired":true,"valueName":"search_term_string"}}],"inLanguage":"pt-PT"},{"@type":"Person","@id":"https:\/\/portaltela.pt\/#\/schema\/person\/c4278d4a6028830caff9ee44b42d32ed","name":"Telinha","image":{"@type":"ImageObject","inLanguage":"pt-PT","@id":"https:\/\/portaltela.pt\/s.01k8rhncp4jt1\/2025\/11\/talking-bot-125x125.png","url":"https:\/\/portaltela.pt\/s.01k8rhncp4jt1\/2025\/11\/talking-bot-125x125.png","contentUrl":"https:\/\/portaltela.pt\/s.01k8rhncp4jt1\/2025\/11\/talking-bot-125x125.png","caption":"Telinha"},"sameAs":["https:\/\/portaltela.pt\/"],"url":"https:\/\/portaltela.pt\/por\/367410592786\/"}]}},"_links":{"self":[{"href":"https:\/\/portaltela.pt\/api\/wp\/v2\/posts\/459553","targetHints":{"allow":["GET"]}}],"collection":[{"href":"https:\/\/portaltela.pt\/api\/wp\/v2\/posts"}],"about":[{"href":"https:\/\/portaltela.pt\/api\/wp\/v2\/types\/post"}],"author":[{"embeddable":true,"href":"https:\/\/portaltela.pt\/api\/wp\/v2\/users\/2"}],"replies":[{"embeddable":true,"href":"https:\/\/portaltela.pt\/api\/wp\/v2\/comments?post=459553"}],"version-history":[{"count":0,"href":"https:\/\/portaltela.pt\/api\/wp\/v2\/posts\/459553\/revisions"}],"wp:featuredmedia":[{"embeddable":true,"href":"https:\/\/portaltela.pt\/api\/wp\/v2\/media\/459571"}],"wp:attachment":[{"href":"https:\/\/portaltela.pt\/api\/wp\/v2\/media?parent=459553"}],"wp:term":[{"taxonomy":"category","embeddable":true,"href":"https:\/\/portaltela.pt\/api\/wp\/v2\/categories?post=459553"},{"taxonomy":"post_tag","embeddable":true,"href":"https:\/\/portaltela.pt\/api\/wp\/v2\/tags?post=459553"}],"curies":[{"name":"wp","href":"https:\/\/api.w.org\/{rel}","templated":true}]}}