{"id":459534,"date":"2026-04-28T08:04:04","date_gmt":"2026-04-28T11:04:04","guid":{"rendered":"https:\/\/portaltela.pt\/noticias\/2026\/04\/28\/grupo-que-detem-o-manchester-city-analisa-trazer-perola-brasileira-para-a-europa\/"},"modified":"2026-04-28T08:04:04","modified_gmt":"2026-04-28T11:04:04","slug":"grupo-que-detem-o-manchester-city-analisa-trazer-perola-brasileira-para-a-europa","status":"publish","type":"post","link":"https:\/\/portaltela.pt\/desporto\/futebol\/2026\/04\/28\/grupo-que-detem-o-manchester-city-analisa-trazer-perola-brasileira-para-a-europa\/","title":{"rendered":"Grupo que det\u00e9m o Manchester City analisa trazer p\u00e9rola brasileira para a Europa"},"content":{"rendered":"<p>Dell, 17 anos, atacante do Bahia, desperta interesse de clubes europeus. O jogador \u00e9 visto como uma promessa emergente no Brasil e o City Football Group avalia traz\u00ea-lo para a Europa. O caso \u00e9 objeto de rumores recentes.<\/p>\n<p>No Mundial de sub-17 pelo Brasil, Dell marcou cinco gols. Com 1,77 m, foi integrado ao time principal do Bahia, mantendo regularidade no estadual desta temporada. J\u00e1 soma quatro tentos em 14 jogos.<\/p>\n<p>Segundo a imprensa espanhola, o Grupo City estuda oportunidades em outros clubes do seu portef\u00f3lio, incluindo Girona, Lommel SK e Troyes, com Dell referido como potencial substituto. A avalia\u00e7\u00e3o ocorre no contexto de ampliar talentos.<\/p>\n<p>###Pre\u00e7o de transfer\u00eancia e condi\u00e7\u00f5es<\/p>\n<p>Dell tem uma cl\u00e1usula de rescis\u00e3o avaliada em 100 milh\u00f5es de euros, segundo a imprensa. A cl\u00e1usula refor\u00e7a o interesse do grupo europeu em manter op\u00e7\u00f5es caso avance a negocia\u00e7\u00e3o. O desfecho ainda n\u00e3o \u00e9 definitivo.<\/p>\n","protected":false},"excerpt":{"rendered":"<ul>\n<li>Dell, 17 anos, avan\u00e7ado do Bahia, \u00e9 apelidado no Brasil de \u201cHaaland do Sert\u00e3o\u201d e tem uma cl\u00e1usula de rescis\u00e3o de 100 milh\u00f5es de euros.<\/li>\n<li>O City Football Group avalia coloc\u00e1-lo num dos seus emblemas europeus: Girona, Lommel SK ou Troyes.<\/li>\n<li>O jovem destacou\u2011se no Mundial de sub\u201117 pelo Brasil, com cinco golos, antes de ser integrado na equipa principal do Bahia.<\/li>\n<li>Nesta temporada, j\u00e1 leva quatro golos em quatorze jogos pela equipa baiana, com 1,77 m de altura.<\/li>\n<li>O Bahia \u00e9 um dos clubes do City Football Group, que det\u00e9m o Manchester City como principal representante.<\/li>\n<\/ul>\n","protected":false},"author":2,"featured_media":459540,"comment_status":"closed","ping_status":"closed","sticky":false,"template":"","format":"standard","meta":{"footnotes":""},"categories":[21,24],"tags":[2547,32,3338,2657,1980,1633],"class_list":["post-459534","post","type-post","status-publish","format-standard","has-post-thumbnail","hentry","category-desporto","category-futebol","tag-brasil","tag-futebol","tag-futebol-internacional","tag-girona","tag-manchester-city","tag-transferencias-internacionais"],"yoast_head":"<!-- This site is optimized with the Yoast SEO plugin v27.2 - https:\/\/yoast.com\/product\/yoast-seo-wordpress\/ -->\n<title>Grupo que det\u00e9m o Manchester City analisa trazer p\u00e9rola brasileira para a Europa - Portal Tela Portugal<\/title>\n<meta name=\"robots\" content=\"index, follow, max-snippet:-1, max-image-preview:large, max-video-preview:-1\" \/>\n<meta property=\"og:locale\" content=\"pt_PT\" \/>\n<meta property=\"og:type\" content=\"article\" \/>\n<meta property=\"og:title\" content=\"Grupo que det\u00e9m o Manchester City analisa trazer p\u00e9rola brasileira para a Europa - Portal Tela Portugal\" \/>\n<meta property=\"og:description\" content=\"Dell, 17 anos, avan\u00e7ado do Bahia, \u00e9 apelidado no Brasil de \u201cHaaland do Sert\u00e3o\u201d e tem uma cl\u00e1usula de rescis\u00e3o de 100 milh\u00f5es de euros. O City Football Group avalia coloc\u00e1-lo num dos seus emblemas europeus: Girona, Lommel SK ou Troyes. O jovem destacou\u2011se no Mundial de sub\u201117 pelo Brasil, com cinco golos, antes de ser integrado na equipa principal do Bahia. Nesta temporada, j\u00e1 leva quatro golos em quatorze jogos pela equipa baiana, com 1,77 m de altura. O Bahia \u00e9 um dos clubes do City Football Group, que det\u00e9m o Manchester City como principal representante.\" \/>\n<meta property=\"og:url\" content=\"https:\/\/portaltela.pt\/noticias\/2026\/04\/28\/grupo-que-detem-o-manchester-city-analisa-trazer-perola-brasileira-para-a-europa\/\" \/>\n<meta property=\"og:site_name\" content=\"Portal Tela Portugal\" \/>\n<meta property=\"article:published_time\" content=\"2026-04-28T11:04:04+00:00\" \/>\n<meta name=\"author\" content=\"Telinha\" \/>\n<meta name=\"twitter:card\" content=\"summary_large_image\" \/>\n<meta name=\"twitter:label1\" content=\"Escrito por\" \/>\n\t<meta name=\"twitter:data1\" content=\"Telinha\" \/>\n\t<meta name=\"twitter:label2\" content=\"Tempo estimado de leitura\" \/>\n\t<meta name=\"twitter:data2\" content=\"1 minuto\" \/>\n<script type=\"application\/ld+json\" class=\"yoast-schema-graph\">{\"@context\":\"https:\/\/schema.org\",\"@graph\":[{\"@type\":\"Article\",\"@id\":\"https:\/\/portaltela.pt\/noticias\/2026\/04\/28\/grupo-que-detem-o-manchester-city-analisa-trazer-perola-brasileira-para-a-europa\/#article\",\"isPartOf\":{\"@id\":\"https:\/\/portaltela.pt\/noticias\/2026\/04\/28\/grupo-que-detem-o-manchester-city-analisa-trazer-perola-brasileira-para-a-europa\/\"},\"author\":{\"name\":\"Telinha\",\"@id\":\"https:\/\/portaltela.pt\/#\/schema\/person\/c4278d4a6028830caff9ee44b42d32ed\"},\"headline\":\"Grupo que det\u00e9m o Manchester City analisa trazer p\u00e9rola brasileira para a Europa\",\"datePublished\":\"2026-04-28T11:04:04+00:00\",\"mainEntityOfPage\":{\"@id\":\"https:\/\/portaltela.pt\/noticias\/2026\/04\/28\/grupo-que-detem-o-manchester-city-analisa-trazer-perola-brasileira-para-a-europa\/\"},\"wordCount\":169,\"image\":{\"@id\":\"https:\/\/portaltela.pt\/noticias\/2026\/04\/28\/grupo-que-detem-o-manchester-city-analisa-trazer-perola-brasileira-para-a-europa\/#primaryimage\"},\"thumbnailUrl\":\"https:\/\/portaltela.pt\/s.01k8rhncp4jt1\/2026\/04\/img_920x518uu2026-04-28-11-46-57-2435703.jpg\",\"keywords\":[\"Brasil\",\"futebol\",\"futebol internacional\",\"Girona\",\"Manchester City\",\"transfer\u00eancias internacionais\"],\"articleSection\":[\"Desporto\",\"Futebol\"],\"inLanguage\":\"pt-PT\"},{\"@type\":\"WebPage\",\"@id\":\"https:\/\/portaltela.pt\/noticias\/2026\/04\/28\/grupo-que-detem-o-manchester-city-analisa-trazer-perola-brasileira-para-a-europa\/\",\"url\":\"https:\/\/portaltela.pt\/noticias\/2026\/04\/28\/grupo-que-detem-o-manchester-city-analisa-trazer-perola-brasileira-para-a-europa\/\",\"name\":\"Grupo que det\u00e9m o Manchester City analisa trazer p\u00e9rola brasileira para a Europa - Portal Tela Portugal\",\"isPartOf\":{\"@id\":\"https:\/\/portaltela.pt\/#website\"},\"primaryImageOfPage\":{\"@id\":\"https:\/\/portaltela.pt\/noticias\/2026\/04\/28\/grupo-que-detem-o-manchester-city-analisa-trazer-perola-brasileira-para-a-europa\/#primaryimage\"},\"image\":{\"@id\":\"https:\/\/portaltela.pt\/noticias\/2026\/04\/28\/grupo-que-detem-o-manchester-city-analisa-trazer-perola-brasileira-para-a-europa\/#primaryimage\"},\"thumbnailUrl\":\"https:\/\/portaltela.pt\/s.01k8rhncp4jt1\/2026\/04\/img_920x518uu2026-04-28-11-46-57-2435703.jpg\",\"datePublished\":\"2026-04-28T11:04:04+00:00\",\"author\":{\"@id\":\"https:\/\/portaltela.pt\/#\/schema\/person\/c4278d4a6028830caff9ee44b42d32ed\"},\"breadcrumb\":{\"@id\":\"https:\/\/portaltela.pt\/noticias\/2026\/04\/28\/grupo-que-detem-o-manchester-city-analisa-trazer-perola-brasileira-para-a-europa\/#breadcrumb\"},\"inLanguage\":\"pt-PT\",\"potentialAction\":[{\"@type\":\"ReadAction\",\"target\":[\"https:\/\/portaltela.pt\/noticias\/2026\/04\/28\/grupo-que-detem-o-manchester-city-analisa-trazer-perola-brasileira-para-a-europa\/\"]}]},{\"@type\":\"ImageObject\",\"inLanguage\":\"pt-PT\",\"@id\":\"https:\/\/portaltela.pt\/noticias\/2026\/04\/28\/grupo-que-detem-o-manchester-city-analisa-trazer-perola-brasileira-para-a-europa\/#primaryimage\",\"url\":\"https:\/\/portaltela.pt\/s.01k8rhncp4jt1\/2026\/04\/img_920x518uu2026-04-28-11-46-57-2435703.jpg\",\"contentUrl\":\"https:\/\/portaltela.pt\/s.01k8rhncp4jt1\/2026\/04\/img_920x518uu2026-04-28-11-46-57-2435703.jpg\",\"width\":796,\"height\":448,\"caption\":\"Dell \u00e9 a grande p\u00e9rola do Bahia\"},{\"@type\":\"BreadcrumbList\",\"@id\":\"https:\/\/portaltela.pt\/noticias\/2026\/04\/28\/grupo-que-detem-o-manchester-city-analisa-trazer-perola-brasileira-para-a-europa\/#breadcrumb\",\"itemListElement\":[{\"@type\":\"ListItem\",\"position\":1,\"name\":\"In\u00edcio\",\"item\":\"https:\/\/portaltela.pt\/\"},{\"@type\":\"ListItem\",\"position\":2,\"name\":\"Grupo que det\u00e9m o Manchester City analisa trazer p\u00e9rola brasileira para a Europa\"}]},{\"@type\":\"WebSite\",\"@id\":\"https:\/\/portaltela.pt\/#website\",\"url\":\"https:\/\/portaltela.pt\/\",\"name\":\"Portal Tela Portugal\",\"description\":\"\",\"potentialAction\":[{\"@type\":\"SearchAction\",\"target\":{\"@type\":\"EntryPoint\",\"urlTemplate\":\"https:\/\/portaltela.pt\/?s={search_term_string}\"},\"query-input\":{\"@type\":\"PropertyValueSpecification\",\"valueRequired\":true,\"valueName\":\"search_term_string\"}}],\"inLanguage\":\"pt-PT\"},{\"@type\":\"Person\",\"@id\":\"https:\/\/portaltela.pt\/#\/schema\/person\/c4278d4a6028830caff9ee44b42d32ed\",\"name\":\"Telinha\",\"image\":{\"@type\":\"ImageObject\",\"inLanguage\":\"pt-PT\",\"@id\":\"https:\/\/portaltela.pt\/s.01k8rhncp4jt1\/2025\/11\/talking-bot-125x125.png\",\"url\":\"https:\/\/portaltela.pt\/s.01k8rhncp4jt1\/2025\/11\/talking-bot-125x125.png\",\"contentUrl\":\"https:\/\/portaltela.pt\/s.01k8rhncp4jt1\/2025\/11\/talking-bot-125x125.png\",\"caption\":\"Telinha\"},\"sameAs\":[\"https:\/\/portaltela.pt\/\"],\"url\":\"https:\/\/portaltela.pt\/por\/367410592786\/\"}]}<\/script>\n<!-- \/ Yoast SEO plugin. -->","yoast_head_json":{"title":"Grupo que det\u00e9m o Manchester City analisa trazer p\u00e9rola brasileira para a Europa - Portal Tela Portugal","robots":{"index":"index","follow":"follow","max-snippet":"max-snippet:-1","max-image-preview":"max-image-preview:large","max-video-preview":"max-video-preview:-1"},"og_locale":"pt_PT","og_type":"article","og_title":"Grupo que det\u00e9m o Manchester City analisa trazer p\u00e9rola brasileira para a Europa - Portal Tela Portugal","og_description":"Dell, 17 anos, avan\u00e7ado do Bahia, \u00e9 apelidado no Brasil de \u201cHaaland do Sert\u00e3o\u201d e tem uma cl\u00e1usula de rescis\u00e3o de 100 milh\u00f5es de euros. O City Football Group avalia coloc\u00e1-lo num dos seus emblemas europeus: Girona, Lommel SK ou Troyes. O jovem destacou\u2011se no Mundial de sub\u201117 pelo Brasil, com cinco golos, antes de ser integrado na equipa principal do Bahia. Nesta temporada, j\u00e1 leva quatro golos em quatorze jogos pela equipa baiana, com 1,77 m de altura. O Bahia \u00e9 um dos clubes do City Football Group, que det\u00e9m o Manchester City como principal representante.","og_url":"https:\/\/portaltela.pt\/noticias\/2026\/04\/28\/grupo-que-detem-o-manchester-city-analisa-trazer-perola-brasileira-para-a-europa\/","og_site_name":"Portal Tela Portugal","article_published_time":"2026-04-28T11:04:04+00:00","author":"Telinha","twitter_card":"summary_large_image","twitter_misc":{"Escrito por":"Telinha","Tempo estimado de leitura":"1 minuto"},"schema":{"@context":"https:\/\/schema.org","@graph":[{"@type":"Article","@id":"https:\/\/portaltela.pt\/noticias\/2026\/04\/28\/grupo-que-detem-o-manchester-city-analisa-trazer-perola-brasileira-para-a-europa\/#article","isPartOf":{"@id":"https:\/\/portaltela.pt\/noticias\/2026\/04\/28\/grupo-que-detem-o-manchester-city-analisa-trazer-perola-brasileira-para-a-europa\/"},"author":{"name":"Telinha","@id":"https:\/\/portaltela.pt\/#\/schema\/person\/c4278d4a6028830caff9ee44b42d32ed"},"headline":"Grupo que det\u00e9m o Manchester City analisa trazer p\u00e9rola brasileira para a Europa","datePublished":"2026-04-28T11:04:04+00:00","mainEntityOfPage":{"@id":"https:\/\/portaltela.pt\/noticias\/2026\/04\/28\/grupo-que-detem-o-manchester-city-analisa-trazer-perola-brasileira-para-a-europa\/"},"wordCount":169,"image":{"@id":"https:\/\/portaltela.pt\/noticias\/2026\/04\/28\/grupo-que-detem-o-manchester-city-analisa-trazer-perola-brasileira-para-a-europa\/#primaryimage"},"thumbnailUrl":"https:\/\/portaltela.pt\/s.01k8rhncp4jt1\/2026\/04\/img_920x518uu2026-04-28-11-46-57-2435703.jpg","keywords":["Brasil","futebol","futebol internacional","Girona","Manchester City","transfer\u00eancias internacionais"],"articleSection":["Desporto","Futebol"],"inLanguage":"pt-PT"},{"@type":"WebPage","@id":"https:\/\/portaltela.pt\/noticias\/2026\/04\/28\/grupo-que-detem-o-manchester-city-analisa-trazer-perola-brasileira-para-a-europa\/","url":"https:\/\/portaltela.pt\/noticias\/2026\/04\/28\/grupo-que-detem-o-manchester-city-analisa-trazer-perola-brasileira-para-a-europa\/","name":"Grupo que det\u00e9m o Manchester City analisa trazer p\u00e9rola brasileira para a Europa - Portal Tela Portugal","isPartOf":{"@id":"https:\/\/portaltela.pt\/#website"},"primaryImageOfPage":{"@id":"https:\/\/portaltela.pt\/noticias\/2026\/04\/28\/grupo-que-detem-o-manchester-city-analisa-trazer-perola-brasileira-para-a-europa\/#primaryimage"},"image":{"@id":"https:\/\/portaltela.pt\/noticias\/2026\/04\/28\/grupo-que-detem-o-manchester-city-analisa-trazer-perola-brasileira-para-a-europa\/#primaryimage"},"thumbnailUrl":"https:\/\/portaltela.pt\/s.01k8rhncp4jt1\/2026\/04\/img_920x518uu2026-04-28-11-46-57-2435703.jpg","datePublished":"2026-04-28T11:04:04+00:00","author":{"@id":"https:\/\/portaltela.pt\/#\/schema\/person\/c4278d4a6028830caff9ee44b42d32ed"},"breadcrumb":{"@id":"https:\/\/portaltela.pt\/noticias\/2026\/04\/28\/grupo-que-detem-o-manchester-city-analisa-trazer-perola-brasileira-para-a-europa\/#breadcrumb"},"inLanguage":"pt-PT","potentialAction":[{"@type":"ReadAction","target":["https:\/\/portaltela.pt\/noticias\/2026\/04\/28\/grupo-que-detem-o-manchester-city-analisa-trazer-perola-brasileira-para-a-europa\/"]}]},{"@type":"ImageObject","inLanguage":"pt-PT","@id":"https:\/\/portaltela.pt\/noticias\/2026\/04\/28\/grupo-que-detem-o-manchester-city-analisa-trazer-perola-brasileira-para-a-europa\/#primaryimage","url":"https:\/\/portaltela.pt\/s.01k8rhncp4jt1\/2026\/04\/img_920x518uu2026-04-28-11-46-57-2435703.jpg","contentUrl":"https:\/\/portaltela.pt\/s.01k8rhncp4jt1\/2026\/04\/img_920x518uu2026-04-28-11-46-57-2435703.jpg","width":796,"height":448,"caption":"Dell \u00e9 a grande p\u00e9rola do Bahia"},{"@type":"BreadcrumbList","@id":"https:\/\/portaltela.pt\/noticias\/2026\/04\/28\/grupo-que-detem-o-manchester-city-analisa-trazer-perola-brasileira-para-a-europa\/#breadcrumb","itemListElement":[{"@type":"ListItem","position":1,"name":"In\u00edcio","item":"https:\/\/portaltela.pt\/"},{"@type":"ListItem","position":2,"name":"Grupo que det\u00e9m o Manchester City analisa trazer p\u00e9rola brasileira para a Europa"}]},{"@type":"WebSite","@id":"https:\/\/portaltela.pt\/#website","url":"https:\/\/portaltela.pt\/","name":"Portal Tela Portugal","description":"","potentialAction":[{"@type":"SearchAction","target":{"@type":"EntryPoint","urlTemplate":"https:\/\/portaltela.pt\/?s={search_term_string}"},"query-input":{"@type":"PropertyValueSpecification","valueRequired":true,"valueName":"search_term_string"}}],"inLanguage":"pt-PT"},{"@type":"Person","@id":"https:\/\/portaltela.pt\/#\/schema\/person\/c4278d4a6028830caff9ee44b42d32ed","name":"Telinha","image":{"@type":"ImageObject","inLanguage":"pt-PT","@id":"https:\/\/portaltela.pt\/s.01k8rhncp4jt1\/2025\/11\/talking-bot-125x125.png","url":"https:\/\/portaltela.pt\/s.01k8rhncp4jt1\/2025\/11\/talking-bot-125x125.png","contentUrl":"https:\/\/portaltela.pt\/s.01k8rhncp4jt1\/2025\/11\/talking-bot-125x125.png","caption":"Telinha"},"sameAs":["https:\/\/portaltela.pt\/"],"url":"https:\/\/portaltela.pt\/por\/367410592786\/"}]}},"_links":{"self":[{"href":"https:\/\/portaltela.pt\/api\/wp\/v2\/posts\/459534","targetHints":{"allow":["GET"]}}],"collection":[{"href":"https:\/\/portaltela.pt\/api\/wp\/v2\/posts"}],"about":[{"href":"https:\/\/portaltela.pt\/api\/wp\/v2\/types\/post"}],"author":[{"embeddable":true,"href":"https:\/\/portaltela.pt\/api\/wp\/v2\/users\/2"}],"replies":[{"embeddable":true,"href":"https:\/\/portaltela.pt\/api\/wp\/v2\/comments?post=459534"}],"version-history":[{"count":0,"href":"https:\/\/portaltela.pt\/api\/wp\/v2\/posts\/459534\/revisions"}],"wp:featuredmedia":[{"embeddable":true,"href":"https:\/\/portaltela.pt\/api\/wp\/v2\/media\/459540"}],"wp:attachment":[{"href":"https:\/\/portaltela.pt\/api\/wp\/v2\/media?parent=459534"}],"wp:term":[{"taxonomy":"category","embeddable":true,"href":"https:\/\/portaltela.pt\/api\/wp\/v2\/categories?post=459534"},{"taxonomy":"post_tag","embeddable":true,"href":"https:\/\/portaltela.pt\/api\/wp\/v2\/tags?post=459534"}],"curies":[{"name":"wp","href":"https:\/\/api.w.org\/{rel}","templated":true}]}}