{"id":459520,"date":"2026-04-28T08:03:36","date_gmt":"2026-04-28T11:03:36","guid":{"rendered":"https:\/\/portaltela.pt\/noticias\/2026\/04\/28\/turquia-greve-de-fome-de-mineiros-entra-na-segunda-semana\/"},"modified":"2026-04-28T08:03:36","modified_gmt":"2026-04-28T11:03:36","slug":"turquia-greve-de-fome-de-mineiros-entra-na-segunda-semana","status":"publish","type":"post","link":"https:\/\/portaltela.pt\/sociedade\/2026\/04\/28\/turquia-greve-de-fome-de-mineiros-entra-na-segunda-semana\/","title":{"rendered":"Turquia: greve de fome de mineiros entra na segunda semana"},"content":{"rendered":"<p>Em Ancara, Turquia, uma greve de fome de mineiros entrou na segunda semana na manh\u00e3 de 27 de abril, motivada por meses de sal\u00e1rios em atraso e alegadas viola\u00e7\u00f5es de direitos laborais. O protesto ocorre junto ao centro da capital, com apoio de trabalhadores de v\u00e1rias minas da regi\u00e3o.<\/p>\n<p>Os mineiros, que protestam contra atraso de remunera\u00e7\u00f5es e direitos sindicais, partiram de Eski\u015fehir a 13 de abril e chegaram a Ancara a 20 de abril. Durante a desloca\u00e7\u00e3o, aumentaram as tens\u00f5es com as autoridades que bloquearam outra marcha planejada para o dia.<\/p>\n<p>Na quarta-feira, perto do Minist\u00e9rio da Energia, a pol\u00edcia cercou os manifestantes que tentavam seguir em dire\u00e7\u00e3o ao edif\u00edcio governamental. Foram usados meios de dispers\u00e3o, incluindo g\u00e1s pimenta, contra os mineiros que romperam as barreiras e contra os indiv\u00edduos que se associaram ao protesto.<\/p>\n<p>Segundo um representante dos trabalhadores, o grupo est\u00e1 sem receber sal\u00e1rios h\u00e1 cinco ou seis meses, com o patr\u00e3o pagando apenas uma parte muito baixa do que \u00e9 devido. O protesto tem como base reivindica\u00e7\u00f5es salariais, indeniza\u00e7\u00f5es e o reconhecimento de direitos sindicais.<\/p>\n<h3>Contexto do protesto<\/h3>\n<p>A marcha inicial partiu de Eski\u015fehir h\u00e1 mais de duas semanas, com o objetivo de apresentar as reivindica\u00e7\u00f5es ao governo. Em Ancara, as tens\u00f5es aumentaram quando as autoridades impediam a marcha prevista, levando ao acentuar da mobiliza\u00e7\u00e3o de apoio entre os mineiros e setores solid\u00e1rios.<\/p>\n","protected":false},"excerpt":{"rendered":"<ul>\n<li>Greve de fome de mineiros na Turquia entra na segunda semana, em Ancara, a 27 de abril.<\/li>\n<li>Trabalhadores denunciam sal\u00e1rios em atraso e viola\u00e7\u00f5es de direitos; dizem ter cinco a seis meses de sal\u00e1rios devidos.<\/li>\n<li>Mineiros cercados pela pol\u00edcia em Ancara, ao tentarem marchar at\u00e9 ao Minist\u00e9rio da Energia; g\u00e1s pimenta utilizado contra quem rompeu as barreiras.<\/li>\n<li>Protesto come\u00e7ou a 13 de abril em Eski\u015fehir, chegou a Ancara a 20 de abril, altura em que as autoridades travaram outra marcha.<\/li>\n<li>Um mineiro, \u00e0 AFP, descreve as dificuldades e o que os trabalhadores reivindicam.<\/li>\n<\/ul>\n","protected":false},"author":2,"featured_media":459524,"comment_status":"closed","ping_status":"closed","sticky":false,"template":"","format":"standard","meta":{"footnotes":""},"categories":[1,6871],"tags":[6094,1164,2745,2857,2841,2201],"class_list":["post-459520","post","type-post","status-publish","format-standard","has-post-thumbnail","hentry","category-noticias","category-sociedade","tag-direitos-dos-trabalhadores","tag-greve","tag-indenizacoes","tag-protestos","tag-trabalhadores","tag-trabalho"],"yoast_head":"<!-- This site is optimized with the Yoast SEO plugin v27.2 - https:\/\/yoast.com\/product\/yoast-seo-wordpress\/ -->\n<title>Turquia: greve de fome de mineiros entra na segunda semana - Portal Tela Portugal<\/title>\n<meta name=\"robots\" content=\"index, follow, max-snippet:-1, max-image-preview:large, max-video-preview:-1\" \/>\n<meta property=\"og:locale\" content=\"pt_PT\" \/>\n<meta property=\"og:type\" content=\"article\" \/>\n<meta property=\"og:title\" content=\"Turquia: greve de fome de mineiros entra na segunda semana - Portal Tela Portugal\" \/>\n<meta property=\"og:description\" content=\"Greve de fome de mineiros na Turquia entra na segunda semana, em Ancara, a 27 de abril. Trabalhadores denunciam sal\u00e1rios em atraso e viola\u00e7\u00f5es de direitos; dizem ter cinco a seis meses de sal\u00e1rios devidos. Mineiros cercados pela pol\u00edcia em Ancara, ao tentarem marchar at\u00e9 ao Minist\u00e9rio da Energia; g\u00e1s pimenta utilizado contra quem rompeu as barreiras. Protesto come\u00e7ou a 13 de abril em Eski\u015fehir, chegou a Ancara a 20 de abril, altura em que as autoridades travaram outra marcha. Um mineiro, \u00e0 AFP, descreve as dificuldades e o que os trabalhadores reivindicam.\" \/>\n<meta property=\"og:url\" content=\"https:\/\/portaltela.pt\/noticias\/2026\/04\/28\/turquia-greve-de-fome-de-mineiros-entra-na-segunda-semana\/\" \/>\n<meta property=\"og:site_name\" content=\"Portal Tela Portugal\" \/>\n<meta property=\"article:published_time\" content=\"2026-04-28T11:03:36+00:00\" \/>\n<meta name=\"author\" content=\"Telinha\" \/>\n<meta name=\"twitter:card\" content=\"summary_large_image\" \/>\n<meta name=\"twitter:label1\" content=\"Escrito por\" \/>\n\t<meta name=\"twitter:data1\" content=\"Telinha\" \/>\n\t<meta name=\"twitter:label2\" content=\"Tempo estimado de leitura\" \/>\n\t<meta name=\"twitter:data2\" content=\"1 minuto\" \/>\n<script type=\"application\/ld+json\" class=\"yoast-schema-graph\">{\"@context\":\"https:\/\/schema.org\",\"@graph\":[{\"@type\":\"Article\",\"@id\":\"https:\/\/portaltela.pt\/noticias\/2026\/04\/28\/turquia-greve-de-fome-de-mineiros-entra-na-segunda-semana\/#article\",\"isPartOf\":{\"@id\":\"https:\/\/portaltela.pt\/noticias\/2026\/04\/28\/turquia-greve-de-fome-de-mineiros-entra-na-segunda-semana\/\"},\"author\":{\"name\":\"Telinha\",\"@id\":\"https:\/\/portaltela.pt\/#\/schema\/person\/c4278d4a6028830caff9ee44b42d32ed\"},\"headline\":\"Turquia: greve de fome de mineiros entra na segunda semana\",\"datePublished\":\"2026-04-28T11:03:36+00:00\",\"mainEntityOfPage\":{\"@id\":\"https:\/\/portaltela.pt\/noticias\/2026\/04\/28\/turquia-greve-de-fome-de-mineiros-entra-na-segunda-semana\/\"},\"wordCount\":257,\"image\":{\"@id\":\"https:\/\/portaltela.pt\/noticias\/2026\/04\/28\/turquia-greve-de-fome-de-mineiros-entra-na-segunda-semana\/#primaryimage\"},\"thumbnailUrl\":\"https:\/\/portaltela.pt\/s.01k8rhncp4jt1\/2026\/04\/1536x864_cmsv2_d74133f4-5b9b-50b6-90fe-9ee4ffa03750-9738613.jpg\",\"keywords\":[\"direitos dos trabalhadores\",\"greve\",\"indeniza\u00e7\u00f5es\",\"protestos\",\"trabalhadores\",\"trabalho\"],\"articleSection\":[\"Not\u00edcias\",\"Sociedade\"],\"inLanguage\":\"pt-PT\"},{\"@type\":\"WebPage\",\"@id\":\"https:\/\/portaltela.pt\/noticias\/2026\/04\/28\/turquia-greve-de-fome-de-mineiros-entra-na-segunda-semana\/\",\"url\":\"https:\/\/portaltela.pt\/noticias\/2026\/04\/28\/turquia-greve-de-fome-de-mineiros-entra-na-segunda-semana\/\",\"name\":\"Turquia: greve de fome de mineiros entra na segunda semana - Portal Tela Portugal\",\"isPartOf\":{\"@id\":\"https:\/\/portaltela.pt\/#website\"},\"primaryImageOfPage\":{\"@id\":\"https:\/\/portaltela.pt\/noticias\/2026\/04\/28\/turquia-greve-de-fome-de-mineiros-entra-na-segunda-semana\/#primaryimage\"},\"image\":{\"@id\":\"https:\/\/portaltela.pt\/noticias\/2026\/04\/28\/turquia-greve-de-fome-de-mineiros-entra-na-segunda-semana\/#primaryimage\"},\"thumbnailUrl\":\"https:\/\/portaltela.pt\/s.01k8rhncp4jt1\/2026\/04\/1536x864_cmsv2_d74133f4-5b9b-50b6-90fe-9ee4ffa03750-9738613.jpg\",\"datePublished\":\"2026-04-28T11:03:36+00:00\",\"author\":{\"@id\":\"https:\/\/portaltela.pt\/#\/schema\/person\/c4278d4a6028830caff9ee44b42d32ed\"},\"breadcrumb\":{\"@id\":\"https:\/\/portaltela.pt\/noticias\/2026\/04\/28\/turquia-greve-de-fome-de-mineiros-entra-na-segunda-semana\/#breadcrumb\"},\"inLanguage\":\"pt-PT\",\"potentialAction\":[{\"@type\":\"ReadAction\",\"target\":[\"https:\/\/portaltela.pt\/noticias\/2026\/04\/28\/turquia-greve-de-fome-de-mineiros-entra-na-segunda-semana\/\"]}]},{\"@type\":\"ImageObject\",\"inLanguage\":\"pt-PT\",\"@id\":\"https:\/\/portaltela.pt\/noticias\/2026\/04\/28\/turquia-greve-de-fome-de-mineiros-entra-na-segunda-semana\/#primaryimage\",\"url\":\"https:\/\/portaltela.pt\/s.01k8rhncp4jt1\/2026\/04\/1536x864_cmsv2_d74133f4-5b9b-50b6-90fe-9ee4ffa03750-9738613.jpg\",\"contentUrl\":\"https:\/\/portaltela.pt\/s.01k8rhncp4jt1\/2026\/04\/1536x864_cmsv2_d74133f4-5b9b-50b6-90fe-9ee4ffa03750-9738613.jpg\",\"width\":796,\"height\":448,\"caption\":\"ARQUIVO: pol\u00edcia turca em Istambul\"},{\"@type\":\"BreadcrumbList\",\"@id\":\"https:\/\/portaltela.pt\/noticias\/2026\/04\/28\/turquia-greve-de-fome-de-mineiros-entra-na-segunda-semana\/#breadcrumb\",\"itemListElement\":[{\"@type\":\"ListItem\",\"position\":1,\"name\":\"In\u00edcio\",\"item\":\"https:\/\/portaltela.pt\/\"},{\"@type\":\"ListItem\",\"position\":2,\"name\":\"Turquia: greve de fome de mineiros entra na segunda semana\"}]},{\"@type\":\"WebSite\",\"@id\":\"https:\/\/portaltela.pt\/#website\",\"url\":\"https:\/\/portaltela.pt\/\",\"name\":\"Portal Tela Portugal\",\"description\":\"\",\"potentialAction\":[{\"@type\":\"SearchAction\",\"target\":{\"@type\":\"EntryPoint\",\"urlTemplate\":\"https:\/\/portaltela.pt\/?s={search_term_string}\"},\"query-input\":{\"@type\":\"PropertyValueSpecification\",\"valueRequired\":true,\"valueName\":\"search_term_string\"}}],\"inLanguage\":\"pt-PT\"},{\"@type\":\"Person\",\"@id\":\"https:\/\/portaltela.pt\/#\/schema\/person\/c4278d4a6028830caff9ee44b42d32ed\",\"name\":\"Telinha\",\"image\":{\"@type\":\"ImageObject\",\"inLanguage\":\"pt-PT\",\"@id\":\"https:\/\/portaltela.pt\/s.01k8rhncp4jt1\/2025\/11\/talking-bot-125x125.png\",\"url\":\"https:\/\/portaltela.pt\/s.01k8rhncp4jt1\/2025\/11\/talking-bot-125x125.png\",\"contentUrl\":\"https:\/\/portaltela.pt\/s.01k8rhncp4jt1\/2025\/11\/talking-bot-125x125.png\",\"caption\":\"Telinha\"},\"sameAs\":[\"https:\/\/portaltela.pt\/\"],\"url\":\"https:\/\/portaltela.pt\/por\/367410592786\/\"}]}<\/script>\n<!-- \/ Yoast SEO plugin. -->","yoast_head_json":{"title":"Turquia: greve de fome de mineiros entra na segunda semana - Portal Tela Portugal","robots":{"index":"index","follow":"follow","max-snippet":"max-snippet:-1","max-image-preview":"max-image-preview:large","max-video-preview":"max-video-preview:-1"},"og_locale":"pt_PT","og_type":"article","og_title":"Turquia: greve de fome de mineiros entra na segunda semana - Portal Tela Portugal","og_description":"Greve de fome de mineiros na Turquia entra na segunda semana, em Ancara, a 27 de abril. Trabalhadores denunciam sal\u00e1rios em atraso e viola\u00e7\u00f5es de direitos; dizem ter cinco a seis meses de sal\u00e1rios devidos. Mineiros cercados pela pol\u00edcia em Ancara, ao tentarem marchar at\u00e9 ao Minist\u00e9rio da Energia; g\u00e1s pimenta utilizado contra quem rompeu as barreiras. Protesto come\u00e7ou a 13 de abril em Eski\u015fehir, chegou a Ancara a 20 de abril, altura em que as autoridades travaram outra marcha. Um mineiro, \u00e0 AFP, descreve as dificuldades e o que os trabalhadores reivindicam.","og_url":"https:\/\/portaltela.pt\/noticias\/2026\/04\/28\/turquia-greve-de-fome-de-mineiros-entra-na-segunda-semana\/","og_site_name":"Portal Tela Portugal","article_published_time":"2026-04-28T11:03:36+00:00","author":"Telinha","twitter_card":"summary_large_image","twitter_misc":{"Escrito por":"Telinha","Tempo estimado de leitura":"1 minuto"},"schema":{"@context":"https:\/\/schema.org","@graph":[{"@type":"Article","@id":"https:\/\/portaltela.pt\/noticias\/2026\/04\/28\/turquia-greve-de-fome-de-mineiros-entra-na-segunda-semana\/#article","isPartOf":{"@id":"https:\/\/portaltela.pt\/noticias\/2026\/04\/28\/turquia-greve-de-fome-de-mineiros-entra-na-segunda-semana\/"},"author":{"name":"Telinha","@id":"https:\/\/portaltela.pt\/#\/schema\/person\/c4278d4a6028830caff9ee44b42d32ed"},"headline":"Turquia: greve de fome de mineiros entra na segunda semana","datePublished":"2026-04-28T11:03:36+00:00","mainEntityOfPage":{"@id":"https:\/\/portaltela.pt\/noticias\/2026\/04\/28\/turquia-greve-de-fome-de-mineiros-entra-na-segunda-semana\/"},"wordCount":257,"image":{"@id":"https:\/\/portaltela.pt\/noticias\/2026\/04\/28\/turquia-greve-de-fome-de-mineiros-entra-na-segunda-semana\/#primaryimage"},"thumbnailUrl":"https:\/\/portaltela.pt\/s.01k8rhncp4jt1\/2026\/04\/1536x864_cmsv2_d74133f4-5b9b-50b6-90fe-9ee4ffa03750-9738613.jpg","keywords":["direitos dos trabalhadores","greve","indeniza\u00e7\u00f5es","protestos","trabalhadores","trabalho"],"articleSection":["Not\u00edcias","Sociedade"],"inLanguage":"pt-PT"},{"@type":"WebPage","@id":"https:\/\/portaltela.pt\/noticias\/2026\/04\/28\/turquia-greve-de-fome-de-mineiros-entra-na-segunda-semana\/","url":"https:\/\/portaltela.pt\/noticias\/2026\/04\/28\/turquia-greve-de-fome-de-mineiros-entra-na-segunda-semana\/","name":"Turquia: greve de fome de mineiros entra na segunda semana - Portal Tela Portugal","isPartOf":{"@id":"https:\/\/portaltela.pt\/#website"},"primaryImageOfPage":{"@id":"https:\/\/portaltela.pt\/noticias\/2026\/04\/28\/turquia-greve-de-fome-de-mineiros-entra-na-segunda-semana\/#primaryimage"},"image":{"@id":"https:\/\/portaltela.pt\/noticias\/2026\/04\/28\/turquia-greve-de-fome-de-mineiros-entra-na-segunda-semana\/#primaryimage"},"thumbnailUrl":"https:\/\/portaltela.pt\/s.01k8rhncp4jt1\/2026\/04\/1536x864_cmsv2_d74133f4-5b9b-50b6-90fe-9ee4ffa03750-9738613.jpg","datePublished":"2026-04-28T11:03:36+00:00","author":{"@id":"https:\/\/portaltela.pt\/#\/schema\/person\/c4278d4a6028830caff9ee44b42d32ed"},"breadcrumb":{"@id":"https:\/\/portaltela.pt\/noticias\/2026\/04\/28\/turquia-greve-de-fome-de-mineiros-entra-na-segunda-semana\/#breadcrumb"},"inLanguage":"pt-PT","potentialAction":[{"@type":"ReadAction","target":["https:\/\/portaltela.pt\/noticias\/2026\/04\/28\/turquia-greve-de-fome-de-mineiros-entra-na-segunda-semana\/"]}]},{"@type":"ImageObject","inLanguage":"pt-PT","@id":"https:\/\/portaltela.pt\/noticias\/2026\/04\/28\/turquia-greve-de-fome-de-mineiros-entra-na-segunda-semana\/#primaryimage","url":"https:\/\/portaltela.pt\/s.01k8rhncp4jt1\/2026\/04\/1536x864_cmsv2_d74133f4-5b9b-50b6-90fe-9ee4ffa03750-9738613.jpg","contentUrl":"https:\/\/portaltela.pt\/s.01k8rhncp4jt1\/2026\/04\/1536x864_cmsv2_d74133f4-5b9b-50b6-90fe-9ee4ffa03750-9738613.jpg","width":796,"height":448,"caption":"ARQUIVO: pol\u00edcia turca em Istambul"},{"@type":"BreadcrumbList","@id":"https:\/\/portaltela.pt\/noticias\/2026\/04\/28\/turquia-greve-de-fome-de-mineiros-entra-na-segunda-semana\/#breadcrumb","itemListElement":[{"@type":"ListItem","position":1,"name":"In\u00edcio","item":"https:\/\/portaltela.pt\/"},{"@type":"ListItem","position":2,"name":"Turquia: greve de fome de mineiros entra na segunda semana"}]},{"@type":"WebSite","@id":"https:\/\/portaltela.pt\/#website","url":"https:\/\/portaltela.pt\/","name":"Portal Tela Portugal","description":"","potentialAction":[{"@type":"SearchAction","target":{"@type":"EntryPoint","urlTemplate":"https:\/\/portaltela.pt\/?s={search_term_string}"},"query-input":{"@type":"PropertyValueSpecification","valueRequired":true,"valueName":"search_term_string"}}],"inLanguage":"pt-PT"},{"@type":"Person","@id":"https:\/\/portaltela.pt\/#\/schema\/person\/c4278d4a6028830caff9ee44b42d32ed","name":"Telinha","image":{"@type":"ImageObject","inLanguage":"pt-PT","@id":"https:\/\/portaltela.pt\/s.01k8rhncp4jt1\/2025\/11\/talking-bot-125x125.png","url":"https:\/\/portaltela.pt\/s.01k8rhncp4jt1\/2025\/11\/talking-bot-125x125.png","contentUrl":"https:\/\/portaltela.pt\/s.01k8rhncp4jt1\/2025\/11\/talking-bot-125x125.png","caption":"Telinha"},"sameAs":["https:\/\/portaltela.pt\/"],"url":"https:\/\/portaltela.pt\/por\/367410592786\/"}]}},"_links":{"self":[{"href":"https:\/\/portaltela.pt\/api\/wp\/v2\/posts\/459520","targetHints":{"allow":["GET"]}}],"collection":[{"href":"https:\/\/portaltela.pt\/api\/wp\/v2\/posts"}],"about":[{"href":"https:\/\/portaltela.pt\/api\/wp\/v2\/types\/post"}],"author":[{"embeddable":true,"href":"https:\/\/portaltela.pt\/api\/wp\/v2\/users\/2"}],"replies":[{"embeddable":true,"href":"https:\/\/portaltela.pt\/api\/wp\/v2\/comments?post=459520"}],"version-history":[{"count":0,"href":"https:\/\/portaltela.pt\/api\/wp\/v2\/posts\/459520\/revisions"}],"wp:featuredmedia":[{"embeddable":true,"href":"https:\/\/portaltela.pt\/api\/wp\/v2\/media\/459524"}],"wp:attachment":[{"href":"https:\/\/portaltela.pt\/api\/wp\/v2\/media?parent=459520"}],"wp:term":[{"taxonomy":"category","embeddable":true,"href":"https:\/\/portaltela.pt\/api\/wp\/v2\/categories?post=459520"},{"taxonomy":"post_tag","embeddable":true,"href":"https:\/\/portaltela.pt\/api\/wp\/v2\/tags?post=459520"}],"curies":[{"name":"wp","href":"https:\/\/api.w.org\/{rel}","templated":true}]}}