{"id":459502,"date":"2026-04-28T07:48:04","date_gmt":"2026-04-28T10:48:04","guid":{"rendered":"https:\/\/portaltela.pt\/noticias\/2026\/04\/28\/valdano-diz-que-mourinho-e-pagina-virada-no-real-madrid-e-nao-volta\/"},"modified":"2026-04-28T07:48:04","modified_gmt":"2026-04-28T10:48:04","slug":"valdano-diz-que-mourinho-e-pagina-virada-no-real-madrid-e-nao-volta","status":"publish","type":"post","link":"https:\/\/portaltela.pt\/desporto\/futebol\/2026\/04\/28\/valdano-diz-que-mourinho-e-pagina-virada-no-real-madrid-e-nao-volta\/","title":{"rendered":"Valdano diz que Mourinho \u00e9 p\u00e1gina virada no Real Madrid e n\u00e3o volta"},"content":{"rendered":"<p>Jorge Valdano, figura hist\u00f3rica do Real Madrid, analisa os poss\u00edveis substitutos de Arbeloa no banco dos merengues. O antigo jogador, treinador e dirigente considera que Mourinho j\u00e1 \u00e9 uma p\u00e1gina virada no clube e n\u00e3o v\u00ea retorno do t\u00e9cnico portugu\u00eas.<\/p>\n<p>Valdano diz que Jos\u00e9 Mourinho \u00e9 uma hip\u00f3tese antiga que n\u00e3o se sustenta no momento. Em rela\u00e7\u00e3o a outros nomes, aponta que Klopp exigiria tempo para adaptar a equipa ao seu estilo, o que pode n\u00e3o ser vi\u00e1vel numa institui\u00e7\u00e3o que exige resultados imediatos.<\/p>\n<p>O comentador menciona Scaloni como campe\u00e3o do Mundo, mas ressalva a inexperi\u00eancia em clubes, o que aumenta o risco. Pochettino deveria ter uma liga\u00e7\u00e3o mais concreta com o Real, enquanto Deschamps \u00e9 visto como op\u00e7\u00e3o est\u00e1vel, especialmente por conhecer bem jogadores como Tchouam\u00e9ni, Camavinga e Mbapp\u00e9.<\/p>\n<h3>Nomes em avalia\u00e7\u00e3o e cen\u00e1rios<\/h3>\n<p>Valdano observa ainda que a decis\u00e3o depender\u00e1 da leitura da dire\u00e7\u00e3o sobre o perfil ideal para o clube. A aposta recai sobre treinadores com capacidade de entregar resultados r\u00e1pidos sem perder o equil\u00edbrio t\u00e1ctico. O Real Madrid continua a ponderar op\u00e7\u00f5es com foco em estabilidade e competitividade.<\/p>\n<p>A an\u00e1lise recai sobre como cada treinador pode gerir o grupo atual, incluindo a integra\u00e7\u00e3o de jovens e a manuten\u00e7\u00e3o do n\u00edvel de exig\u00eancia. O clube n\u00e3o confirmou nomes nem prazos para a escolha, mantendo o processo sob reserva.<\/p>\n","protected":false},"excerpt":{"rendered":"<ul>\n<li>Jorge Valdano disse que Jos\u00e9 Mourinho \u00e9 uma p\u00e1gina virada no Real Madrid e n\u00e3o acredita num regresso.<\/li>\n<li>O coment\u00e1rio surge na an\u00e1lise de poss\u00edveis sucessores de Arbeloa, que n\u00e3o convenceu como substituto de Xabi Alonso.<\/li>\n<li>Valdano afirmou que Klopp precisa de um ano para ajustar a equipa, o que \u00e9 pouco vi\u00e1vel para um clube como o Real Madrid.<\/li>\n<li>Sobre Scaloni, destacou que \u00e9 campe\u00e3o do Mundo, mas n\u00e3o tem experi\u00eancia em clubes, o que o torna arriscado para o Real.<\/li>\n<li>Referiu Pochettino, Deschamps e a presen\u00e7a de jogadores como Tchouam\u00e9ni, Camavinga e Mbapp\u00e9, sublinhando que Deschamps poderia encaixar pelo conhecimento que tem deles.<\/li>\n<\/ul>\n","protected":false},"author":2,"featured_media":459511,"comment_status":"closed","ping_status":"closed","sticky":false,"template":"","format":"standard","meta":{"footnotes":""},"categories":[21,24],"tags":[9822,2138,9823,2714,9824,2477],"class_list":["post-459502","post","type-post","status-publish","format-standard","has-post-thumbnail","hentry","category-desporto","category-futebol","tag-deschamps","tag-jose-mourinho","tag-pochettino","tag-real-madrid","tag-scaloni","tag-treinadores"],"yoast_head":"<!-- This site is optimized with the Yoast SEO plugin v27.2 - https:\/\/yoast.com\/product\/yoast-seo-wordpress\/ -->\n<title>Valdano diz que Mourinho \u00e9 p\u00e1gina virada no Real Madrid e n\u00e3o volta - Portal Tela Portugal<\/title>\n<meta name=\"robots\" content=\"index, follow, max-snippet:-1, max-image-preview:large, max-video-preview:-1\" \/>\n<meta property=\"og:locale\" content=\"pt_PT\" \/>\n<meta property=\"og:type\" content=\"article\" \/>\n<meta property=\"og:title\" content=\"Valdano diz que Mourinho \u00e9 p\u00e1gina virada no Real Madrid e n\u00e3o volta - Portal Tela Portugal\" \/>\n<meta property=\"og:description\" content=\"Jorge Valdano disse que Jos\u00e9 Mourinho \u00e9 uma p\u00e1gina virada no Real Madrid e n\u00e3o acredita num regresso. O coment\u00e1rio surge na an\u00e1lise de poss\u00edveis sucessores de Arbeloa, que n\u00e3o convenceu como substituto de Xabi Alonso. Valdano afirmou que Klopp precisa de um ano para ajustar a equipa, o que \u00e9 pouco vi\u00e1vel para um clube como o Real Madrid. Sobre Scaloni, destacou que \u00e9 campe\u00e3o do Mundo, mas n\u00e3o tem experi\u00eancia em clubes, o que o torna arriscado para o Real. Referiu Pochettino, Deschamps e a presen\u00e7a de jogadores como Tchouam\u00e9ni, Camavinga e Mbapp\u00e9, sublinhando que Deschamps poderia encaixar pelo conhecimento que tem deles.\" \/>\n<meta property=\"og:url\" content=\"https:\/\/portaltela.pt\/noticias\/2026\/04\/28\/valdano-diz-que-mourinho-e-pagina-virada-no-real-madrid-e-nao-volta\/\" \/>\n<meta property=\"og:site_name\" content=\"Portal Tela Portugal\" \/>\n<meta property=\"article:published_time\" content=\"2026-04-28T10:48:04+00:00\" \/>\n<meta name=\"author\" content=\"Telinha\" \/>\n<meta name=\"twitter:card\" content=\"summary_large_image\" \/>\n<meta name=\"twitter:label1\" content=\"Escrito por\" \/>\n\t<meta name=\"twitter:data1\" content=\"Telinha\" \/>\n\t<meta name=\"twitter:label2\" content=\"Tempo estimado de leitura\" \/>\n\t<meta name=\"twitter:data2\" content=\"1 minuto\" \/>\n<script type=\"application\/ld+json\" class=\"yoast-schema-graph\">{\"@context\":\"https:\/\/schema.org\",\"@graph\":[{\"@type\":\"Article\",\"@id\":\"https:\/\/portaltela.pt\/noticias\/2026\/04\/28\/valdano-diz-que-mourinho-e-pagina-virada-no-real-madrid-e-nao-volta\/#article\",\"isPartOf\":{\"@id\":\"https:\/\/portaltela.pt\/noticias\/2026\/04\/28\/valdano-diz-que-mourinho-e-pagina-virada-no-real-madrid-e-nao-volta\/\"},\"author\":{\"name\":\"Telinha\",\"@id\":\"https:\/\/portaltela.pt\/#\/schema\/person\/c4278d4a6028830caff9ee44b42d32ed\"},\"headline\":\"Valdano diz que Mourinho \u00e9 p\u00e1gina virada no Real Madrid e n\u00e3o volta\",\"datePublished\":\"2026-04-28T10:48:04+00:00\",\"mainEntityOfPage\":{\"@id\":\"https:\/\/portaltela.pt\/noticias\/2026\/04\/28\/valdano-diz-que-mourinho-e-pagina-virada-no-real-madrid-e-nao-volta\/\"},\"wordCount\":264,\"image\":{\"@id\":\"https:\/\/portaltela.pt\/noticias\/2026\/04\/28\/valdano-diz-que-mourinho-e-pagina-virada-no-real-madrid-e-nao-volta\/#primaryimage\"},\"thumbnailUrl\":\"https:\/\/portaltela.pt\/s.01k8rhncp4jt1\/2026\/04\/img_920x518uu2026-04-25-09-54-50-2435148-im-639127077030324428.jpg\",\"keywords\":[\"Deschamps\",\"Jos\u00e9 Mourinho\",\"Pochettino\",\"Real Madrid\",\"Scaloni\",\"treinadores\"],\"articleSection\":[\"Desporto\",\"Futebol\"],\"inLanguage\":\"pt-PT\"},{\"@type\":\"WebPage\",\"@id\":\"https:\/\/portaltela.pt\/noticias\/2026\/04\/28\/valdano-diz-que-mourinho-e-pagina-virada-no-real-madrid-e-nao-volta\/\",\"url\":\"https:\/\/portaltela.pt\/noticias\/2026\/04\/28\/valdano-diz-que-mourinho-e-pagina-virada-no-real-madrid-e-nao-volta\/\",\"name\":\"Valdano diz que Mourinho \u00e9 p\u00e1gina virada no Real Madrid e n\u00e3o volta - Portal Tela Portugal\",\"isPartOf\":{\"@id\":\"https:\/\/portaltela.pt\/#website\"},\"primaryImageOfPage\":{\"@id\":\"https:\/\/portaltela.pt\/noticias\/2026\/04\/28\/valdano-diz-que-mourinho-e-pagina-virada-no-real-madrid-e-nao-volta\/#primaryimage\"},\"image\":{\"@id\":\"https:\/\/portaltela.pt\/noticias\/2026\/04\/28\/valdano-diz-que-mourinho-e-pagina-virada-no-real-madrid-e-nao-volta\/#primaryimage\"},\"thumbnailUrl\":\"https:\/\/portaltela.pt\/s.01k8rhncp4jt1\/2026\/04\/img_920x518uu2026-04-25-09-54-50-2435148-im-639127077030324428.jpg\",\"datePublished\":\"2026-04-28T10:48:04+00:00\",\"author\":{\"@id\":\"https:\/\/portaltela.pt\/#\/schema\/person\/c4278d4a6028830caff9ee44b42d32ed\"},\"breadcrumb\":{\"@id\":\"https:\/\/portaltela.pt\/noticias\/2026\/04\/28\/valdano-diz-que-mourinho-e-pagina-virada-no-real-madrid-e-nao-volta\/#breadcrumb\"},\"inLanguage\":\"pt-PT\",\"potentialAction\":[{\"@type\":\"ReadAction\",\"target\":[\"https:\/\/portaltela.pt\/noticias\/2026\/04\/28\/valdano-diz-que-mourinho-e-pagina-virada-no-real-madrid-e-nao-volta\/\"]}]},{\"@type\":\"ImageObject\",\"inLanguage\":\"pt-PT\",\"@id\":\"https:\/\/portaltela.pt\/noticias\/2026\/04\/28\/valdano-diz-que-mourinho-e-pagina-virada-no-real-madrid-e-nao-volta\/#primaryimage\",\"url\":\"https:\/\/portaltela.pt\/s.01k8rhncp4jt1\/2026\/04\/img_920x518uu2026-04-25-09-54-50-2435148-im-639127077030324428.jpg\",\"contentUrl\":\"https:\/\/portaltela.pt\/s.01k8rhncp4jt1\/2026\/04\/img_920x518uu2026-04-25-09-54-50-2435148-im-639127077030324428.jpg\",\"width\":796,\"height\":448,\"caption\":\"Jos\u00e9 Mourinho no banco do Benfica\"},{\"@type\":\"BreadcrumbList\",\"@id\":\"https:\/\/portaltela.pt\/noticias\/2026\/04\/28\/valdano-diz-que-mourinho-e-pagina-virada-no-real-madrid-e-nao-volta\/#breadcrumb\",\"itemListElement\":[{\"@type\":\"ListItem\",\"position\":1,\"name\":\"In\u00edcio\",\"item\":\"https:\/\/portaltela.pt\/\"},{\"@type\":\"ListItem\",\"position\":2,\"name\":\"Valdano diz que Mourinho \u00e9 p\u00e1gina virada no Real Madrid e n\u00e3o volta\"}]},{\"@type\":\"WebSite\",\"@id\":\"https:\/\/portaltela.pt\/#website\",\"url\":\"https:\/\/portaltela.pt\/\",\"name\":\"Portal Tela Portugal\",\"description\":\"\",\"potentialAction\":[{\"@type\":\"SearchAction\",\"target\":{\"@type\":\"EntryPoint\",\"urlTemplate\":\"https:\/\/portaltela.pt\/?s={search_term_string}\"},\"query-input\":{\"@type\":\"PropertyValueSpecification\",\"valueRequired\":true,\"valueName\":\"search_term_string\"}}],\"inLanguage\":\"pt-PT\"},{\"@type\":\"Person\",\"@id\":\"https:\/\/portaltela.pt\/#\/schema\/person\/c4278d4a6028830caff9ee44b42d32ed\",\"name\":\"Telinha\",\"image\":{\"@type\":\"ImageObject\",\"inLanguage\":\"pt-PT\",\"@id\":\"https:\/\/portaltela.pt\/s.01k8rhncp4jt1\/2025\/11\/talking-bot-125x125.png\",\"url\":\"https:\/\/portaltela.pt\/s.01k8rhncp4jt1\/2025\/11\/talking-bot-125x125.png\",\"contentUrl\":\"https:\/\/portaltela.pt\/s.01k8rhncp4jt1\/2025\/11\/talking-bot-125x125.png\",\"caption\":\"Telinha\"},\"sameAs\":[\"https:\/\/portaltela.pt\/\"],\"url\":\"https:\/\/portaltela.pt\/por\/367410592786\/\"}]}<\/script>\n<!-- \/ Yoast SEO plugin. -->","yoast_head_json":{"title":"Valdano diz que Mourinho \u00e9 p\u00e1gina virada no Real Madrid e n\u00e3o volta - Portal Tela Portugal","robots":{"index":"index","follow":"follow","max-snippet":"max-snippet:-1","max-image-preview":"max-image-preview:large","max-video-preview":"max-video-preview:-1"},"og_locale":"pt_PT","og_type":"article","og_title":"Valdano diz que Mourinho \u00e9 p\u00e1gina virada no Real Madrid e n\u00e3o volta - Portal Tela Portugal","og_description":"Jorge Valdano disse que Jos\u00e9 Mourinho \u00e9 uma p\u00e1gina virada no Real Madrid e n\u00e3o acredita num regresso. O coment\u00e1rio surge na an\u00e1lise de poss\u00edveis sucessores de Arbeloa, que n\u00e3o convenceu como substituto de Xabi Alonso. Valdano afirmou que Klopp precisa de um ano para ajustar a equipa, o que \u00e9 pouco vi\u00e1vel para um clube como o Real Madrid. Sobre Scaloni, destacou que \u00e9 campe\u00e3o do Mundo, mas n\u00e3o tem experi\u00eancia em clubes, o que o torna arriscado para o Real. Referiu Pochettino, Deschamps e a presen\u00e7a de jogadores como Tchouam\u00e9ni, Camavinga e Mbapp\u00e9, sublinhando que Deschamps poderia encaixar pelo conhecimento que tem deles.","og_url":"https:\/\/portaltela.pt\/noticias\/2026\/04\/28\/valdano-diz-que-mourinho-e-pagina-virada-no-real-madrid-e-nao-volta\/","og_site_name":"Portal Tela Portugal","article_published_time":"2026-04-28T10:48:04+00:00","author":"Telinha","twitter_card":"summary_large_image","twitter_misc":{"Escrito por":"Telinha","Tempo estimado de leitura":"1 minuto"},"schema":{"@context":"https:\/\/schema.org","@graph":[{"@type":"Article","@id":"https:\/\/portaltela.pt\/noticias\/2026\/04\/28\/valdano-diz-que-mourinho-e-pagina-virada-no-real-madrid-e-nao-volta\/#article","isPartOf":{"@id":"https:\/\/portaltela.pt\/noticias\/2026\/04\/28\/valdano-diz-que-mourinho-e-pagina-virada-no-real-madrid-e-nao-volta\/"},"author":{"name":"Telinha","@id":"https:\/\/portaltela.pt\/#\/schema\/person\/c4278d4a6028830caff9ee44b42d32ed"},"headline":"Valdano diz que Mourinho \u00e9 p\u00e1gina virada no Real Madrid e n\u00e3o volta","datePublished":"2026-04-28T10:48:04+00:00","mainEntityOfPage":{"@id":"https:\/\/portaltela.pt\/noticias\/2026\/04\/28\/valdano-diz-que-mourinho-e-pagina-virada-no-real-madrid-e-nao-volta\/"},"wordCount":264,"image":{"@id":"https:\/\/portaltela.pt\/noticias\/2026\/04\/28\/valdano-diz-que-mourinho-e-pagina-virada-no-real-madrid-e-nao-volta\/#primaryimage"},"thumbnailUrl":"https:\/\/portaltela.pt\/s.01k8rhncp4jt1\/2026\/04\/img_920x518uu2026-04-25-09-54-50-2435148-im-639127077030324428.jpg","keywords":["Deschamps","Jos\u00e9 Mourinho","Pochettino","Real Madrid","Scaloni","treinadores"],"articleSection":["Desporto","Futebol"],"inLanguage":"pt-PT"},{"@type":"WebPage","@id":"https:\/\/portaltela.pt\/noticias\/2026\/04\/28\/valdano-diz-que-mourinho-e-pagina-virada-no-real-madrid-e-nao-volta\/","url":"https:\/\/portaltela.pt\/noticias\/2026\/04\/28\/valdano-diz-que-mourinho-e-pagina-virada-no-real-madrid-e-nao-volta\/","name":"Valdano diz que Mourinho \u00e9 p\u00e1gina virada no Real Madrid e n\u00e3o volta - Portal Tela Portugal","isPartOf":{"@id":"https:\/\/portaltela.pt\/#website"},"primaryImageOfPage":{"@id":"https:\/\/portaltela.pt\/noticias\/2026\/04\/28\/valdano-diz-que-mourinho-e-pagina-virada-no-real-madrid-e-nao-volta\/#primaryimage"},"image":{"@id":"https:\/\/portaltela.pt\/noticias\/2026\/04\/28\/valdano-diz-que-mourinho-e-pagina-virada-no-real-madrid-e-nao-volta\/#primaryimage"},"thumbnailUrl":"https:\/\/portaltela.pt\/s.01k8rhncp4jt1\/2026\/04\/img_920x518uu2026-04-25-09-54-50-2435148-im-639127077030324428.jpg","datePublished":"2026-04-28T10:48:04+00:00","author":{"@id":"https:\/\/portaltela.pt\/#\/schema\/person\/c4278d4a6028830caff9ee44b42d32ed"},"breadcrumb":{"@id":"https:\/\/portaltela.pt\/noticias\/2026\/04\/28\/valdano-diz-que-mourinho-e-pagina-virada-no-real-madrid-e-nao-volta\/#breadcrumb"},"inLanguage":"pt-PT","potentialAction":[{"@type":"ReadAction","target":["https:\/\/portaltela.pt\/noticias\/2026\/04\/28\/valdano-diz-que-mourinho-e-pagina-virada-no-real-madrid-e-nao-volta\/"]}]},{"@type":"ImageObject","inLanguage":"pt-PT","@id":"https:\/\/portaltela.pt\/noticias\/2026\/04\/28\/valdano-diz-que-mourinho-e-pagina-virada-no-real-madrid-e-nao-volta\/#primaryimage","url":"https:\/\/portaltela.pt\/s.01k8rhncp4jt1\/2026\/04\/img_920x518uu2026-04-25-09-54-50-2435148-im-639127077030324428.jpg","contentUrl":"https:\/\/portaltela.pt\/s.01k8rhncp4jt1\/2026\/04\/img_920x518uu2026-04-25-09-54-50-2435148-im-639127077030324428.jpg","width":796,"height":448,"caption":"Jos\u00e9 Mourinho no banco do Benfica"},{"@type":"BreadcrumbList","@id":"https:\/\/portaltela.pt\/noticias\/2026\/04\/28\/valdano-diz-que-mourinho-e-pagina-virada-no-real-madrid-e-nao-volta\/#breadcrumb","itemListElement":[{"@type":"ListItem","position":1,"name":"In\u00edcio","item":"https:\/\/portaltela.pt\/"},{"@type":"ListItem","position":2,"name":"Valdano diz que Mourinho \u00e9 p\u00e1gina virada no Real Madrid e n\u00e3o volta"}]},{"@type":"WebSite","@id":"https:\/\/portaltela.pt\/#website","url":"https:\/\/portaltela.pt\/","name":"Portal Tela Portugal","description":"","potentialAction":[{"@type":"SearchAction","target":{"@type":"EntryPoint","urlTemplate":"https:\/\/portaltela.pt\/?s={search_term_string}"},"query-input":{"@type":"PropertyValueSpecification","valueRequired":true,"valueName":"search_term_string"}}],"inLanguage":"pt-PT"},{"@type":"Person","@id":"https:\/\/portaltela.pt\/#\/schema\/person\/c4278d4a6028830caff9ee44b42d32ed","name":"Telinha","image":{"@type":"ImageObject","inLanguage":"pt-PT","@id":"https:\/\/portaltela.pt\/s.01k8rhncp4jt1\/2025\/11\/talking-bot-125x125.png","url":"https:\/\/portaltela.pt\/s.01k8rhncp4jt1\/2025\/11\/talking-bot-125x125.png","contentUrl":"https:\/\/portaltela.pt\/s.01k8rhncp4jt1\/2025\/11\/talking-bot-125x125.png","caption":"Telinha"},"sameAs":["https:\/\/portaltela.pt\/"],"url":"https:\/\/portaltela.pt\/por\/367410592786\/"}]}},"_links":{"self":[{"href":"https:\/\/portaltela.pt\/api\/wp\/v2\/posts\/459502","targetHints":{"allow":["GET"]}}],"collection":[{"href":"https:\/\/portaltela.pt\/api\/wp\/v2\/posts"}],"about":[{"href":"https:\/\/portaltela.pt\/api\/wp\/v2\/types\/post"}],"author":[{"embeddable":true,"href":"https:\/\/portaltela.pt\/api\/wp\/v2\/users\/2"}],"replies":[{"embeddable":true,"href":"https:\/\/portaltela.pt\/api\/wp\/v2\/comments?post=459502"}],"version-history":[{"count":0,"href":"https:\/\/portaltela.pt\/api\/wp\/v2\/posts\/459502\/revisions"}],"wp:featuredmedia":[{"embeddable":true,"href":"https:\/\/portaltela.pt\/api\/wp\/v2\/media\/459511"}],"wp:attachment":[{"href":"https:\/\/portaltela.pt\/api\/wp\/v2\/media?parent=459502"}],"wp:term":[{"taxonomy":"category","embeddable":true,"href":"https:\/\/portaltela.pt\/api\/wp\/v2\/categories?post=459502"},{"taxonomy":"post_tag","embeddable":true,"href":"https:\/\/portaltela.pt\/api\/wp\/v2\/tags?post=459502"}],"curies":[{"name":"wp","href":"https:\/\/api.w.org\/{rel}","templated":true}]}}